{"id":26421,"date":"2021-06-21T01:42:44","date_gmt":"2021-06-21T00:42:44","guid":{"rendered":"http:\/\/blgnoticiassantodomingo.net\/?p=26421"},"modified":"2021-06-21T01:43:52","modified_gmt":"2021-06-21T00:43:52","slug":"sector-social-recibe-quejas-de-empleados-cancelados-por-liquidacion-de-cdeee","status":"publish","type":"post","link":"https:\/\/blgnoticiassantodomingo.net\/index.php\/2021\/06\/21\/sector-social-recibe-quejas-de-empleados-cancelados-por-liquidacion-de-cdeee\/","title":{"rendered":"Sector Social recibe quejas de empleados cancelados por liquidaci\u00f3n de CDEEE"},"content":{"rendered":"\n<p><strong>Santo Domingo, Rep. Dom., 20 junio del 2021.-<\/strong>&nbsp;El Sector Social vinculado a las discusiones del Pacto El\u00e9ctrico, recibi\u00f3 una delegaci\u00f3n de ex empleados de la&nbsp;Corporaci\u00f3n Dominicana de Empresas El\u00e9ctricas Estatales (CDEEE), quienes le expusieron la dif\u00edcil situaci\u00f3n que est\u00e1n atravesando, adem\u00e1s de las violaciones a sus derechos, por parte de los liquidadores de la entidad en proceso de desaparici\u00f3n.<\/p>\n\n\n\n<blockquote class=\"wp-block-quote is-style-large is-layout-flow wp-block-quote-is-layout-flow\"><p>La Fundaci\u00f3n Justicia y&nbsp;Justicia y Transparencia (FJT), conjuntamente con representantes del&nbsp;Observatorio Dominicano de Pol\u00edticas P\u00fablicas de la Universidad Aut\u00f3noma de Santo Domingo-ODPP.UASD-, la&nbsp;Fundaci\u00f3n Grupo Guayac\u00e1n de Energ\u00eda y Medio Ambiente-(GEMA), la Hermandad de pensionados\/jubilados de la CDEEE, (HEPEJCODEEE),&nbsp;Articulaci\u00f3n Nacional Campesina,&nbsp;debati\u00f3 por m\u00e1s de dos horas los posibles correctivos y plan de lucha para lograr el reconocimiento y la protecci\u00f3n de los derechos violados a los trabajadores de la CDEEE.<\/p><\/blockquote>\n\n\n\n<p>Dentro los derechos conculcados se destacan la cancelaci\u00f3n de personas que van desde los 20 a\u00f1os, y sobrepasan en muchos casos, los 30 a\u00f1os en la instituci\u00f3n, otros con enfermedades graves, incluso personas en sillas de ruedas, con discapacidades permanentes, fruto de accidentes laborales en la CDEEE, remiti\u00e9ndoles como en una especie de burla, a que contin\u00faen sus reclamos de pensiones y otras prestaciones ante, las administradoras de fondos de pensiones AFPs.<\/p>\n\n\n\n<p>Tanto Maritza Ruiz, como Carlos Peterson e In\u00e9s Rosso, del&nbsp;ODPP.UASD, del grupo GEMA y de&nbsp;Articulaci\u00f3n Nacional Campesina respetivamente,&nbsp;se comprometieron a dar asistencia t\u00e9cnica y seguimiento a sus reclamos, quienes se encargaran de hacer y cuantificar mediante un registro, el levantamiento de la situaci\u00f3n colectiva de los cientos de empleados que han sido desvinculados injusta e ilegalmente.<\/p>\n\n\n\n<p>Por su lado los representantes del&nbsp;HEPEJCODEEE, ingenieros Valerio Castillo y H\u00e9ctor Gonz\u00e1lez, expresaron su solidaridad con los empleados, al tiempo de informar que tambi\u00e9n a ellos, como pensionados de las CDEEE, le han violado sus derechos en el proceso de liquidaci\u00f3n y eliminaci\u00f3n de la empresa el\u00e9ctrica estatal, empezando porque lo han dejado sin el seguro m\u00e9dico de Senasa, solo con la promesa hasta ahora, de que los enviar\u00eda a un seguro privado, pese a tratarse de personas que sobrepasan los 65 a\u00f1os en su mayor\u00eda.<\/p>\n\n\n\n<p>Finalmente, Trajano Potentini en representaci\u00f3n de la Fundaci\u00f3n Justicia y Transparencia, en cuyas instalaciones se llev\u00f3 a cabo la reuni\u00f3n, prometi\u00f3 dar toda la asistencia jur\u00eddica necesaria, para que, en cualquier instancia o escenario, los ex-empleados de la CDDEEE, puedan en el \u00e1mbito jurisdiccional reclamar sus derechos, prestaciones e indemnizaciones.<\/p>\n","protected":false},"excerpt":{"rendered":"<p>Santo Domingo, Rep. Dom., 20 junio del 2021.-&nbsp;El Sector Social vinculado a las discusiones del Pacto El\u00e9ctrico, recibi\u00f3 una delegaci\u00f3n de ex empleados de la&nbsp;Corporaci\u00f3n Dominicana de Empresas El\u00e9ctricas Estatales (CDEEE), quienes le expusieron la dif\u00edcil situaci\u00f3n que est\u00e1n atravesando, adem\u00e1s de las violaciones a sus derechos, por parte de los liquidadores de la entidad [&hellip;]<\/p>\n","protected":false},"author":2,"featured_media":26422,"comment_status":"open","ping_status":"open","sticky":false,"template":"","format":"standard","meta":{"footnotes":""},"categories":[220],"tags":[860,5608],"class_list":{"0":"post-26421","1":"post","2":"type-post","3":"status-publish","4":"format-standard","5":"has-post-thumbnail","7":"category-nacionales","8":"tag-cdeee","9":"tag-empleados"},"yoast_head":"<!-- This site is optimized with the Yoast SEO plugin v24.9 - https:\/\/yoast.com\/wordpress\/plugins\/seo\/ -->\n<title>Sector Social recibe quejas de empleados cancelados por liquidaci\u00f3n de CDEEE - BLG Noticias<\/title>\n<meta name=\"robots\" content=\"index, follow, max-snippet:-1, max-image-preview:large, max-video-preview:-1\" \/>\n<link rel=\"canonical\" href=\"https:\/\/blgnoticiassantodomingo.net\/index.php\/2021\/06\/21\/sector-social-recibe-quejas-de-empleados-cancelados-por-liquidacion-de-cdeee\/\" \/>\n<meta property=\"og:locale\" content=\"es_ES\" \/>\n<meta property=\"og:type\" content=\"article\" \/>\n<meta property=\"og:title\" content=\"Sector Social recibe quejas de empleados cancelados por liquidaci\u00f3n de CDEEE - BLG Noticias\" \/>\n<meta property=\"og:description\" content=\"Santo Domingo, Rep. Dom., 20 junio del 2021.-&nbsp;El Sector Social vinculado a las discusiones del Pacto El\u00e9ctrico, recibi\u00f3 una delegaci\u00f3n de ex empleados de la&nbsp;Corporaci\u00f3n Dominicana de Empresas El\u00e9ctricas Estatales (CDEEE), quienes le expusieron la dif\u00edcil situaci\u00f3n que est\u00e1n atravesando, adem\u00e1s de las violaciones a sus derechos, por parte de los liquidadores de la entidad [&hellip;]\" \/>\n<meta property=\"og:url\" content=\"https:\/\/blgnoticiassantodomingo.net\/index.php\/2021\/06\/21\/sector-social-recibe-quejas-de-empleados-cancelados-por-liquidacion-de-cdeee\/\" \/>\n<meta property=\"og:site_name\" content=\"BLG Noticias\" \/>\n<meta property=\"article:publisher\" content=\"https:\/\/web.facebook.com\/BlgNoticias\/?locale=es_LA&amp;_rdc=1&amp;_rdr\" \/>\n<meta property=\"article:published_time\" content=\"2021-06-21T00:42:44+00:00\" \/>\n<meta property=\"article:modified_time\" content=\"2021-06-21T00:43:52+00:00\" \/>\n<meta property=\"og:image\" content=\"https:\/\/blgnoticiassantodomingo.net\/wp-content\/uploads\/2021\/06\/20210618_160607-scaled.jpg\" \/>\n\t<meta property=\"og:image:width\" content=\"2560\" \/>\n\t<meta property=\"og:image:height\" content=\"1310\" \/>\n\t<meta property=\"og:image:type\" content=\"image\/jpeg\" \/>\n<meta name=\"author\" content=\"Brenda Guerrero\" \/>\n<meta name=\"twitter:card\" content=\"summary_large_image\" \/>\n<meta name=\"twitter:creator\" content=\"@BlgNoticias\" \/>\n<meta name=\"twitter:site\" content=\"@BlgNoticias\" \/>\n<meta name=\"twitter:label1\" content=\"Escrito por\" \/>\n\t<meta name=\"twitter:data1\" content=\"Brenda Guerrero\" \/>\n\t<meta name=\"twitter:label2\" content=\"Tiempo de lectura\" \/>\n\t<meta name=\"twitter:data2\" content=\"2 minutos\" \/>\n<script type=\"application\/ld+json\" class=\"yoast-schema-graph\">{\"@context\":\"https:\/\/schema.org\",\"@graph\":[{\"@type\":\"Article\",\"@id\":\"https:\/\/blgnoticiassantodomingo.net\/index.php\/2021\/06\/21\/sector-social-recibe-quejas-de-empleados-cancelados-por-liquidacion-de-cdeee\/#article\",\"isPartOf\":{\"@id\":\"https:\/\/blgnoticiassantodomingo.net\/index.php\/2021\/06\/21\/sector-social-recibe-quejas-de-empleados-cancelados-por-liquidacion-de-cdeee\/\"},\"author\":{\"name\":\"Brenda Guerrero\",\"@id\":\"https:\/\/blgnoticiassantodomingo.net\/#\/schema\/person\/e2fc21cf88acc63dbd134be981bff374\"},\"headline\":\"Sector Social recibe quejas de empleados cancelados por liquidaci\u00f3n de CDEEE\",\"datePublished\":\"2021-06-21T00:42:44+00:00\",\"dateModified\":\"2021-06-21T00:43:52+00:00\",\"mainEntityOfPage\":{\"@id\":\"https:\/\/blgnoticiassantodomingo.net\/index.php\/2021\/06\/21\/sector-social-recibe-quejas-de-empleados-cancelados-por-liquidacion-de-cdeee\/\"},\"wordCount\":469,\"commentCount\":0,\"publisher\":{\"@id\":\"https:\/\/blgnoticiassantodomingo.net\/#organization\"},\"image\":{\"@id\":\"https:\/\/blgnoticiassantodomingo.net\/index.php\/2021\/06\/21\/sector-social-recibe-quejas-de-empleados-cancelados-por-liquidacion-de-cdeee\/#primaryimage\"},\"thumbnailUrl\":\"https:\/\/blgnoticiassantodomingo.net\/wp-content\/uploads\/2021\/06\/20210618_160607-scaled.jpg\",\"keywords\":[\"CDEEE\",\"Empleados\"],\"articleSection\":[\"Nacionales\"],\"inLanguage\":\"es\",\"potentialAction\":[{\"@type\":\"CommentAction\",\"name\":\"Comment\",\"target\":[\"https:\/\/blgnoticiassantodomingo.net\/index.php\/2021\/06\/21\/sector-social-recibe-quejas-de-empleados-cancelados-por-liquidacion-de-cdeee\/#respond\"]}]},{\"@type\":\"WebPage\",\"@id\":\"https:\/\/blgnoticiassantodomingo.net\/index.php\/2021\/06\/21\/sector-social-recibe-quejas-de-empleados-cancelados-por-liquidacion-de-cdeee\/\",\"url\":\"https:\/\/blgnoticiassantodomingo.net\/index.php\/2021\/06\/21\/sector-social-recibe-quejas-de-empleados-cancelados-por-liquidacion-de-cdeee\/\",\"name\":\"Sector Social recibe quejas de empleados cancelados por liquidaci\u00f3n de CDEEE - BLG Noticias\",\"isPartOf\":{\"@id\":\"https:\/\/blgnoticiassantodomingo.net\/#website\"},\"primaryImageOfPage\":{\"@id\":\"https:\/\/blgnoticiassantodomingo.net\/index.php\/2021\/06\/21\/sector-social-recibe-quejas-de-empleados-cancelados-por-liquidacion-de-cdeee\/#primaryimage\"},\"image\":{\"@id\":\"https:\/\/blgnoticiassantodomingo.net\/index.php\/2021\/06\/21\/sector-social-recibe-quejas-de-empleados-cancelados-por-liquidacion-de-cdeee\/#primaryimage\"},\"thumbnailUrl\":\"https:\/\/blgnoticiassantodomingo.net\/wp-content\/uploads\/2021\/06\/20210618_160607-scaled.jpg\",\"datePublished\":\"2021-06-21T00:42:44+00:00\",\"dateModified\":\"2021-06-21T00:43:52+00:00\",\"breadcrumb\":{\"@id\":\"https:\/\/blgnoticiassantodomingo.net\/index.php\/2021\/06\/21\/sector-social-recibe-quejas-de-empleados-cancelados-por-liquidacion-de-cdeee\/#breadcrumb\"},\"inLanguage\":\"es\",\"potentialAction\":[{\"@type\":\"ReadAction\",\"target\":[\"https:\/\/blgnoticiassantodomingo.net\/index.php\/2021\/06\/21\/sector-social-recibe-quejas-de-empleados-cancelados-por-liquidacion-de-cdeee\/\"]}]},{\"@type\":\"ImageObject\",\"inLanguage\":\"es\",\"@id\":\"https:\/\/blgnoticiassantodomingo.net\/index.php\/2021\/06\/21\/sector-social-recibe-quejas-de-empleados-cancelados-por-liquidacion-de-cdeee\/#primaryimage\",\"url\":\"https:\/\/blgnoticiassantodomingo.net\/wp-content\/uploads\/2021\/06\/20210618_160607-scaled.jpg\",\"contentUrl\":\"https:\/\/blgnoticiassantodomingo.net\/wp-content\/uploads\/2021\/06\/20210618_160607-scaled.jpg\",\"width\":2560,\"height\":1310},{\"@type\":\"BreadcrumbList\",\"@id\":\"https:\/\/blgnoticiassantodomingo.net\/index.php\/2021\/06\/21\/sector-social-recibe-quejas-de-empleados-cancelados-por-liquidacion-de-cdeee\/#breadcrumb\",\"itemListElement\":[{\"@type\":\"ListItem\",\"position\":1,\"name\":\"Portada\",\"item\":\"https:\/\/blgnoticiassantodomingo.net\/\"},{\"@type\":\"ListItem\",\"position\":2,\"name\":\"Sector Social recibe quejas de empleados cancelados por liquidaci\u00f3n de CDEEE\"}]},{\"@type\":\"WebSite\",\"@id\":\"https:\/\/blgnoticiassantodomingo.net\/#website\",\"url\":\"https:\/\/blgnoticiassantodomingo.net\/\",\"name\":\"BLG Noticias\",\"description\":\"Esto es Noticias\",\"publisher\":{\"@id\":\"https:\/\/blgnoticiassantodomingo.net\/#organization\"},\"potentialAction\":[{\"@type\":\"SearchAction\",\"target\":{\"@type\":\"EntryPoint\",\"urlTemplate\":\"https:\/\/blgnoticiassantodomingo.net\/?s={search_term_string}\"},\"query-input\":{\"@type\":\"PropertyValueSpecification\",\"valueRequired\":true,\"valueName\":\"search_term_string\"}}],\"inLanguage\":\"es\"},{\"@type\":\"Organization\",\"@id\":\"https:\/\/blgnoticiassantodomingo.net\/#organization\",\"name\":\"BLG Noticias\",\"url\":\"https:\/\/blgnoticiassantodomingo.net\/\",\"logo\":{\"@type\":\"ImageObject\",\"inLanguage\":\"es\",\"@id\":\"https:\/\/blgnoticiassantodomingo.net\/#\/schema\/logo\/image\/\",\"url\":\"https:\/\/blgnoticiassantodomingo.net\/wp-content\/uploads\/2023\/12\/Diseno-sin-titulo-3.jpg\",\"contentUrl\":\"https:\/\/blgnoticiassantodomingo.net\/wp-content\/uploads\/2023\/12\/Diseno-sin-titulo-3.jpg\",\"width\":500,\"height\":500,\"caption\":\"BLG Noticias\"},\"image\":{\"@id\":\"https:\/\/blgnoticiassantodomingo.net\/#\/schema\/logo\/image\/\"},\"sameAs\":[\"https:\/\/web.facebook.com\/BlgNoticias\/?locale=es_LA&_rdc=1&_rdr\",\"https:\/\/x.com\/BlgNoticias\",\"https:\/\/www.linkedin.com\/in\/brenda-l-santana-aa846279\/\"]},{\"@type\":\"Person\",\"@id\":\"https:\/\/blgnoticiassantodomingo.net\/#\/schema\/person\/e2fc21cf88acc63dbd134be981bff374\",\"name\":\"Brenda Guerrero\",\"image\":{\"@type\":\"ImageObject\",\"inLanguage\":\"es\",\"@id\":\"https:\/\/blgnoticiassantodomingo.net\/#\/schema\/person\/image\/\",\"url\":\"https:\/\/secure.gravatar.com\/avatar\/2f7fc4c3e3655be1580cb684bfd8ab19be702ae20879da1e072021daa02f9b8b?s=96&d=wp_user_avatar&r=g\",\"contentUrl\":\"https:\/\/secure.gravatar.com\/avatar\/2f7fc4c3e3655be1580cb684bfd8ab19be702ae20879da1e072021daa02f9b8b?s=96&d=wp_user_avatar&r=g\",\"caption\":\"Brenda Guerrero\"},\"description\":\"Periodista\",\"url\":\"https:\/\/blgnoticiassantodomingo.net\/index.php\/author\/brenda-guerrero\/\"}]}<\/script>\n<!-- \/ Yoast SEO plugin. -->","yoast_head_json":{"title":"Sector Social recibe quejas de empleados cancelados por liquidaci\u00f3n de CDEEE - BLG Noticias","robots":{"index":"index","follow":"follow","max-snippet":"max-snippet:-1","max-image-preview":"max-image-preview:large","max-video-preview":"max-video-preview:-1"},"canonical":"https:\/\/blgnoticiassantodomingo.net\/index.php\/2021\/06\/21\/sector-social-recibe-quejas-de-empleados-cancelados-por-liquidacion-de-cdeee\/","og_locale":"es_ES","og_type":"article","og_title":"Sector Social recibe quejas de empleados cancelados por liquidaci\u00f3n de CDEEE - BLG Noticias","og_description":"Santo Domingo, Rep. Dom., 20 junio del 2021.-&nbsp;El Sector Social vinculado a las discusiones del Pacto El\u00e9ctrico, recibi\u00f3 una delegaci\u00f3n de ex empleados de la&nbsp;Corporaci\u00f3n Dominicana de Empresas El\u00e9ctricas Estatales (CDEEE), quienes le expusieron la dif\u00edcil situaci\u00f3n que est\u00e1n atravesando, adem\u00e1s de las violaciones a sus derechos, por parte de los liquidadores de la entidad [&hellip;]","og_url":"https:\/\/blgnoticiassantodomingo.net\/index.php\/2021\/06\/21\/sector-social-recibe-quejas-de-empleados-cancelados-por-liquidacion-de-cdeee\/","og_site_name":"BLG Noticias","article_publisher":"https:\/\/web.facebook.com\/BlgNoticias\/?locale=es_LA&_rdc=1&_rdr","article_published_time":"2021-06-21T00:42:44+00:00","article_modified_time":"2021-06-21T00:43:52+00:00","og_image":[{"width":2560,"height":1310,"url":"https:\/\/blgnoticiassantodomingo.net\/wp-content\/uploads\/2021\/06\/20210618_160607-scaled.jpg","type":"image\/jpeg"}],"author":"Brenda Guerrero","twitter_card":"summary_large_image","twitter_creator":"@BlgNoticias","twitter_site":"@BlgNoticias","twitter_misc":{"Escrito por":"Brenda Guerrero","Tiempo de lectura":"2 minutos"},"schema":{"@context":"https:\/\/schema.org","@graph":[{"@type":"Article","@id":"https:\/\/blgnoticiassantodomingo.net\/index.php\/2021\/06\/21\/sector-social-recibe-quejas-de-empleados-cancelados-por-liquidacion-de-cdeee\/#article","isPartOf":{"@id":"https:\/\/blgnoticiassantodomingo.net\/index.php\/2021\/06\/21\/sector-social-recibe-quejas-de-empleados-cancelados-por-liquidacion-de-cdeee\/"},"author":{"name":"Brenda Guerrero","@id":"https:\/\/blgnoticiassantodomingo.net\/#\/schema\/person\/e2fc21cf88acc63dbd134be981bff374"},"headline":"Sector Social recibe quejas de empleados cancelados por liquidaci\u00f3n de CDEEE","datePublished":"2021-06-21T00:42:44+00:00","dateModified":"2021-06-21T00:43:52+00:00","mainEntityOfPage":{"@id":"https:\/\/blgnoticiassantodomingo.net\/index.php\/2021\/06\/21\/sector-social-recibe-quejas-de-empleados-cancelados-por-liquidacion-de-cdeee\/"},"wordCount":469,"commentCount":0,"publisher":{"@id":"https:\/\/blgnoticiassantodomingo.net\/#organization"},"image":{"@id":"https:\/\/blgnoticiassantodomingo.net\/index.php\/2021\/06\/21\/sector-social-recibe-quejas-de-empleados-cancelados-por-liquidacion-de-cdeee\/#primaryimage"},"thumbnailUrl":"https:\/\/blgnoticiassantodomingo.net\/wp-content\/uploads\/2021\/06\/20210618_160607-scaled.jpg","keywords":["CDEEE","Empleados"],"articleSection":["Nacionales"],"inLanguage":"es","potentialAction":[{"@type":"CommentAction","name":"Comment","target":["https:\/\/blgnoticiassantodomingo.net\/index.php\/2021\/06\/21\/sector-social-recibe-quejas-de-empleados-cancelados-por-liquidacion-de-cdeee\/#respond"]}]},{"@type":"WebPage","@id":"https:\/\/blgnoticiassantodomingo.net\/index.php\/2021\/06\/21\/sector-social-recibe-quejas-de-empleados-cancelados-por-liquidacion-de-cdeee\/","url":"https:\/\/blgnoticiassantodomingo.net\/index.php\/2021\/06\/21\/sector-social-recibe-quejas-de-empleados-cancelados-por-liquidacion-de-cdeee\/","name":"Sector Social recibe quejas de empleados cancelados por liquidaci\u00f3n de CDEEE - BLG Noticias","isPartOf":{"@id":"https:\/\/blgnoticiassantodomingo.net\/#website"},"primaryImageOfPage":{"@id":"https:\/\/blgnoticiassantodomingo.net\/index.php\/2021\/06\/21\/sector-social-recibe-quejas-de-empleados-cancelados-por-liquidacion-de-cdeee\/#primaryimage"},"image":{"@id":"https:\/\/blgnoticiassantodomingo.net\/index.php\/2021\/06\/21\/sector-social-recibe-quejas-de-empleados-cancelados-por-liquidacion-de-cdeee\/#primaryimage"},"thumbnailUrl":"https:\/\/blgnoticiassantodomingo.net\/wp-content\/uploads\/2021\/06\/20210618_160607-scaled.jpg","datePublished":"2021-06-21T00:42:44+00:00","dateModified":"2021-06-21T00:43:52+00:00","breadcrumb":{"@id":"https:\/\/blgnoticiassantodomingo.net\/index.php\/2021\/06\/21\/sector-social-recibe-quejas-de-empleados-cancelados-por-liquidacion-de-cdeee\/#breadcrumb"},"inLanguage":"es","potentialAction":[{"@type":"ReadAction","target":["https:\/\/blgnoticiassantodomingo.net\/index.php\/2021\/06\/21\/sector-social-recibe-quejas-de-empleados-cancelados-por-liquidacion-de-cdeee\/"]}]},{"@type":"ImageObject","inLanguage":"es","@id":"https:\/\/blgnoticiassantodomingo.net\/index.php\/2021\/06\/21\/sector-social-recibe-quejas-de-empleados-cancelados-por-liquidacion-de-cdeee\/#primaryimage","url":"https:\/\/blgnoticiassantodomingo.net\/wp-content\/uploads\/2021\/06\/20210618_160607-scaled.jpg","contentUrl":"https:\/\/blgnoticiassantodomingo.net\/wp-content\/uploads\/2021\/06\/20210618_160607-scaled.jpg","width":2560,"height":1310},{"@type":"BreadcrumbList","@id":"https:\/\/blgnoticiassantodomingo.net\/index.php\/2021\/06\/21\/sector-social-recibe-quejas-de-empleados-cancelados-por-liquidacion-de-cdeee\/#breadcrumb","itemListElement":[{"@type":"ListItem","position":1,"name":"Portada","item":"https:\/\/blgnoticiassantodomingo.net\/"},{"@type":"ListItem","position":2,"name":"Sector Social recibe quejas de empleados cancelados por liquidaci\u00f3n de CDEEE"}]},{"@type":"WebSite","@id":"https:\/\/blgnoticiassantodomingo.net\/#website","url":"https:\/\/blgnoticiassantodomingo.net\/","name":"BLG Noticias","description":"Esto es Noticias","publisher":{"@id":"https:\/\/blgnoticiassantodomingo.net\/#organization"},"potentialAction":[{"@type":"SearchAction","target":{"@type":"EntryPoint","urlTemplate":"https:\/\/blgnoticiassantodomingo.net\/?s={search_term_string}"},"query-input":{"@type":"PropertyValueSpecification","valueRequired":true,"valueName":"search_term_string"}}],"inLanguage":"es"},{"@type":"Organization","@id":"https:\/\/blgnoticiassantodomingo.net\/#organization","name":"BLG Noticias","url":"https:\/\/blgnoticiassantodomingo.net\/","logo":{"@type":"ImageObject","inLanguage":"es","@id":"https:\/\/blgnoticiassantodomingo.net\/#\/schema\/logo\/image\/","url":"https:\/\/blgnoticiassantodomingo.net\/wp-content\/uploads\/2023\/12\/Diseno-sin-titulo-3.jpg","contentUrl":"https:\/\/blgnoticiassantodomingo.net\/wp-content\/uploads\/2023\/12\/Diseno-sin-titulo-3.jpg","width":500,"height":500,"caption":"BLG Noticias"},"image":{"@id":"https:\/\/blgnoticiassantodomingo.net\/#\/schema\/logo\/image\/"},"sameAs":["https:\/\/web.facebook.com\/BlgNoticias\/?locale=es_LA&_rdc=1&_rdr","https:\/\/x.com\/BlgNoticias","https:\/\/www.linkedin.com\/in\/brenda-l-santana-aa846279\/"]},{"@type":"Person","@id":"https:\/\/blgnoticiassantodomingo.net\/#\/schema\/person\/e2fc21cf88acc63dbd134be981bff374","name":"Brenda Guerrero","image":{"@type":"ImageObject","inLanguage":"es","@id":"https:\/\/blgnoticiassantodomingo.net\/#\/schema\/person\/image\/","url":"https:\/\/secure.gravatar.com\/avatar\/2f7fc4c3e3655be1580cb684bfd8ab19be702ae20879da1e072021daa02f9b8b?s=96&d=wp_user_avatar&r=g","contentUrl":"https:\/\/secure.gravatar.com\/avatar\/2f7fc4c3e3655be1580cb684bfd8ab19be702ae20879da1e072021daa02f9b8b?s=96&d=wp_user_avatar&r=g","caption":"Brenda Guerrero"},"description":"Periodista","url":"https:\/\/blgnoticiassantodomingo.net\/index.php\/author\/brenda-guerrero\/"}]}},"jetpack_featured_media_url":"https:\/\/blgnoticiassantodomingo.net\/wp-content\/uploads\/2021\/06\/20210618_160607-scaled.jpg","_links":{"self":[{"href":"https:\/\/blgnoticiassantodomingo.net\/index.php\/wp-json\/wp\/v2\/posts\/26421","targetHints":{"allow":["GET"]}}],"collection":[{"href":"https:\/\/blgnoticiassantodomingo.net\/index.php\/wp-json\/wp\/v2\/posts"}],"about":[{"href":"https:\/\/blgnoticiassantodomingo.net\/index.php\/wp-json\/wp\/v2\/types\/post"}],"author":[{"embeddable":true,"href":"https:\/\/blgnoticiassantodomingo.net\/index.php\/wp-json\/wp\/v2\/users\/2"}],"replies":[{"embeddable":true,"href":"https:\/\/blgnoticiassantodomingo.net\/index.php\/wp-json\/wp\/v2\/comments?post=26421"}],"version-history":[{"count":2,"href":"https:\/\/blgnoticiassantodomingo.net\/index.php\/wp-json\/wp\/v2\/posts\/26421\/revisions"}],"predecessor-version":[{"id":26424,"href":"https:\/\/blgnoticiassantodomingo.net\/index.php\/wp-json\/wp\/v2\/posts\/26421\/revisions\/26424"}],"wp:featuredmedia":[{"embeddable":true,"href":"https:\/\/blgnoticiassantodomingo.net\/index.php\/wp-json\/wp\/v2\/media\/26422"}],"wp:attachment":[{"href":"https:\/\/blgnoticiassantodomingo.net\/index.php\/wp-json\/wp\/v2\/media?parent=26421"}],"wp:term":[{"taxonomy":"category","embeddable":true,"href":"https:\/\/blgnoticiassantodomingo.net\/index.php\/wp-json\/wp\/v2\/categories?post=26421"},{"taxonomy":"post_tag","embeddable":true,"href":"https:\/\/blgnoticiassantodomingo.net\/index.php\/wp-json\/wp\/v2\/tags?post=26421"}],"curies":[{"name":"wp","href":"https:\/\/api.w.org\/{rel}","templated":true}]}}