{"id":25774,"date":"2021-05-14T14:49:28","date_gmt":"2021-05-14T13:49:28","guid":{"rendered":"http:\/\/blgnoticiassantodomingo.net\/?p=25774"},"modified":"2021-05-14T14:49:28","modified_gmt":"2021-05-14T13:49:28","slug":"putin-avisa-de-que-rusia-reaccionara-a-purga-del-espacio-politico-en-ucrania","status":"publish","type":"post","link":"https:\/\/blgnoticiassantodomingo.net\/index.php\/2021\/05\/14\/putin-avisa-de-que-rusia-reaccionara-a-purga-del-espacio-politico-en-ucrania\/","title":{"rendered":"Putin avisa de que Rusia reaccionar\u00e1 a purga del espacio pol\u00edtico en Ucrania"},"content":{"rendered":"\n<p>EFE <\/p>\n\n\n\n<p>MOSC\u00da. \u2013 El presidente ruso, Vlad\u00edmir Putin, advirti\u00f3 este viernes de que Rusia reaccionar\u00e1 ante lo que \u00e9l calific\u00f3 de \u201cpurga\u201d del espacio pol\u00edtico en Ucrania con el arresto de su aliado, el diputado prorruso V\u00edctor Medvedchuk.<\/p>\n\n\n\n<p>\u201cNosotros, teniendo en cuenta todas las amenazas que nos est\u00e1n creando, debemos reaccionar de manera oportuna y adecuada\u201d, dijo Putin durante una reuni\u00f3n del Consejo de Seguridad de Rusia.<\/p>\n\n\n\n<p>Putin asegur\u00f3 que en el pa\u00eds vecino \u201ctiene lugar una purga del espacio pol\u00edtico absolutamente evidente\u201d.<\/p>\n\n\n\n<p>\u201cLas decisiones son claramente pol\u00edticas y arbitrarias, y est\u00e1n dirigidas a limpiar el espacio pol\u00edtico de aquellas fuerzas que abogan por una soluci\u00f3n pac\u00edfica a la crisis en el sureste de Ucrania, el Donb\u00e1s, y por unas relaciones de buena vecindad con Rusia\u201d, se\u00f1al\u00f3.<\/p>\n\n\n\n<p>Critic\u00f3 especialmente que algunas personas sean consideradas culpables por el mero hecho de trabajar \u201ccon Rusia\u201d, cuando record\u00f3 que muchos antiguos dirigentes ucranianos trabajan \u201cactivamente\u201d en el \u00e1mbito econ\u00f3mico de este pa\u00eds.<\/p>\n\n\n\n<p>\u201cY, por cierto, en (la anexionada pen\u00ednsula de) Crimea tambi\u00e9n, y no pasa nada. Es la norma\u201d, apunt\u00f3.<\/p>\n\n\n\n<p>Putin tambi\u00e9n denunci\u00f3 que \u201cse est\u00e1n cerrando medios de comunicaciones nacionales\u201d y lament\u00f3 que los socios occidentales \u201cno reaccionan\u201d, sino que \u201capoyan las decisiones de ese tipo\u201d.<\/p>\n\n\n\n<p>La Justicia ucraniana puso el jueves bajo arresto domiciliario a Medvedchuk, al que acusa de \u201calta traici\u00f3n\u201d por negocios ilegales en Crimea, desvelar secretos de Estado y trabajar en favor de Rusia.<\/p>\n\n\n\n<p>Medvedchuk replic\u00f3 que el proceso penal abierto contra \u00e9l y su compa\u00f1ero en el partido Plataforma Opositora por la Vida, Tar\u00e1s Kozak, est\u00e1 \u201cpol\u00edticamente motivado\u201d.<\/p>\n\n\n\n<p>Al presentar el martes la acusaci\u00f3n, la Fiscal General de Ucrania, Irina Vened\u00edktova, les acus\u00f3 de organizar actividades \u201cilegales\u201d y \u201csubversivas\u201d y de tener \u201cs\u00f3lidos v\u00ednculos con los m\u00e1s altos dirigentes rusos\u201d, en referencia a Putin.<\/p>\n\n\n\n<p>La Justicia ucraniana ya abri\u00f3 en 2019 un caso penal contra Medvedchuk, compadre de Putin, con el que se ha reunido en varias ocasiones en los \u00faltimos a\u00f1os, por atentar contra la integridad territorial.<\/p>\n\n\n\n<p>Medvedchuk siempre ha defendido la concesi\u00f3n al Donb\u00e1s de un estatuto de autonom\u00eda e incluso present\u00f3 un plan de paz que fue respaldado por Mosc\u00fa.<\/p>\n\n\n\n<p>En febrero, el presidente ucraniano, Volod\u00edmir Zelenski, orden\u00f3 el cierre de tres cadenas de televisi\u00f3n de Kozak: 112-TV, NewsOne y ZIK.<\/p>\n\n\n\n<p>Zelenski destac\u00f3 hoy en un art\u00edculo para la revista \u201cFocus\u201d colgado en la web de la Presidencia ucraniana que por vez primera en muchos a\u00f1os se ha reducido el n\u00famero de oligarcas en el pa\u00eds y adelant\u00f3 que, en ese sentido, aprobar\u00e1 una nueva ley para reforzar ese campa\u00f1a.<\/p>\n\n\n\n<p>\u201cPor ejemplo, por primera vez no ha aumentado, sino que se ha reducido el n\u00famero de oligarcas. Menos Medvedchuk\u201d, se\u00f1ala.<\/p>\n\n\n\n<p>Destac\u00f3 que, tras la ca\u00edda de la Uni\u00f3n Sovi\u00e9tica, unos \u201celegidos\u201d amasaron recursos pol\u00edticos, financieros e industriales, y medios de comunicaci\u00f3n y modelaron la relaci\u00f3n con el Estado exclusivamente seg\u00fan sus propios intereses.<\/p>\n\n\n\n<p>En relaci\u00f3n con Medvedchuk, resalt\u00f3 que con la ayuda de instrumentos legales se impidi\u00f3 que causara un da\u00f1o \u201csensible\u201d a la seguridad nacional.<\/p>\n\n\n\n<p>A finales de abril, Zelenski, en el poder desde 2019, pidi\u00f3 a su oficina que organizara una reuni\u00f3n con Putin, quien ha dicho que s\u00f3lo hablar\u00e1 con Kiev de las relaciones bilaterales y no sobre el conflicto en el Donb\u00e1s, donde se enfrentan desde 2014 los separatistas apoyados por Rusia y el Ej\u00e9rcito ucraniano.<\/p>\n","protected":false},"excerpt":{"rendered":"<p>EFE MOSC\u00da. \u2013 El presidente ruso, Vlad\u00edmir Putin, advirti\u00f3 este viernes de que Rusia reaccionar\u00e1 ante lo que \u00e9l calific\u00f3 de \u201cpurga\u201d del espacio pol\u00edtico en Ucrania con el arresto de su aliado, el diputado prorruso V\u00edctor Medvedchuk. \u201cNosotros, teniendo en cuenta todas las amenazas que nos est\u00e1n creando, debemos reaccionar de manera oportuna y [&hellip;]<\/p>\n","protected":false},"author":2,"featured_media":25775,"comment_status":"open","ping_status":"open","sticky":false,"template":"","format":"standard","meta":{"footnotes":""},"categories":[221],"tags":[5420,3058,5418,2287,5419],"class_list":{"0":"post-25774","1":"post","2":"type-post","3":"status-publish","4":"format-standard","5":"has-post-thumbnail","7":"category-internacionales","8":"tag-espacio-politico","9":"tag-moscu","10":"tag-purga","11":"tag-putin","12":"tag-ucrania"},"yoast_head":"<!-- This site is optimized with the Yoast SEO plugin v24.9 - https:\/\/yoast.com\/wordpress\/plugins\/seo\/ -->\n<title>Putin avisa de que Rusia reaccionar\u00e1 a purga del espacio pol\u00edtico en Ucrania - BLG Noticias<\/title>\n<meta name=\"robots\" content=\"index, follow, max-snippet:-1, max-image-preview:large, max-video-preview:-1\" \/>\n<link rel=\"canonical\" href=\"https:\/\/blgnoticiassantodomingo.net\/index.php\/2021\/05\/14\/putin-avisa-de-que-rusia-reaccionara-a-purga-del-espacio-politico-en-ucrania\/\" \/>\n<meta property=\"og:locale\" content=\"es_ES\" \/>\n<meta property=\"og:type\" content=\"article\" \/>\n<meta property=\"og:title\" content=\"Putin avisa de que Rusia reaccionar\u00e1 a purga del espacio pol\u00edtico en Ucrania - BLG Noticias\" \/>\n<meta property=\"og:description\" content=\"EFE MOSC\u00da. \u2013 El presidente ruso, Vlad\u00edmir Putin, advirti\u00f3 este viernes de que Rusia reaccionar\u00e1 ante lo que \u00e9l calific\u00f3 de \u201cpurga\u201d del espacio pol\u00edtico en Ucrania con el arresto de su aliado, el diputado prorruso V\u00edctor Medvedchuk. \u201cNosotros, teniendo en cuenta todas las amenazas que nos est\u00e1n creando, debemos reaccionar de manera oportuna y [&hellip;]\" \/>\n<meta property=\"og:url\" content=\"https:\/\/blgnoticiassantodomingo.net\/index.php\/2021\/05\/14\/putin-avisa-de-que-rusia-reaccionara-a-purga-del-espacio-politico-en-ucrania\/\" \/>\n<meta property=\"og:site_name\" content=\"BLG Noticias\" \/>\n<meta property=\"article:publisher\" content=\"https:\/\/web.facebook.com\/BlgNoticias\/?locale=es_LA&amp;_rdc=1&amp;_rdr\" \/>\n<meta property=\"article:published_time\" content=\"2021-05-14T13:49:28+00:00\" \/>\n<meta property=\"og:image\" content=\"https:\/\/blgnoticiassantodomingo.net\/wp-content\/uploads\/2021\/05\/WFYCPMGTRZE2XKDVA7I6KZZZ2Q.jpg\" \/>\n\t<meta property=\"og:image:width\" content=\"1200\" \/>\n\t<meta property=\"og:image:height\" content=\"717\" \/>\n\t<meta property=\"og:image:type\" content=\"image\/jpeg\" \/>\n<meta name=\"author\" content=\"Brenda Guerrero\" \/>\n<meta name=\"twitter:card\" content=\"summary_large_image\" \/>\n<meta name=\"twitter:creator\" content=\"@BlgNoticias\" \/>\n<meta name=\"twitter:site\" content=\"@BlgNoticias\" \/>\n<meta name=\"twitter:label1\" content=\"Escrito por\" \/>\n\t<meta name=\"twitter:data1\" content=\"Brenda Guerrero\" \/>\n\t<meta name=\"twitter:label2\" content=\"Tiempo de lectura\" \/>\n\t<meta name=\"twitter:data2\" content=\"3 minutos\" \/>\n<script type=\"application\/ld+json\" class=\"yoast-schema-graph\">{\"@context\":\"https:\/\/schema.org\",\"@graph\":[{\"@type\":\"Article\",\"@id\":\"https:\/\/blgnoticiassantodomingo.net\/index.php\/2021\/05\/14\/putin-avisa-de-que-rusia-reaccionara-a-purga-del-espacio-politico-en-ucrania\/#article\",\"isPartOf\":{\"@id\":\"https:\/\/blgnoticiassantodomingo.net\/index.php\/2021\/05\/14\/putin-avisa-de-que-rusia-reaccionara-a-purga-del-espacio-politico-en-ucrania\/\"},\"author\":{\"name\":\"Brenda Guerrero\",\"@id\":\"https:\/\/blgnoticiassantodomingo.net\/#\/schema\/person\/e2fc21cf88acc63dbd134be981bff374\"},\"headline\":\"Putin avisa de que Rusia reaccionar\u00e1 a purga del espacio pol\u00edtico en Ucrania\",\"datePublished\":\"2021-05-14T13:49:28+00:00\",\"mainEntityOfPage\":{\"@id\":\"https:\/\/blgnoticiassantodomingo.net\/index.php\/2021\/05\/14\/putin-avisa-de-que-rusia-reaccionara-a-purga-del-espacio-politico-en-ucrania\/\"},\"wordCount\":621,\"commentCount\":0,\"publisher\":{\"@id\":\"https:\/\/blgnoticiassantodomingo.net\/#organization\"},\"image\":{\"@id\":\"https:\/\/blgnoticiassantodomingo.net\/index.php\/2021\/05\/14\/putin-avisa-de-que-rusia-reaccionara-a-purga-del-espacio-politico-en-ucrania\/#primaryimage\"},\"thumbnailUrl\":\"https:\/\/blgnoticiassantodomingo.net\/wp-content\/uploads\/2021\/05\/WFYCPMGTRZE2XKDVA7I6KZZZ2Q.jpg\",\"keywords\":[\"Espacio politico\",\"MOSCU\",\"purga\",\"Putin\",\"ucrania\"],\"articleSection\":[\"Internacionales\"],\"inLanguage\":\"es\",\"potentialAction\":[{\"@type\":\"CommentAction\",\"name\":\"Comment\",\"target\":[\"https:\/\/blgnoticiassantodomingo.net\/index.php\/2021\/05\/14\/putin-avisa-de-que-rusia-reaccionara-a-purga-del-espacio-politico-en-ucrania\/#respond\"]}]},{\"@type\":\"WebPage\",\"@id\":\"https:\/\/blgnoticiassantodomingo.net\/index.php\/2021\/05\/14\/putin-avisa-de-que-rusia-reaccionara-a-purga-del-espacio-politico-en-ucrania\/\",\"url\":\"https:\/\/blgnoticiassantodomingo.net\/index.php\/2021\/05\/14\/putin-avisa-de-que-rusia-reaccionara-a-purga-del-espacio-politico-en-ucrania\/\",\"name\":\"Putin avisa de que Rusia reaccionar\u00e1 a purga del espacio pol\u00edtico en Ucrania - BLG Noticias\",\"isPartOf\":{\"@id\":\"https:\/\/blgnoticiassantodomingo.net\/#website\"},\"primaryImageOfPage\":{\"@id\":\"https:\/\/blgnoticiassantodomingo.net\/index.php\/2021\/05\/14\/putin-avisa-de-que-rusia-reaccionara-a-purga-del-espacio-politico-en-ucrania\/#primaryimage\"},\"image\":{\"@id\":\"https:\/\/blgnoticiassantodomingo.net\/index.php\/2021\/05\/14\/putin-avisa-de-que-rusia-reaccionara-a-purga-del-espacio-politico-en-ucrania\/#primaryimage\"},\"thumbnailUrl\":\"https:\/\/blgnoticiassantodomingo.net\/wp-content\/uploads\/2021\/05\/WFYCPMGTRZE2XKDVA7I6KZZZ2Q.jpg\",\"datePublished\":\"2021-05-14T13:49:28+00:00\",\"breadcrumb\":{\"@id\":\"https:\/\/blgnoticiassantodomingo.net\/index.php\/2021\/05\/14\/putin-avisa-de-que-rusia-reaccionara-a-purga-del-espacio-politico-en-ucrania\/#breadcrumb\"},\"inLanguage\":\"es\",\"potentialAction\":[{\"@type\":\"ReadAction\",\"target\":[\"https:\/\/blgnoticiassantodomingo.net\/index.php\/2021\/05\/14\/putin-avisa-de-que-rusia-reaccionara-a-purga-del-espacio-politico-en-ucrania\/\"]}]},{\"@type\":\"ImageObject\",\"inLanguage\":\"es\",\"@id\":\"https:\/\/blgnoticiassantodomingo.net\/index.php\/2021\/05\/14\/putin-avisa-de-que-rusia-reaccionara-a-purga-del-espacio-politico-en-ucrania\/#primaryimage\",\"url\":\"https:\/\/blgnoticiassantodomingo.net\/wp-content\/uploads\/2021\/05\/WFYCPMGTRZE2XKDVA7I6KZZZ2Q.jpg\",\"contentUrl\":\"https:\/\/blgnoticiassantodomingo.net\/wp-content\/uploads\/2021\/05\/WFYCPMGTRZE2XKDVA7I6KZZZ2Q.jpg\",\"width\":1200,\"height\":717},{\"@type\":\"BreadcrumbList\",\"@id\":\"https:\/\/blgnoticiassantodomingo.net\/index.php\/2021\/05\/14\/putin-avisa-de-que-rusia-reaccionara-a-purga-del-espacio-politico-en-ucrania\/#breadcrumb\",\"itemListElement\":[{\"@type\":\"ListItem\",\"position\":1,\"name\":\"Portada\",\"item\":\"https:\/\/blgnoticiassantodomingo.net\/\"},{\"@type\":\"ListItem\",\"position\":2,\"name\":\"Putin avisa de que Rusia reaccionar\u00e1 a purga del espacio pol\u00edtico en Ucrania\"}]},{\"@type\":\"WebSite\",\"@id\":\"https:\/\/blgnoticiassantodomingo.net\/#website\",\"url\":\"https:\/\/blgnoticiassantodomingo.net\/\",\"name\":\"BLG Noticias\",\"description\":\"Esto es Noticias\",\"publisher\":{\"@id\":\"https:\/\/blgnoticiassantodomingo.net\/#organization\"},\"potentialAction\":[{\"@type\":\"SearchAction\",\"target\":{\"@type\":\"EntryPoint\",\"urlTemplate\":\"https:\/\/blgnoticiassantodomingo.net\/?s={search_term_string}\"},\"query-input\":{\"@type\":\"PropertyValueSpecification\",\"valueRequired\":true,\"valueName\":\"search_term_string\"}}],\"inLanguage\":\"es\"},{\"@type\":\"Organization\",\"@id\":\"https:\/\/blgnoticiassantodomingo.net\/#organization\",\"name\":\"BLG Noticias\",\"url\":\"https:\/\/blgnoticiassantodomingo.net\/\",\"logo\":{\"@type\":\"ImageObject\",\"inLanguage\":\"es\",\"@id\":\"https:\/\/blgnoticiassantodomingo.net\/#\/schema\/logo\/image\/\",\"url\":\"https:\/\/blgnoticiassantodomingo.net\/wp-content\/uploads\/2023\/12\/Diseno-sin-titulo-3.jpg\",\"contentUrl\":\"https:\/\/blgnoticiassantodomingo.net\/wp-content\/uploads\/2023\/12\/Diseno-sin-titulo-3.jpg\",\"width\":500,\"height\":500,\"caption\":\"BLG Noticias\"},\"image\":{\"@id\":\"https:\/\/blgnoticiassantodomingo.net\/#\/schema\/logo\/image\/\"},\"sameAs\":[\"https:\/\/web.facebook.com\/BlgNoticias\/?locale=es_LA&_rdc=1&_rdr\",\"https:\/\/x.com\/BlgNoticias\",\"https:\/\/www.linkedin.com\/in\/brenda-l-santana-aa846279\/\"]},{\"@type\":\"Person\",\"@id\":\"https:\/\/blgnoticiassantodomingo.net\/#\/schema\/person\/e2fc21cf88acc63dbd134be981bff374\",\"name\":\"Brenda Guerrero\",\"image\":{\"@type\":\"ImageObject\",\"inLanguage\":\"es\",\"@id\":\"https:\/\/blgnoticiassantodomingo.net\/#\/schema\/person\/image\/\",\"url\":\"https:\/\/secure.gravatar.com\/avatar\/2f7fc4c3e3655be1580cb684bfd8ab19be702ae20879da1e072021daa02f9b8b?s=96&d=wp_user_avatar&r=g\",\"contentUrl\":\"https:\/\/secure.gravatar.com\/avatar\/2f7fc4c3e3655be1580cb684bfd8ab19be702ae20879da1e072021daa02f9b8b?s=96&d=wp_user_avatar&r=g\",\"caption\":\"Brenda Guerrero\"},\"description\":\"Periodista\",\"url\":\"https:\/\/blgnoticiassantodomingo.net\/index.php\/author\/brenda-guerrero\/\"}]}<\/script>\n<!-- \/ Yoast SEO plugin. -->","yoast_head_json":{"title":"Putin avisa de que Rusia reaccionar\u00e1 a purga del espacio pol\u00edtico en Ucrania - BLG Noticias","robots":{"index":"index","follow":"follow","max-snippet":"max-snippet:-1","max-image-preview":"max-image-preview:large","max-video-preview":"max-video-preview:-1"},"canonical":"https:\/\/blgnoticiassantodomingo.net\/index.php\/2021\/05\/14\/putin-avisa-de-que-rusia-reaccionara-a-purga-del-espacio-politico-en-ucrania\/","og_locale":"es_ES","og_type":"article","og_title":"Putin avisa de que Rusia reaccionar\u00e1 a purga del espacio pol\u00edtico en Ucrania - BLG Noticias","og_description":"EFE MOSC\u00da. \u2013 El presidente ruso, Vlad\u00edmir Putin, advirti\u00f3 este viernes de que Rusia reaccionar\u00e1 ante lo que \u00e9l calific\u00f3 de \u201cpurga\u201d del espacio pol\u00edtico en Ucrania con el arresto de su aliado, el diputado prorruso V\u00edctor Medvedchuk. \u201cNosotros, teniendo en cuenta todas las amenazas que nos est\u00e1n creando, debemos reaccionar de manera oportuna y [&hellip;]","og_url":"https:\/\/blgnoticiassantodomingo.net\/index.php\/2021\/05\/14\/putin-avisa-de-que-rusia-reaccionara-a-purga-del-espacio-politico-en-ucrania\/","og_site_name":"BLG Noticias","article_publisher":"https:\/\/web.facebook.com\/BlgNoticias\/?locale=es_LA&_rdc=1&_rdr","article_published_time":"2021-05-14T13:49:28+00:00","og_image":[{"width":1200,"height":717,"url":"https:\/\/blgnoticiassantodomingo.net\/wp-content\/uploads\/2021\/05\/WFYCPMGTRZE2XKDVA7I6KZZZ2Q.jpg","type":"image\/jpeg"}],"author":"Brenda Guerrero","twitter_card":"summary_large_image","twitter_creator":"@BlgNoticias","twitter_site":"@BlgNoticias","twitter_misc":{"Escrito por":"Brenda Guerrero","Tiempo de lectura":"3 minutos"},"schema":{"@context":"https:\/\/schema.org","@graph":[{"@type":"Article","@id":"https:\/\/blgnoticiassantodomingo.net\/index.php\/2021\/05\/14\/putin-avisa-de-que-rusia-reaccionara-a-purga-del-espacio-politico-en-ucrania\/#article","isPartOf":{"@id":"https:\/\/blgnoticiassantodomingo.net\/index.php\/2021\/05\/14\/putin-avisa-de-que-rusia-reaccionara-a-purga-del-espacio-politico-en-ucrania\/"},"author":{"name":"Brenda Guerrero","@id":"https:\/\/blgnoticiassantodomingo.net\/#\/schema\/person\/e2fc21cf88acc63dbd134be981bff374"},"headline":"Putin avisa de que Rusia reaccionar\u00e1 a purga del espacio pol\u00edtico en Ucrania","datePublished":"2021-05-14T13:49:28+00:00","mainEntityOfPage":{"@id":"https:\/\/blgnoticiassantodomingo.net\/index.php\/2021\/05\/14\/putin-avisa-de-que-rusia-reaccionara-a-purga-del-espacio-politico-en-ucrania\/"},"wordCount":621,"commentCount":0,"publisher":{"@id":"https:\/\/blgnoticiassantodomingo.net\/#organization"},"image":{"@id":"https:\/\/blgnoticiassantodomingo.net\/index.php\/2021\/05\/14\/putin-avisa-de-que-rusia-reaccionara-a-purga-del-espacio-politico-en-ucrania\/#primaryimage"},"thumbnailUrl":"https:\/\/blgnoticiassantodomingo.net\/wp-content\/uploads\/2021\/05\/WFYCPMGTRZE2XKDVA7I6KZZZ2Q.jpg","keywords":["Espacio politico","MOSCU","purga","Putin","ucrania"],"articleSection":["Internacionales"],"inLanguage":"es","potentialAction":[{"@type":"CommentAction","name":"Comment","target":["https:\/\/blgnoticiassantodomingo.net\/index.php\/2021\/05\/14\/putin-avisa-de-que-rusia-reaccionara-a-purga-del-espacio-politico-en-ucrania\/#respond"]}]},{"@type":"WebPage","@id":"https:\/\/blgnoticiassantodomingo.net\/index.php\/2021\/05\/14\/putin-avisa-de-que-rusia-reaccionara-a-purga-del-espacio-politico-en-ucrania\/","url":"https:\/\/blgnoticiassantodomingo.net\/index.php\/2021\/05\/14\/putin-avisa-de-que-rusia-reaccionara-a-purga-del-espacio-politico-en-ucrania\/","name":"Putin avisa de que Rusia reaccionar\u00e1 a purga del espacio pol\u00edtico en Ucrania - BLG Noticias","isPartOf":{"@id":"https:\/\/blgnoticiassantodomingo.net\/#website"},"primaryImageOfPage":{"@id":"https:\/\/blgnoticiassantodomingo.net\/index.php\/2021\/05\/14\/putin-avisa-de-que-rusia-reaccionara-a-purga-del-espacio-politico-en-ucrania\/#primaryimage"},"image":{"@id":"https:\/\/blgnoticiassantodomingo.net\/index.php\/2021\/05\/14\/putin-avisa-de-que-rusia-reaccionara-a-purga-del-espacio-politico-en-ucrania\/#primaryimage"},"thumbnailUrl":"https:\/\/blgnoticiassantodomingo.net\/wp-content\/uploads\/2021\/05\/WFYCPMGTRZE2XKDVA7I6KZZZ2Q.jpg","datePublished":"2021-05-14T13:49:28+00:00","breadcrumb":{"@id":"https:\/\/blgnoticiassantodomingo.net\/index.php\/2021\/05\/14\/putin-avisa-de-que-rusia-reaccionara-a-purga-del-espacio-politico-en-ucrania\/#breadcrumb"},"inLanguage":"es","potentialAction":[{"@type":"ReadAction","target":["https:\/\/blgnoticiassantodomingo.net\/index.php\/2021\/05\/14\/putin-avisa-de-que-rusia-reaccionara-a-purga-del-espacio-politico-en-ucrania\/"]}]},{"@type":"ImageObject","inLanguage":"es","@id":"https:\/\/blgnoticiassantodomingo.net\/index.php\/2021\/05\/14\/putin-avisa-de-que-rusia-reaccionara-a-purga-del-espacio-politico-en-ucrania\/#primaryimage","url":"https:\/\/blgnoticiassantodomingo.net\/wp-content\/uploads\/2021\/05\/WFYCPMGTRZE2XKDVA7I6KZZZ2Q.jpg","contentUrl":"https:\/\/blgnoticiassantodomingo.net\/wp-content\/uploads\/2021\/05\/WFYCPMGTRZE2XKDVA7I6KZZZ2Q.jpg","width":1200,"height":717},{"@type":"BreadcrumbList","@id":"https:\/\/blgnoticiassantodomingo.net\/index.php\/2021\/05\/14\/putin-avisa-de-que-rusia-reaccionara-a-purga-del-espacio-politico-en-ucrania\/#breadcrumb","itemListElement":[{"@type":"ListItem","position":1,"name":"Portada","item":"https:\/\/blgnoticiassantodomingo.net\/"},{"@type":"ListItem","position":2,"name":"Putin avisa de que Rusia reaccionar\u00e1 a purga del espacio pol\u00edtico en Ucrania"}]},{"@type":"WebSite","@id":"https:\/\/blgnoticiassantodomingo.net\/#website","url":"https:\/\/blgnoticiassantodomingo.net\/","name":"BLG Noticias","description":"Esto es Noticias","publisher":{"@id":"https:\/\/blgnoticiassantodomingo.net\/#organization"},"potentialAction":[{"@type":"SearchAction","target":{"@type":"EntryPoint","urlTemplate":"https:\/\/blgnoticiassantodomingo.net\/?s={search_term_string}"},"query-input":{"@type":"PropertyValueSpecification","valueRequired":true,"valueName":"search_term_string"}}],"inLanguage":"es"},{"@type":"Organization","@id":"https:\/\/blgnoticiassantodomingo.net\/#organization","name":"BLG Noticias","url":"https:\/\/blgnoticiassantodomingo.net\/","logo":{"@type":"ImageObject","inLanguage":"es","@id":"https:\/\/blgnoticiassantodomingo.net\/#\/schema\/logo\/image\/","url":"https:\/\/blgnoticiassantodomingo.net\/wp-content\/uploads\/2023\/12\/Diseno-sin-titulo-3.jpg","contentUrl":"https:\/\/blgnoticiassantodomingo.net\/wp-content\/uploads\/2023\/12\/Diseno-sin-titulo-3.jpg","width":500,"height":500,"caption":"BLG Noticias"},"image":{"@id":"https:\/\/blgnoticiassantodomingo.net\/#\/schema\/logo\/image\/"},"sameAs":["https:\/\/web.facebook.com\/BlgNoticias\/?locale=es_LA&_rdc=1&_rdr","https:\/\/x.com\/BlgNoticias","https:\/\/www.linkedin.com\/in\/brenda-l-santana-aa846279\/"]},{"@type":"Person","@id":"https:\/\/blgnoticiassantodomingo.net\/#\/schema\/person\/e2fc21cf88acc63dbd134be981bff374","name":"Brenda Guerrero","image":{"@type":"ImageObject","inLanguage":"es","@id":"https:\/\/blgnoticiassantodomingo.net\/#\/schema\/person\/image\/","url":"https:\/\/secure.gravatar.com\/avatar\/2f7fc4c3e3655be1580cb684bfd8ab19be702ae20879da1e072021daa02f9b8b?s=96&d=wp_user_avatar&r=g","contentUrl":"https:\/\/secure.gravatar.com\/avatar\/2f7fc4c3e3655be1580cb684bfd8ab19be702ae20879da1e072021daa02f9b8b?s=96&d=wp_user_avatar&r=g","caption":"Brenda Guerrero"},"description":"Periodista","url":"https:\/\/blgnoticiassantodomingo.net\/index.php\/author\/brenda-guerrero\/"}]}},"jetpack_featured_media_url":"https:\/\/blgnoticiassantodomingo.net\/wp-content\/uploads\/2021\/05\/WFYCPMGTRZE2XKDVA7I6KZZZ2Q.jpg","_links":{"self":[{"href":"https:\/\/blgnoticiassantodomingo.net\/index.php\/wp-json\/wp\/v2\/posts\/25774","targetHints":{"allow":["GET"]}}],"collection":[{"href":"https:\/\/blgnoticiassantodomingo.net\/index.php\/wp-json\/wp\/v2\/posts"}],"about":[{"href":"https:\/\/blgnoticiassantodomingo.net\/index.php\/wp-json\/wp\/v2\/types\/post"}],"author":[{"embeddable":true,"href":"https:\/\/blgnoticiassantodomingo.net\/index.php\/wp-json\/wp\/v2\/users\/2"}],"replies":[{"embeddable":true,"href":"https:\/\/blgnoticiassantodomingo.net\/index.php\/wp-json\/wp\/v2\/comments?post=25774"}],"version-history":[{"count":1,"href":"https:\/\/blgnoticiassantodomingo.net\/index.php\/wp-json\/wp\/v2\/posts\/25774\/revisions"}],"predecessor-version":[{"id":25776,"href":"https:\/\/blgnoticiassantodomingo.net\/index.php\/wp-json\/wp\/v2\/posts\/25774\/revisions\/25776"}],"wp:featuredmedia":[{"embeddable":true,"href":"https:\/\/blgnoticiassantodomingo.net\/index.php\/wp-json\/wp\/v2\/media\/25775"}],"wp:attachment":[{"href":"https:\/\/blgnoticiassantodomingo.net\/index.php\/wp-json\/wp\/v2\/media?parent=25774"}],"wp:term":[{"taxonomy":"category","embeddable":true,"href":"https:\/\/blgnoticiassantodomingo.net\/index.php\/wp-json\/wp\/v2\/categories?post=25774"},{"taxonomy":"post_tag","embeddable":true,"href":"https:\/\/blgnoticiassantodomingo.net\/index.php\/wp-json\/wp\/v2\/tags?post=25774"}],"curies":[{"name":"wp","href":"https:\/\/api.w.org\/{rel}","templated":true}]}}