{"id":25713,"date":"2021-05-10T16:51:59","date_gmt":"2021-05-10T15:51:59","guid":{"rendered":"http:\/\/blgnoticiassantodomingo.net\/?p=25713"},"modified":"2021-05-10T16:52:00","modified_gmt":"2021-05-10T15:52:00","slug":"personas-se-manifiestan-frente-al-palacio-de-justicia-en-apoyo-a-la-pastora-rossy-guzman","status":"publish","type":"post","link":"https:\/\/blgnoticiassantodomingo.net\/index.php\/2021\/05\/10\/personas-se-manifiestan-frente-al-palacio-de-justicia-en-apoyo-a-la-pastora-rossy-guzman\/","title":{"rendered":"Personas se manifiestan frente al Palacio de Justicia en apoyo a la pastora Rossy Guzm\u00e1n"},"content":{"rendered":"\n<p>Decenas de personas se encuentran en las afueras del Palacio de Justicia de Ciudad Nueva en apoyo a la pastora<strong>&nbsp;Rossy Guzm\u00e1n<\/strong>, implicada en el caso Coral.<\/p>\n\n\n\n<p>Este lunes, momentos en que se conocer\u00e1 la medida de coerci\u00f3n contra la pastora, personas que se identificaron como miembros de la iglesia Shalom se encuentran apostadas en los predios del Palacio de Justicia para mostrar su apoyo a Guzm\u00e1n.<\/p>\n\n\n\n<p>Con c\u00e1nticos y oraciones, dicen&nbsp;que la pastora es inocente, y tambi\u00e9n defienden a su hijo,&nbsp;<strong>Tanner Flete<\/strong>, otro de los implicados en el caso.<\/p>\n\n\n\n<p>\u201cPastora Rossy la comunidad y la iglesia de&nbsp;<strong>Cristo de Rey<\/strong>&nbsp;dan testimonio de tu amor y obra, estamos orando por ti\u201d, se puede leer en una de las pancartas de los presentes.<\/p>\n\n\n\n<p>Hoy se espera que la jueza&nbsp;<strong>Kenya Romero<\/strong>&nbsp;emita una decisi\u00f3n sobre la solicitud de medidas coercitivas contra los implicados en el caso Coral.<\/p>\n\n\n\n<p>La petici\u00f3n del Ministerio P\u00fablico (MP) es 18 meses de prisi\u00f3n preventiva para el general&nbsp;<strong>Ad\u00e1n C\u00e1ceres Silvestre<\/strong>, principal se\u00f1alado del supuesto entramado, la pastora pastora Rossy Guzm\u00e1n, su hijo Tanner Flete Guzm\u00e1n, el coronel policial Rafael N\u00fa\u00f1ez de Aza y el mayor de la Armada Alejandro Jos\u00e9 Montero Cruz.<\/p>\n\n\n\n<p>La imputada Guzm\u00e1n es acusada de ser testaferra del principal imputado en la Operaci\u00f3n Coral, Ad\u00e1n C\u00e1ceres, exjefe del Cuerpo Especializado de Seguridad Presidencial (<strong>Cusep<\/strong>), durante la gesti\u00f3n del expresidente Danilo Medina.<\/p>\n\n\n\n<p>Sobre&nbsp;<strong>Gir\u00f3n Jim\u00e9nez<\/strong>&nbsp;el MP vari\u00f3 la solicitud de coerci\u00f3n, para quien ahora pide se dicte arresto domiciliario.<\/p>\n","protected":false},"excerpt":{"rendered":"<p>Decenas de personas se encuentran en las afueras del Palacio de Justicia de Ciudad Nueva en apoyo a la pastora&nbsp;Rossy Guzm\u00e1n, implicada en el caso Coral. Este lunes, momentos en que se conocer\u00e1 la medida de coerci\u00f3n contra la pastora, personas que se identificaron como miembros de la iglesia Shalom se encuentran apostadas en los [&hellip;]<\/p>\n","protected":false},"author":2,"featured_media":25714,"comment_status":"open","ping_status":"open","sticky":false,"template":"","format":"standard","meta":{"footnotes":""},"categories":[220],"tags":[5401,5403,5402],"class_list":{"0":"post-25713","1":"post","2":"type-post","3":"status-publish","4":"format-standard","5":"has-post-thumbnail","7":"category-nacionales","8":"tag-pastora","9":"tag-personas-se-manifiestan","10":"tag-rossy-guzman"},"yoast_head":"<!-- This site is optimized with the Yoast SEO plugin v24.9 - https:\/\/yoast.com\/wordpress\/plugins\/seo\/ -->\n<title>Personas se manifiestan frente al Palacio de Justicia en apoyo a la pastora Rossy Guzm\u00e1n - BLG Noticias<\/title>\n<meta name=\"robots\" content=\"index, follow, max-snippet:-1, max-image-preview:large, max-video-preview:-1\" \/>\n<link rel=\"canonical\" href=\"https:\/\/blgnoticiassantodomingo.net\/index.php\/2021\/05\/10\/personas-se-manifiestan-frente-al-palacio-de-justicia-en-apoyo-a-la-pastora-rossy-guzman\/\" \/>\n<meta property=\"og:locale\" content=\"es_ES\" \/>\n<meta property=\"og:type\" content=\"article\" \/>\n<meta property=\"og:title\" content=\"Personas se manifiestan frente al Palacio de Justicia en apoyo a la pastora Rossy Guzm\u00e1n - BLG Noticias\" \/>\n<meta property=\"og:description\" content=\"Decenas de personas se encuentran en las afueras del Palacio de Justicia de Ciudad Nueva en apoyo a la pastora&nbsp;Rossy Guzm\u00e1n, implicada en el caso Coral. Este lunes, momentos en que se conocer\u00e1 la medida de coerci\u00f3n contra la pastora, personas que se identificaron como miembros de la iglesia Shalom se encuentran apostadas en los [&hellip;]\" \/>\n<meta property=\"og:url\" content=\"https:\/\/blgnoticiassantodomingo.net\/index.php\/2021\/05\/10\/personas-se-manifiestan-frente-al-palacio-de-justicia-en-apoyo-a-la-pastora-rossy-guzman\/\" \/>\n<meta property=\"og:site_name\" content=\"BLG Noticias\" \/>\n<meta property=\"article:publisher\" content=\"https:\/\/web.facebook.com\/BlgNoticias\/?locale=es_LA&amp;_rdc=1&amp;_rdr\" \/>\n<meta property=\"article:published_time\" content=\"2021-05-10T15:51:59+00:00\" \/>\n<meta property=\"article:modified_time\" content=\"2021-05-10T15:52:00+00:00\" \/>\n<meta property=\"og:image\" content=\"https:\/\/blgnoticiassantodomingo.net\/wp-content\/uploads\/2021\/05\/WhatsApp-Image-2021-03-15-at-09.18.07-1-696x392-1.jpeg\" \/>\n\t<meta property=\"og:image:width\" content=\"696\" \/>\n\t<meta property=\"og:image:height\" content=\"392\" \/>\n\t<meta property=\"og:image:type\" content=\"image\/jpeg\" \/>\n<meta name=\"author\" content=\"Brenda Guerrero\" \/>\n<meta name=\"twitter:card\" content=\"summary_large_image\" \/>\n<meta name=\"twitter:creator\" content=\"@BlgNoticias\" \/>\n<meta name=\"twitter:site\" content=\"@BlgNoticias\" \/>\n<meta name=\"twitter:label1\" content=\"Escrito por\" \/>\n\t<meta name=\"twitter:data1\" content=\"Brenda Guerrero\" \/>\n\t<meta name=\"twitter:label2\" content=\"Tiempo de lectura\" \/>\n\t<meta name=\"twitter:data2\" content=\"1 minuto\" \/>\n<script type=\"application\/ld+json\" class=\"yoast-schema-graph\">{\"@context\":\"https:\/\/schema.org\",\"@graph\":[{\"@type\":\"Article\",\"@id\":\"https:\/\/blgnoticiassantodomingo.net\/index.php\/2021\/05\/10\/personas-se-manifiestan-frente-al-palacio-de-justicia-en-apoyo-a-la-pastora-rossy-guzman\/#article\",\"isPartOf\":{\"@id\":\"https:\/\/blgnoticiassantodomingo.net\/index.php\/2021\/05\/10\/personas-se-manifiestan-frente-al-palacio-de-justicia-en-apoyo-a-la-pastora-rossy-guzman\/\"},\"author\":{\"name\":\"Brenda Guerrero\",\"@id\":\"https:\/\/blgnoticiassantodomingo.net\/#\/schema\/person\/e2fc21cf88acc63dbd134be981bff374\"},\"headline\":\"Personas se manifiestan frente al Palacio de Justicia en apoyo a la pastora Rossy Guzm\u00e1n\",\"datePublished\":\"2021-05-10T15:51:59+00:00\",\"dateModified\":\"2021-05-10T15:52:00+00:00\",\"mainEntityOfPage\":{\"@id\":\"https:\/\/blgnoticiassantodomingo.net\/index.php\/2021\/05\/10\/personas-se-manifiestan-frente-al-palacio-de-justicia-en-apoyo-a-la-pastora-rossy-guzman\/\"},\"wordCount\":297,\"commentCount\":0,\"publisher\":{\"@id\":\"https:\/\/blgnoticiassantodomingo.net\/#organization\"},\"image\":{\"@id\":\"https:\/\/blgnoticiassantodomingo.net\/index.php\/2021\/05\/10\/personas-se-manifiestan-frente-al-palacio-de-justicia-en-apoyo-a-la-pastora-rossy-guzman\/#primaryimage\"},\"thumbnailUrl\":\"https:\/\/blgnoticiassantodomingo.net\/wp-content\/uploads\/2021\/05\/WhatsApp-Image-2021-03-15-at-09.18.07-1-696x392-1.jpeg\",\"keywords\":[\"pastora\",\"personas se manifiestan\",\"Rossy Guzman\"],\"articleSection\":[\"Nacionales\"],\"inLanguage\":\"es\",\"potentialAction\":[{\"@type\":\"CommentAction\",\"name\":\"Comment\",\"target\":[\"https:\/\/blgnoticiassantodomingo.net\/index.php\/2021\/05\/10\/personas-se-manifiestan-frente-al-palacio-de-justicia-en-apoyo-a-la-pastora-rossy-guzman\/#respond\"]}]},{\"@type\":\"WebPage\",\"@id\":\"https:\/\/blgnoticiassantodomingo.net\/index.php\/2021\/05\/10\/personas-se-manifiestan-frente-al-palacio-de-justicia-en-apoyo-a-la-pastora-rossy-guzman\/\",\"url\":\"https:\/\/blgnoticiassantodomingo.net\/index.php\/2021\/05\/10\/personas-se-manifiestan-frente-al-palacio-de-justicia-en-apoyo-a-la-pastora-rossy-guzman\/\",\"name\":\"Personas se manifiestan frente al Palacio de Justicia en apoyo a la pastora Rossy Guzm\u00e1n - BLG Noticias\",\"isPartOf\":{\"@id\":\"https:\/\/blgnoticiassantodomingo.net\/#website\"},\"primaryImageOfPage\":{\"@id\":\"https:\/\/blgnoticiassantodomingo.net\/index.php\/2021\/05\/10\/personas-se-manifiestan-frente-al-palacio-de-justicia-en-apoyo-a-la-pastora-rossy-guzman\/#primaryimage\"},\"image\":{\"@id\":\"https:\/\/blgnoticiassantodomingo.net\/index.php\/2021\/05\/10\/personas-se-manifiestan-frente-al-palacio-de-justicia-en-apoyo-a-la-pastora-rossy-guzman\/#primaryimage\"},\"thumbnailUrl\":\"https:\/\/blgnoticiassantodomingo.net\/wp-content\/uploads\/2021\/05\/WhatsApp-Image-2021-03-15-at-09.18.07-1-696x392-1.jpeg\",\"datePublished\":\"2021-05-10T15:51:59+00:00\",\"dateModified\":\"2021-05-10T15:52:00+00:00\",\"breadcrumb\":{\"@id\":\"https:\/\/blgnoticiassantodomingo.net\/index.php\/2021\/05\/10\/personas-se-manifiestan-frente-al-palacio-de-justicia-en-apoyo-a-la-pastora-rossy-guzman\/#breadcrumb\"},\"inLanguage\":\"es\",\"potentialAction\":[{\"@type\":\"ReadAction\",\"target\":[\"https:\/\/blgnoticiassantodomingo.net\/index.php\/2021\/05\/10\/personas-se-manifiestan-frente-al-palacio-de-justicia-en-apoyo-a-la-pastora-rossy-guzman\/\"]}]},{\"@type\":\"ImageObject\",\"inLanguage\":\"es\",\"@id\":\"https:\/\/blgnoticiassantodomingo.net\/index.php\/2021\/05\/10\/personas-se-manifiestan-frente-al-palacio-de-justicia-en-apoyo-a-la-pastora-rossy-guzman\/#primaryimage\",\"url\":\"https:\/\/blgnoticiassantodomingo.net\/wp-content\/uploads\/2021\/05\/WhatsApp-Image-2021-03-15-at-09.18.07-1-696x392-1.jpeg\",\"contentUrl\":\"https:\/\/blgnoticiassantodomingo.net\/wp-content\/uploads\/2021\/05\/WhatsApp-Image-2021-03-15-at-09.18.07-1-696x392-1.jpeg\",\"width\":696,\"height\":392},{\"@type\":\"BreadcrumbList\",\"@id\":\"https:\/\/blgnoticiassantodomingo.net\/index.php\/2021\/05\/10\/personas-se-manifiestan-frente-al-palacio-de-justicia-en-apoyo-a-la-pastora-rossy-guzman\/#breadcrumb\",\"itemListElement\":[{\"@type\":\"ListItem\",\"position\":1,\"name\":\"Portada\",\"item\":\"https:\/\/blgnoticiassantodomingo.net\/\"},{\"@type\":\"ListItem\",\"position\":2,\"name\":\"Personas se manifiestan frente al Palacio de Justicia en apoyo a la pastora Rossy Guzm\u00e1n\"}]},{\"@type\":\"WebSite\",\"@id\":\"https:\/\/blgnoticiassantodomingo.net\/#website\",\"url\":\"https:\/\/blgnoticiassantodomingo.net\/\",\"name\":\"BLG Noticias\",\"description\":\"Esto es Noticias\",\"publisher\":{\"@id\":\"https:\/\/blgnoticiassantodomingo.net\/#organization\"},\"potentialAction\":[{\"@type\":\"SearchAction\",\"target\":{\"@type\":\"EntryPoint\",\"urlTemplate\":\"https:\/\/blgnoticiassantodomingo.net\/?s={search_term_string}\"},\"query-input\":{\"@type\":\"PropertyValueSpecification\",\"valueRequired\":true,\"valueName\":\"search_term_string\"}}],\"inLanguage\":\"es\"},{\"@type\":\"Organization\",\"@id\":\"https:\/\/blgnoticiassantodomingo.net\/#organization\",\"name\":\"BLG Noticias\",\"url\":\"https:\/\/blgnoticiassantodomingo.net\/\",\"logo\":{\"@type\":\"ImageObject\",\"inLanguage\":\"es\",\"@id\":\"https:\/\/blgnoticiassantodomingo.net\/#\/schema\/logo\/image\/\",\"url\":\"https:\/\/blgnoticiassantodomingo.net\/wp-content\/uploads\/2023\/12\/Diseno-sin-titulo-3.jpg\",\"contentUrl\":\"https:\/\/blgnoticiassantodomingo.net\/wp-content\/uploads\/2023\/12\/Diseno-sin-titulo-3.jpg\",\"width\":500,\"height\":500,\"caption\":\"BLG Noticias\"},\"image\":{\"@id\":\"https:\/\/blgnoticiassantodomingo.net\/#\/schema\/logo\/image\/\"},\"sameAs\":[\"https:\/\/web.facebook.com\/BlgNoticias\/?locale=es_LA&_rdc=1&_rdr\",\"https:\/\/x.com\/BlgNoticias\",\"https:\/\/www.linkedin.com\/in\/brenda-l-santana-aa846279\/\"]},{\"@type\":\"Person\",\"@id\":\"https:\/\/blgnoticiassantodomingo.net\/#\/schema\/person\/e2fc21cf88acc63dbd134be981bff374\",\"name\":\"Brenda Guerrero\",\"image\":{\"@type\":\"ImageObject\",\"inLanguage\":\"es\",\"@id\":\"https:\/\/blgnoticiassantodomingo.net\/#\/schema\/person\/image\/\",\"url\":\"https:\/\/secure.gravatar.com\/avatar\/2f7fc4c3e3655be1580cb684bfd8ab19be702ae20879da1e072021daa02f9b8b?s=96&d=wp_user_avatar&r=g\",\"contentUrl\":\"https:\/\/secure.gravatar.com\/avatar\/2f7fc4c3e3655be1580cb684bfd8ab19be702ae20879da1e072021daa02f9b8b?s=96&d=wp_user_avatar&r=g\",\"caption\":\"Brenda Guerrero\"},\"description\":\"Periodista\",\"url\":\"https:\/\/blgnoticiassantodomingo.net\/index.php\/author\/brenda-guerrero\/\"}]}<\/script>\n<!-- \/ Yoast SEO plugin. -->","yoast_head_json":{"title":"Personas se manifiestan frente al Palacio de Justicia en apoyo a la pastora Rossy Guzm\u00e1n - BLG Noticias","robots":{"index":"index","follow":"follow","max-snippet":"max-snippet:-1","max-image-preview":"max-image-preview:large","max-video-preview":"max-video-preview:-1"},"canonical":"https:\/\/blgnoticiassantodomingo.net\/index.php\/2021\/05\/10\/personas-se-manifiestan-frente-al-palacio-de-justicia-en-apoyo-a-la-pastora-rossy-guzman\/","og_locale":"es_ES","og_type":"article","og_title":"Personas se manifiestan frente al Palacio de Justicia en apoyo a la pastora Rossy Guzm\u00e1n - BLG Noticias","og_description":"Decenas de personas se encuentran en las afueras del Palacio de Justicia de Ciudad Nueva en apoyo a la pastora&nbsp;Rossy Guzm\u00e1n, implicada en el caso Coral. Este lunes, momentos en que se conocer\u00e1 la medida de coerci\u00f3n contra la pastora, personas que se identificaron como miembros de la iglesia Shalom se encuentran apostadas en los [&hellip;]","og_url":"https:\/\/blgnoticiassantodomingo.net\/index.php\/2021\/05\/10\/personas-se-manifiestan-frente-al-palacio-de-justicia-en-apoyo-a-la-pastora-rossy-guzman\/","og_site_name":"BLG Noticias","article_publisher":"https:\/\/web.facebook.com\/BlgNoticias\/?locale=es_LA&_rdc=1&_rdr","article_published_time":"2021-05-10T15:51:59+00:00","article_modified_time":"2021-05-10T15:52:00+00:00","og_image":[{"width":696,"height":392,"url":"https:\/\/blgnoticiassantodomingo.net\/wp-content\/uploads\/2021\/05\/WhatsApp-Image-2021-03-15-at-09.18.07-1-696x392-1.jpeg","type":"image\/jpeg"}],"author":"Brenda Guerrero","twitter_card":"summary_large_image","twitter_creator":"@BlgNoticias","twitter_site":"@BlgNoticias","twitter_misc":{"Escrito por":"Brenda Guerrero","Tiempo de lectura":"1 minuto"},"schema":{"@context":"https:\/\/schema.org","@graph":[{"@type":"Article","@id":"https:\/\/blgnoticiassantodomingo.net\/index.php\/2021\/05\/10\/personas-se-manifiestan-frente-al-palacio-de-justicia-en-apoyo-a-la-pastora-rossy-guzman\/#article","isPartOf":{"@id":"https:\/\/blgnoticiassantodomingo.net\/index.php\/2021\/05\/10\/personas-se-manifiestan-frente-al-palacio-de-justicia-en-apoyo-a-la-pastora-rossy-guzman\/"},"author":{"name":"Brenda Guerrero","@id":"https:\/\/blgnoticiassantodomingo.net\/#\/schema\/person\/e2fc21cf88acc63dbd134be981bff374"},"headline":"Personas se manifiestan frente al Palacio de Justicia en apoyo a la pastora Rossy Guzm\u00e1n","datePublished":"2021-05-10T15:51:59+00:00","dateModified":"2021-05-10T15:52:00+00:00","mainEntityOfPage":{"@id":"https:\/\/blgnoticiassantodomingo.net\/index.php\/2021\/05\/10\/personas-se-manifiestan-frente-al-palacio-de-justicia-en-apoyo-a-la-pastora-rossy-guzman\/"},"wordCount":297,"commentCount":0,"publisher":{"@id":"https:\/\/blgnoticiassantodomingo.net\/#organization"},"image":{"@id":"https:\/\/blgnoticiassantodomingo.net\/index.php\/2021\/05\/10\/personas-se-manifiestan-frente-al-palacio-de-justicia-en-apoyo-a-la-pastora-rossy-guzman\/#primaryimage"},"thumbnailUrl":"https:\/\/blgnoticiassantodomingo.net\/wp-content\/uploads\/2021\/05\/WhatsApp-Image-2021-03-15-at-09.18.07-1-696x392-1.jpeg","keywords":["pastora","personas se manifiestan","Rossy Guzman"],"articleSection":["Nacionales"],"inLanguage":"es","potentialAction":[{"@type":"CommentAction","name":"Comment","target":["https:\/\/blgnoticiassantodomingo.net\/index.php\/2021\/05\/10\/personas-se-manifiestan-frente-al-palacio-de-justicia-en-apoyo-a-la-pastora-rossy-guzman\/#respond"]}]},{"@type":"WebPage","@id":"https:\/\/blgnoticiassantodomingo.net\/index.php\/2021\/05\/10\/personas-se-manifiestan-frente-al-palacio-de-justicia-en-apoyo-a-la-pastora-rossy-guzman\/","url":"https:\/\/blgnoticiassantodomingo.net\/index.php\/2021\/05\/10\/personas-se-manifiestan-frente-al-palacio-de-justicia-en-apoyo-a-la-pastora-rossy-guzman\/","name":"Personas se manifiestan frente al Palacio de Justicia en apoyo a la pastora Rossy Guzm\u00e1n - BLG Noticias","isPartOf":{"@id":"https:\/\/blgnoticiassantodomingo.net\/#website"},"primaryImageOfPage":{"@id":"https:\/\/blgnoticiassantodomingo.net\/index.php\/2021\/05\/10\/personas-se-manifiestan-frente-al-palacio-de-justicia-en-apoyo-a-la-pastora-rossy-guzman\/#primaryimage"},"image":{"@id":"https:\/\/blgnoticiassantodomingo.net\/index.php\/2021\/05\/10\/personas-se-manifiestan-frente-al-palacio-de-justicia-en-apoyo-a-la-pastora-rossy-guzman\/#primaryimage"},"thumbnailUrl":"https:\/\/blgnoticiassantodomingo.net\/wp-content\/uploads\/2021\/05\/WhatsApp-Image-2021-03-15-at-09.18.07-1-696x392-1.jpeg","datePublished":"2021-05-10T15:51:59+00:00","dateModified":"2021-05-10T15:52:00+00:00","breadcrumb":{"@id":"https:\/\/blgnoticiassantodomingo.net\/index.php\/2021\/05\/10\/personas-se-manifiestan-frente-al-palacio-de-justicia-en-apoyo-a-la-pastora-rossy-guzman\/#breadcrumb"},"inLanguage":"es","potentialAction":[{"@type":"ReadAction","target":["https:\/\/blgnoticiassantodomingo.net\/index.php\/2021\/05\/10\/personas-se-manifiestan-frente-al-palacio-de-justicia-en-apoyo-a-la-pastora-rossy-guzman\/"]}]},{"@type":"ImageObject","inLanguage":"es","@id":"https:\/\/blgnoticiassantodomingo.net\/index.php\/2021\/05\/10\/personas-se-manifiestan-frente-al-palacio-de-justicia-en-apoyo-a-la-pastora-rossy-guzman\/#primaryimage","url":"https:\/\/blgnoticiassantodomingo.net\/wp-content\/uploads\/2021\/05\/WhatsApp-Image-2021-03-15-at-09.18.07-1-696x392-1.jpeg","contentUrl":"https:\/\/blgnoticiassantodomingo.net\/wp-content\/uploads\/2021\/05\/WhatsApp-Image-2021-03-15-at-09.18.07-1-696x392-1.jpeg","width":696,"height":392},{"@type":"BreadcrumbList","@id":"https:\/\/blgnoticiassantodomingo.net\/index.php\/2021\/05\/10\/personas-se-manifiestan-frente-al-palacio-de-justicia-en-apoyo-a-la-pastora-rossy-guzman\/#breadcrumb","itemListElement":[{"@type":"ListItem","position":1,"name":"Portada","item":"https:\/\/blgnoticiassantodomingo.net\/"},{"@type":"ListItem","position":2,"name":"Personas se manifiestan frente al Palacio de Justicia en apoyo a la pastora Rossy Guzm\u00e1n"}]},{"@type":"WebSite","@id":"https:\/\/blgnoticiassantodomingo.net\/#website","url":"https:\/\/blgnoticiassantodomingo.net\/","name":"BLG Noticias","description":"Esto es Noticias","publisher":{"@id":"https:\/\/blgnoticiassantodomingo.net\/#organization"},"potentialAction":[{"@type":"SearchAction","target":{"@type":"EntryPoint","urlTemplate":"https:\/\/blgnoticiassantodomingo.net\/?s={search_term_string}"},"query-input":{"@type":"PropertyValueSpecification","valueRequired":true,"valueName":"search_term_string"}}],"inLanguage":"es"},{"@type":"Organization","@id":"https:\/\/blgnoticiassantodomingo.net\/#organization","name":"BLG Noticias","url":"https:\/\/blgnoticiassantodomingo.net\/","logo":{"@type":"ImageObject","inLanguage":"es","@id":"https:\/\/blgnoticiassantodomingo.net\/#\/schema\/logo\/image\/","url":"https:\/\/blgnoticiassantodomingo.net\/wp-content\/uploads\/2023\/12\/Diseno-sin-titulo-3.jpg","contentUrl":"https:\/\/blgnoticiassantodomingo.net\/wp-content\/uploads\/2023\/12\/Diseno-sin-titulo-3.jpg","width":500,"height":500,"caption":"BLG Noticias"},"image":{"@id":"https:\/\/blgnoticiassantodomingo.net\/#\/schema\/logo\/image\/"},"sameAs":["https:\/\/web.facebook.com\/BlgNoticias\/?locale=es_LA&_rdc=1&_rdr","https:\/\/x.com\/BlgNoticias","https:\/\/www.linkedin.com\/in\/brenda-l-santana-aa846279\/"]},{"@type":"Person","@id":"https:\/\/blgnoticiassantodomingo.net\/#\/schema\/person\/e2fc21cf88acc63dbd134be981bff374","name":"Brenda Guerrero","image":{"@type":"ImageObject","inLanguage":"es","@id":"https:\/\/blgnoticiassantodomingo.net\/#\/schema\/person\/image\/","url":"https:\/\/secure.gravatar.com\/avatar\/2f7fc4c3e3655be1580cb684bfd8ab19be702ae20879da1e072021daa02f9b8b?s=96&d=wp_user_avatar&r=g","contentUrl":"https:\/\/secure.gravatar.com\/avatar\/2f7fc4c3e3655be1580cb684bfd8ab19be702ae20879da1e072021daa02f9b8b?s=96&d=wp_user_avatar&r=g","caption":"Brenda Guerrero"},"description":"Periodista","url":"https:\/\/blgnoticiassantodomingo.net\/index.php\/author\/brenda-guerrero\/"}]}},"jetpack_featured_media_url":"https:\/\/blgnoticiassantodomingo.net\/wp-content\/uploads\/2021\/05\/WhatsApp-Image-2021-03-15-at-09.18.07-1-696x392-1.jpeg","_links":{"self":[{"href":"https:\/\/blgnoticiassantodomingo.net\/index.php\/wp-json\/wp\/v2\/posts\/25713","targetHints":{"allow":["GET"]}}],"collection":[{"href":"https:\/\/blgnoticiassantodomingo.net\/index.php\/wp-json\/wp\/v2\/posts"}],"about":[{"href":"https:\/\/blgnoticiassantodomingo.net\/index.php\/wp-json\/wp\/v2\/types\/post"}],"author":[{"embeddable":true,"href":"https:\/\/blgnoticiassantodomingo.net\/index.php\/wp-json\/wp\/v2\/users\/2"}],"replies":[{"embeddable":true,"href":"https:\/\/blgnoticiassantodomingo.net\/index.php\/wp-json\/wp\/v2\/comments?post=25713"}],"version-history":[{"count":1,"href":"https:\/\/blgnoticiassantodomingo.net\/index.php\/wp-json\/wp\/v2\/posts\/25713\/revisions"}],"predecessor-version":[{"id":25715,"href":"https:\/\/blgnoticiassantodomingo.net\/index.php\/wp-json\/wp\/v2\/posts\/25713\/revisions\/25715"}],"wp:featuredmedia":[{"embeddable":true,"href":"https:\/\/blgnoticiassantodomingo.net\/index.php\/wp-json\/wp\/v2\/media\/25714"}],"wp:attachment":[{"href":"https:\/\/blgnoticiassantodomingo.net\/index.php\/wp-json\/wp\/v2\/media?parent=25713"}],"wp:term":[{"taxonomy":"category","embeddable":true,"href":"https:\/\/blgnoticiassantodomingo.net\/index.php\/wp-json\/wp\/v2\/categories?post=25713"},{"taxonomy":"post_tag","embeddable":true,"href":"https:\/\/blgnoticiassantodomingo.net\/index.php\/wp-json\/wp\/v2\/tags?post=25713"}],"curies":[{"name":"wp","href":"https:\/\/api.w.org\/{rel}","templated":true}]}}