{"id":25503,"date":"2021-05-03T15:28:23","date_gmt":"2021-05-03T14:28:23","guid":{"rendered":"http:\/\/blgnoticiassantodomingo.net\/?p=25503"},"modified":"2021-05-03T15:30:10","modified_gmt":"2021-05-03T14:30:10","slug":"vicepresidenta-raquel-pena-recibe-primera-dosis-de-vacuna-contra-el-coronavirus","status":"publish","type":"post","link":"https:\/\/blgnoticiassantodomingo.net\/index.php\/2021\/05\/03\/vicepresidenta-raquel-pena-recibe-primera-dosis-de-vacuna-contra-el-coronavirus\/","title":{"rendered":"Vicepresidenta Raquel Pe\u00f1a recibe primera dosis de vacuna contra el coronavirus"},"content":{"rendered":"\n<p>SANTO DOMINGO. \u2013 La vicepresidenta de la Rep\u00fablica, Raquel Pe\u00f1a recibi\u00f3 este lunes su primera dosis de la vacuna contra el coronavirus, coincidiendo con el inicio de la Fase II del Plan Nacional Vac\u00fanateRD, que habilita a personas mayores de 50 a\u00f1os.<\/p>\n\n\n\n<p>La tambi\u00e9n coordinadora del Gabinete de Salud acudi\u00f3 al Pabell\u00f3n de Combate, Centro Ol\u00edmpico Juan Pablo Duarte para su inoculaci\u00f3n.<\/p>\n\n\n\n<p>La vicemandataria inst\u00f3 el pasado viernes al segmento de la poblaci\u00f3n habilitado a acudir a los 1,000 centros de vacunaci\u00f3n habilitados.<\/p>\n\n\n\n<p>El pa\u00eds ha recibido en total 2.4 millones de dosis de la vacuna, en su mayor\u00eda de la china Sinovac, de las cuales medio mill\u00f3n arrib\u00f3 a Santo Domingo la semana pasada, un lote con el que se ha reactivado el plan de inmunizaci\u00f3n.<\/p>\n\n\n\n<p>Por: Paola Wisky<\/p>\n","protected":false},"excerpt":{"rendered":"<p>SANTO DOMINGO. \u2013 La vicepresidenta de la Rep\u00fablica, Raquel Pe\u00f1a recibi\u00f3 este lunes su primera dosis de la vacuna contra el coronavirus, coincidiendo con el inicio de la Fase II del Plan Nacional Vac\u00fanateRD, que habilita a personas mayores de 50 a\u00f1os. La tambi\u00e9n coordinadora del Gabinete de Salud acudi\u00f3 al Pabell\u00f3n de Combate, Centro [&hellip;]<\/p>\n","protected":false},"author":2,"featured_media":25504,"comment_status":"open","ping_status":"open","sticky":false,"template":"","format":"standard","meta":{"footnotes":""},"categories":[220],"tags":[1439,1440],"class_list":{"0":"post-25503","1":"post","2":"type-post","3":"status-publish","4":"format-standard","5":"has-post-thumbnail","7":"category-nacionales","8":"tag-raquel-pena","9":"tag-vicepresidenta"},"yoast_head":"<!-- This site is optimized with the Yoast SEO plugin v24.9 - https:\/\/yoast.com\/wordpress\/plugins\/seo\/ -->\n<title>Vicepresidenta Raquel Pe\u00f1a recibe primera dosis de vacuna contra el coronavirus - BLG Noticias<\/title>\n<meta name=\"robots\" content=\"index, follow, max-snippet:-1, max-image-preview:large, max-video-preview:-1\" \/>\n<link rel=\"canonical\" href=\"https:\/\/blgnoticiassantodomingo.net\/index.php\/2021\/05\/03\/vicepresidenta-raquel-pena-recibe-primera-dosis-de-vacuna-contra-el-coronavirus\/\" \/>\n<meta property=\"og:locale\" content=\"es_ES\" \/>\n<meta property=\"og:type\" content=\"article\" \/>\n<meta property=\"og:title\" content=\"Vicepresidenta Raquel Pe\u00f1a recibe primera dosis de vacuna contra el coronavirus - BLG Noticias\" \/>\n<meta property=\"og:description\" content=\"SANTO DOMINGO. \u2013 La vicepresidenta de la Rep\u00fablica, Raquel Pe\u00f1a recibi\u00f3 este lunes su primera dosis de la vacuna contra el coronavirus, coincidiendo con el inicio de la Fase II del Plan Nacional Vac\u00fanateRD, que habilita a personas mayores de 50 a\u00f1os. La tambi\u00e9n coordinadora del Gabinete de Salud acudi\u00f3 al Pabell\u00f3n de Combate, Centro [&hellip;]\" \/>\n<meta property=\"og:url\" content=\"https:\/\/blgnoticiassantodomingo.net\/index.php\/2021\/05\/03\/vicepresidenta-raquel-pena-recibe-primera-dosis-de-vacuna-contra-el-coronavirus\/\" \/>\n<meta property=\"og:site_name\" content=\"BLG Noticias\" \/>\n<meta property=\"article:publisher\" content=\"https:\/\/web.facebook.com\/BlgNoticias\/?locale=es_LA&amp;_rdc=1&amp;_rdr\" \/>\n<meta property=\"article:published_time\" content=\"2021-05-03T14:28:23+00:00\" \/>\n<meta property=\"article:modified_time\" content=\"2021-05-03T14:30:10+00:00\" \/>\n<meta property=\"og:image\" content=\"https:\/\/blgnoticiassantodomingo.net\/wp-content\/uploads\/2021\/05\/raquel.jpg\" \/>\n\t<meta property=\"og:image:width\" content=\"1600\" \/>\n\t<meta property=\"og:image:height\" content=\"900\" \/>\n\t<meta property=\"og:image:type\" content=\"image\/jpeg\" \/>\n<meta name=\"author\" content=\"Brenda Guerrero\" \/>\n<meta name=\"twitter:card\" content=\"summary_large_image\" \/>\n<meta name=\"twitter:creator\" content=\"@BlgNoticias\" \/>\n<meta name=\"twitter:site\" content=\"@BlgNoticias\" \/>\n<meta name=\"twitter:label1\" content=\"Escrito por\" \/>\n\t<meta name=\"twitter:data1\" content=\"Brenda Guerrero\" \/>\n\t<meta name=\"twitter:label2\" content=\"Tiempo de lectura\" \/>\n\t<meta name=\"twitter:data2\" content=\"1 minuto\" \/>\n<script type=\"application\/ld+json\" class=\"yoast-schema-graph\">{\"@context\":\"https:\/\/schema.org\",\"@graph\":[{\"@type\":\"Article\",\"@id\":\"https:\/\/blgnoticiassantodomingo.net\/index.php\/2021\/05\/03\/vicepresidenta-raquel-pena-recibe-primera-dosis-de-vacuna-contra-el-coronavirus\/#article\",\"isPartOf\":{\"@id\":\"https:\/\/blgnoticiassantodomingo.net\/index.php\/2021\/05\/03\/vicepresidenta-raquel-pena-recibe-primera-dosis-de-vacuna-contra-el-coronavirus\/\"},\"author\":{\"name\":\"Brenda Guerrero\",\"@id\":\"https:\/\/blgnoticiassantodomingo.net\/#\/schema\/person\/e2fc21cf88acc63dbd134be981bff374\"},\"headline\":\"Vicepresidenta Raquel Pe\u00f1a recibe primera dosis de vacuna contra el coronavirus\",\"datePublished\":\"2021-05-03T14:28:23+00:00\",\"dateModified\":\"2021-05-03T14:30:10+00:00\",\"mainEntityOfPage\":{\"@id\":\"https:\/\/blgnoticiassantodomingo.net\/index.php\/2021\/05\/03\/vicepresidenta-raquel-pena-recibe-primera-dosis-de-vacuna-contra-el-coronavirus\/\"},\"wordCount\":152,\"commentCount\":0,\"publisher\":{\"@id\":\"https:\/\/blgnoticiassantodomingo.net\/#organization\"},\"image\":{\"@id\":\"https:\/\/blgnoticiassantodomingo.net\/index.php\/2021\/05\/03\/vicepresidenta-raquel-pena-recibe-primera-dosis-de-vacuna-contra-el-coronavirus\/#primaryimage\"},\"thumbnailUrl\":\"https:\/\/blgnoticiassantodomingo.net\/wp-content\/uploads\/2021\/05\/raquel.jpg\",\"keywords\":[\"Raquel Pe\u00f1a\",\"Vicepresidenta\"],\"articleSection\":[\"Nacionales\"],\"inLanguage\":\"es\",\"potentialAction\":[{\"@type\":\"CommentAction\",\"name\":\"Comment\",\"target\":[\"https:\/\/blgnoticiassantodomingo.net\/index.php\/2021\/05\/03\/vicepresidenta-raquel-pena-recibe-primera-dosis-de-vacuna-contra-el-coronavirus\/#respond\"]}]},{\"@type\":\"WebPage\",\"@id\":\"https:\/\/blgnoticiassantodomingo.net\/index.php\/2021\/05\/03\/vicepresidenta-raquel-pena-recibe-primera-dosis-de-vacuna-contra-el-coronavirus\/\",\"url\":\"https:\/\/blgnoticiassantodomingo.net\/index.php\/2021\/05\/03\/vicepresidenta-raquel-pena-recibe-primera-dosis-de-vacuna-contra-el-coronavirus\/\",\"name\":\"Vicepresidenta Raquel Pe\u00f1a recibe primera dosis de vacuna contra el coronavirus - BLG Noticias\",\"isPartOf\":{\"@id\":\"https:\/\/blgnoticiassantodomingo.net\/#website\"},\"primaryImageOfPage\":{\"@id\":\"https:\/\/blgnoticiassantodomingo.net\/index.php\/2021\/05\/03\/vicepresidenta-raquel-pena-recibe-primera-dosis-de-vacuna-contra-el-coronavirus\/#primaryimage\"},\"image\":{\"@id\":\"https:\/\/blgnoticiassantodomingo.net\/index.php\/2021\/05\/03\/vicepresidenta-raquel-pena-recibe-primera-dosis-de-vacuna-contra-el-coronavirus\/#primaryimage\"},\"thumbnailUrl\":\"https:\/\/blgnoticiassantodomingo.net\/wp-content\/uploads\/2021\/05\/raquel.jpg\",\"datePublished\":\"2021-05-03T14:28:23+00:00\",\"dateModified\":\"2021-05-03T14:30:10+00:00\",\"breadcrumb\":{\"@id\":\"https:\/\/blgnoticiassantodomingo.net\/index.php\/2021\/05\/03\/vicepresidenta-raquel-pena-recibe-primera-dosis-de-vacuna-contra-el-coronavirus\/#breadcrumb\"},\"inLanguage\":\"es\",\"potentialAction\":[{\"@type\":\"ReadAction\",\"target\":[\"https:\/\/blgnoticiassantodomingo.net\/index.php\/2021\/05\/03\/vicepresidenta-raquel-pena-recibe-primera-dosis-de-vacuna-contra-el-coronavirus\/\"]}]},{\"@type\":\"ImageObject\",\"inLanguage\":\"es\",\"@id\":\"https:\/\/blgnoticiassantodomingo.net\/index.php\/2021\/05\/03\/vicepresidenta-raquel-pena-recibe-primera-dosis-de-vacuna-contra-el-coronavirus\/#primaryimage\",\"url\":\"https:\/\/blgnoticiassantodomingo.net\/wp-content\/uploads\/2021\/05\/raquel.jpg\",\"contentUrl\":\"https:\/\/blgnoticiassantodomingo.net\/wp-content\/uploads\/2021\/05\/raquel.jpg\",\"width\":1600,\"height\":900},{\"@type\":\"BreadcrumbList\",\"@id\":\"https:\/\/blgnoticiassantodomingo.net\/index.php\/2021\/05\/03\/vicepresidenta-raquel-pena-recibe-primera-dosis-de-vacuna-contra-el-coronavirus\/#breadcrumb\",\"itemListElement\":[{\"@type\":\"ListItem\",\"position\":1,\"name\":\"Portada\",\"item\":\"https:\/\/blgnoticiassantodomingo.net\/\"},{\"@type\":\"ListItem\",\"position\":2,\"name\":\"Vicepresidenta Raquel Pe\u00f1a recibe primera dosis de vacuna contra el coronavirus\"}]},{\"@type\":\"WebSite\",\"@id\":\"https:\/\/blgnoticiassantodomingo.net\/#website\",\"url\":\"https:\/\/blgnoticiassantodomingo.net\/\",\"name\":\"BLG Noticias\",\"description\":\"Esto es Noticias\",\"publisher\":{\"@id\":\"https:\/\/blgnoticiassantodomingo.net\/#organization\"},\"potentialAction\":[{\"@type\":\"SearchAction\",\"target\":{\"@type\":\"EntryPoint\",\"urlTemplate\":\"https:\/\/blgnoticiassantodomingo.net\/?s={search_term_string}\"},\"query-input\":{\"@type\":\"PropertyValueSpecification\",\"valueRequired\":true,\"valueName\":\"search_term_string\"}}],\"inLanguage\":\"es\"},{\"@type\":\"Organization\",\"@id\":\"https:\/\/blgnoticiassantodomingo.net\/#organization\",\"name\":\"BLG Noticias\",\"url\":\"https:\/\/blgnoticiassantodomingo.net\/\",\"logo\":{\"@type\":\"ImageObject\",\"inLanguage\":\"es\",\"@id\":\"https:\/\/blgnoticiassantodomingo.net\/#\/schema\/logo\/image\/\",\"url\":\"https:\/\/blgnoticiassantodomingo.net\/wp-content\/uploads\/2023\/12\/Diseno-sin-titulo-3.jpg\",\"contentUrl\":\"https:\/\/blgnoticiassantodomingo.net\/wp-content\/uploads\/2023\/12\/Diseno-sin-titulo-3.jpg\",\"width\":500,\"height\":500,\"caption\":\"BLG Noticias\"},\"image\":{\"@id\":\"https:\/\/blgnoticiassantodomingo.net\/#\/schema\/logo\/image\/\"},\"sameAs\":[\"https:\/\/web.facebook.com\/BlgNoticias\/?locale=es_LA&_rdc=1&_rdr\",\"https:\/\/x.com\/BlgNoticias\",\"https:\/\/www.linkedin.com\/in\/brenda-l-santana-aa846279\/\"]},{\"@type\":\"Person\",\"@id\":\"https:\/\/blgnoticiassantodomingo.net\/#\/schema\/person\/e2fc21cf88acc63dbd134be981bff374\",\"name\":\"Brenda Guerrero\",\"image\":{\"@type\":\"ImageObject\",\"inLanguage\":\"es\",\"@id\":\"https:\/\/blgnoticiassantodomingo.net\/#\/schema\/person\/image\/\",\"url\":\"https:\/\/secure.gravatar.com\/avatar\/2f7fc4c3e3655be1580cb684bfd8ab19be702ae20879da1e072021daa02f9b8b?s=96&d=wp_user_avatar&r=g\",\"contentUrl\":\"https:\/\/secure.gravatar.com\/avatar\/2f7fc4c3e3655be1580cb684bfd8ab19be702ae20879da1e072021daa02f9b8b?s=96&d=wp_user_avatar&r=g\",\"caption\":\"Brenda Guerrero\"},\"description\":\"Periodista\",\"url\":\"https:\/\/blgnoticiassantodomingo.net\/index.php\/author\/brenda-guerrero\/\"}]}<\/script>\n<!-- \/ Yoast SEO plugin. -->","yoast_head_json":{"title":"Vicepresidenta Raquel Pe\u00f1a recibe primera dosis de vacuna contra el coronavirus - BLG Noticias","robots":{"index":"index","follow":"follow","max-snippet":"max-snippet:-1","max-image-preview":"max-image-preview:large","max-video-preview":"max-video-preview:-1"},"canonical":"https:\/\/blgnoticiassantodomingo.net\/index.php\/2021\/05\/03\/vicepresidenta-raquel-pena-recibe-primera-dosis-de-vacuna-contra-el-coronavirus\/","og_locale":"es_ES","og_type":"article","og_title":"Vicepresidenta Raquel Pe\u00f1a recibe primera dosis de vacuna contra el coronavirus - BLG Noticias","og_description":"SANTO DOMINGO. \u2013 La vicepresidenta de la Rep\u00fablica, Raquel Pe\u00f1a recibi\u00f3 este lunes su primera dosis de la vacuna contra el coronavirus, coincidiendo con el inicio de la Fase II del Plan Nacional Vac\u00fanateRD, que habilita a personas mayores de 50 a\u00f1os. La tambi\u00e9n coordinadora del Gabinete de Salud acudi\u00f3 al Pabell\u00f3n de Combate, Centro [&hellip;]","og_url":"https:\/\/blgnoticiassantodomingo.net\/index.php\/2021\/05\/03\/vicepresidenta-raquel-pena-recibe-primera-dosis-de-vacuna-contra-el-coronavirus\/","og_site_name":"BLG Noticias","article_publisher":"https:\/\/web.facebook.com\/BlgNoticias\/?locale=es_LA&_rdc=1&_rdr","article_published_time":"2021-05-03T14:28:23+00:00","article_modified_time":"2021-05-03T14:30:10+00:00","og_image":[{"width":1600,"height":900,"url":"https:\/\/blgnoticiassantodomingo.net\/wp-content\/uploads\/2021\/05\/raquel.jpg","type":"image\/jpeg"}],"author":"Brenda Guerrero","twitter_card":"summary_large_image","twitter_creator":"@BlgNoticias","twitter_site":"@BlgNoticias","twitter_misc":{"Escrito por":"Brenda Guerrero","Tiempo de lectura":"1 minuto"},"schema":{"@context":"https:\/\/schema.org","@graph":[{"@type":"Article","@id":"https:\/\/blgnoticiassantodomingo.net\/index.php\/2021\/05\/03\/vicepresidenta-raquel-pena-recibe-primera-dosis-de-vacuna-contra-el-coronavirus\/#article","isPartOf":{"@id":"https:\/\/blgnoticiassantodomingo.net\/index.php\/2021\/05\/03\/vicepresidenta-raquel-pena-recibe-primera-dosis-de-vacuna-contra-el-coronavirus\/"},"author":{"name":"Brenda Guerrero","@id":"https:\/\/blgnoticiassantodomingo.net\/#\/schema\/person\/e2fc21cf88acc63dbd134be981bff374"},"headline":"Vicepresidenta Raquel Pe\u00f1a recibe primera dosis de vacuna contra el coronavirus","datePublished":"2021-05-03T14:28:23+00:00","dateModified":"2021-05-03T14:30:10+00:00","mainEntityOfPage":{"@id":"https:\/\/blgnoticiassantodomingo.net\/index.php\/2021\/05\/03\/vicepresidenta-raquel-pena-recibe-primera-dosis-de-vacuna-contra-el-coronavirus\/"},"wordCount":152,"commentCount":0,"publisher":{"@id":"https:\/\/blgnoticiassantodomingo.net\/#organization"},"image":{"@id":"https:\/\/blgnoticiassantodomingo.net\/index.php\/2021\/05\/03\/vicepresidenta-raquel-pena-recibe-primera-dosis-de-vacuna-contra-el-coronavirus\/#primaryimage"},"thumbnailUrl":"https:\/\/blgnoticiassantodomingo.net\/wp-content\/uploads\/2021\/05\/raquel.jpg","keywords":["Raquel Pe\u00f1a","Vicepresidenta"],"articleSection":["Nacionales"],"inLanguage":"es","potentialAction":[{"@type":"CommentAction","name":"Comment","target":["https:\/\/blgnoticiassantodomingo.net\/index.php\/2021\/05\/03\/vicepresidenta-raquel-pena-recibe-primera-dosis-de-vacuna-contra-el-coronavirus\/#respond"]}]},{"@type":"WebPage","@id":"https:\/\/blgnoticiassantodomingo.net\/index.php\/2021\/05\/03\/vicepresidenta-raquel-pena-recibe-primera-dosis-de-vacuna-contra-el-coronavirus\/","url":"https:\/\/blgnoticiassantodomingo.net\/index.php\/2021\/05\/03\/vicepresidenta-raquel-pena-recibe-primera-dosis-de-vacuna-contra-el-coronavirus\/","name":"Vicepresidenta Raquel Pe\u00f1a recibe primera dosis de vacuna contra el coronavirus - BLG Noticias","isPartOf":{"@id":"https:\/\/blgnoticiassantodomingo.net\/#website"},"primaryImageOfPage":{"@id":"https:\/\/blgnoticiassantodomingo.net\/index.php\/2021\/05\/03\/vicepresidenta-raquel-pena-recibe-primera-dosis-de-vacuna-contra-el-coronavirus\/#primaryimage"},"image":{"@id":"https:\/\/blgnoticiassantodomingo.net\/index.php\/2021\/05\/03\/vicepresidenta-raquel-pena-recibe-primera-dosis-de-vacuna-contra-el-coronavirus\/#primaryimage"},"thumbnailUrl":"https:\/\/blgnoticiassantodomingo.net\/wp-content\/uploads\/2021\/05\/raquel.jpg","datePublished":"2021-05-03T14:28:23+00:00","dateModified":"2021-05-03T14:30:10+00:00","breadcrumb":{"@id":"https:\/\/blgnoticiassantodomingo.net\/index.php\/2021\/05\/03\/vicepresidenta-raquel-pena-recibe-primera-dosis-de-vacuna-contra-el-coronavirus\/#breadcrumb"},"inLanguage":"es","potentialAction":[{"@type":"ReadAction","target":["https:\/\/blgnoticiassantodomingo.net\/index.php\/2021\/05\/03\/vicepresidenta-raquel-pena-recibe-primera-dosis-de-vacuna-contra-el-coronavirus\/"]}]},{"@type":"ImageObject","inLanguage":"es","@id":"https:\/\/blgnoticiassantodomingo.net\/index.php\/2021\/05\/03\/vicepresidenta-raquel-pena-recibe-primera-dosis-de-vacuna-contra-el-coronavirus\/#primaryimage","url":"https:\/\/blgnoticiassantodomingo.net\/wp-content\/uploads\/2021\/05\/raquel.jpg","contentUrl":"https:\/\/blgnoticiassantodomingo.net\/wp-content\/uploads\/2021\/05\/raquel.jpg","width":1600,"height":900},{"@type":"BreadcrumbList","@id":"https:\/\/blgnoticiassantodomingo.net\/index.php\/2021\/05\/03\/vicepresidenta-raquel-pena-recibe-primera-dosis-de-vacuna-contra-el-coronavirus\/#breadcrumb","itemListElement":[{"@type":"ListItem","position":1,"name":"Portada","item":"https:\/\/blgnoticiassantodomingo.net\/"},{"@type":"ListItem","position":2,"name":"Vicepresidenta Raquel Pe\u00f1a recibe primera dosis de vacuna contra el coronavirus"}]},{"@type":"WebSite","@id":"https:\/\/blgnoticiassantodomingo.net\/#website","url":"https:\/\/blgnoticiassantodomingo.net\/","name":"BLG Noticias","description":"Esto es Noticias","publisher":{"@id":"https:\/\/blgnoticiassantodomingo.net\/#organization"},"potentialAction":[{"@type":"SearchAction","target":{"@type":"EntryPoint","urlTemplate":"https:\/\/blgnoticiassantodomingo.net\/?s={search_term_string}"},"query-input":{"@type":"PropertyValueSpecification","valueRequired":true,"valueName":"search_term_string"}}],"inLanguage":"es"},{"@type":"Organization","@id":"https:\/\/blgnoticiassantodomingo.net\/#organization","name":"BLG Noticias","url":"https:\/\/blgnoticiassantodomingo.net\/","logo":{"@type":"ImageObject","inLanguage":"es","@id":"https:\/\/blgnoticiassantodomingo.net\/#\/schema\/logo\/image\/","url":"https:\/\/blgnoticiassantodomingo.net\/wp-content\/uploads\/2023\/12\/Diseno-sin-titulo-3.jpg","contentUrl":"https:\/\/blgnoticiassantodomingo.net\/wp-content\/uploads\/2023\/12\/Diseno-sin-titulo-3.jpg","width":500,"height":500,"caption":"BLG Noticias"},"image":{"@id":"https:\/\/blgnoticiassantodomingo.net\/#\/schema\/logo\/image\/"},"sameAs":["https:\/\/web.facebook.com\/BlgNoticias\/?locale=es_LA&_rdc=1&_rdr","https:\/\/x.com\/BlgNoticias","https:\/\/www.linkedin.com\/in\/brenda-l-santana-aa846279\/"]},{"@type":"Person","@id":"https:\/\/blgnoticiassantodomingo.net\/#\/schema\/person\/e2fc21cf88acc63dbd134be981bff374","name":"Brenda Guerrero","image":{"@type":"ImageObject","inLanguage":"es","@id":"https:\/\/blgnoticiassantodomingo.net\/#\/schema\/person\/image\/","url":"https:\/\/secure.gravatar.com\/avatar\/2f7fc4c3e3655be1580cb684bfd8ab19be702ae20879da1e072021daa02f9b8b?s=96&d=wp_user_avatar&r=g","contentUrl":"https:\/\/secure.gravatar.com\/avatar\/2f7fc4c3e3655be1580cb684bfd8ab19be702ae20879da1e072021daa02f9b8b?s=96&d=wp_user_avatar&r=g","caption":"Brenda Guerrero"},"description":"Periodista","url":"https:\/\/blgnoticiassantodomingo.net\/index.php\/author\/brenda-guerrero\/"}]}},"jetpack_featured_media_url":"https:\/\/blgnoticiassantodomingo.net\/wp-content\/uploads\/2021\/05\/raquel.jpg","_links":{"self":[{"href":"https:\/\/blgnoticiassantodomingo.net\/index.php\/wp-json\/wp\/v2\/posts\/25503","targetHints":{"allow":["GET"]}}],"collection":[{"href":"https:\/\/blgnoticiassantodomingo.net\/index.php\/wp-json\/wp\/v2\/posts"}],"about":[{"href":"https:\/\/blgnoticiassantodomingo.net\/index.php\/wp-json\/wp\/v2\/types\/post"}],"author":[{"embeddable":true,"href":"https:\/\/blgnoticiassantodomingo.net\/index.php\/wp-json\/wp\/v2\/users\/2"}],"replies":[{"embeddable":true,"href":"https:\/\/blgnoticiassantodomingo.net\/index.php\/wp-json\/wp\/v2\/comments?post=25503"}],"version-history":[{"count":2,"href":"https:\/\/blgnoticiassantodomingo.net\/index.php\/wp-json\/wp\/v2\/posts\/25503\/revisions"}],"predecessor-version":[{"id":25506,"href":"https:\/\/blgnoticiassantodomingo.net\/index.php\/wp-json\/wp\/v2\/posts\/25503\/revisions\/25506"}],"wp:featuredmedia":[{"embeddable":true,"href":"https:\/\/blgnoticiassantodomingo.net\/index.php\/wp-json\/wp\/v2\/media\/25504"}],"wp:attachment":[{"href":"https:\/\/blgnoticiassantodomingo.net\/index.php\/wp-json\/wp\/v2\/media?parent=25503"}],"wp:term":[{"taxonomy":"category","embeddable":true,"href":"https:\/\/blgnoticiassantodomingo.net\/index.php\/wp-json\/wp\/v2\/categories?post=25503"},{"taxonomy":"post_tag","embeddable":true,"href":"https:\/\/blgnoticiassantodomingo.net\/index.php\/wp-json\/wp\/v2\/tags?post=25503"}],"curies":[{"name":"wp","href":"https:\/\/api.w.org\/{rel}","templated":true}]}}