{"id":2476,"date":"2019-11-27T01:44:49","date_gmt":"2019-11-27T01:44:49","guid":{"rendered":"http:\/\/blgnoticiassantodomingo.net\/?p=2476"},"modified":"2019-11-27T01:44:51","modified_gmt":"2019-11-27T01:44:51","slug":"raymond-pozo-y-miguel-cespedes-contaran-su-historia-en-el-cine","status":"publish","type":"post","link":"https:\/\/blgnoticiassantodomingo.net\/index.php\/2019\/11\/27\/raymond-pozo-y-miguel-cespedes-contaran-su-historia-en-el-cine\/","title":{"rendered":"Raymond Pozo y Miguel C\u00e9spedes contar\u00e1n su historia en el cine"},"content":{"rendered":"\n<p>Despu\u00e9s de llenar el Palacio de los Deportes a base de humor,&nbsp;<strong>Raymond Pozo y Miguel C\u00e9spedes&nbsp;<\/strong>llevar\u00e1n su historia de vida al cine en una pel\u00edcula de Caribbean Cinemas que ser\u00e1 estrenada en el 2020.<\/p>\n\n\n\n<p>\u201cEn el 2020 nuestra vida, nuestras carreras, nuestra historia, nuestra verdad llegar\u00e1 a las salas de cine del pa\u00eds y de toda la regi\u00f3n. Con mucho orgullo anunciamos&nbsp;<strong>\u2018La vida de los reyes\u2019,<\/strong>&nbsp;una pel\u00edcula donde nos unimos a Caribbean Cinemas (@caribbeancinemasrd en la producci\u00f3n ejecutiva, gracias al apoyo incondicional de Cervecer\u00eda Nacional Dominicana (@cervpresidente) y grandes empresas. Porque un reino no se construye en un d\u00eda\u201d, es el mensaje con el que promueven la buena nueva.<\/p>\n\n\n\n<p>En un teaser colgado en sus cuentas de Instagram con im\u00e1genes de su espect\u00e1culo en el Palacio de los Deportes los&nbsp;<strong>\u201cReyes del humor\u201d&nbsp;<\/strong>hablan sin salir en c\u00e1mara de que \u201cun reino no se construye en un d\u00eda\u201d. \u201cCompadre, si la gente supiera como iniciamos\u201d, a lo que Miguel responde, \u201cy pensar que han pasado 25 a\u00f1os\u201d.<\/p>\n\n\n\n<p>Desde el pasado jueves, Raymond Pozo y Miguel C\u00e9spedes se encuentran de lleno en la promoci\u00f3n de la pel\u00edcula \u201cLos leones\u201d, cuyo estreno oficial ser\u00e1 el 28 de noviembre.<\/p>\n\n\n\n<p>Los humoristas estuvieron en la premier en&nbsp;<strong>Downtown Center Punta Cana<\/strong>&nbsp;con la presencia de algunos medios, incluido Diario Libre.<\/p>\n\n\n\n<p>All\u00ed se refirieron emocionados a la pel\u00edcula biogr\u00e1fica. \u201cSer\u00e1 una historia motivacional, para que los j\u00f3venes que vienen emprendiendo sepan que s\u00ed se puede\u201d.<\/p>\n\n\n\n<p>Sobre la experiencia de<strong>&nbsp;\u201cLos leones\u201d,&nbsp;<\/strong>Raymond destac\u00f3 que estuvo al lado de un grupo de actores profesionales y disciplinados. \u201cEn esta cinta se nota cu\u00e1nto hemos crecido; se nos abren much\u00edsimas puertas y para nosotros es una gran bendici\u00f3n\u201d.<\/p>\n\n\n\n<p>Miguel reconoci\u00f3 que le gusta ver las pel\u00edculas en los estrenos para poder constatar la reacci\u00f3n del p\u00fablico. \u201cA m\u00ed me gust\u00f3, pero no me crean a m\u00ed, vayan a verla. Estamos satisfechos con el trabajo que hicimos\u201d, expres\u00f3 Miguel previo a la funci\u00f3n estreno en Punta Cana el pasado viernes 22.<\/p>\n\n\n\n<p>Clarissa Molina, Geraldine Baz\u00e1n, Mar\u00eda Elisa Camargo, Jaime Mayol, Jorge Pab\u00f3n \u201cMolusco\u201d, el boliviano Reynaldo Pacheco, Celin\u00e9s Toribio y Darlyn Portes se presentaron en la premier en Punta Cana y luego acudieron al<a href=\"https:\/\/www.diariolibre.com\/revista\/musica\/la-musica-latina-toma-el-control-en-el-festival-heat-OI15487559\">\u00a0Festival Heat<\/a>, que se celebr\u00f3 en el Hotel Hard Rock y promocionaron la pel\u00edcula en la plataforma del Heat, el show musical que fue transmitido en vivo en 22 pa\u00edses.<\/p>\n\n\n\n<p>Por: Daniela Pujols<\/p>\n\n\n\n<p>Fuente: Externa <\/p>\n","protected":false},"excerpt":{"rendered":"<p>Despu\u00e9s de llenar el Palacio de los Deportes a base de humor,&nbsp;Raymond Pozo y Miguel C\u00e9spedes&nbsp;llevar\u00e1n su historia de vida al cine en una pel\u00edcula de Caribbean Cinemas que ser\u00e1 estrenada en el 2020. \u201cEn el 2020 nuestra vida, nuestras carreras, nuestra historia, nuestra verdad llegar\u00e1 a las salas de cine del pa\u00eds y de [&hellip;]<\/p>\n","protected":false},"author":2,"featured_media":2477,"comment_status":"open","ping_status":"open","sticky":false,"template":"","format":"standard","meta":{"footnotes":""},"categories":[222],"tags":[702,701,700],"class_list":{"0":"post-2476","1":"post","2":"type-post","3":"status-publish","4":"format-standard","5":"has-post-thumbnail","7":"category-arte-y-espectaculos","8":"tag-la-vida-de-los-reyes","9":"tag-miguel-cespedes","10":"tag-raymond-pozo"},"yoast_head":"<!-- This site is optimized with the Yoast SEO plugin v24.9 - https:\/\/yoast.com\/wordpress\/plugins\/seo\/ -->\n<title>Raymond Pozo y Miguel C\u00e9spedes contar\u00e1n su historia en el cine - BLG Noticias<\/title>\n<meta name=\"robots\" content=\"index, follow, max-snippet:-1, max-image-preview:large, max-video-preview:-1\" \/>\n<link rel=\"canonical\" href=\"https:\/\/blgnoticiassantodomingo.net\/index.php\/2019\/11\/27\/raymond-pozo-y-miguel-cespedes-contaran-su-historia-en-el-cine\/\" \/>\n<meta property=\"og:locale\" content=\"es_ES\" \/>\n<meta property=\"og:type\" content=\"article\" \/>\n<meta property=\"og:title\" content=\"Raymond Pozo y Miguel C\u00e9spedes contar\u00e1n su historia en el cine - BLG Noticias\" \/>\n<meta property=\"og:description\" content=\"Despu\u00e9s de llenar el Palacio de los Deportes a base de humor,&nbsp;Raymond Pozo y Miguel C\u00e9spedes&nbsp;llevar\u00e1n su historia de vida al cine en una pel\u00edcula de Caribbean Cinemas que ser\u00e1 estrenada en el 2020. \u201cEn el 2020 nuestra vida, nuestras carreras, nuestra historia, nuestra verdad llegar\u00e1 a las salas de cine del pa\u00eds y de [&hellip;]\" \/>\n<meta property=\"og:url\" content=\"https:\/\/blgnoticiassantodomingo.net\/index.php\/2019\/11\/27\/raymond-pozo-y-miguel-cespedes-contaran-su-historia-en-el-cine\/\" \/>\n<meta property=\"og:site_name\" content=\"BLG Noticias\" \/>\n<meta property=\"article:publisher\" content=\"https:\/\/web.facebook.com\/BlgNoticias\/?locale=es_LA&amp;_rdc=1&amp;_rdr\" \/>\n<meta property=\"article:published_time\" content=\"2019-11-27T01:44:49+00:00\" \/>\n<meta property=\"article:modified_time\" content=\"2019-11-27T01:44:51+00:00\" \/>\n<meta property=\"og:image\" content=\"https:\/\/blgnoticiassantodomingo.net\/wp-content\/uploads\/2019\/11\/raymond-poco-y-miguel-cespdes-dl_12703791_20191126175622.jpg\" \/>\n\t<meta property=\"og:image:width\" content=\"546\" \/>\n\t<meta property=\"og:image:height\" content=\"350\" \/>\n\t<meta property=\"og:image:type\" content=\"image\/jpeg\" \/>\n<meta name=\"author\" content=\"Brenda Guerrero\" \/>\n<meta name=\"twitter:card\" content=\"summary_large_image\" \/>\n<meta name=\"twitter:creator\" content=\"@BlgNoticias\" \/>\n<meta name=\"twitter:site\" content=\"@BlgNoticias\" \/>\n<meta name=\"twitter:label1\" content=\"Escrito por\" \/>\n\t<meta name=\"twitter:data1\" content=\"Brenda Guerrero\" \/>\n\t<meta name=\"twitter:label2\" content=\"Tiempo de lectura\" \/>\n\t<meta name=\"twitter:data2\" content=\"2 minutos\" \/>\n<script type=\"application\/ld+json\" class=\"yoast-schema-graph\">{\"@context\":\"https:\/\/schema.org\",\"@graph\":[{\"@type\":\"Article\",\"@id\":\"https:\/\/blgnoticiassantodomingo.net\/index.php\/2019\/11\/27\/raymond-pozo-y-miguel-cespedes-contaran-su-historia-en-el-cine\/#article\",\"isPartOf\":{\"@id\":\"https:\/\/blgnoticiassantodomingo.net\/index.php\/2019\/11\/27\/raymond-pozo-y-miguel-cespedes-contaran-su-historia-en-el-cine\/\"},\"author\":{\"name\":\"Brenda Guerrero\",\"@id\":\"https:\/\/blgnoticiassantodomingo.net\/#\/schema\/person\/e2fc21cf88acc63dbd134be981bff374\"},\"headline\":\"Raymond Pozo y Miguel C\u00e9spedes contar\u00e1n su historia en el cine\",\"datePublished\":\"2019-11-27T01:44:49+00:00\",\"dateModified\":\"2019-11-27T01:44:51+00:00\",\"mainEntityOfPage\":{\"@id\":\"https:\/\/blgnoticiassantodomingo.net\/index.php\/2019\/11\/27\/raymond-pozo-y-miguel-cespedes-contaran-su-historia-en-el-cine\/\"},\"wordCount\":455,\"commentCount\":0,\"publisher\":{\"@id\":\"https:\/\/blgnoticiassantodomingo.net\/#organization\"},\"image\":{\"@id\":\"https:\/\/blgnoticiassantodomingo.net\/index.php\/2019\/11\/27\/raymond-pozo-y-miguel-cespedes-contaran-su-historia-en-el-cine\/#primaryimage\"},\"thumbnailUrl\":\"https:\/\/blgnoticiassantodomingo.net\/wp-content\/uploads\/2019\/11\/raymond-poco-y-miguel-cespdes-dl_12703791_20191126175622.jpg\",\"keywords\":[\"La vida de los reyes\",\"Miguel Cespedes\",\"Raymond Pozo\"],\"articleSection\":[\"Arte y Espectaculos\"],\"inLanguage\":\"es\",\"potentialAction\":[{\"@type\":\"CommentAction\",\"name\":\"Comment\",\"target\":[\"https:\/\/blgnoticiassantodomingo.net\/index.php\/2019\/11\/27\/raymond-pozo-y-miguel-cespedes-contaran-su-historia-en-el-cine\/#respond\"]}]},{\"@type\":\"WebPage\",\"@id\":\"https:\/\/blgnoticiassantodomingo.net\/index.php\/2019\/11\/27\/raymond-pozo-y-miguel-cespedes-contaran-su-historia-en-el-cine\/\",\"url\":\"https:\/\/blgnoticiassantodomingo.net\/index.php\/2019\/11\/27\/raymond-pozo-y-miguel-cespedes-contaran-su-historia-en-el-cine\/\",\"name\":\"Raymond Pozo y Miguel C\u00e9spedes contar\u00e1n su historia en el cine - BLG Noticias\",\"isPartOf\":{\"@id\":\"https:\/\/blgnoticiassantodomingo.net\/#website\"},\"primaryImageOfPage\":{\"@id\":\"https:\/\/blgnoticiassantodomingo.net\/index.php\/2019\/11\/27\/raymond-pozo-y-miguel-cespedes-contaran-su-historia-en-el-cine\/#primaryimage\"},\"image\":{\"@id\":\"https:\/\/blgnoticiassantodomingo.net\/index.php\/2019\/11\/27\/raymond-pozo-y-miguel-cespedes-contaran-su-historia-en-el-cine\/#primaryimage\"},\"thumbnailUrl\":\"https:\/\/blgnoticiassantodomingo.net\/wp-content\/uploads\/2019\/11\/raymond-poco-y-miguel-cespdes-dl_12703791_20191126175622.jpg\",\"datePublished\":\"2019-11-27T01:44:49+00:00\",\"dateModified\":\"2019-11-27T01:44:51+00:00\",\"breadcrumb\":{\"@id\":\"https:\/\/blgnoticiassantodomingo.net\/index.php\/2019\/11\/27\/raymond-pozo-y-miguel-cespedes-contaran-su-historia-en-el-cine\/#breadcrumb\"},\"inLanguage\":\"es\",\"potentialAction\":[{\"@type\":\"ReadAction\",\"target\":[\"https:\/\/blgnoticiassantodomingo.net\/index.php\/2019\/11\/27\/raymond-pozo-y-miguel-cespedes-contaran-su-historia-en-el-cine\/\"]}]},{\"@type\":\"ImageObject\",\"inLanguage\":\"es\",\"@id\":\"https:\/\/blgnoticiassantodomingo.net\/index.php\/2019\/11\/27\/raymond-pozo-y-miguel-cespedes-contaran-su-historia-en-el-cine\/#primaryimage\",\"url\":\"https:\/\/blgnoticiassantodomingo.net\/wp-content\/uploads\/2019\/11\/raymond-poco-y-miguel-cespdes-dl_12703791_20191126175622.jpg\",\"contentUrl\":\"https:\/\/blgnoticiassantodomingo.net\/wp-content\/uploads\/2019\/11\/raymond-poco-y-miguel-cespdes-dl_12703791_20191126175622.jpg\",\"width\":546,\"height\":350},{\"@type\":\"BreadcrumbList\",\"@id\":\"https:\/\/blgnoticiassantodomingo.net\/index.php\/2019\/11\/27\/raymond-pozo-y-miguel-cespedes-contaran-su-historia-en-el-cine\/#breadcrumb\",\"itemListElement\":[{\"@type\":\"ListItem\",\"position\":1,\"name\":\"Portada\",\"item\":\"https:\/\/blgnoticiassantodomingo.net\/\"},{\"@type\":\"ListItem\",\"position\":2,\"name\":\"Raymond Pozo y Miguel C\u00e9spedes contar\u00e1n su historia en el cine\"}]},{\"@type\":\"WebSite\",\"@id\":\"https:\/\/blgnoticiassantodomingo.net\/#website\",\"url\":\"https:\/\/blgnoticiassantodomingo.net\/\",\"name\":\"BLG Noticias\",\"description\":\"Esto es Noticias\",\"publisher\":{\"@id\":\"https:\/\/blgnoticiassantodomingo.net\/#organization\"},\"potentialAction\":[{\"@type\":\"SearchAction\",\"target\":{\"@type\":\"EntryPoint\",\"urlTemplate\":\"https:\/\/blgnoticiassantodomingo.net\/?s={search_term_string}\"},\"query-input\":{\"@type\":\"PropertyValueSpecification\",\"valueRequired\":true,\"valueName\":\"search_term_string\"}}],\"inLanguage\":\"es\"},{\"@type\":\"Organization\",\"@id\":\"https:\/\/blgnoticiassantodomingo.net\/#organization\",\"name\":\"BLG Noticias\",\"url\":\"https:\/\/blgnoticiassantodomingo.net\/\",\"logo\":{\"@type\":\"ImageObject\",\"inLanguage\":\"es\",\"@id\":\"https:\/\/blgnoticiassantodomingo.net\/#\/schema\/logo\/image\/\",\"url\":\"https:\/\/blgnoticiassantodomingo.net\/wp-content\/uploads\/2023\/12\/Diseno-sin-titulo-3.jpg\",\"contentUrl\":\"https:\/\/blgnoticiassantodomingo.net\/wp-content\/uploads\/2023\/12\/Diseno-sin-titulo-3.jpg\",\"width\":500,\"height\":500,\"caption\":\"BLG Noticias\"},\"image\":{\"@id\":\"https:\/\/blgnoticiassantodomingo.net\/#\/schema\/logo\/image\/\"},\"sameAs\":[\"https:\/\/web.facebook.com\/BlgNoticias\/?locale=es_LA&_rdc=1&_rdr\",\"https:\/\/x.com\/BlgNoticias\",\"https:\/\/www.linkedin.com\/in\/brenda-l-santana-aa846279\/\"]},{\"@type\":\"Person\",\"@id\":\"https:\/\/blgnoticiassantodomingo.net\/#\/schema\/person\/e2fc21cf88acc63dbd134be981bff374\",\"name\":\"Brenda Guerrero\",\"image\":{\"@type\":\"ImageObject\",\"inLanguage\":\"es\",\"@id\":\"https:\/\/blgnoticiassantodomingo.net\/#\/schema\/person\/image\/\",\"url\":\"https:\/\/secure.gravatar.com\/avatar\/2f7fc4c3e3655be1580cb684bfd8ab19be702ae20879da1e072021daa02f9b8b?s=96&d=wp_user_avatar&r=g\",\"contentUrl\":\"https:\/\/secure.gravatar.com\/avatar\/2f7fc4c3e3655be1580cb684bfd8ab19be702ae20879da1e072021daa02f9b8b?s=96&d=wp_user_avatar&r=g\",\"caption\":\"Brenda Guerrero\"},\"description\":\"Periodista\",\"url\":\"https:\/\/blgnoticiassantodomingo.net\/index.php\/author\/brenda-guerrero\/\"}]}<\/script>\n<!-- \/ Yoast SEO plugin. -->","yoast_head_json":{"title":"Raymond Pozo y Miguel C\u00e9spedes contar\u00e1n su historia en el cine - BLG Noticias","robots":{"index":"index","follow":"follow","max-snippet":"max-snippet:-1","max-image-preview":"max-image-preview:large","max-video-preview":"max-video-preview:-1"},"canonical":"https:\/\/blgnoticiassantodomingo.net\/index.php\/2019\/11\/27\/raymond-pozo-y-miguel-cespedes-contaran-su-historia-en-el-cine\/","og_locale":"es_ES","og_type":"article","og_title":"Raymond Pozo y Miguel C\u00e9spedes contar\u00e1n su historia en el cine - BLG Noticias","og_description":"Despu\u00e9s de llenar el Palacio de los Deportes a base de humor,&nbsp;Raymond Pozo y Miguel C\u00e9spedes&nbsp;llevar\u00e1n su historia de vida al cine en una pel\u00edcula de Caribbean Cinemas que ser\u00e1 estrenada en el 2020. \u201cEn el 2020 nuestra vida, nuestras carreras, nuestra historia, nuestra verdad llegar\u00e1 a las salas de cine del pa\u00eds y de [&hellip;]","og_url":"https:\/\/blgnoticiassantodomingo.net\/index.php\/2019\/11\/27\/raymond-pozo-y-miguel-cespedes-contaran-su-historia-en-el-cine\/","og_site_name":"BLG Noticias","article_publisher":"https:\/\/web.facebook.com\/BlgNoticias\/?locale=es_LA&_rdc=1&_rdr","article_published_time":"2019-11-27T01:44:49+00:00","article_modified_time":"2019-11-27T01:44:51+00:00","og_image":[{"width":546,"height":350,"url":"https:\/\/blgnoticiassantodomingo.net\/wp-content\/uploads\/2019\/11\/raymond-poco-y-miguel-cespdes-dl_12703791_20191126175622.jpg","type":"image\/jpeg"}],"author":"Brenda Guerrero","twitter_card":"summary_large_image","twitter_creator":"@BlgNoticias","twitter_site":"@BlgNoticias","twitter_misc":{"Escrito por":"Brenda Guerrero","Tiempo de lectura":"2 minutos"},"schema":{"@context":"https:\/\/schema.org","@graph":[{"@type":"Article","@id":"https:\/\/blgnoticiassantodomingo.net\/index.php\/2019\/11\/27\/raymond-pozo-y-miguel-cespedes-contaran-su-historia-en-el-cine\/#article","isPartOf":{"@id":"https:\/\/blgnoticiassantodomingo.net\/index.php\/2019\/11\/27\/raymond-pozo-y-miguel-cespedes-contaran-su-historia-en-el-cine\/"},"author":{"name":"Brenda Guerrero","@id":"https:\/\/blgnoticiassantodomingo.net\/#\/schema\/person\/e2fc21cf88acc63dbd134be981bff374"},"headline":"Raymond Pozo y Miguel C\u00e9spedes contar\u00e1n su historia en el cine","datePublished":"2019-11-27T01:44:49+00:00","dateModified":"2019-11-27T01:44:51+00:00","mainEntityOfPage":{"@id":"https:\/\/blgnoticiassantodomingo.net\/index.php\/2019\/11\/27\/raymond-pozo-y-miguel-cespedes-contaran-su-historia-en-el-cine\/"},"wordCount":455,"commentCount":0,"publisher":{"@id":"https:\/\/blgnoticiassantodomingo.net\/#organization"},"image":{"@id":"https:\/\/blgnoticiassantodomingo.net\/index.php\/2019\/11\/27\/raymond-pozo-y-miguel-cespedes-contaran-su-historia-en-el-cine\/#primaryimage"},"thumbnailUrl":"https:\/\/blgnoticiassantodomingo.net\/wp-content\/uploads\/2019\/11\/raymond-poco-y-miguel-cespdes-dl_12703791_20191126175622.jpg","keywords":["La vida de los reyes","Miguel Cespedes","Raymond Pozo"],"articleSection":["Arte y Espectaculos"],"inLanguage":"es","potentialAction":[{"@type":"CommentAction","name":"Comment","target":["https:\/\/blgnoticiassantodomingo.net\/index.php\/2019\/11\/27\/raymond-pozo-y-miguel-cespedes-contaran-su-historia-en-el-cine\/#respond"]}]},{"@type":"WebPage","@id":"https:\/\/blgnoticiassantodomingo.net\/index.php\/2019\/11\/27\/raymond-pozo-y-miguel-cespedes-contaran-su-historia-en-el-cine\/","url":"https:\/\/blgnoticiassantodomingo.net\/index.php\/2019\/11\/27\/raymond-pozo-y-miguel-cespedes-contaran-su-historia-en-el-cine\/","name":"Raymond Pozo y Miguel C\u00e9spedes contar\u00e1n su historia en el cine - BLG Noticias","isPartOf":{"@id":"https:\/\/blgnoticiassantodomingo.net\/#website"},"primaryImageOfPage":{"@id":"https:\/\/blgnoticiassantodomingo.net\/index.php\/2019\/11\/27\/raymond-pozo-y-miguel-cespedes-contaran-su-historia-en-el-cine\/#primaryimage"},"image":{"@id":"https:\/\/blgnoticiassantodomingo.net\/index.php\/2019\/11\/27\/raymond-pozo-y-miguel-cespedes-contaran-su-historia-en-el-cine\/#primaryimage"},"thumbnailUrl":"https:\/\/blgnoticiassantodomingo.net\/wp-content\/uploads\/2019\/11\/raymond-poco-y-miguel-cespdes-dl_12703791_20191126175622.jpg","datePublished":"2019-11-27T01:44:49+00:00","dateModified":"2019-11-27T01:44:51+00:00","breadcrumb":{"@id":"https:\/\/blgnoticiassantodomingo.net\/index.php\/2019\/11\/27\/raymond-pozo-y-miguel-cespedes-contaran-su-historia-en-el-cine\/#breadcrumb"},"inLanguage":"es","potentialAction":[{"@type":"ReadAction","target":["https:\/\/blgnoticiassantodomingo.net\/index.php\/2019\/11\/27\/raymond-pozo-y-miguel-cespedes-contaran-su-historia-en-el-cine\/"]}]},{"@type":"ImageObject","inLanguage":"es","@id":"https:\/\/blgnoticiassantodomingo.net\/index.php\/2019\/11\/27\/raymond-pozo-y-miguel-cespedes-contaran-su-historia-en-el-cine\/#primaryimage","url":"https:\/\/blgnoticiassantodomingo.net\/wp-content\/uploads\/2019\/11\/raymond-poco-y-miguel-cespdes-dl_12703791_20191126175622.jpg","contentUrl":"https:\/\/blgnoticiassantodomingo.net\/wp-content\/uploads\/2019\/11\/raymond-poco-y-miguel-cespdes-dl_12703791_20191126175622.jpg","width":546,"height":350},{"@type":"BreadcrumbList","@id":"https:\/\/blgnoticiassantodomingo.net\/index.php\/2019\/11\/27\/raymond-pozo-y-miguel-cespedes-contaran-su-historia-en-el-cine\/#breadcrumb","itemListElement":[{"@type":"ListItem","position":1,"name":"Portada","item":"https:\/\/blgnoticiassantodomingo.net\/"},{"@type":"ListItem","position":2,"name":"Raymond Pozo y Miguel C\u00e9spedes contar\u00e1n su historia en el cine"}]},{"@type":"WebSite","@id":"https:\/\/blgnoticiassantodomingo.net\/#website","url":"https:\/\/blgnoticiassantodomingo.net\/","name":"BLG Noticias","description":"Esto es Noticias","publisher":{"@id":"https:\/\/blgnoticiassantodomingo.net\/#organization"},"potentialAction":[{"@type":"SearchAction","target":{"@type":"EntryPoint","urlTemplate":"https:\/\/blgnoticiassantodomingo.net\/?s={search_term_string}"},"query-input":{"@type":"PropertyValueSpecification","valueRequired":true,"valueName":"search_term_string"}}],"inLanguage":"es"},{"@type":"Organization","@id":"https:\/\/blgnoticiassantodomingo.net\/#organization","name":"BLG Noticias","url":"https:\/\/blgnoticiassantodomingo.net\/","logo":{"@type":"ImageObject","inLanguage":"es","@id":"https:\/\/blgnoticiassantodomingo.net\/#\/schema\/logo\/image\/","url":"https:\/\/blgnoticiassantodomingo.net\/wp-content\/uploads\/2023\/12\/Diseno-sin-titulo-3.jpg","contentUrl":"https:\/\/blgnoticiassantodomingo.net\/wp-content\/uploads\/2023\/12\/Diseno-sin-titulo-3.jpg","width":500,"height":500,"caption":"BLG Noticias"},"image":{"@id":"https:\/\/blgnoticiassantodomingo.net\/#\/schema\/logo\/image\/"},"sameAs":["https:\/\/web.facebook.com\/BlgNoticias\/?locale=es_LA&_rdc=1&_rdr","https:\/\/x.com\/BlgNoticias","https:\/\/www.linkedin.com\/in\/brenda-l-santana-aa846279\/"]},{"@type":"Person","@id":"https:\/\/blgnoticiassantodomingo.net\/#\/schema\/person\/e2fc21cf88acc63dbd134be981bff374","name":"Brenda Guerrero","image":{"@type":"ImageObject","inLanguage":"es","@id":"https:\/\/blgnoticiassantodomingo.net\/#\/schema\/person\/image\/","url":"https:\/\/secure.gravatar.com\/avatar\/2f7fc4c3e3655be1580cb684bfd8ab19be702ae20879da1e072021daa02f9b8b?s=96&d=wp_user_avatar&r=g","contentUrl":"https:\/\/secure.gravatar.com\/avatar\/2f7fc4c3e3655be1580cb684bfd8ab19be702ae20879da1e072021daa02f9b8b?s=96&d=wp_user_avatar&r=g","caption":"Brenda Guerrero"},"description":"Periodista","url":"https:\/\/blgnoticiassantodomingo.net\/index.php\/author\/brenda-guerrero\/"}]}},"jetpack_featured_media_url":"https:\/\/blgnoticiassantodomingo.net\/wp-content\/uploads\/2019\/11\/raymond-poco-y-miguel-cespdes-dl_12703791_20191126175622.jpg","_links":{"self":[{"href":"https:\/\/blgnoticiassantodomingo.net\/index.php\/wp-json\/wp\/v2\/posts\/2476","targetHints":{"allow":["GET"]}}],"collection":[{"href":"https:\/\/blgnoticiassantodomingo.net\/index.php\/wp-json\/wp\/v2\/posts"}],"about":[{"href":"https:\/\/blgnoticiassantodomingo.net\/index.php\/wp-json\/wp\/v2\/types\/post"}],"author":[{"embeddable":true,"href":"https:\/\/blgnoticiassantodomingo.net\/index.php\/wp-json\/wp\/v2\/users\/2"}],"replies":[{"embeddable":true,"href":"https:\/\/blgnoticiassantodomingo.net\/index.php\/wp-json\/wp\/v2\/comments?post=2476"}],"version-history":[{"count":1,"href":"https:\/\/blgnoticiassantodomingo.net\/index.php\/wp-json\/wp\/v2\/posts\/2476\/revisions"}],"predecessor-version":[{"id":2478,"href":"https:\/\/blgnoticiassantodomingo.net\/index.php\/wp-json\/wp\/v2\/posts\/2476\/revisions\/2478"}],"wp:featuredmedia":[{"embeddable":true,"href":"https:\/\/blgnoticiassantodomingo.net\/index.php\/wp-json\/wp\/v2\/media\/2477"}],"wp:attachment":[{"href":"https:\/\/blgnoticiassantodomingo.net\/index.php\/wp-json\/wp\/v2\/media?parent=2476"}],"wp:term":[{"taxonomy":"category","embeddable":true,"href":"https:\/\/blgnoticiassantodomingo.net\/index.php\/wp-json\/wp\/v2\/categories?post=2476"},{"taxonomy":"post_tag","embeddable":true,"href":"https:\/\/blgnoticiassantodomingo.net\/index.php\/wp-json\/wp\/v2\/tags?post=2476"}],"curies":[{"name":"wp","href":"https:\/\/api.w.org\/{rel}","templated":true}]}}