{"id":21953,"date":"2020-11-25T14:12:00","date_gmt":"2020-11-25T14:12:00","guid":{"rendered":"http:\/\/blgnoticiassantodomingo.net\/?p=21953"},"modified":"2020-11-25T14:12:01","modified_gmt":"2020-11-25T14:12:01","slug":"adn-enciende-luces-naranja-en-ocasion-del-dia-de-la-eliminacion-de-toda-forma-de-violencia-contra-la-mujer","status":"publish","type":"post","link":"https:\/\/blgnoticiassantodomingo.net\/index.php\/2020\/11\/25\/adn-enciende-luces-naranja-en-ocasion-del-dia-de-la-eliminacion-de-toda-forma-de-violencia-contra-la-mujer\/","title":{"rendered":"ADN enciende luces naranja en ocasi\u00f3n del D\u00eda de la eliminaci\u00f3n de toda forma de violencia contra la mujer"},"content":{"rendered":"\n<p>Alcaldesa Carolina Mej\u00eda destac\u00f3 legado hist\u00f3rico de las Hermanas Mirabal<\/p>\n\n\n\n<p>Santo Domingo, D.N.- La alcaldesa del Distrito Nacional Carolina Mej\u00eda encabez\u00f3 el acto de encendido de luces naranjas al conmemorarse este mi\u00e9rcoles 25 el D\u00eda Internacional de la Eliminaci\u00f3n de la Violencia contra la Mujer.<\/p>\n\n\n\n<figure class=\"wp-block-image size-large\"><img decoding=\"async\" width=\"1024\" height=\"701\" src=\"https:\/\/blgnoticiassantodomingo.net\/wp-content\/uploads\/2020\/11\/20201125_100608-1024x701.jpg\" alt=\"\" class=\"wp-image-21955\" srcset=\"https:\/\/blgnoticiassantodomingo.net\/wp-content\/uploads\/2020\/11\/20201125_100608-1024x701.jpg 1024w, https:\/\/blgnoticiassantodomingo.net\/wp-content\/uploads\/2020\/11\/20201125_100608-300x205.jpg 300w, https:\/\/blgnoticiassantodomingo.net\/wp-content\/uploads\/2020\/11\/20201125_100608-768x526.jpg 768w, https:\/\/blgnoticiassantodomingo.net\/wp-content\/uploads\/2020\/11\/20201125_100608.jpg 1080w\" sizes=\"(max-width: 1024px) 100vw, 1024px\" \/><\/figure>\n\n\n\n<p>En medio del emotivo acto, las luces naranjas iluminaron el Palacio Consistorial, de la Ciudad Colonial en presencia de la embajadora de los pa\u00edses bajos, Annemieke A. Verrijp; Victor Ogando, presidente del Concejo de Regidores, asi como de las regidoras y regidores, directores y directoras del cabildo.<\/p>\n\n\n\n<p>Desde inicios del mes de noviembre el cabildo de la capital modific\u00f3 su logo por el mes de noviembre, colocando tres mariposas naranjas en el escudo de la ciudad, como un llamado de conciencia sobre la violencia de g\u00e9nero y en homenaje a las Hermanas Mirabal.<\/p>\n\n\n\n<p>Las palabras centrales estuvieron a cargo de la Alcaldesa Carolina Mej\u00eda. Asimismo se dirigieron a los presentes los regidores V\u00edctor Ogando, presidente del consejo de regidores; Sandra Grull\u00f3n y Milagros Pichardo.<\/p>\n\n\n\n<figure class=\"wp-block-image size-large\"><img decoding=\"async\" width=\"685\" height=\"1024\" src=\"https:\/\/blgnoticiassantodomingo.net\/wp-content\/uploads\/2020\/11\/20201125_100433-685x1024.jpg\" alt=\"\" class=\"wp-image-21956\" srcset=\"https:\/\/blgnoticiassantodomingo.net\/wp-content\/uploads\/2020\/11\/20201125_100433-685x1024.jpg 685w, https:\/\/blgnoticiassantodomingo.net\/wp-content\/uploads\/2020\/11\/20201125_100433-201x300.jpg 201w, https:\/\/blgnoticiassantodomingo.net\/wp-content\/uploads\/2020\/11\/20201125_100433-768x1147.jpg 768w, https:\/\/blgnoticiassantodomingo.net\/wp-content\/uploads\/2020\/11\/20201125_100433-1028x1536.jpg 1028w, https:\/\/blgnoticiassantodomingo.net\/wp-content\/uploads\/2020\/11\/20201125_100433.jpg 1073w\" sizes=\"(max-width: 685px) 100vw, 685px\" \/><\/figure>\n\n\n\n<p>\u00abHay muchas formas de violencia y la violencia f\u00edsica es una manifestaci\u00f3n, por lo que tenemos que estar alertas, para identificar otros tipos de violencia\u00bb, expres\u00f3 Carolina Mej\u00eda.&nbsp;<\/p>\n\n\n\n<p>A seguidas la Alcaldesa expres\u00f3 palabras de respeto y rindi\u00f3 honor a las hermanas Mirabal.<\/p>\n\n\n\n<p>\u00abTras una visita a la casa museo de las hermanas Mirabal, cuando camin\u00e9 ese hogar lo que sent\u00ed all\u00ed fue la presencia de un espacio donde se form\u00f3 una familia hermosa, donde esas mujeres recibieron sus principios y valores,&nbsp;&nbsp;donde constituyeron mujeres aguerridas que fueron capaces de enfrentar el r\u00e9gimen y todas esas formas de violencia que se comet\u00edan contra hombres y mujeres, por lo que digo que todos los d\u00edas las ense\u00f1anzas de Patria, Minerva y Mar\u00eda Teresa prevalecen\u00bb, indic\u00f3 Carolina.<\/p>\n\n\n\n<p>&nbsp;Recientemente el cabildo realiz\u00f3 los \u201cDi\u00e1logos Libre de Violencia\u201d, uno en cada una de las tres circunscripciones en que se divide la ciudad, a los fines de elevar la autoestima de la mujer, sobre c\u00f3mo identificar la violencia, el camino para salir de esta, y algunos testimonios.<\/p>\n\n\n\n<p>Los temas abordados en estos di\u00e1logos fue la conmemoraci\u00f3n del d\u00eda y utilizaci\u00f3n del color; debatir sobre qu\u00e9 es violencia; los tipos existentes; su identificaci\u00f3n; la autoestima; y tips para aumentar la autoestima<\/p>\n\n\n\n<p>El D\u00eda Internacional de la Eliminaci\u00f3n de la Violencia contra la Mujer se celebra cada a\u00f1o el 25 de noviembre para motivar a todos los pa\u00edses del mundo a impulsar pol\u00edticas de combate a este flagelo.<\/p>\n\n\n\n<p>Este movimiento fue impulsado por los grupos feministas latinoamericanos en el a\u00f1o 1981 al conmemorarse la fecha en que fueron asesinadas, en 1960, las tres hermanas Mirabal, -Patria, Minerva y Mar\u00eda Teresa, durante el r\u00e9gimen de Trujillo. Este a\u00f1o, se cumplen 60 a\u00f1os del asesinato de las hermanas<\/p>\n","protected":false},"excerpt":{"rendered":"<p>Alcaldesa Carolina Mej\u00eda destac\u00f3 legado hist\u00f3rico de las Hermanas Mirabal Santo Domingo, D.N.- La alcaldesa del Distrito Nacional Carolina Mej\u00eda encabez\u00f3 el acto de encendido de luces naranjas al conmemorarse este mi\u00e9rcoles 25 el D\u00eda Internacional de la Eliminaci\u00f3n de la Violencia contra la Mujer. En medio del emotivo acto, las luces naranjas iluminaron el [&hellip;]<\/p>\n","protected":false},"author":2,"featured_media":21954,"comment_status":"open","ping_status":"open","sticky":false,"template":"","format":"standard","meta":{"footnotes":""},"categories":[220],"tags":[831,3138],"class_list":{"0":"post-21953","1":"post","2":"type-post","3":"status-publish","4":"format-standard","5":"has-post-thumbnail","7":"category-nacionales","8":"tag-carolina-mejia","9":"tag-violencia-contra-la-mujer"},"yoast_head":"<!-- This site is optimized with the Yoast SEO plugin v24.9 - https:\/\/yoast.com\/wordpress\/plugins\/seo\/ -->\n<title>ADN enciende luces naranja en ocasi\u00f3n del D\u00eda de la eliminaci\u00f3n de toda forma de violencia contra la mujer - BLG Noticias<\/title>\n<meta name=\"robots\" content=\"index, follow, max-snippet:-1, max-image-preview:large, max-video-preview:-1\" \/>\n<link rel=\"canonical\" href=\"https:\/\/blgnoticiassantodomingo.net\/index.php\/2020\/11\/25\/adn-enciende-luces-naranja-en-ocasion-del-dia-de-la-eliminacion-de-toda-forma-de-violencia-contra-la-mujer\/\" \/>\n<meta property=\"og:locale\" content=\"es_ES\" \/>\n<meta property=\"og:type\" content=\"article\" \/>\n<meta property=\"og:title\" content=\"ADN enciende luces naranja en ocasi\u00f3n del D\u00eda de la eliminaci\u00f3n de toda forma de violencia contra la mujer - BLG Noticias\" \/>\n<meta property=\"og:description\" content=\"Alcaldesa Carolina Mej\u00eda destac\u00f3 legado hist\u00f3rico de las Hermanas Mirabal Santo Domingo, D.N.- La alcaldesa del Distrito Nacional Carolina Mej\u00eda encabez\u00f3 el acto de encendido de luces naranjas al conmemorarse este mi\u00e9rcoles 25 el D\u00eda Internacional de la Eliminaci\u00f3n de la Violencia contra la Mujer. En medio del emotivo acto, las luces naranjas iluminaron el [&hellip;]\" \/>\n<meta property=\"og:url\" content=\"https:\/\/blgnoticiassantodomingo.net\/index.php\/2020\/11\/25\/adn-enciende-luces-naranja-en-ocasion-del-dia-de-la-eliminacion-de-toda-forma-de-violencia-contra-la-mujer\/\" \/>\n<meta property=\"og:site_name\" content=\"BLG Noticias\" \/>\n<meta property=\"article:publisher\" content=\"https:\/\/web.facebook.com\/BlgNoticias\/?locale=es_LA&amp;_rdc=1&amp;_rdr\" \/>\n<meta property=\"article:published_time\" content=\"2020-11-25T14:12:00+00:00\" \/>\n<meta property=\"article:modified_time\" content=\"2020-11-25T14:12:01+00:00\" \/>\n<meta property=\"og:image\" content=\"https:\/\/blgnoticiassantodomingo.net\/wp-content\/uploads\/2020\/11\/20201125_100504.jpg\" \/>\n\t<meta property=\"og:image:width\" content=\"1072\" \/>\n\t<meta property=\"og:image:height\" content=\"715\" \/>\n\t<meta property=\"og:image:type\" content=\"image\/jpeg\" \/>\n<meta name=\"author\" content=\"Brenda Guerrero\" \/>\n<meta name=\"twitter:card\" content=\"summary_large_image\" \/>\n<meta name=\"twitter:creator\" content=\"@BlgNoticias\" \/>\n<meta name=\"twitter:site\" content=\"@BlgNoticias\" \/>\n<meta name=\"twitter:label1\" content=\"Escrito por\" \/>\n\t<meta name=\"twitter:data1\" content=\"Brenda Guerrero\" \/>\n\t<meta name=\"twitter:label2\" content=\"Tiempo de lectura\" \/>\n\t<meta name=\"twitter:data2\" content=\"2 minutos\" \/>\n<script type=\"application\/ld+json\" class=\"yoast-schema-graph\">{\"@context\":\"https:\/\/schema.org\",\"@graph\":[{\"@type\":\"Article\",\"@id\":\"https:\/\/blgnoticiassantodomingo.net\/index.php\/2020\/11\/25\/adn-enciende-luces-naranja-en-ocasion-del-dia-de-la-eliminacion-de-toda-forma-de-violencia-contra-la-mujer\/#article\",\"isPartOf\":{\"@id\":\"https:\/\/blgnoticiassantodomingo.net\/index.php\/2020\/11\/25\/adn-enciende-luces-naranja-en-ocasion-del-dia-de-la-eliminacion-de-toda-forma-de-violencia-contra-la-mujer\/\"},\"author\":{\"name\":\"Brenda Guerrero\",\"@id\":\"https:\/\/blgnoticiassantodomingo.net\/#\/schema\/person\/e2fc21cf88acc63dbd134be981bff374\"},\"headline\":\"ADN enciende luces naranja en ocasi\u00f3n del D\u00eda de la eliminaci\u00f3n de toda forma de violencia contra la mujer\",\"datePublished\":\"2020-11-25T14:12:00+00:00\",\"dateModified\":\"2020-11-25T14:12:01+00:00\",\"mainEntityOfPage\":{\"@id\":\"https:\/\/blgnoticiassantodomingo.net\/index.php\/2020\/11\/25\/adn-enciende-luces-naranja-en-ocasion-del-dia-de-la-eliminacion-de-toda-forma-de-violencia-contra-la-mujer\/\"},\"wordCount\":517,\"commentCount\":0,\"publisher\":{\"@id\":\"https:\/\/blgnoticiassantodomingo.net\/#organization\"},\"image\":{\"@id\":\"https:\/\/blgnoticiassantodomingo.net\/index.php\/2020\/11\/25\/adn-enciende-luces-naranja-en-ocasion-del-dia-de-la-eliminacion-de-toda-forma-de-violencia-contra-la-mujer\/#primaryimage\"},\"thumbnailUrl\":\"https:\/\/blgnoticiassantodomingo.net\/wp-content\/uploads\/2020\/11\/20201125_100504.jpg\",\"keywords\":[\"Carolina Mejia\",\"violencia contra la mujer\"],\"articleSection\":[\"Nacionales\"],\"inLanguage\":\"es\",\"potentialAction\":[{\"@type\":\"CommentAction\",\"name\":\"Comment\",\"target\":[\"https:\/\/blgnoticiassantodomingo.net\/index.php\/2020\/11\/25\/adn-enciende-luces-naranja-en-ocasion-del-dia-de-la-eliminacion-de-toda-forma-de-violencia-contra-la-mujer\/#respond\"]}]},{\"@type\":\"WebPage\",\"@id\":\"https:\/\/blgnoticiassantodomingo.net\/index.php\/2020\/11\/25\/adn-enciende-luces-naranja-en-ocasion-del-dia-de-la-eliminacion-de-toda-forma-de-violencia-contra-la-mujer\/\",\"url\":\"https:\/\/blgnoticiassantodomingo.net\/index.php\/2020\/11\/25\/adn-enciende-luces-naranja-en-ocasion-del-dia-de-la-eliminacion-de-toda-forma-de-violencia-contra-la-mujer\/\",\"name\":\"ADN enciende luces naranja en ocasi\u00f3n del D\u00eda de la eliminaci\u00f3n de toda forma de violencia contra la mujer - BLG Noticias\",\"isPartOf\":{\"@id\":\"https:\/\/blgnoticiassantodomingo.net\/#website\"},\"primaryImageOfPage\":{\"@id\":\"https:\/\/blgnoticiassantodomingo.net\/index.php\/2020\/11\/25\/adn-enciende-luces-naranja-en-ocasion-del-dia-de-la-eliminacion-de-toda-forma-de-violencia-contra-la-mujer\/#primaryimage\"},\"image\":{\"@id\":\"https:\/\/blgnoticiassantodomingo.net\/index.php\/2020\/11\/25\/adn-enciende-luces-naranja-en-ocasion-del-dia-de-la-eliminacion-de-toda-forma-de-violencia-contra-la-mujer\/#primaryimage\"},\"thumbnailUrl\":\"https:\/\/blgnoticiassantodomingo.net\/wp-content\/uploads\/2020\/11\/20201125_100504.jpg\",\"datePublished\":\"2020-11-25T14:12:00+00:00\",\"dateModified\":\"2020-11-25T14:12:01+00:00\",\"breadcrumb\":{\"@id\":\"https:\/\/blgnoticiassantodomingo.net\/index.php\/2020\/11\/25\/adn-enciende-luces-naranja-en-ocasion-del-dia-de-la-eliminacion-de-toda-forma-de-violencia-contra-la-mujer\/#breadcrumb\"},\"inLanguage\":\"es\",\"potentialAction\":[{\"@type\":\"ReadAction\",\"target\":[\"https:\/\/blgnoticiassantodomingo.net\/index.php\/2020\/11\/25\/adn-enciende-luces-naranja-en-ocasion-del-dia-de-la-eliminacion-de-toda-forma-de-violencia-contra-la-mujer\/\"]}]},{\"@type\":\"ImageObject\",\"inLanguage\":\"es\",\"@id\":\"https:\/\/blgnoticiassantodomingo.net\/index.php\/2020\/11\/25\/adn-enciende-luces-naranja-en-ocasion-del-dia-de-la-eliminacion-de-toda-forma-de-violencia-contra-la-mujer\/#primaryimage\",\"url\":\"https:\/\/blgnoticiassantodomingo.net\/wp-content\/uploads\/2020\/11\/20201125_100504.jpg\",\"contentUrl\":\"https:\/\/blgnoticiassantodomingo.net\/wp-content\/uploads\/2020\/11\/20201125_100504.jpg\",\"width\":1072,\"height\":715},{\"@type\":\"BreadcrumbList\",\"@id\":\"https:\/\/blgnoticiassantodomingo.net\/index.php\/2020\/11\/25\/adn-enciende-luces-naranja-en-ocasion-del-dia-de-la-eliminacion-de-toda-forma-de-violencia-contra-la-mujer\/#breadcrumb\",\"itemListElement\":[{\"@type\":\"ListItem\",\"position\":1,\"name\":\"Portada\",\"item\":\"https:\/\/blgnoticiassantodomingo.net\/\"},{\"@type\":\"ListItem\",\"position\":2,\"name\":\"ADN enciende luces naranja en ocasi\u00f3n del D\u00eda de la eliminaci\u00f3n de toda forma de violencia contra la mujer\"}]},{\"@type\":\"WebSite\",\"@id\":\"https:\/\/blgnoticiassantodomingo.net\/#website\",\"url\":\"https:\/\/blgnoticiassantodomingo.net\/\",\"name\":\"BLG Noticias\",\"description\":\"Esto es Noticias\",\"publisher\":{\"@id\":\"https:\/\/blgnoticiassantodomingo.net\/#organization\"},\"potentialAction\":[{\"@type\":\"SearchAction\",\"target\":{\"@type\":\"EntryPoint\",\"urlTemplate\":\"https:\/\/blgnoticiassantodomingo.net\/?s={search_term_string}\"},\"query-input\":{\"@type\":\"PropertyValueSpecification\",\"valueRequired\":true,\"valueName\":\"search_term_string\"}}],\"inLanguage\":\"es\"},{\"@type\":\"Organization\",\"@id\":\"https:\/\/blgnoticiassantodomingo.net\/#organization\",\"name\":\"BLG Noticias\",\"url\":\"https:\/\/blgnoticiassantodomingo.net\/\",\"logo\":{\"@type\":\"ImageObject\",\"inLanguage\":\"es\",\"@id\":\"https:\/\/blgnoticiassantodomingo.net\/#\/schema\/logo\/image\/\",\"url\":\"https:\/\/blgnoticiassantodomingo.net\/wp-content\/uploads\/2023\/12\/Diseno-sin-titulo-3.jpg\",\"contentUrl\":\"https:\/\/blgnoticiassantodomingo.net\/wp-content\/uploads\/2023\/12\/Diseno-sin-titulo-3.jpg\",\"width\":500,\"height\":500,\"caption\":\"BLG Noticias\"},\"image\":{\"@id\":\"https:\/\/blgnoticiassantodomingo.net\/#\/schema\/logo\/image\/\"},\"sameAs\":[\"https:\/\/web.facebook.com\/BlgNoticias\/?locale=es_LA&_rdc=1&_rdr\",\"https:\/\/x.com\/BlgNoticias\",\"https:\/\/www.linkedin.com\/in\/brenda-l-santana-aa846279\/\"]},{\"@type\":\"Person\",\"@id\":\"https:\/\/blgnoticiassantodomingo.net\/#\/schema\/person\/e2fc21cf88acc63dbd134be981bff374\",\"name\":\"Brenda Guerrero\",\"image\":{\"@type\":\"ImageObject\",\"inLanguage\":\"es\",\"@id\":\"https:\/\/blgnoticiassantodomingo.net\/#\/schema\/person\/image\/\",\"url\":\"https:\/\/secure.gravatar.com\/avatar\/2f7fc4c3e3655be1580cb684bfd8ab19be702ae20879da1e072021daa02f9b8b?s=96&d=wp_user_avatar&r=g\",\"contentUrl\":\"https:\/\/secure.gravatar.com\/avatar\/2f7fc4c3e3655be1580cb684bfd8ab19be702ae20879da1e072021daa02f9b8b?s=96&d=wp_user_avatar&r=g\",\"caption\":\"Brenda Guerrero\"},\"description\":\"Periodista\",\"url\":\"https:\/\/blgnoticiassantodomingo.net\/index.php\/author\/brenda-guerrero\/\"}]}<\/script>\n<!-- \/ Yoast SEO plugin. -->","yoast_head_json":{"title":"ADN enciende luces naranja en ocasi\u00f3n del D\u00eda de la eliminaci\u00f3n de toda forma de violencia contra la mujer - BLG Noticias","robots":{"index":"index","follow":"follow","max-snippet":"max-snippet:-1","max-image-preview":"max-image-preview:large","max-video-preview":"max-video-preview:-1"},"canonical":"https:\/\/blgnoticiassantodomingo.net\/index.php\/2020\/11\/25\/adn-enciende-luces-naranja-en-ocasion-del-dia-de-la-eliminacion-de-toda-forma-de-violencia-contra-la-mujer\/","og_locale":"es_ES","og_type":"article","og_title":"ADN enciende luces naranja en ocasi\u00f3n del D\u00eda de la eliminaci\u00f3n de toda forma de violencia contra la mujer - BLG Noticias","og_description":"Alcaldesa Carolina Mej\u00eda destac\u00f3 legado hist\u00f3rico de las Hermanas Mirabal Santo Domingo, D.N.- La alcaldesa del Distrito Nacional Carolina Mej\u00eda encabez\u00f3 el acto de encendido de luces naranjas al conmemorarse este mi\u00e9rcoles 25 el D\u00eda Internacional de la Eliminaci\u00f3n de la Violencia contra la Mujer. En medio del emotivo acto, las luces naranjas iluminaron el [&hellip;]","og_url":"https:\/\/blgnoticiassantodomingo.net\/index.php\/2020\/11\/25\/adn-enciende-luces-naranja-en-ocasion-del-dia-de-la-eliminacion-de-toda-forma-de-violencia-contra-la-mujer\/","og_site_name":"BLG Noticias","article_publisher":"https:\/\/web.facebook.com\/BlgNoticias\/?locale=es_LA&_rdc=1&_rdr","article_published_time":"2020-11-25T14:12:00+00:00","article_modified_time":"2020-11-25T14:12:01+00:00","og_image":[{"width":1072,"height":715,"url":"https:\/\/blgnoticiassantodomingo.net\/wp-content\/uploads\/2020\/11\/20201125_100504.jpg","type":"image\/jpeg"}],"author":"Brenda Guerrero","twitter_card":"summary_large_image","twitter_creator":"@BlgNoticias","twitter_site":"@BlgNoticias","twitter_misc":{"Escrito por":"Brenda Guerrero","Tiempo de lectura":"2 minutos"},"schema":{"@context":"https:\/\/schema.org","@graph":[{"@type":"Article","@id":"https:\/\/blgnoticiassantodomingo.net\/index.php\/2020\/11\/25\/adn-enciende-luces-naranja-en-ocasion-del-dia-de-la-eliminacion-de-toda-forma-de-violencia-contra-la-mujer\/#article","isPartOf":{"@id":"https:\/\/blgnoticiassantodomingo.net\/index.php\/2020\/11\/25\/adn-enciende-luces-naranja-en-ocasion-del-dia-de-la-eliminacion-de-toda-forma-de-violencia-contra-la-mujer\/"},"author":{"name":"Brenda Guerrero","@id":"https:\/\/blgnoticiassantodomingo.net\/#\/schema\/person\/e2fc21cf88acc63dbd134be981bff374"},"headline":"ADN enciende luces naranja en ocasi\u00f3n del D\u00eda de la eliminaci\u00f3n de toda forma de violencia contra la mujer","datePublished":"2020-11-25T14:12:00+00:00","dateModified":"2020-11-25T14:12:01+00:00","mainEntityOfPage":{"@id":"https:\/\/blgnoticiassantodomingo.net\/index.php\/2020\/11\/25\/adn-enciende-luces-naranja-en-ocasion-del-dia-de-la-eliminacion-de-toda-forma-de-violencia-contra-la-mujer\/"},"wordCount":517,"commentCount":0,"publisher":{"@id":"https:\/\/blgnoticiassantodomingo.net\/#organization"},"image":{"@id":"https:\/\/blgnoticiassantodomingo.net\/index.php\/2020\/11\/25\/adn-enciende-luces-naranja-en-ocasion-del-dia-de-la-eliminacion-de-toda-forma-de-violencia-contra-la-mujer\/#primaryimage"},"thumbnailUrl":"https:\/\/blgnoticiassantodomingo.net\/wp-content\/uploads\/2020\/11\/20201125_100504.jpg","keywords":["Carolina Mejia","violencia contra la mujer"],"articleSection":["Nacionales"],"inLanguage":"es","potentialAction":[{"@type":"CommentAction","name":"Comment","target":["https:\/\/blgnoticiassantodomingo.net\/index.php\/2020\/11\/25\/adn-enciende-luces-naranja-en-ocasion-del-dia-de-la-eliminacion-de-toda-forma-de-violencia-contra-la-mujer\/#respond"]}]},{"@type":"WebPage","@id":"https:\/\/blgnoticiassantodomingo.net\/index.php\/2020\/11\/25\/adn-enciende-luces-naranja-en-ocasion-del-dia-de-la-eliminacion-de-toda-forma-de-violencia-contra-la-mujer\/","url":"https:\/\/blgnoticiassantodomingo.net\/index.php\/2020\/11\/25\/adn-enciende-luces-naranja-en-ocasion-del-dia-de-la-eliminacion-de-toda-forma-de-violencia-contra-la-mujer\/","name":"ADN enciende luces naranja en ocasi\u00f3n del D\u00eda de la eliminaci\u00f3n de toda forma de violencia contra la mujer - BLG Noticias","isPartOf":{"@id":"https:\/\/blgnoticiassantodomingo.net\/#website"},"primaryImageOfPage":{"@id":"https:\/\/blgnoticiassantodomingo.net\/index.php\/2020\/11\/25\/adn-enciende-luces-naranja-en-ocasion-del-dia-de-la-eliminacion-de-toda-forma-de-violencia-contra-la-mujer\/#primaryimage"},"image":{"@id":"https:\/\/blgnoticiassantodomingo.net\/index.php\/2020\/11\/25\/adn-enciende-luces-naranja-en-ocasion-del-dia-de-la-eliminacion-de-toda-forma-de-violencia-contra-la-mujer\/#primaryimage"},"thumbnailUrl":"https:\/\/blgnoticiassantodomingo.net\/wp-content\/uploads\/2020\/11\/20201125_100504.jpg","datePublished":"2020-11-25T14:12:00+00:00","dateModified":"2020-11-25T14:12:01+00:00","breadcrumb":{"@id":"https:\/\/blgnoticiassantodomingo.net\/index.php\/2020\/11\/25\/adn-enciende-luces-naranja-en-ocasion-del-dia-de-la-eliminacion-de-toda-forma-de-violencia-contra-la-mujer\/#breadcrumb"},"inLanguage":"es","potentialAction":[{"@type":"ReadAction","target":["https:\/\/blgnoticiassantodomingo.net\/index.php\/2020\/11\/25\/adn-enciende-luces-naranja-en-ocasion-del-dia-de-la-eliminacion-de-toda-forma-de-violencia-contra-la-mujer\/"]}]},{"@type":"ImageObject","inLanguage":"es","@id":"https:\/\/blgnoticiassantodomingo.net\/index.php\/2020\/11\/25\/adn-enciende-luces-naranja-en-ocasion-del-dia-de-la-eliminacion-de-toda-forma-de-violencia-contra-la-mujer\/#primaryimage","url":"https:\/\/blgnoticiassantodomingo.net\/wp-content\/uploads\/2020\/11\/20201125_100504.jpg","contentUrl":"https:\/\/blgnoticiassantodomingo.net\/wp-content\/uploads\/2020\/11\/20201125_100504.jpg","width":1072,"height":715},{"@type":"BreadcrumbList","@id":"https:\/\/blgnoticiassantodomingo.net\/index.php\/2020\/11\/25\/adn-enciende-luces-naranja-en-ocasion-del-dia-de-la-eliminacion-de-toda-forma-de-violencia-contra-la-mujer\/#breadcrumb","itemListElement":[{"@type":"ListItem","position":1,"name":"Portada","item":"https:\/\/blgnoticiassantodomingo.net\/"},{"@type":"ListItem","position":2,"name":"ADN enciende luces naranja en ocasi\u00f3n del D\u00eda de la eliminaci\u00f3n de toda forma de violencia contra la mujer"}]},{"@type":"WebSite","@id":"https:\/\/blgnoticiassantodomingo.net\/#website","url":"https:\/\/blgnoticiassantodomingo.net\/","name":"BLG Noticias","description":"Esto es Noticias","publisher":{"@id":"https:\/\/blgnoticiassantodomingo.net\/#organization"},"potentialAction":[{"@type":"SearchAction","target":{"@type":"EntryPoint","urlTemplate":"https:\/\/blgnoticiassantodomingo.net\/?s={search_term_string}"},"query-input":{"@type":"PropertyValueSpecification","valueRequired":true,"valueName":"search_term_string"}}],"inLanguage":"es"},{"@type":"Organization","@id":"https:\/\/blgnoticiassantodomingo.net\/#organization","name":"BLG Noticias","url":"https:\/\/blgnoticiassantodomingo.net\/","logo":{"@type":"ImageObject","inLanguage":"es","@id":"https:\/\/blgnoticiassantodomingo.net\/#\/schema\/logo\/image\/","url":"https:\/\/blgnoticiassantodomingo.net\/wp-content\/uploads\/2023\/12\/Diseno-sin-titulo-3.jpg","contentUrl":"https:\/\/blgnoticiassantodomingo.net\/wp-content\/uploads\/2023\/12\/Diseno-sin-titulo-3.jpg","width":500,"height":500,"caption":"BLG Noticias"},"image":{"@id":"https:\/\/blgnoticiassantodomingo.net\/#\/schema\/logo\/image\/"},"sameAs":["https:\/\/web.facebook.com\/BlgNoticias\/?locale=es_LA&_rdc=1&_rdr","https:\/\/x.com\/BlgNoticias","https:\/\/www.linkedin.com\/in\/brenda-l-santana-aa846279\/"]},{"@type":"Person","@id":"https:\/\/blgnoticiassantodomingo.net\/#\/schema\/person\/e2fc21cf88acc63dbd134be981bff374","name":"Brenda Guerrero","image":{"@type":"ImageObject","inLanguage":"es","@id":"https:\/\/blgnoticiassantodomingo.net\/#\/schema\/person\/image\/","url":"https:\/\/secure.gravatar.com\/avatar\/2f7fc4c3e3655be1580cb684bfd8ab19be702ae20879da1e072021daa02f9b8b?s=96&d=wp_user_avatar&r=g","contentUrl":"https:\/\/secure.gravatar.com\/avatar\/2f7fc4c3e3655be1580cb684bfd8ab19be702ae20879da1e072021daa02f9b8b?s=96&d=wp_user_avatar&r=g","caption":"Brenda Guerrero"},"description":"Periodista","url":"https:\/\/blgnoticiassantodomingo.net\/index.php\/author\/brenda-guerrero\/"}]}},"jetpack_featured_media_url":"https:\/\/blgnoticiassantodomingo.net\/wp-content\/uploads\/2020\/11\/20201125_100504.jpg","_links":{"self":[{"href":"https:\/\/blgnoticiassantodomingo.net\/index.php\/wp-json\/wp\/v2\/posts\/21953","targetHints":{"allow":["GET"]}}],"collection":[{"href":"https:\/\/blgnoticiassantodomingo.net\/index.php\/wp-json\/wp\/v2\/posts"}],"about":[{"href":"https:\/\/blgnoticiassantodomingo.net\/index.php\/wp-json\/wp\/v2\/types\/post"}],"author":[{"embeddable":true,"href":"https:\/\/blgnoticiassantodomingo.net\/index.php\/wp-json\/wp\/v2\/users\/2"}],"replies":[{"embeddable":true,"href":"https:\/\/blgnoticiassantodomingo.net\/index.php\/wp-json\/wp\/v2\/comments?post=21953"}],"version-history":[{"count":1,"href":"https:\/\/blgnoticiassantodomingo.net\/index.php\/wp-json\/wp\/v2\/posts\/21953\/revisions"}],"predecessor-version":[{"id":21957,"href":"https:\/\/blgnoticiassantodomingo.net\/index.php\/wp-json\/wp\/v2\/posts\/21953\/revisions\/21957"}],"wp:featuredmedia":[{"embeddable":true,"href":"https:\/\/blgnoticiassantodomingo.net\/index.php\/wp-json\/wp\/v2\/media\/21954"}],"wp:attachment":[{"href":"https:\/\/blgnoticiassantodomingo.net\/index.php\/wp-json\/wp\/v2\/media?parent=21953"}],"wp:term":[{"taxonomy":"category","embeddable":true,"href":"https:\/\/blgnoticiassantodomingo.net\/index.php\/wp-json\/wp\/v2\/categories?post=21953"},{"taxonomy":"post_tag","embeddable":true,"href":"https:\/\/blgnoticiassantodomingo.net\/index.php\/wp-json\/wp\/v2\/tags?post=21953"}],"curies":[{"name":"wp","href":"https:\/\/api.w.org\/{rel}","templated":true}]}}