{"id":21942,"date":"2020-11-25T12:41:49","date_gmt":"2020-11-25T12:41:49","guid":{"rendered":"http:\/\/blgnoticiassantodomingo.net\/?p=21942"},"modified":"2020-11-25T12:43:25","modified_gmt":"2020-11-25T12:43:25","slug":"respuesta-de-luis-abinader-a-quienes-le-piden-bajar-intensidad-de-trabajo-para-cuidar-su-salud","status":"publish","type":"post","link":"https:\/\/blgnoticiassantodomingo.net\/index.php\/2020\/11\/25\/respuesta-de-luis-abinader-a-quienes-le-piden-bajar-intensidad-de-trabajo-para-cuidar-su-salud\/","title":{"rendered":"Respuesta de Luis Abinader a quienes le piden bajar intensidad de trabajo para cuidar su salud"},"content":{"rendered":"\n<p>El presidente Luis Abinader manifest\u00f3 que se encuentra en buen estado de salud para realizar las visitas que hace todos los fines de semana a diferentes provincias del pa\u00eds.<\/p>\n\n\n\n<p>En respuesta a la preocupaci\u00f3n externada por el expresidente Hip\u00f3lito Mej\u00eda sobre la intensidad de su trabajo, el primer mandatario expres\u00f3: \u201cEs que don Hip\u00f3lito Mej\u00eda me quiere mucho\u201d, \u201csi es por intensidad de trabajo Hip\u00f3lito no puede hablar mucho\u201d, dijo de manera jocosa.<\/p>\n\n\n\n<p><em>&nbsp;\u201cEse ha sido mi estilo de trabajo siempre, gracias a Dios estoy en buena salud y lo puedo hacer\u201d,<\/em>&nbsp;explic\u00f3 al se\u00f1alar que aunque no lleve soluciones contundentes en cada visita que realiza en las pueblo, a la gente le gusta recibir la visita de su presidente y que \u00e9ste conozca de primera mano los problemas que les afecta.<\/p>\n\n\n\n<p>Abinader aprovech\u00f3 el cuestionamiento para anunciar que este viernes estar\u00e1 en Salcedo para asistir al acto conmemorativo por el 60 aniversario del asesinato de las hermanas Mirabal y el D\u00eda Internacional de la No Violencia contra la Mujer. Finalizado este acto realizar\u00e1 varias actividades en la provincia.<\/p>\n\n\n\n<p>Inform\u00f3, adem\u00e1s, que este viernes estar\u00e1 en la provincia La Altagracia, el s\u00e1bado ir\u00e1 a la Romana y el domingo encabezar\u00e1 el acto un acto de graduaci\u00f3n de \u00a0las Fuerzas Armadas en la comunidad de Guerra.<\/p>\n\n\n\n<p><\/p>\n\n\n\n<figure class=\"wp-block-embed-youtube wp-block-embed is-type-video is-provider-youtube wp-embed-aspect-16-9 wp-has-aspect-ratio\"><div class=\"wp-block-embed__wrapper\">\n<iframe loading=\"lazy\" title=\"Programa Especial 100 d\u00edas de Gobierno\" width=\"696\" height=\"392\" src=\"https:\/\/www.youtube.com\/embed\/xlEWbnWFpC0?feature=oembed&#038;enablejsapi=1\" frameborder=\"0\" allow=\"accelerometer; autoplay; clipboard-write; encrypted-media; gyroscope; picture-in-picture; web-share\" referrerpolicy=\"strict-origin-when-cross-origin\" allowfullscreen><\/iframe>\n<\/div><\/figure>\n\n\n\n<p>PorJosefina Medina<\/p>\n","protected":false},"excerpt":{"rendered":"<p>El presidente Luis Abinader manifest\u00f3 que se encuentra en buen estado de salud para realizar las visitas que hace todos los fines de semana a diferentes provincias del pa\u00eds. En respuesta a la preocupaci\u00f3n externada por el expresidente Hip\u00f3lito Mej\u00eda sobre la intensidad de su trabajo, el primer mandatario expres\u00f3: \u201cEs que don Hip\u00f3lito Mej\u00eda [&hellip;]<\/p>\n","protected":false},"author":2,"featured_media":21943,"comment_status":"open","ping_status":"open","sticky":false,"template":"","format":"standard","meta":{"footnotes":""},"categories":[220],"tags":[618,354,276],"class_list":{"0":"post-21942","1":"post","2":"type-post","3":"status-publish","4":"format-standard","5":"has-post-thumbnail","7":"category-nacionales","8":"tag-hipolito-mejia-2","9":"tag-luis-abinader","10":"tag-salud"},"yoast_head":"<!-- This site is optimized with the Yoast SEO plugin v24.9 - https:\/\/yoast.com\/wordpress\/plugins\/seo\/ -->\n<title>Respuesta de Luis Abinader a quienes le piden bajar intensidad de trabajo para cuidar su salud - BLG Noticias<\/title>\n<meta name=\"robots\" content=\"index, follow, max-snippet:-1, max-image-preview:large, max-video-preview:-1\" \/>\n<link rel=\"canonical\" href=\"https:\/\/blgnoticiassantodomingo.net\/index.php\/2020\/11\/25\/respuesta-de-luis-abinader-a-quienes-le-piden-bajar-intensidad-de-trabajo-para-cuidar-su-salud\/\" \/>\n<meta property=\"og:locale\" content=\"es_ES\" \/>\n<meta property=\"og:type\" content=\"article\" \/>\n<meta property=\"og:title\" content=\"Respuesta de Luis Abinader a quienes le piden bajar intensidad de trabajo para cuidar su salud - BLG Noticias\" \/>\n<meta property=\"og:description\" content=\"El presidente Luis Abinader manifest\u00f3 que se encuentra en buen estado de salud para realizar las visitas que hace todos los fines de semana a diferentes provincias del pa\u00eds. En respuesta a la preocupaci\u00f3n externada por el expresidente Hip\u00f3lito Mej\u00eda sobre la intensidad de su trabajo, el primer mandatario expres\u00f3: \u201cEs que don Hip\u00f3lito Mej\u00eda [&hellip;]\" \/>\n<meta property=\"og:url\" content=\"https:\/\/blgnoticiassantodomingo.net\/index.php\/2020\/11\/25\/respuesta-de-luis-abinader-a-quienes-le-piden-bajar-intensidad-de-trabajo-para-cuidar-su-salud\/\" \/>\n<meta property=\"og:site_name\" content=\"BLG Noticias\" \/>\n<meta property=\"article:publisher\" content=\"https:\/\/web.facebook.com\/BlgNoticias\/?locale=es_LA&amp;_rdc=1&amp;_rdr\" \/>\n<meta property=\"article:published_time\" content=\"2020-11-25T12:41:49+00:00\" \/>\n<meta property=\"article:modified_time\" content=\"2020-11-25T12:43:25+00:00\" \/>\n<meta property=\"og:image\" content=\"https:\/\/blgnoticiassantodomingo.net\/wp-content\/uploads\/2020\/11\/7A_El-Pais_21_3p01.jpg\" \/>\n\t<meta property=\"og:image:width\" content=\"930\" \/>\n\t<meta property=\"og:image:height\" content=\"896\" \/>\n\t<meta property=\"og:image:type\" content=\"image\/jpeg\" \/>\n<meta name=\"author\" content=\"Brenda Guerrero\" \/>\n<meta name=\"twitter:card\" content=\"summary_large_image\" \/>\n<meta name=\"twitter:creator\" content=\"@BlgNoticias\" \/>\n<meta name=\"twitter:site\" content=\"@BlgNoticias\" \/>\n<meta name=\"twitter:label1\" content=\"Escrito por\" \/>\n\t<meta name=\"twitter:data1\" content=\"Brenda Guerrero\" \/>\n\t<meta name=\"twitter:label2\" content=\"Tiempo de lectura\" \/>\n\t<meta name=\"twitter:data2\" content=\"1 minuto\" \/>\n<script type=\"application\/ld+json\" class=\"yoast-schema-graph\">{\"@context\":\"https:\/\/schema.org\",\"@graph\":[{\"@type\":\"Article\",\"@id\":\"https:\/\/blgnoticiassantodomingo.net\/index.php\/2020\/11\/25\/respuesta-de-luis-abinader-a-quienes-le-piden-bajar-intensidad-de-trabajo-para-cuidar-su-salud\/#article\",\"isPartOf\":{\"@id\":\"https:\/\/blgnoticiassantodomingo.net\/index.php\/2020\/11\/25\/respuesta-de-luis-abinader-a-quienes-le-piden-bajar-intensidad-de-trabajo-para-cuidar-su-salud\/\"},\"author\":{\"name\":\"Brenda Guerrero\",\"@id\":\"https:\/\/blgnoticiassantodomingo.net\/#\/schema\/person\/e2fc21cf88acc63dbd134be981bff374\"},\"headline\":\"Respuesta de Luis Abinader a quienes le piden bajar intensidad de trabajo para cuidar su salud\",\"datePublished\":\"2020-11-25T12:41:49+00:00\",\"dateModified\":\"2020-11-25T12:43:25+00:00\",\"mainEntityOfPage\":{\"@id\":\"https:\/\/blgnoticiassantodomingo.net\/index.php\/2020\/11\/25\/respuesta-de-luis-abinader-a-quienes-le-piden-bajar-intensidad-de-trabajo-para-cuidar-su-salud\/\"},\"wordCount\":250,\"commentCount\":0,\"publisher\":{\"@id\":\"https:\/\/blgnoticiassantodomingo.net\/#organization\"},\"image\":{\"@id\":\"https:\/\/blgnoticiassantodomingo.net\/index.php\/2020\/11\/25\/respuesta-de-luis-abinader-a-quienes-le-piden-bajar-intensidad-de-trabajo-para-cuidar-su-salud\/#primaryimage\"},\"thumbnailUrl\":\"https:\/\/blgnoticiassantodomingo.net\/wp-content\/uploads\/2020\/11\/7A_El-Pais_21_3p01.jpg\",\"keywords\":[\"Hipolito Mejia\",\"Luis Abinader\",\"Salud\"],\"articleSection\":[\"Nacionales\"],\"inLanguage\":\"es\",\"potentialAction\":[{\"@type\":\"CommentAction\",\"name\":\"Comment\",\"target\":[\"https:\/\/blgnoticiassantodomingo.net\/index.php\/2020\/11\/25\/respuesta-de-luis-abinader-a-quienes-le-piden-bajar-intensidad-de-trabajo-para-cuidar-su-salud\/#respond\"]}]},{\"@type\":\"WebPage\",\"@id\":\"https:\/\/blgnoticiassantodomingo.net\/index.php\/2020\/11\/25\/respuesta-de-luis-abinader-a-quienes-le-piden-bajar-intensidad-de-trabajo-para-cuidar-su-salud\/\",\"url\":\"https:\/\/blgnoticiassantodomingo.net\/index.php\/2020\/11\/25\/respuesta-de-luis-abinader-a-quienes-le-piden-bajar-intensidad-de-trabajo-para-cuidar-su-salud\/\",\"name\":\"Respuesta de Luis Abinader a quienes le piden bajar intensidad de trabajo para cuidar su salud - BLG Noticias\",\"isPartOf\":{\"@id\":\"https:\/\/blgnoticiassantodomingo.net\/#website\"},\"primaryImageOfPage\":{\"@id\":\"https:\/\/blgnoticiassantodomingo.net\/index.php\/2020\/11\/25\/respuesta-de-luis-abinader-a-quienes-le-piden-bajar-intensidad-de-trabajo-para-cuidar-su-salud\/#primaryimage\"},\"image\":{\"@id\":\"https:\/\/blgnoticiassantodomingo.net\/index.php\/2020\/11\/25\/respuesta-de-luis-abinader-a-quienes-le-piden-bajar-intensidad-de-trabajo-para-cuidar-su-salud\/#primaryimage\"},\"thumbnailUrl\":\"https:\/\/blgnoticiassantodomingo.net\/wp-content\/uploads\/2020\/11\/7A_El-Pais_21_3p01.jpg\",\"datePublished\":\"2020-11-25T12:41:49+00:00\",\"dateModified\":\"2020-11-25T12:43:25+00:00\",\"breadcrumb\":{\"@id\":\"https:\/\/blgnoticiassantodomingo.net\/index.php\/2020\/11\/25\/respuesta-de-luis-abinader-a-quienes-le-piden-bajar-intensidad-de-trabajo-para-cuidar-su-salud\/#breadcrumb\"},\"inLanguage\":\"es\",\"potentialAction\":[{\"@type\":\"ReadAction\",\"target\":[\"https:\/\/blgnoticiassantodomingo.net\/index.php\/2020\/11\/25\/respuesta-de-luis-abinader-a-quienes-le-piden-bajar-intensidad-de-trabajo-para-cuidar-su-salud\/\"]}]},{\"@type\":\"ImageObject\",\"inLanguage\":\"es\",\"@id\":\"https:\/\/blgnoticiassantodomingo.net\/index.php\/2020\/11\/25\/respuesta-de-luis-abinader-a-quienes-le-piden-bajar-intensidad-de-trabajo-para-cuidar-su-salud\/#primaryimage\",\"url\":\"https:\/\/blgnoticiassantodomingo.net\/wp-content\/uploads\/2020\/11\/7A_El-Pais_21_3p01.jpg\",\"contentUrl\":\"https:\/\/blgnoticiassantodomingo.net\/wp-content\/uploads\/2020\/11\/7A_El-Pais_21_3p01.jpg\",\"width\":930,\"height\":896},{\"@type\":\"BreadcrumbList\",\"@id\":\"https:\/\/blgnoticiassantodomingo.net\/index.php\/2020\/11\/25\/respuesta-de-luis-abinader-a-quienes-le-piden-bajar-intensidad-de-trabajo-para-cuidar-su-salud\/#breadcrumb\",\"itemListElement\":[{\"@type\":\"ListItem\",\"position\":1,\"name\":\"Portada\",\"item\":\"https:\/\/blgnoticiassantodomingo.net\/\"},{\"@type\":\"ListItem\",\"position\":2,\"name\":\"Respuesta de Luis Abinader a quienes le piden bajar intensidad de trabajo para cuidar su salud\"}]},{\"@type\":\"WebSite\",\"@id\":\"https:\/\/blgnoticiassantodomingo.net\/#website\",\"url\":\"https:\/\/blgnoticiassantodomingo.net\/\",\"name\":\"BLG Noticias\",\"description\":\"Esto es Noticias\",\"publisher\":{\"@id\":\"https:\/\/blgnoticiassantodomingo.net\/#organization\"},\"potentialAction\":[{\"@type\":\"SearchAction\",\"target\":{\"@type\":\"EntryPoint\",\"urlTemplate\":\"https:\/\/blgnoticiassantodomingo.net\/?s={search_term_string}\"},\"query-input\":{\"@type\":\"PropertyValueSpecification\",\"valueRequired\":true,\"valueName\":\"search_term_string\"}}],\"inLanguage\":\"es\"},{\"@type\":\"Organization\",\"@id\":\"https:\/\/blgnoticiassantodomingo.net\/#organization\",\"name\":\"BLG Noticias\",\"url\":\"https:\/\/blgnoticiassantodomingo.net\/\",\"logo\":{\"@type\":\"ImageObject\",\"inLanguage\":\"es\",\"@id\":\"https:\/\/blgnoticiassantodomingo.net\/#\/schema\/logo\/image\/\",\"url\":\"https:\/\/blgnoticiassantodomingo.net\/wp-content\/uploads\/2023\/12\/Diseno-sin-titulo-3.jpg\",\"contentUrl\":\"https:\/\/blgnoticiassantodomingo.net\/wp-content\/uploads\/2023\/12\/Diseno-sin-titulo-3.jpg\",\"width\":500,\"height\":500,\"caption\":\"BLG Noticias\"},\"image\":{\"@id\":\"https:\/\/blgnoticiassantodomingo.net\/#\/schema\/logo\/image\/\"},\"sameAs\":[\"https:\/\/web.facebook.com\/BlgNoticias\/?locale=es_LA&_rdc=1&_rdr\",\"https:\/\/x.com\/BlgNoticias\",\"https:\/\/www.linkedin.com\/in\/brenda-l-santana-aa846279\/\"]},{\"@type\":\"Person\",\"@id\":\"https:\/\/blgnoticiassantodomingo.net\/#\/schema\/person\/e2fc21cf88acc63dbd134be981bff374\",\"name\":\"Brenda Guerrero\",\"image\":{\"@type\":\"ImageObject\",\"inLanguage\":\"es\",\"@id\":\"https:\/\/blgnoticiassantodomingo.net\/#\/schema\/person\/image\/\",\"url\":\"https:\/\/secure.gravatar.com\/avatar\/2f7fc4c3e3655be1580cb684bfd8ab19be702ae20879da1e072021daa02f9b8b?s=96&d=wp_user_avatar&r=g\",\"contentUrl\":\"https:\/\/secure.gravatar.com\/avatar\/2f7fc4c3e3655be1580cb684bfd8ab19be702ae20879da1e072021daa02f9b8b?s=96&d=wp_user_avatar&r=g\",\"caption\":\"Brenda Guerrero\"},\"description\":\"Periodista\",\"url\":\"https:\/\/blgnoticiassantodomingo.net\/index.php\/author\/brenda-guerrero\/\"}]}<\/script>\n<!-- \/ Yoast SEO plugin. -->","yoast_head_json":{"title":"Respuesta de Luis Abinader a quienes le piden bajar intensidad de trabajo para cuidar su salud - BLG Noticias","robots":{"index":"index","follow":"follow","max-snippet":"max-snippet:-1","max-image-preview":"max-image-preview:large","max-video-preview":"max-video-preview:-1"},"canonical":"https:\/\/blgnoticiassantodomingo.net\/index.php\/2020\/11\/25\/respuesta-de-luis-abinader-a-quienes-le-piden-bajar-intensidad-de-trabajo-para-cuidar-su-salud\/","og_locale":"es_ES","og_type":"article","og_title":"Respuesta de Luis Abinader a quienes le piden bajar intensidad de trabajo para cuidar su salud - BLG Noticias","og_description":"El presidente Luis Abinader manifest\u00f3 que se encuentra en buen estado de salud para realizar las visitas que hace todos los fines de semana a diferentes provincias del pa\u00eds. En respuesta a la preocupaci\u00f3n externada por el expresidente Hip\u00f3lito Mej\u00eda sobre la intensidad de su trabajo, el primer mandatario expres\u00f3: \u201cEs que don Hip\u00f3lito Mej\u00eda [&hellip;]","og_url":"https:\/\/blgnoticiassantodomingo.net\/index.php\/2020\/11\/25\/respuesta-de-luis-abinader-a-quienes-le-piden-bajar-intensidad-de-trabajo-para-cuidar-su-salud\/","og_site_name":"BLG Noticias","article_publisher":"https:\/\/web.facebook.com\/BlgNoticias\/?locale=es_LA&_rdc=1&_rdr","article_published_time":"2020-11-25T12:41:49+00:00","article_modified_time":"2020-11-25T12:43:25+00:00","og_image":[{"width":930,"height":896,"url":"https:\/\/blgnoticiassantodomingo.net\/wp-content\/uploads\/2020\/11\/7A_El-Pais_21_3p01.jpg","type":"image\/jpeg"}],"author":"Brenda Guerrero","twitter_card":"summary_large_image","twitter_creator":"@BlgNoticias","twitter_site":"@BlgNoticias","twitter_misc":{"Escrito por":"Brenda Guerrero","Tiempo de lectura":"1 minuto"},"schema":{"@context":"https:\/\/schema.org","@graph":[{"@type":"Article","@id":"https:\/\/blgnoticiassantodomingo.net\/index.php\/2020\/11\/25\/respuesta-de-luis-abinader-a-quienes-le-piden-bajar-intensidad-de-trabajo-para-cuidar-su-salud\/#article","isPartOf":{"@id":"https:\/\/blgnoticiassantodomingo.net\/index.php\/2020\/11\/25\/respuesta-de-luis-abinader-a-quienes-le-piden-bajar-intensidad-de-trabajo-para-cuidar-su-salud\/"},"author":{"name":"Brenda Guerrero","@id":"https:\/\/blgnoticiassantodomingo.net\/#\/schema\/person\/e2fc21cf88acc63dbd134be981bff374"},"headline":"Respuesta de Luis Abinader a quienes le piden bajar intensidad de trabajo para cuidar su salud","datePublished":"2020-11-25T12:41:49+00:00","dateModified":"2020-11-25T12:43:25+00:00","mainEntityOfPage":{"@id":"https:\/\/blgnoticiassantodomingo.net\/index.php\/2020\/11\/25\/respuesta-de-luis-abinader-a-quienes-le-piden-bajar-intensidad-de-trabajo-para-cuidar-su-salud\/"},"wordCount":250,"commentCount":0,"publisher":{"@id":"https:\/\/blgnoticiassantodomingo.net\/#organization"},"image":{"@id":"https:\/\/blgnoticiassantodomingo.net\/index.php\/2020\/11\/25\/respuesta-de-luis-abinader-a-quienes-le-piden-bajar-intensidad-de-trabajo-para-cuidar-su-salud\/#primaryimage"},"thumbnailUrl":"https:\/\/blgnoticiassantodomingo.net\/wp-content\/uploads\/2020\/11\/7A_El-Pais_21_3p01.jpg","keywords":["Hipolito Mejia","Luis Abinader","Salud"],"articleSection":["Nacionales"],"inLanguage":"es","potentialAction":[{"@type":"CommentAction","name":"Comment","target":["https:\/\/blgnoticiassantodomingo.net\/index.php\/2020\/11\/25\/respuesta-de-luis-abinader-a-quienes-le-piden-bajar-intensidad-de-trabajo-para-cuidar-su-salud\/#respond"]}]},{"@type":"WebPage","@id":"https:\/\/blgnoticiassantodomingo.net\/index.php\/2020\/11\/25\/respuesta-de-luis-abinader-a-quienes-le-piden-bajar-intensidad-de-trabajo-para-cuidar-su-salud\/","url":"https:\/\/blgnoticiassantodomingo.net\/index.php\/2020\/11\/25\/respuesta-de-luis-abinader-a-quienes-le-piden-bajar-intensidad-de-trabajo-para-cuidar-su-salud\/","name":"Respuesta de Luis Abinader a quienes le piden bajar intensidad de trabajo para cuidar su salud - BLG Noticias","isPartOf":{"@id":"https:\/\/blgnoticiassantodomingo.net\/#website"},"primaryImageOfPage":{"@id":"https:\/\/blgnoticiassantodomingo.net\/index.php\/2020\/11\/25\/respuesta-de-luis-abinader-a-quienes-le-piden-bajar-intensidad-de-trabajo-para-cuidar-su-salud\/#primaryimage"},"image":{"@id":"https:\/\/blgnoticiassantodomingo.net\/index.php\/2020\/11\/25\/respuesta-de-luis-abinader-a-quienes-le-piden-bajar-intensidad-de-trabajo-para-cuidar-su-salud\/#primaryimage"},"thumbnailUrl":"https:\/\/blgnoticiassantodomingo.net\/wp-content\/uploads\/2020\/11\/7A_El-Pais_21_3p01.jpg","datePublished":"2020-11-25T12:41:49+00:00","dateModified":"2020-11-25T12:43:25+00:00","breadcrumb":{"@id":"https:\/\/blgnoticiassantodomingo.net\/index.php\/2020\/11\/25\/respuesta-de-luis-abinader-a-quienes-le-piden-bajar-intensidad-de-trabajo-para-cuidar-su-salud\/#breadcrumb"},"inLanguage":"es","potentialAction":[{"@type":"ReadAction","target":["https:\/\/blgnoticiassantodomingo.net\/index.php\/2020\/11\/25\/respuesta-de-luis-abinader-a-quienes-le-piden-bajar-intensidad-de-trabajo-para-cuidar-su-salud\/"]}]},{"@type":"ImageObject","inLanguage":"es","@id":"https:\/\/blgnoticiassantodomingo.net\/index.php\/2020\/11\/25\/respuesta-de-luis-abinader-a-quienes-le-piden-bajar-intensidad-de-trabajo-para-cuidar-su-salud\/#primaryimage","url":"https:\/\/blgnoticiassantodomingo.net\/wp-content\/uploads\/2020\/11\/7A_El-Pais_21_3p01.jpg","contentUrl":"https:\/\/blgnoticiassantodomingo.net\/wp-content\/uploads\/2020\/11\/7A_El-Pais_21_3p01.jpg","width":930,"height":896},{"@type":"BreadcrumbList","@id":"https:\/\/blgnoticiassantodomingo.net\/index.php\/2020\/11\/25\/respuesta-de-luis-abinader-a-quienes-le-piden-bajar-intensidad-de-trabajo-para-cuidar-su-salud\/#breadcrumb","itemListElement":[{"@type":"ListItem","position":1,"name":"Portada","item":"https:\/\/blgnoticiassantodomingo.net\/"},{"@type":"ListItem","position":2,"name":"Respuesta de Luis Abinader a quienes le piden bajar intensidad de trabajo para cuidar su salud"}]},{"@type":"WebSite","@id":"https:\/\/blgnoticiassantodomingo.net\/#website","url":"https:\/\/blgnoticiassantodomingo.net\/","name":"BLG Noticias","description":"Esto es Noticias","publisher":{"@id":"https:\/\/blgnoticiassantodomingo.net\/#organization"},"potentialAction":[{"@type":"SearchAction","target":{"@type":"EntryPoint","urlTemplate":"https:\/\/blgnoticiassantodomingo.net\/?s={search_term_string}"},"query-input":{"@type":"PropertyValueSpecification","valueRequired":true,"valueName":"search_term_string"}}],"inLanguage":"es"},{"@type":"Organization","@id":"https:\/\/blgnoticiassantodomingo.net\/#organization","name":"BLG Noticias","url":"https:\/\/blgnoticiassantodomingo.net\/","logo":{"@type":"ImageObject","inLanguage":"es","@id":"https:\/\/blgnoticiassantodomingo.net\/#\/schema\/logo\/image\/","url":"https:\/\/blgnoticiassantodomingo.net\/wp-content\/uploads\/2023\/12\/Diseno-sin-titulo-3.jpg","contentUrl":"https:\/\/blgnoticiassantodomingo.net\/wp-content\/uploads\/2023\/12\/Diseno-sin-titulo-3.jpg","width":500,"height":500,"caption":"BLG Noticias"},"image":{"@id":"https:\/\/blgnoticiassantodomingo.net\/#\/schema\/logo\/image\/"},"sameAs":["https:\/\/web.facebook.com\/BlgNoticias\/?locale=es_LA&_rdc=1&_rdr","https:\/\/x.com\/BlgNoticias","https:\/\/www.linkedin.com\/in\/brenda-l-santana-aa846279\/"]},{"@type":"Person","@id":"https:\/\/blgnoticiassantodomingo.net\/#\/schema\/person\/e2fc21cf88acc63dbd134be981bff374","name":"Brenda Guerrero","image":{"@type":"ImageObject","inLanguage":"es","@id":"https:\/\/blgnoticiassantodomingo.net\/#\/schema\/person\/image\/","url":"https:\/\/secure.gravatar.com\/avatar\/2f7fc4c3e3655be1580cb684bfd8ab19be702ae20879da1e072021daa02f9b8b?s=96&d=wp_user_avatar&r=g","contentUrl":"https:\/\/secure.gravatar.com\/avatar\/2f7fc4c3e3655be1580cb684bfd8ab19be702ae20879da1e072021daa02f9b8b?s=96&d=wp_user_avatar&r=g","caption":"Brenda Guerrero"},"description":"Periodista","url":"https:\/\/blgnoticiassantodomingo.net\/index.php\/author\/brenda-guerrero\/"}]}},"jetpack_featured_media_url":"https:\/\/blgnoticiassantodomingo.net\/wp-content\/uploads\/2020\/11\/7A_El-Pais_21_3p01.jpg","_links":{"self":[{"href":"https:\/\/blgnoticiassantodomingo.net\/index.php\/wp-json\/wp\/v2\/posts\/21942","targetHints":{"allow":["GET"]}}],"collection":[{"href":"https:\/\/blgnoticiassantodomingo.net\/index.php\/wp-json\/wp\/v2\/posts"}],"about":[{"href":"https:\/\/blgnoticiassantodomingo.net\/index.php\/wp-json\/wp\/v2\/types\/post"}],"author":[{"embeddable":true,"href":"https:\/\/blgnoticiassantodomingo.net\/index.php\/wp-json\/wp\/v2\/users\/2"}],"replies":[{"embeddable":true,"href":"https:\/\/blgnoticiassantodomingo.net\/index.php\/wp-json\/wp\/v2\/comments?post=21942"}],"version-history":[{"count":2,"href":"https:\/\/blgnoticiassantodomingo.net\/index.php\/wp-json\/wp\/v2\/posts\/21942\/revisions"}],"predecessor-version":[{"id":21945,"href":"https:\/\/blgnoticiassantodomingo.net\/index.php\/wp-json\/wp\/v2\/posts\/21942\/revisions\/21945"}],"wp:featuredmedia":[{"embeddable":true,"href":"https:\/\/blgnoticiassantodomingo.net\/index.php\/wp-json\/wp\/v2\/media\/21943"}],"wp:attachment":[{"href":"https:\/\/blgnoticiassantodomingo.net\/index.php\/wp-json\/wp\/v2\/media?parent=21942"}],"wp:term":[{"taxonomy":"category","embeddable":true,"href":"https:\/\/blgnoticiassantodomingo.net\/index.php\/wp-json\/wp\/v2\/categories?post=21942"},{"taxonomy":"post_tag","embeddable":true,"href":"https:\/\/blgnoticiassantodomingo.net\/index.php\/wp-json\/wp\/v2\/tags?post=21942"}],"curies":[{"name":"wp","href":"https:\/\/api.w.org\/{rel}","templated":true}]}}