{"id":21575,"date":"2020-11-16T15:59:08","date_gmt":"2020-11-16T15:59:08","guid":{"rendered":"http:\/\/blgnoticiassantodomingo.net\/?p=21575"},"modified":"2020-11-16T15:59:09","modified_gmt":"2020-11-16T15:59:09","slug":"pr-y-el-salvador-solicitan-sede-para-juegos-centroamericanos-y-del-caribe-de-2022","status":"publish","type":"post","link":"https:\/\/blgnoticiassantodomingo.net\/index.php\/2020\/11\/16\/pr-y-el-salvador-solicitan-sede-para-juegos-centroamericanos-y-del-caribe-de-2022\/","title":{"rendered":"PR y El Salvador solicitan sede para Juegos Centroamericanos y del Caribe de 2022"},"content":{"rendered":"\n<p><strong>SANTO DOMINGO. \u2013<\/strong>&nbsp;La Organizaci\u00f3n Deportiva Centroamericana y del Caribe (Centro Caribe Sports) ha recibido la solicitud de dos ciudades para albergar los XXIV Juegos Centroamericanos y del Caribe de 2022.<\/p>\n\n\n\n<p>La informaci\u00f3n fue dada a conocer por Luis Mej\u00eda (DOM), presidente del organismo deportivo regional, este lunes 16 de noviembre.<\/p>\n\n\n\n<p>Centro Caribe Sports recibi\u00f3 hasta el 15 del presente mes, fecha l\u00edmite, las solicitudes de las ciudades de Mayag\u00fcez, Puerto Rico y San Salvador, El Salvador, con el inter\u00e9s de montar los XXIV Juegos Centroamericanos y del Caribe a efectuarse en el 2022.<\/p>\n\n\n\n<p>El presidente Mej\u00eda inform\u00f3 la designaci\u00f3n temporal de Jimena Salda\u00f1a (MEX), primera vice presidenta de la organizaci\u00f3n, como Presidenta de la Comisi\u00f3n de Futuras Sedes, en raz\u00f3n de que la titular, Sara Rosario (PUR), presidenta del Comit\u00e9 Ol\u00edmpico de Puerto Rico, tiene una postulaci\u00f3n a trav\u00e9s de la ciudad de Mayag\u00fcez.<\/p>\n\n\n\n<p>El organismo deportivo regional abri\u00f3 el proceso de postulaci\u00f3n a los pa\u00edses miembros el pasado 1 de septiembre hasta el 15 de noviembre, luego de que Panam\u00e1 desistiera del montaje de los mismos en julio pasado.<\/p>\n\n\n\n<p>En el curso de esta semana, la Comisi\u00f3n de Futuras Sedes iniciar\u00e1 la evaluaci\u00f3n a las ciudades postulantes para presentar un primer informe al Comit\u00e9 Ejecutivo de Centro Caribe Sports el pr\u00f3ximo s\u00e1bado, 21 de noviembre, en horas de la tarde.<\/p>\n","protected":false},"excerpt":{"rendered":"<p>SANTO DOMINGO. \u2013&nbsp;La Organizaci\u00f3n Deportiva Centroamericana y del Caribe (Centro Caribe Sports) ha recibido la solicitud de dos ciudades para albergar los XXIV Juegos Centroamericanos y del Caribe de 2022. La informaci\u00f3n fue dada a conocer por Luis Mej\u00eda (DOM), presidente del organismo deportivo regional, este lunes 16 de noviembre. Centro Caribe Sports recibi\u00f3 hasta [&hellip;]<\/p>\n","protected":false},"author":2,"featured_media":21576,"comment_status":"open","ping_status":"open","sticky":false,"template":"","format":"standard","meta":{"footnotes":""},"categories":[223],"tags":[4518,2222],"class_list":{"0":"post-21575","1":"post","2":"type-post","3":"status-publish","4":"format-standard","5":"has-post-thumbnail","7":"category-deportes","8":"tag-el-salvador","9":"tag-pr"},"yoast_head":"<!-- This site is optimized with the Yoast SEO plugin v24.9 - https:\/\/yoast.com\/wordpress\/plugins\/seo\/ -->\n<title>PR y El Salvador solicitan sede para Juegos Centroamericanos y del Caribe de 2022 - BLG Noticias<\/title>\n<meta name=\"robots\" content=\"index, follow, max-snippet:-1, max-image-preview:large, max-video-preview:-1\" \/>\n<link rel=\"canonical\" href=\"https:\/\/blgnoticiassantodomingo.net\/index.php\/2020\/11\/16\/pr-y-el-salvador-solicitan-sede-para-juegos-centroamericanos-y-del-caribe-de-2022\/\" \/>\n<meta property=\"og:locale\" content=\"es_ES\" \/>\n<meta property=\"og:type\" content=\"article\" \/>\n<meta property=\"og:title\" content=\"PR y El Salvador solicitan sede para Juegos Centroamericanos y del Caribe de 2022 - BLG Noticias\" \/>\n<meta property=\"og:description\" content=\"SANTO DOMINGO. \u2013&nbsp;La Organizaci\u00f3n Deportiva Centroamericana y del Caribe (Centro Caribe Sports) ha recibido la solicitud de dos ciudades para albergar los XXIV Juegos Centroamericanos y del Caribe de 2022. La informaci\u00f3n fue dada a conocer por Luis Mej\u00eda (DOM), presidente del organismo deportivo regional, este lunes 16 de noviembre. Centro Caribe Sports recibi\u00f3 hasta [&hellip;]\" \/>\n<meta property=\"og:url\" content=\"https:\/\/blgnoticiassantodomingo.net\/index.php\/2020\/11\/16\/pr-y-el-salvador-solicitan-sede-para-juegos-centroamericanos-y-del-caribe-de-2022\/\" \/>\n<meta property=\"og:site_name\" content=\"BLG Noticias\" \/>\n<meta property=\"article:publisher\" content=\"https:\/\/web.facebook.com\/BlgNoticias\/?locale=es_LA&amp;_rdc=1&amp;_rdr\" \/>\n<meta property=\"article:published_time\" content=\"2020-11-16T15:59:08+00:00\" \/>\n<meta property=\"article:modified_time\" content=\"2020-11-16T15:59:09+00:00\" \/>\n<meta property=\"og:image\" content=\"https:\/\/blgnoticiassantodomingo.net\/wp-content\/uploads\/2020\/11\/Luis-Mejia-DOM-1024x550-1.jpg\" \/>\n\t<meta property=\"og:image:width\" content=\"1024\" \/>\n\t<meta property=\"og:image:height\" content=\"550\" \/>\n\t<meta property=\"og:image:type\" content=\"image\/jpeg\" \/>\n<meta name=\"author\" content=\"Brenda Guerrero\" \/>\n<meta name=\"twitter:card\" content=\"summary_large_image\" \/>\n<meta name=\"twitter:creator\" content=\"@BlgNoticias\" \/>\n<meta name=\"twitter:site\" content=\"@BlgNoticias\" \/>\n<meta name=\"twitter:label1\" content=\"Escrito por\" \/>\n\t<meta name=\"twitter:data1\" content=\"Brenda Guerrero\" \/>\n\t<meta name=\"twitter:label2\" content=\"Tiempo de lectura\" \/>\n\t<meta name=\"twitter:data2\" content=\"1 minuto\" \/>\n<script type=\"application\/ld+json\" class=\"yoast-schema-graph\">{\"@context\":\"https:\/\/schema.org\",\"@graph\":[{\"@type\":\"Article\",\"@id\":\"https:\/\/blgnoticiassantodomingo.net\/index.php\/2020\/11\/16\/pr-y-el-salvador-solicitan-sede-para-juegos-centroamericanos-y-del-caribe-de-2022\/#article\",\"isPartOf\":{\"@id\":\"https:\/\/blgnoticiassantodomingo.net\/index.php\/2020\/11\/16\/pr-y-el-salvador-solicitan-sede-para-juegos-centroamericanos-y-del-caribe-de-2022\/\"},\"author\":{\"name\":\"Brenda Guerrero\",\"@id\":\"https:\/\/blgnoticiassantodomingo.net\/#\/schema\/person\/e2fc21cf88acc63dbd134be981bff374\"},\"headline\":\"PR y El Salvador solicitan sede para Juegos Centroamericanos y del Caribe de 2022\",\"datePublished\":\"2020-11-16T15:59:08+00:00\",\"dateModified\":\"2020-11-16T15:59:09+00:00\",\"mainEntityOfPage\":{\"@id\":\"https:\/\/blgnoticiassantodomingo.net\/index.php\/2020\/11\/16\/pr-y-el-salvador-solicitan-sede-para-juegos-centroamericanos-y-del-caribe-de-2022\/\"},\"wordCount\":250,\"commentCount\":0,\"publisher\":{\"@id\":\"https:\/\/blgnoticiassantodomingo.net\/#organization\"},\"image\":{\"@id\":\"https:\/\/blgnoticiassantodomingo.net\/index.php\/2020\/11\/16\/pr-y-el-salvador-solicitan-sede-para-juegos-centroamericanos-y-del-caribe-de-2022\/#primaryimage\"},\"thumbnailUrl\":\"https:\/\/blgnoticiassantodomingo.net\/wp-content\/uploads\/2020\/11\/Luis-Mejia-DOM-1024x550-1.jpg\",\"keywords\":[\"El salvador\",\"pr\"],\"articleSection\":[\"Deportes\"],\"inLanguage\":\"es\",\"potentialAction\":[{\"@type\":\"CommentAction\",\"name\":\"Comment\",\"target\":[\"https:\/\/blgnoticiassantodomingo.net\/index.php\/2020\/11\/16\/pr-y-el-salvador-solicitan-sede-para-juegos-centroamericanos-y-del-caribe-de-2022\/#respond\"]}]},{\"@type\":\"WebPage\",\"@id\":\"https:\/\/blgnoticiassantodomingo.net\/index.php\/2020\/11\/16\/pr-y-el-salvador-solicitan-sede-para-juegos-centroamericanos-y-del-caribe-de-2022\/\",\"url\":\"https:\/\/blgnoticiassantodomingo.net\/index.php\/2020\/11\/16\/pr-y-el-salvador-solicitan-sede-para-juegos-centroamericanos-y-del-caribe-de-2022\/\",\"name\":\"PR y El Salvador solicitan sede para Juegos Centroamericanos y del Caribe de 2022 - BLG Noticias\",\"isPartOf\":{\"@id\":\"https:\/\/blgnoticiassantodomingo.net\/#website\"},\"primaryImageOfPage\":{\"@id\":\"https:\/\/blgnoticiassantodomingo.net\/index.php\/2020\/11\/16\/pr-y-el-salvador-solicitan-sede-para-juegos-centroamericanos-y-del-caribe-de-2022\/#primaryimage\"},\"image\":{\"@id\":\"https:\/\/blgnoticiassantodomingo.net\/index.php\/2020\/11\/16\/pr-y-el-salvador-solicitan-sede-para-juegos-centroamericanos-y-del-caribe-de-2022\/#primaryimage\"},\"thumbnailUrl\":\"https:\/\/blgnoticiassantodomingo.net\/wp-content\/uploads\/2020\/11\/Luis-Mejia-DOM-1024x550-1.jpg\",\"datePublished\":\"2020-11-16T15:59:08+00:00\",\"dateModified\":\"2020-11-16T15:59:09+00:00\",\"breadcrumb\":{\"@id\":\"https:\/\/blgnoticiassantodomingo.net\/index.php\/2020\/11\/16\/pr-y-el-salvador-solicitan-sede-para-juegos-centroamericanos-y-del-caribe-de-2022\/#breadcrumb\"},\"inLanguage\":\"es\",\"potentialAction\":[{\"@type\":\"ReadAction\",\"target\":[\"https:\/\/blgnoticiassantodomingo.net\/index.php\/2020\/11\/16\/pr-y-el-salvador-solicitan-sede-para-juegos-centroamericanos-y-del-caribe-de-2022\/\"]}]},{\"@type\":\"ImageObject\",\"inLanguage\":\"es\",\"@id\":\"https:\/\/blgnoticiassantodomingo.net\/index.php\/2020\/11\/16\/pr-y-el-salvador-solicitan-sede-para-juegos-centroamericanos-y-del-caribe-de-2022\/#primaryimage\",\"url\":\"https:\/\/blgnoticiassantodomingo.net\/wp-content\/uploads\/2020\/11\/Luis-Mejia-DOM-1024x550-1.jpg\",\"contentUrl\":\"https:\/\/blgnoticiassantodomingo.net\/wp-content\/uploads\/2020\/11\/Luis-Mejia-DOM-1024x550-1.jpg\",\"width\":1024,\"height\":550},{\"@type\":\"BreadcrumbList\",\"@id\":\"https:\/\/blgnoticiassantodomingo.net\/index.php\/2020\/11\/16\/pr-y-el-salvador-solicitan-sede-para-juegos-centroamericanos-y-del-caribe-de-2022\/#breadcrumb\",\"itemListElement\":[{\"@type\":\"ListItem\",\"position\":1,\"name\":\"Portada\",\"item\":\"https:\/\/blgnoticiassantodomingo.net\/\"},{\"@type\":\"ListItem\",\"position\":2,\"name\":\"PR y El Salvador solicitan sede para Juegos Centroamericanos y del Caribe de 2022\"}]},{\"@type\":\"WebSite\",\"@id\":\"https:\/\/blgnoticiassantodomingo.net\/#website\",\"url\":\"https:\/\/blgnoticiassantodomingo.net\/\",\"name\":\"BLG Noticias\",\"description\":\"Esto es Noticias\",\"publisher\":{\"@id\":\"https:\/\/blgnoticiassantodomingo.net\/#organization\"},\"potentialAction\":[{\"@type\":\"SearchAction\",\"target\":{\"@type\":\"EntryPoint\",\"urlTemplate\":\"https:\/\/blgnoticiassantodomingo.net\/?s={search_term_string}\"},\"query-input\":{\"@type\":\"PropertyValueSpecification\",\"valueRequired\":true,\"valueName\":\"search_term_string\"}}],\"inLanguage\":\"es\"},{\"@type\":\"Organization\",\"@id\":\"https:\/\/blgnoticiassantodomingo.net\/#organization\",\"name\":\"BLG Noticias\",\"url\":\"https:\/\/blgnoticiassantodomingo.net\/\",\"logo\":{\"@type\":\"ImageObject\",\"inLanguage\":\"es\",\"@id\":\"https:\/\/blgnoticiassantodomingo.net\/#\/schema\/logo\/image\/\",\"url\":\"https:\/\/blgnoticiassantodomingo.net\/wp-content\/uploads\/2023\/12\/Diseno-sin-titulo-3.jpg\",\"contentUrl\":\"https:\/\/blgnoticiassantodomingo.net\/wp-content\/uploads\/2023\/12\/Diseno-sin-titulo-3.jpg\",\"width\":500,\"height\":500,\"caption\":\"BLG Noticias\"},\"image\":{\"@id\":\"https:\/\/blgnoticiassantodomingo.net\/#\/schema\/logo\/image\/\"},\"sameAs\":[\"https:\/\/web.facebook.com\/BlgNoticias\/?locale=es_LA&_rdc=1&_rdr\",\"https:\/\/x.com\/BlgNoticias\",\"https:\/\/www.linkedin.com\/in\/brenda-l-santana-aa846279\/\"]},{\"@type\":\"Person\",\"@id\":\"https:\/\/blgnoticiassantodomingo.net\/#\/schema\/person\/e2fc21cf88acc63dbd134be981bff374\",\"name\":\"Brenda Guerrero\",\"image\":{\"@type\":\"ImageObject\",\"inLanguage\":\"es\",\"@id\":\"https:\/\/blgnoticiassantodomingo.net\/#\/schema\/person\/image\/\",\"url\":\"https:\/\/secure.gravatar.com\/avatar\/2f7fc4c3e3655be1580cb684bfd8ab19be702ae20879da1e072021daa02f9b8b?s=96&d=wp_user_avatar&r=g\",\"contentUrl\":\"https:\/\/secure.gravatar.com\/avatar\/2f7fc4c3e3655be1580cb684bfd8ab19be702ae20879da1e072021daa02f9b8b?s=96&d=wp_user_avatar&r=g\",\"caption\":\"Brenda Guerrero\"},\"description\":\"Periodista\",\"url\":\"https:\/\/blgnoticiassantodomingo.net\/index.php\/author\/brenda-guerrero\/\"}]}<\/script>\n<!-- \/ Yoast SEO plugin. -->","yoast_head_json":{"title":"PR y El Salvador solicitan sede para Juegos Centroamericanos y del Caribe de 2022 - BLG Noticias","robots":{"index":"index","follow":"follow","max-snippet":"max-snippet:-1","max-image-preview":"max-image-preview:large","max-video-preview":"max-video-preview:-1"},"canonical":"https:\/\/blgnoticiassantodomingo.net\/index.php\/2020\/11\/16\/pr-y-el-salvador-solicitan-sede-para-juegos-centroamericanos-y-del-caribe-de-2022\/","og_locale":"es_ES","og_type":"article","og_title":"PR y El Salvador solicitan sede para Juegos Centroamericanos y del Caribe de 2022 - BLG Noticias","og_description":"SANTO DOMINGO. \u2013&nbsp;La Organizaci\u00f3n Deportiva Centroamericana y del Caribe (Centro Caribe Sports) ha recibido la solicitud de dos ciudades para albergar los XXIV Juegos Centroamericanos y del Caribe de 2022. La informaci\u00f3n fue dada a conocer por Luis Mej\u00eda (DOM), presidente del organismo deportivo regional, este lunes 16 de noviembre. Centro Caribe Sports recibi\u00f3 hasta [&hellip;]","og_url":"https:\/\/blgnoticiassantodomingo.net\/index.php\/2020\/11\/16\/pr-y-el-salvador-solicitan-sede-para-juegos-centroamericanos-y-del-caribe-de-2022\/","og_site_name":"BLG Noticias","article_publisher":"https:\/\/web.facebook.com\/BlgNoticias\/?locale=es_LA&_rdc=1&_rdr","article_published_time":"2020-11-16T15:59:08+00:00","article_modified_time":"2020-11-16T15:59:09+00:00","og_image":[{"width":1024,"height":550,"url":"https:\/\/blgnoticiassantodomingo.net\/wp-content\/uploads\/2020\/11\/Luis-Mejia-DOM-1024x550-1.jpg","type":"image\/jpeg"}],"author":"Brenda Guerrero","twitter_card":"summary_large_image","twitter_creator":"@BlgNoticias","twitter_site":"@BlgNoticias","twitter_misc":{"Escrito por":"Brenda Guerrero","Tiempo de lectura":"1 minuto"},"schema":{"@context":"https:\/\/schema.org","@graph":[{"@type":"Article","@id":"https:\/\/blgnoticiassantodomingo.net\/index.php\/2020\/11\/16\/pr-y-el-salvador-solicitan-sede-para-juegos-centroamericanos-y-del-caribe-de-2022\/#article","isPartOf":{"@id":"https:\/\/blgnoticiassantodomingo.net\/index.php\/2020\/11\/16\/pr-y-el-salvador-solicitan-sede-para-juegos-centroamericanos-y-del-caribe-de-2022\/"},"author":{"name":"Brenda Guerrero","@id":"https:\/\/blgnoticiassantodomingo.net\/#\/schema\/person\/e2fc21cf88acc63dbd134be981bff374"},"headline":"PR y El Salvador solicitan sede para Juegos Centroamericanos y del Caribe de 2022","datePublished":"2020-11-16T15:59:08+00:00","dateModified":"2020-11-16T15:59:09+00:00","mainEntityOfPage":{"@id":"https:\/\/blgnoticiassantodomingo.net\/index.php\/2020\/11\/16\/pr-y-el-salvador-solicitan-sede-para-juegos-centroamericanos-y-del-caribe-de-2022\/"},"wordCount":250,"commentCount":0,"publisher":{"@id":"https:\/\/blgnoticiassantodomingo.net\/#organization"},"image":{"@id":"https:\/\/blgnoticiassantodomingo.net\/index.php\/2020\/11\/16\/pr-y-el-salvador-solicitan-sede-para-juegos-centroamericanos-y-del-caribe-de-2022\/#primaryimage"},"thumbnailUrl":"https:\/\/blgnoticiassantodomingo.net\/wp-content\/uploads\/2020\/11\/Luis-Mejia-DOM-1024x550-1.jpg","keywords":["El salvador","pr"],"articleSection":["Deportes"],"inLanguage":"es","potentialAction":[{"@type":"CommentAction","name":"Comment","target":["https:\/\/blgnoticiassantodomingo.net\/index.php\/2020\/11\/16\/pr-y-el-salvador-solicitan-sede-para-juegos-centroamericanos-y-del-caribe-de-2022\/#respond"]}]},{"@type":"WebPage","@id":"https:\/\/blgnoticiassantodomingo.net\/index.php\/2020\/11\/16\/pr-y-el-salvador-solicitan-sede-para-juegos-centroamericanos-y-del-caribe-de-2022\/","url":"https:\/\/blgnoticiassantodomingo.net\/index.php\/2020\/11\/16\/pr-y-el-salvador-solicitan-sede-para-juegos-centroamericanos-y-del-caribe-de-2022\/","name":"PR y El Salvador solicitan sede para Juegos Centroamericanos y del Caribe de 2022 - BLG Noticias","isPartOf":{"@id":"https:\/\/blgnoticiassantodomingo.net\/#website"},"primaryImageOfPage":{"@id":"https:\/\/blgnoticiassantodomingo.net\/index.php\/2020\/11\/16\/pr-y-el-salvador-solicitan-sede-para-juegos-centroamericanos-y-del-caribe-de-2022\/#primaryimage"},"image":{"@id":"https:\/\/blgnoticiassantodomingo.net\/index.php\/2020\/11\/16\/pr-y-el-salvador-solicitan-sede-para-juegos-centroamericanos-y-del-caribe-de-2022\/#primaryimage"},"thumbnailUrl":"https:\/\/blgnoticiassantodomingo.net\/wp-content\/uploads\/2020\/11\/Luis-Mejia-DOM-1024x550-1.jpg","datePublished":"2020-11-16T15:59:08+00:00","dateModified":"2020-11-16T15:59:09+00:00","breadcrumb":{"@id":"https:\/\/blgnoticiassantodomingo.net\/index.php\/2020\/11\/16\/pr-y-el-salvador-solicitan-sede-para-juegos-centroamericanos-y-del-caribe-de-2022\/#breadcrumb"},"inLanguage":"es","potentialAction":[{"@type":"ReadAction","target":["https:\/\/blgnoticiassantodomingo.net\/index.php\/2020\/11\/16\/pr-y-el-salvador-solicitan-sede-para-juegos-centroamericanos-y-del-caribe-de-2022\/"]}]},{"@type":"ImageObject","inLanguage":"es","@id":"https:\/\/blgnoticiassantodomingo.net\/index.php\/2020\/11\/16\/pr-y-el-salvador-solicitan-sede-para-juegos-centroamericanos-y-del-caribe-de-2022\/#primaryimage","url":"https:\/\/blgnoticiassantodomingo.net\/wp-content\/uploads\/2020\/11\/Luis-Mejia-DOM-1024x550-1.jpg","contentUrl":"https:\/\/blgnoticiassantodomingo.net\/wp-content\/uploads\/2020\/11\/Luis-Mejia-DOM-1024x550-1.jpg","width":1024,"height":550},{"@type":"BreadcrumbList","@id":"https:\/\/blgnoticiassantodomingo.net\/index.php\/2020\/11\/16\/pr-y-el-salvador-solicitan-sede-para-juegos-centroamericanos-y-del-caribe-de-2022\/#breadcrumb","itemListElement":[{"@type":"ListItem","position":1,"name":"Portada","item":"https:\/\/blgnoticiassantodomingo.net\/"},{"@type":"ListItem","position":2,"name":"PR y El Salvador solicitan sede para Juegos Centroamericanos y del Caribe de 2022"}]},{"@type":"WebSite","@id":"https:\/\/blgnoticiassantodomingo.net\/#website","url":"https:\/\/blgnoticiassantodomingo.net\/","name":"BLG Noticias","description":"Esto es Noticias","publisher":{"@id":"https:\/\/blgnoticiassantodomingo.net\/#organization"},"potentialAction":[{"@type":"SearchAction","target":{"@type":"EntryPoint","urlTemplate":"https:\/\/blgnoticiassantodomingo.net\/?s={search_term_string}"},"query-input":{"@type":"PropertyValueSpecification","valueRequired":true,"valueName":"search_term_string"}}],"inLanguage":"es"},{"@type":"Organization","@id":"https:\/\/blgnoticiassantodomingo.net\/#organization","name":"BLG Noticias","url":"https:\/\/blgnoticiassantodomingo.net\/","logo":{"@type":"ImageObject","inLanguage":"es","@id":"https:\/\/blgnoticiassantodomingo.net\/#\/schema\/logo\/image\/","url":"https:\/\/blgnoticiassantodomingo.net\/wp-content\/uploads\/2023\/12\/Diseno-sin-titulo-3.jpg","contentUrl":"https:\/\/blgnoticiassantodomingo.net\/wp-content\/uploads\/2023\/12\/Diseno-sin-titulo-3.jpg","width":500,"height":500,"caption":"BLG Noticias"},"image":{"@id":"https:\/\/blgnoticiassantodomingo.net\/#\/schema\/logo\/image\/"},"sameAs":["https:\/\/web.facebook.com\/BlgNoticias\/?locale=es_LA&_rdc=1&_rdr","https:\/\/x.com\/BlgNoticias","https:\/\/www.linkedin.com\/in\/brenda-l-santana-aa846279\/"]},{"@type":"Person","@id":"https:\/\/blgnoticiassantodomingo.net\/#\/schema\/person\/e2fc21cf88acc63dbd134be981bff374","name":"Brenda Guerrero","image":{"@type":"ImageObject","inLanguage":"es","@id":"https:\/\/blgnoticiassantodomingo.net\/#\/schema\/person\/image\/","url":"https:\/\/secure.gravatar.com\/avatar\/2f7fc4c3e3655be1580cb684bfd8ab19be702ae20879da1e072021daa02f9b8b?s=96&d=wp_user_avatar&r=g","contentUrl":"https:\/\/secure.gravatar.com\/avatar\/2f7fc4c3e3655be1580cb684bfd8ab19be702ae20879da1e072021daa02f9b8b?s=96&d=wp_user_avatar&r=g","caption":"Brenda Guerrero"},"description":"Periodista","url":"https:\/\/blgnoticiassantodomingo.net\/index.php\/author\/brenda-guerrero\/"}]}},"jetpack_featured_media_url":"https:\/\/blgnoticiassantodomingo.net\/wp-content\/uploads\/2020\/11\/Luis-Mejia-DOM-1024x550-1.jpg","_links":{"self":[{"href":"https:\/\/blgnoticiassantodomingo.net\/index.php\/wp-json\/wp\/v2\/posts\/21575","targetHints":{"allow":["GET"]}}],"collection":[{"href":"https:\/\/blgnoticiassantodomingo.net\/index.php\/wp-json\/wp\/v2\/posts"}],"about":[{"href":"https:\/\/blgnoticiassantodomingo.net\/index.php\/wp-json\/wp\/v2\/types\/post"}],"author":[{"embeddable":true,"href":"https:\/\/blgnoticiassantodomingo.net\/index.php\/wp-json\/wp\/v2\/users\/2"}],"replies":[{"embeddable":true,"href":"https:\/\/blgnoticiassantodomingo.net\/index.php\/wp-json\/wp\/v2\/comments?post=21575"}],"version-history":[{"count":1,"href":"https:\/\/blgnoticiassantodomingo.net\/index.php\/wp-json\/wp\/v2\/posts\/21575\/revisions"}],"predecessor-version":[{"id":21577,"href":"https:\/\/blgnoticiassantodomingo.net\/index.php\/wp-json\/wp\/v2\/posts\/21575\/revisions\/21577"}],"wp:featuredmedia":[{"embeddable":true,"href":"https:\/\/blgnoticiassantodomingo.net\/index.php\/wp-json\/wp\/v2\/media\/21576"}],"wp:attachment":[{"href":"https:\/\/blgnoticiassantodomingo.net\/index.php\/wp-json\/wp\/v2\/media?parent=21575"}],"wp:term":[{"taxonomy":"category","embeddable":true,"href":"https:\/\/blgnoticiassantodomingo.net\/index.php\/wp-json\/wp\/v2\/categories?post=21575"},{"taxonomy":"post_tag","embeddable":true,"href":"https:\/\/blgnoticiassantodomingo.net\/index.php\/wp-json\/wp\/v2\/tags?post=21575"}],"curies":[{"name":"wp","href":"https:\/\/api.w.org\/{rel}","templated":true}]}}