{"id":21437,"date":"2020-11-12T13:25:46","date_gmt":"2020-11-12T13:25:46","guid":{"rendered":"http:\/\/blgnoticiassantodomingo.net\/?p=21437"},"modified":"2020-11-12T13:41:50","modified_gmt":"2020-11-12T13:41:50","slug":"cuatro-dias-de-festejos-para-celebrar-los-68-anos-del-trono-de-isabel-ii","status":"publish","type":"post","link":"https:\/\/blgnoticiassantodomingo.net\/index.php\/2020\/11\/12\/cuatro-dias-de-festejos-para-celebrar-los-68-anos-del-trono-de-isabel-ii\/","title":{"rendered":"Cuatro d\u00edas de festejos para celebrar los 68 a\u00f1os del trono de Isabel II"},"content":{"rendered":"\n<p>EFE <\/p>\n\n\n\n<p>LONDRES.- El Reino Unido tendr\u00e1 cuatro festivos consecutivos en 2022 para celebrar por todo lo alto los 68 a\u00f1os del reinado de Isabel II, de 94 a\u00f1os, inform\u00f3 este jueves el palacio de Buckingham, residencia oficial de la familia real brit\u00e1nica.<\/p>\n\n\n\n<p>La soberana, que en 2022 tendr\u00e1 96 a\u00f1os, espera que la mayor cantidad de gente posible pueda unirse a los festejos por el denominado Jubileo de Platino de la Reina, a\u00f1adi\u00f3 el palacio.<\/p>\n\n\n\n<p>El 6 de febrero de 2022, Isabel II habr\u00e1 cumplido 68 a\u00f1os de su ascenso al trono, tras suceder a su padre, el rey Jorge VI, fallecido en la residencia de Sandringham, este de Inglaterra.<\/p>\n\n\n\n<p>Los festejos, cuyos detalles a\u00fan no han sido facilitados, tendr\u00e1n lugar entre el 2 y el 5 de junio de 2022, cuando el tiempo estar\u00e1 mejor que durante el mes de febrero.<\/p>\n\n\n\n<p>El ministro brit\u00e1nico de Cultura, Oliver Dowden, se\u00f1al\u00f3 que ser\u00e1 un \u201cmomento realmente hist\u00f3rico\u201d, que merece \u201cuna celebraci\u00f3n para recordar\u201d, y resalt\u00f3 que en los festejos tambi\u00e9n tomar\u00e1n parte los pa\u00edses de la Mancomunidad Brit\u00e1nica de Naciones (Commonwealth, antiguas colonias).<\/p>\n\n\n\n<p>Los eventos tienen como objetivo reflejar el reinado de Isabel II, el m\u00e1s largo de todos los monarcas brit\u00e1nicos, y su impacto en la vida del Reino Unido desde su ascenso en 1952.<\/p>\n\n\n\n<p>Se espera que los miembros de la familia real tomen parte en las celebraciones y que se otorguen condecoraciones especiales para quienes trabajan en el servicio p\u00fablico, entre ellos miembros de las fuerzas armadas, los servicios de emergencia y el penitenciario.<\/p>\n\n\n\n<p>\u201cEl Jubileo de Platino ofrece una oportunidad para que la Reina exprese su agradecimiento por el apoyo y la lealtad que Su Majestad ha recibido a lo largo de su reinado\u201d, indic\u00f3 una portavoz del palacio de Buckingham.<\/p>\n\n\n\n<p>La Casa Real y el Ministerio brit\u00e1nico de Cultura, Medios de Comunicaci\u00f3n y Deportes (DCMS, por sus siglas en ingl\u00e9s) estar\u00e1n a cargo de la organizaci\u00f3n de los festejos.<\/p>\n\n\n\n<p>En febrero de 1952, Isabel II estaba con su marido, el duque de Edimburgo, en una casa construida sobre un \u00e1rbol en Kenia cuando supo de la muerte de su padre.<\/p>\n\n\n\n<p>Al regresar a Londres ya como reina, la esperaba al pie de la escalerilla del avi\u00f3n el entonces primer ministro Winston Churchill.<\/p>\n","protected":false},"excerpt":{"rendered":"<p>EFE LONDRES.- El Reino Unido tendr\u00e1 cuatro festivos consecutivos en 2022 para celebrar por todo lo alto los 68 a\u00f1os del reinado de Isabel II, de 94 a\u00f1os, inform\u00f3 este jueves el palacio de Buckingham, residencia oficial de la familia real brit\u00e1nica. La soberana, que en 2022 tendr\u00e1 96 a\u00f1os, espera que la mayor cantidad [&hellip;]<\/p>\n","protected":false},"author":2,"featured_media":21438,"comment_status":"open","ping_status":"open","sticky":false,"template":"","format":"standard","meta":{"footnotes":""},"categories":[221],"tags":[4495],"class_list":{"0":"post-21437","1":"post","2":"type-post","3":"status-publish","4":"format-standard","5":"has-post-thumbnail","7":"category-internacionales","8":"tag-isabel-segunda"},"yoast_head":"<!-- This site is optimized with the Yoast SEO plugin v24.9 - https:\/\/yoast.com\/wordpress\/plugins\/seo\/ -->\n<title>Cuatro d\u00edas de festejos para celebrar los 68 a\u00f1os del trono de Isabel II - BLG Noticias<\/title>\n<meta name=\"robots\" content=\"index, follow, max-snippet:-1, max-image-preview:large, max-video-preview:-1\" \/>\n<link rel=\"canonical\" href=\"https:\/\/blgnoticiassantodomingo.net\/index.php\/2020\/11\/12\/cuatro-dias-de-festejos-para-celebrar-los-68-anos-del-trono-de-isabel-ii\/\" \/>\n<meta property=\"og:locale\" content=\"es_ES\" \/>\n<meta property=\"og:type\" content=\"article\" \/>\n<meta property=\"og:title\" content=\"Cuatro d\u00edas de festejos para celebrar los 68 a\u00f1os del trono de Isabel II - BLG Noticias\" \/>\n<meta property=\"og:description\" content=\"EFE LONDRES.- El Reino Unido tendr\u00e1 cuatro festivos consecutivos en 2022 para celebrar por todo lo alto los 68 a\u00f1os del reinado de Isabel II, de 94 a\u00f1os, inform\u00f3 este jueves el palacio de Buckingham, residencia oficial de la familia real brit\u00e1nica. La soberana, que en 2022 tendr\u00e1 96 a\u00f1os, espera que la mayor cantidad [&hellip;]\" \/>\n<meta property=\"og:url\" content=\"https:\/\/blgnoticiassantodomingo.net\/index.php\/2020\/11\/12\/cuatro-dias-de-festejos-para-celebrar-los-68-anos-del-trono-de-isabel-ii\/\" \/>\n<meta property=\"og:site_name\" content=\"BLG Noticias\" \/>\n<meta property=\"article:publisher\" content=\"https:\/\/web.facebook.com\/BlgNoticias\/?locale=es_LA&amp;_rdc=1&amp;_rdr\" \/>\n<meta property=\"article:published_time\" content=\"2020-11-12T13:25:46+00:00\" \/>\n<meta property=\"article:modified_time\" content=\"2020-11-12T13:41:50+00:00\" \/>\n<meta property=\"og:image\" content=\"https:\/\/blgnoticiassantodomingo.net\/wp-content\/uploads\/2020\/11\/SRLAYC3KCJF5VHWS4W2AKQMAX4-1024x550-1.jpg\" \/>\n\t<meta property=\"og:image:width\" content=\"1024\" \/>\n\t<meta property=\"og:image:height\" content=\"550\" \/>\n\t<meta property=\"og:image:type\" content=\"image\/jpeg\" \/>\n<meta name=\"author\" content=\"Brenda Guerrero\" \/>\n<meta name=\"twitter:card\" content=\"summary_large_image\" \/>\n<meta name=\"twitter:creator\" content=\"@BlgNoticias\" \/>\n<meta name=\"twitter:site\" content=\"@BlgNoticias\" \/>\n<meta name=\"twitter:label1\" content=\"Escrito por\" \/>\n\t<meta name=\"twitter:data1\" content=\"Brenda Guerrero\" \/>\n\t<meta name=\"twitter:label2\" content=\"Tiempo de lectura\" \/>\n\t<meta name=\"twitter:data2\" content=\"2 minutos\" \/>\n<script type=\"application\/ld+json\" class=\"yoast-schema-graph\">{\"@context\":\"https:\/\/schema.org\",\"@graph\":[{\"@type\":\"Article\",\"@id\":\"https:\/\/blgnoticiassantodomingo.net\/index.php\/2020\/11\/12\/cuatro-dias-de-festejos-para-celebrar-los-68-anos-del-trono-de-isabel-ii\/#article\",\"isPartOf\":{\"@id\":\"https:\/\/blgnoticiassantodomingo.net\/index.php\/2020\/11\/12\/cuatro-dias-de-festejos-para-celebrar-los-68-anos-del-trono-de-isabel-ii\/\"},\"author\":{\"name\":\"Brenda Guerrero\",\"@id\":\"https:\/\/blgnoticiassantodomingo.net\/#\/schema\/person\/e2fc21cf88acc63dbd134be981bff374\"},\"headline\":\"Cuatro d\u00edas de festejos para celebrar los 68 a\u00f1os del trono de Isabel II\",\"datePublished\":\"2020-11-12T13:25:46+00:00\",\"dateModified\":\"2020-11-12T13:41:50+00:00\",\"mainEntityOfPage\":{\"@id\":\"https:\/\/blgnoticiassantodomingo.net\/index.php\/2020\/11\/12\/cuatro-dias-de-festejos-para-celebrar-los-68-anos-del-trono-de-isabel-ii\/\"},\"wordCount\":404,\"commentCount\":0,\"publisher\":{\"@id\":\"https:\/\/blgnoticiassantodomingo.net\/#organization\"},\"image\":{\"@id\":\"https:\/\/blgnoticiassantodomingo.net\/index.php\/2020\/11\/12\/cuatro-dias-de-festejos-para-celebrar-los-68-anos-del-trono-de-isabel-ii\/#primaryimage\"},\"thumbnailUrl\":\"https:\/\/blgnoticiassantodomingo.net\/wp-content\/uploads\/2020\/11\/SRLAYC3KCJF5VHWS4W2AKQMAX4-1024x550-1.jpg\",\"keywords\":[\"Isabel segunda\"],\"articleSection\":[\"Internacionales\"],\"inLanguage\":\"es\",\"potentialAction\":[{\"@type\":\"CommentAction\",\"name\":\"Comment\",\"target\":[\"https:\/\/blgnoticiassantodomingo.net\/index.php\/2020\/11\/12\/cuatro-dias-de-festejos-para-celebrar-los-68-anos-del-trono-de-isabel-ii\/#respond\"]}]},{\"@type\":\"WebPage\",\"@id\":\"https:\/\/blgnoticiassantodomingo.net\/index.php\/2020\/11\/12\/cuatro-dias-de-festejos-para-celebrar-los-68-anos-del-trono-de-isabel-ii\/\",\"url\":\"https:\/\/blgnoticiassantodomingo.net\/index.php\/2020\/11\/12\/cuatro-dias-de-festejos-para-celebrar-los-68-anos-del-trono-de-isabel-ii\/\",\"name\":\"Cuatro d\u00edas de festejos para celebrar los 68 a\u00f1os del trono de Isabel II - BLG Noticias\",\"isPartOf\":{\"@id\":\"https:\/\/blgnoticiassantodomingo.net\/#website\"},\"primaryImageOfPage\":{\"@id\":\"https:\/\/blgnoticiassantodomingo.net\/index.php\/2020\/11\/12\/cuatro-dias-de-festejos-para-celebrar-los-68-anos-del-trono-de-isabel-ii\/#primaryimage\"},\"image\":{\"@id\":\"https:\/\/blgnoticiassantodomingo.net\/index.php\/2020\/11\/12\/cuatro-dias-de-festejos-para-celebrar-los-68-anos-del-trono-de-isabel-ii\/#primaryimage\"},\"thumbnailUrl\":\"https:\/\/blgnoticiassantodomingo.net\/wp-content\/uploads\/2020\/11\/SRLAYC3KCJF5VHWS4W2AKQMAX4-1024x550-1.jpg\",\"datePublished\":\"2020-11-12T13:25:46+00:00\",\"dateModified\":\"2020-11-12T13:41:50+00:00\",\"breadcrumb\":{\"@id\":\"https:\/\/blgnoticiassantodomingo.net\/index.php\/2020\/11\/12\/cuatro-dias-de-festejos-para-celebrar-los-68-anos-del-trono-de-isabel-ii\/#breadcrumb\"},\"inLanguage\":\"es\",\"potentialAction\":[{\"@type\":\"ReadAction\",\"target\":[\"https:\/\/blgnoticiassantodomingo.net\/index.php\/2020\/11\/12\/cuatro-dias-de-festejos-para-celebrar-los-68-anos-del-trono-de-isabel-ii\/\"]}]},{\"@type\":\"ImageObject\",\"inLanguage\":\"es\",\"@id\":\"https:\/\/blgnoticiassantodomingo.net\/index.php\/2020\/11\/12\/cuatro-dias-de-festejos-para-celebrar-los-68-anos-del-trono-de-isabel-ii\/#primaryimage\",\"url\":\"https:\/\/blgnoticiassantodomingo.net\/wp-content\/uploads\/2020\/11\/SRLAYC3KCJF5VHWS4W2AKQMAX4-1024x550-1.jpg\",\"contentUrl\":\"https:\/\/blgnoticiassantodomingo.net\/wp-content\/uploads\/2020\/11\/SRLAYC3KCJF5VHWS4W2AKQMAX4-1024x550-1.jpg\",\"width\":1024,\"height\":550},{\"@type\":\"BreadcrumbList\",\"@id\":\"https:\/\/blgnoticiassantodomingo.net\/index.php\/2020\/11\/12\/cuatro-dias-de-festejos-para-celebrar-los-68-anos-del-trono-de-isabel-ii\/#breadcrumb\",\"itemListElement\":[{\"@type\":\"ListItem\",\"position\":1,\"name\":\"Portada\",\"item\":\"https:\/\/blgnoticiassantodomingo.net\/\"},{\"@type\":\"ListItem\",\"position\":2,\"name\":\"Cuatro d\u00edas de festejos para celebrar los 68 a\u00f1os del trono de Isabel II\"}]},{\"@type\":\"WebSite\",\"@id\":\"https:\/\/blgnoticiassantodomingo.net\/#website\",\"url\":\"https:\/\/blgnoticiassantodomingo.net\/\",\"name\":\"BLG Noticias\",\"description\":\"Esto es Noticias\",\"publisher\":{\"@id\":\"https:\/\/blgnoticiassantodomingo.net\/#organization\"},\"potentialAction\":[{\"@type\":\"SearchAction\",\"target\":{\"@type\":\"EntryPoint\",\"urlTemplate\":\"https:\/\/blgnoticiassantodomingo.net\/?s={search_term_string}\"},\"query-input\":{\"@type\":\"PropertyValueSpecification\",\"valueRequired\":true,\"valueName\":\"search_term_string\"}}],\"inLanguage\":\"es\"},{\"@type\":\"Organization\",\"@id\":\"https:\/\/blgnoticiassantodomingo.net\/#organization\",\"name\":\"BLG Noticias\",\"url\":\"https:\/\/blgnoticiassantodomingo.net\/\",\"logo\":{\"@type\":\"ImageObject\",\"inLanguage\":\"es\",\"@id\":\"https:\/\/blgnoticiassantodomingo.net\/#\/schema\/logo\/image\/\",\"url\":\"https:\/\/blgnoticiassantodomingo.net\/wp-content\/uploads\/2023\/12\/Diseno-sin-titulo-3.jpg\",\"contentUrl\":\"https:\/\/blgnoticiassantodomingo.net\/wp-content\/uploads\/2023\/12\/Diseno-sin-titulo-3.jpg\",\"width\":500,\"height\":500,\"caption\":\"BLG Noticias\"},\"image\":{\"@id\":\"https:\/\/blgnoticiassantodomingo.net\/#\/schema\/logo\/image\/\"},\"sameAs\":[\"https:\/\/web.facebook.com\/BlgNoticias\/?locale=es_LA&_rdc=1&_rdr\",\"https:\/\/x.com\/BlgNoticias\",\"https:\/\/www.linkedin.com\/in\/brenda-l-santana-aa846279\/\"]},{\"@type\":\"Person\",\"@id\":\"https:\/\/blgnoticiassantodomingo.net\/#\/schema\/person\/e2fc21cf88acc63dbd134be981bff374\",\"name\":\"Brenda Guerrero\",\"image\":{\"@type\":\"ImageObject\",\"inLanguage\":\"es\",\"@id\":\"https:\/\/blgnoticiassantodomingo.net\/#\/schema\/person\/image\/\",\"url\":\"https:\/\/secure.gravatar.com\/avatar\/2f7fc4c3e3655be1580cb684bfd8ab19be702ae20879da1e072021daa02f9b8b?s=96&d=wp_user_avatar&r=g\",\"contentUrl\":\"https:\/\/secure.gravatar.com\/avatar\/2f7fc4c3e3655be1580cb684bfd8ab19be702ae20879da1e072021daa02f9b8b?s=96&d=wp_user_avatar&r=g\",\"caption\":\"Brenda Guerrero\"},\"description\":\"Periodista\",\"url\":\"https:\/\/blgnoticiassantodomingo.net\/index.php\/author\/brenda-guerrero\/\"}]}<\/script>\n<!-- \/ Yoast SEO plugin. -->","yoast_head_json":{"title":"Cuatro d\u00edas de festejos para celebrar los 68 a\u00f1os del trono de Isabel II - BLG Noticias","robots":{"index":"index","follow":"follow","max-snippet":"max-snippet:-1","max-image-preview":"max-image-preview:large","max-video-preview":"max-video-preview:-1"},"canonical":"https:\/\/blgnoticiassantodomingo.net\/index.php\/2020\/11\/12\/cuatro-dias-de-festejos-para-celebrar-los-68-anos-del-trono-de-isabel-ii\/","og_locale":"es_ES","og_type":"article","og_title":"Cuatro d\u00edas de festejos para celebrar los 68 a\u00f1os del trono de Isabel II - BLG Noticias","og_description":"EFE LONDRES.- El Reino Unido tendr\u00e1 cuatro festivos consecutivos en 2022 para celebrar por todo lo alto los 68 a\u00f1os del reinado de Isabel II, de 94 a\u00f1os, inform\u00f3 este jueves el palacio de Buckingham, residencia oficial de la familia real brit\u00e1nica. La soberana, que en 2022 tendr\u00e1 96 a\u00f1os, espera que la mayor cantidad [&hellip;]","og_url":"https:\/\/blgnoticiassantodomingo.net\/index.php\/2020\/11\/12\/cuatro-dias-de-festejos-para-celebrar-los-68-anos-del-trono-de-isabel-ii\/","og_site_name":"BLG Noticias","article_publisher":"https:\/\/web.facebook.com\/BlgNoticias\/?locale=es_LA&_rdc=1&_rdr","article_published_time":"2020-11-12T13:25:46+00:00","article_modified_time":"2020-11-12T13:41:50+00:00","og_image":[{"width":1024,"height":550,"url":"https:\/\/blgnoticiassantodomingo.net\/wp-content\/uploads\/2020\/11\/SRLAYC3KCJF5VHWS4W2AKQMAX4-1024x550-1.jpg","type":"image\/jpeg"}],"author":"Brenda Guerrero","twitter_card":"summary_large_image","twitter_creator":"@BlgNoticias","twitter_site":"@BlgNoticias","twitter_misc":{"Escrito por":"Brenda Guerrero","Tiempo de lectura":"2 minutos"},"schema":{"@context":"https:\/\/schema.org","@graph":[{"@type":"Article","@id":"https:\/\/blgnoticiassantodomingo.net\/index.php\/2020\/11\/12\/cuatro-dias-de-festejos-para-celebrar-los-68-anos-del-trono-de-isabel-ii\/#article","isPartOf":{"@id":"https:\/\/blgnoticiassantodomingo.net\/index.php\/2020\/11\/12\/cuatro-dias-de-festejos-para-celebrar-los-68-anos-del-trono-de-isabel-ii\/"},"author":{"name":"Brenda Guerrero","@id":"https:\/\/blgnoticiassantodomingo.net\/#\/schema\/person\/e2fc21cf88acc63dbd134be981bff374"},"headline":"Cuatro d\u00edas de festejos para celebrar los 68 a\u00f1os del trono de Isabel II","datePublished":"2020-11-12T13:25:46+00:00","dateModified":"2020-11-12T13:41:50+00:00","mainEntityOfPage":{"@id":"https:\/\/blgnoticiassantodomingo.net\/index.php\/2020\/11\/12\/cuatro-dias-de-festejos-para-celebrar-los-68-anos-del-trono-de-isabel-ii\/"},"wordCount":404,"commentCount":0,"publisher":{"@id":"https:\/\/blgnoticiassantodomingo.net\/#organization"},"image":{"@id":"https:\/\/blgnoticiassantodomingo.net\/index.php\/2020\/11\/12\/cuatro-dias-de-festejos-para-celebrar-los-68-anos-del-trono-de-isabel-ii\/#primaryimage"},"thumbnailUrl":"https:\/\/blgnoticiassantodomingo.net\/wp-content\/uploads\/2020\/11\/SRLAYC3KCJF5VHWS4W2AKQMAX4-1024x550-1.jpg","keywords":["Isabel segunda"],"articleSection":["Internacionales"],"inLanguage":"es","potentialAction":[{"@type":"CommentAction","name":"Comment","target":["https:\/\/blgnoticiassantodomingo.net\/index.php\/2020\/11\/12\/cuatro-dias-de-festejos-para-celebrar-los-68-anos-del-trono-de-isabel-ii\/#respond"]}]},{"@type":"WebPage","@id":"https:\/\/blgnoticiassantodomingo.net\/index.php\/2020\/11\/12\/cuatro-dias-de-festejos-para-celebrar-los-68-anos-del-trono-de-isabel-ii\/","url":"https:\/\/blgnoticiassantodomingo.net\/index.php\/2020\/11\/12\/cuatro-dias-de-festejos-para-celebrar-los-68-anos-del-trono-de-isabel-ii\/","name":"Cuatro d\u00edas de festejos para celebrar los 68 a\u00f1os del trono de Isabel II - BLG Noticias","isPartOf":{"@id":"https:\/\/blgnoticiassantodomingo.net\/#website"},"primaryImageOfPage":{"@id":"https:\/\/blgnoticiassantodomingo.net\/index.php\/2020\/11\/12\/cuatro-dias-de-festejos-para-celebrar-los-68-anos-del-trono-de-isabel-ii\/#primaryimage"},"image":{"@id":"https:\/\/blgnoticiassantodomingo.net\/index.php\/2020\/11\/12\/cuatro-dias-de-festejos-para-celebrar-los-68-anos-del-trono-de-isabel-ii\/#primaryimage"},"thumbnailUrl":"https:\/\/blgnoticiassantodomingo.net\/wp-content\/uploads\/2020\/11\/SRLAYC3KCJF5VHWS4W2AKQMAX4-1024x550-1.jpg","datePublished":"2020-11-12T13:25:46+00:00","dateModified":"2020-11-12T13:41:50+00:00","breadcrumb":{"@id":"https:\/\/blgnoticiassantodomingo.net\/index.php\/2020\/11\/12\/cuatro-dias-de-festejos-para-celebrar-los-68-anos-del-trono-de-isabel-ii\/#breadcrumb"},"inLanguage":"es","potentialAction":[{"@type":"ReadAction","target":["https:\/\/blgnoticiassantodomingo.net\/index.php\/2020\/11\/12\/cuatro-dias-de-festejos-para-celebrar-los-68-anos-del-trono-de-isabel-ii\/"]}]},{"@type":"ImageObject","inLanguage":"es","@id":"https:\/\/blgnoticiassantodomingo.net\/index.php\/2020\/11\/12\/cuatro-dias-de-festejos-para-celebrar-los-68-anos-del-trono-de-isabel-ii\/#primaryimage","url":"https:\/\/blgnoticiassantodomingo.net\/wp-content\/uploads\/2020\/11\/SRLAYC3KCJF5VHWS4W2AKQMAX4-1024x550-1.jpg","contentUrl":"https:\/\/blgnoticiassantodomingo.net\/wp-content\/uploads\/2020\/11\/SRLAYC3KCJF5VHWS4W2AKQMAX4-1024x550-1.jpg","width":1024,"height":550},{"@type":"BreadcrumbList","@id":"https:\/\/blgnoticiassantodomingo.net\/index.php\/2020\/11\/12\/cuatro-dias-de-festejos-para-celebrar-los-68-anos-del-trono-de-isabel-ii\/#breadcrumb","itemListElement":[{"@type":"ListItem","position":1,"name":"Portada","item":"https:\/\/blgnoticiassantodomingo.net\/"},{"@type":"ListItem","position":2,"name":"Cuatro d\u00edas de festejos para celebrar los 68 a\u00f1os del trono de Isabel II"}]},{"@type":"WebSite","@id":"https:\/\/blgnoticiassantodomingo.net\/#website","url":"https:\/\/blgnoticiassantodomingo.net\/","name":"BLG Noticias","description":"Esto es Noticias","publisher":{"@id":"https:\/\/blgnoticiassantodomingo.net\/#organization"},"potentialAction":[{"@type":"SearchAction","target":{"@type":"EntryPoint","urlTemplate":"https:\/\/blgnoticiassantodomingo.net\/?s={search_term_string}"},"query-input":{"@type":"PropertyValueSpecification","valueRequired":true,"valueName":"search_term_string"}}],"inLanguage":"es"},{"@type":"Organization","@id":"https:\/\/blgnoticiassantodomingo.net\/#organization","name":"BLG Noticias","url":"https:\/\/blgnoticiassantodomingo.net\/","logo":{"@type":"ImageObject","inLanguage":"es","@id":"https:\/\/blgnoticiassantodomingo.net\/#\/schema\/logo\/image\/","url":"https:\/\/blgnoticiassantodomingo.net\/wp-content\/uploads\/2023\/12\/Diseno-sin-titulo-3.jpg","contentUrl":"https:\/\/blgnoticiassantodomingo.net\/wp-content\/uploads\/2023\/12\/Diseno-sin-titulo-3.jpg","width":500,"height":500,"caption":"BLG Noticias"},"image":{"@id":"https:\/\/blgnoticiassantodomingo.net\/#\/schema\/logo\/image\/"},"sameAs":["https:\/\/web.facebook.com\/BlgNoticias\/?locale=es_LA&_rdc=1&_rdr","https:\/\/x.com\/BlgNoticias","https:\/\/www.linkedin.com\/in\/brenda-l-santana-aa846279\/"]},{"@type":"Person","@id":"https:\/\/blgnoticiassantodomingo.net\/#\/schema\/person\/e2fc21cf88acc63dbd134be981bff374","name":"Brenda Guerrero","image":{"@type":"ImageObject","inLanguage":"es","@id":"https:\/\/blgnoticiassantodomingo.net\/#\/schema\/person\/image\/","url":"https:\/\/secure.gravatar.com\/avatar\/2f7fc4c3e3655be1580cb684bfd8ab19be702ae20879da1e072021daa02f9b8b?s=96&d=wp_user_avatar&r=g","contentUrl":"https:\/\/secure.gravatar.com\/avatar\/2f7fc4c3e3655be1580cb684bfd8ab19be702ae20879da1e072021daa02f9b8b?s=96&d=wp_user_avatar&r=g","caption":"Brenda Guerrero"},"description":"Periodista","url":"https:\/\/blgnoticiassantodomingo.net\/index.php\/author\/brenda-guerrero\/"}]}},"jetpack_featured_media_url":"https:\/\/blgnoticiassantodomingo.net\/wp-content\/uploads\/2020\/11\/SRLAYC3KCJF5VHWS4W2AKQMAX4-1024x550-1.jpg","_links":{"self":[{"href":"https:\/\/blgnoticiassantodomingo.net\/index.php\/wp-json\/wp\/v2\/posts\/21437","targetHints":{"allow":["GET"]}}],"collection":[{"href":"https:\/\/blgnoticiassantodomingo.net\/index.php\/wp-json\/wp\/v2\/posts"}],"about":[{"href":"https:\/\/blgnoticiassantodomingo.net\/index.php\/wp-json\/wp\/v2\/types\/post"}],"author":[{"embeddable":true,"href":"https:\/\/blgnoticiassantodomingo.net\/index.php\/wp-json\/wp\/v2\/users\/2"}],"replies":[{"embeddable":true,"href":"https:\/\/blgnoticiassantodomingo.net\/index.php\/wp-json\/wp\/v2\/comments?post=21437"}],"version-history":[{"count":2,"href":"https:\/\/blgnoticiassantodomingo.net\/index.php\/wp-json\/wp\/v2\/posts\/21437\/revisions"}],"predecessor-version":[{"id":21441,"href":"https:\/\/blgnoticiassantodomingo.net\/index.php\/wp-json\/wp\/v2\/posts\/21437\/revisions\/21441"}],"wp:featuredmedia":[{"embeddable":true,"href":"https:\/\/blgnoticiassantodomingo.net\/index.php\/wp-json\/wp\/v2\/media\/21438"}],"wp:attachment":[{"href":"https:\/\/blgnoticiassantodomingo.net\/index.php\/wp-json\/wp\/v2\/media?parent=21437"}],"wp:term":[{"taxonomy":"category","embeddable":true,"href":"https:\/\/blgnoticiassantodomingo.net\/index.php\/wp-json\/wp\/v2\/categories?post=21437"},{"taxonomy":"post_tag","embeddable":true,"href":"https:\/\/blgnoticiassantodomingo.net\/index.php\/wp-json\/wp\/v2\/tags?post=21437"}],"curies":[{"name":"wp","href":"https:\/\/api.w.org\/{rel}","templated":true}]}}