{"id":21219,"date":"2020-11-07T12:57:34","date_gmt":"2020-11-07T12:57:34","guid":{"rendered":"http:\/\/blgnoticiassantodomingo.net\/?p=21219"},"modified":"2020-11-07T12:57:36","modified_gmt":"2020-11-07T12:57:36","slug":"manuel-jimenez-anunciara-plan-limpieza-sde","status":"publish","type":"post","link":"https:\/\/blgnoticiassantodomingo.net\/index.php\/2020\/11\/07\/manuel-jimenez-anunciara-plan-limpieza-sde\/","title":{"rendered":"Manuel Jim\u00e9nez anunciar\u00e1 plan limpieza SDE"},"content":{"rendered":"\n<figure class=\"wp-block-image size-large\"><img decoding=\"async\" width=\"1024\" height=\"682\" src=\"https:\/\/blgnoticiassantodomingo.net\/wp-content\/uploads\/2020\/11\/IMG-20201107-WA0014-1024x682.jpg\" alt=\"\" class=\"wp-image-21221\" srcset=\"https:\/\/blgnoticiassantodomingo.net\/wp-content\/uploads\/2020\/11\/IMG-20201107-WA0014-1024x682.jpg 1024w, https:\/\/blgnoticiassantodomingo.net\/wp-content\/uploads\/2020\/11\/IMG-20201107-WA0014-300x200.jpg 300w, https:\/\/blgnoticiassantodomingo.net\/wp-content\/uploads\/2020\/11\/IMG-20201107-WA0014-768x512.jpg 768w, https:\/\/blgnoticiassantodomingo.net\/wp-content\/uploads\/2020\/11\/IMG-20201107-WA0014.jpg 1280w\" sizes=\"(max-width: 1024px) 100vw, 1024px\" \/><\/figure>\n\n\n\n<p><br>Santo Domingo Este. En los pr\u00f3ximos d\u00edas el Ayuntamiento de Santo Domingo Este (ASDE) dar\u00e1 a conocer las nuevas rutas con d\u00edas y horarios establecidos para la recogida y el barrido de los residuos s\u00f3lidos, el cual est\u00e1 dividido por compa\u00f1\u00edas recolectoras y\u00a0 unidades de planificaci\u00f3n. As\u00ed lo revel\u00f3 el alcalde Manuel Jim\u00e9nez al encabezar un encuentro con unas 45 juntas de vecinos de la circunscripci\u00f3n n\u00famero 3 de SDE.\u00a0\u00a0\u00a0<br>\u00a0<br>El alcalde dijo que el nuevo dise\u00f1o de la limpieza del municipio contempla educaci\u00f3n de los mun\u00edcipes para que saquen la basura los d\u00edas correspondientes, de igual forma los ciudadanos que incumplan la nueva disposici\u00f3n ser\u00e1n multados por las autoridades municipales.\u00a0\u00a0<br>\u00a0<br>El ejecutivo municipal de SDE adelant\u00f3 que fue elegida la\u00a0 circunscripci\u00f3n n\u00famero 1 del municipio para el lanzamiento del plan.\u00a0 All\u00ed los t\u00e9cnicos del Cabildo dise\u00f1aron\u00a0 los\u00a0 d\u00edas y las horas que pasar\u00e1n los camiones recolectores de basura por esos sectores.\u00a0\u00a0<br>\u00a0<br>\u00abTenemos dise\u00f1adas las rutas y las horas, entregaremos volantes a los residentes de esos sectores y aquellos que saquen la basura despu\u00e9s que pase el cami\u00f3n ser\u00e1n sancionados\u201d, asegur\u00f3 el alcalde.\u00a0\u00a0<br>\u00a0<br>El ejecutivo municipal explic\u00f3 que sin la ayuda de los comunitarios ser\u00e1 imposible cumplir con los principales planes\u00a0 de su gesti\u00f3n, como lo es la limpieza del municipio y el rescate de los espacios p\u00fablicos.\u00a0\u00a0\u00a0<br>\u00a0<br>Para esos fines, el alcalde Jim\u00e9nez se est\u00e1 reuniendo con representantes de las juntas de vecinos de los distintos sectores del Municipio. Esos\u00a0 encuentros son organizados por la Direcci\u00f3n de Desarrollo Comunitario, que dirige Angelita Tejada de Rodr\u00edguez, con el objetivo de\u00a0 regularizar y actualizar las directivas de las juntas de vecinos.\u00a0\u00a0<br>\u00a0<br>Esta semana acudieron a la sede municipal 45 representantes de\u00a0 bloques de las circ. I, II, III; IV, V, VI. VII, VIII Y IX , de la n\u00famero 3 de la demarcaci\u00f3n.\u00a0 Entre los sectores se encuentran: El Almirante, Invivienda, Monserrat, Villa Liberaci\u00f3n, La Toronja -Ca\u00f1a, Los Solares, Kilombo, El Tamarindo, Mendoza, Villa Carmen, entre otros sectores aleda\u00f1os a la avenida Charles de Gaulle.\u00a0\u00a0\u00a0<br>\u00a0<br>Por el Cabildo acompa\u00f1aron\u00a0al alcalde, funcionarios municipales y varios regidores de la sala capitular del ASDE.\u00a0\u00a0<br>\u00a0<\/p>\n\n\n\n<figure class=\"wp-block-image size-large\"><img decoding=\"async\" width=\"1024\" height=\"682\" src=\"https:\/\/blgnoticiassantodomingo.net\/wp-content\/uploads\/2020\/11\/IMG-20201107-WA0012-1024x682.jpg\" alt=\"\" class=\"wp-image-21223\" srcset=\"https:\/\/blgnoticiassantodomingo.net\/wp-content\/uploads\/2020\/11\/IMG-20201107-WA0012-1024x682.jpg 1024w, https:\/\/blgnoticiassantodomingo.net\/wp-content\/uploads\/2020\/11\/IMG-20201107-WA0012-300x200.jpg 300w, https:\/\/blgnoticiassantodomingo.net\/wp-content\/uploads\/2020\/11\/IMG-20201107-WA0012-768x512.jpg 768w, https:\/\/blgnoticiassantodomingo.net\/wp-content\/uploads\/2020\/11\/IMG-20201107-WA0012.jpg 1280w\" sizes=\"(max-width: 1024px) 100vw, 1024px\" \/><\/figure>\n\n\n\n<figure class=\"wp-block-image size-large\"><img decoding=\"async\" width=\"1024\" height=\"682\" src=\"https:\/\/blgnoticiassantodomingo.net\/wp-content\/uploads\/2020\/11\/IMG-20201107-WA0013-1024x682.jpg\" alt=\"\" class=\"wp-image-21222\" srcset=\"https:\/\/blgnoticiassantodomingo.net\/wp-content\/uploads\/2020\/11\/IMG-20201107-WA0013-1024x682.jpg 1024w, https:\/\/blgnoticiassantodomingo.net\/wp-content\/uploads\/2020\/11\/IMG-20201107-WA0013-300x200.jpg 300w, https:\/\/blgnoticiassantodomingo.net\/wp-content\/uploads\/2020\/11\/IMG-20201107-WA0013-768x512.jpg 768w, https:\/\/blgnoticiassantodomingo.net\/wp-content\/uploads\/2020\/11\/IMG-20201107-WA0013.jpg 1280w\" sizes=\"(max-width: 1024px) 100vw, 1024px\" \/><\/figure>\n","protected":false},"excerpt":{"rendered":"<p>Santo Domingo Este. En los pr\u00f3ximos d\u00edas el Ayuntamiento de Santo Domingo Este (ASDE) dar\u00e1 a conocer las nuevas rutas con d\u00edas y horarios establecidos para la recogida y el barrido de los residuos s\u00f3lidos, el cual est\u00e1 dividido por compa\u00f1\u00edas recolectoras y\u00a0 unidades de planificaci\u00f3n. As\u00ed lo revel\u00f3 el alcalde Manuel Jim\u00e9nez al encabezar [&hellip;]<\/p>\n","protected":false},"author":2,"featured_media":21220,"comment_status":"open","ping_status":"open","sticky":false,"template":"","format":"standard","meta":{"footnotes":""},"categories":[220],"tags":[358,1919,4447,601],"class_list":{"0":"post-21219","1":"post","2":"type-post","3":"status-publish","4":"format-standard","5":"has-post-thumbnail","7":"category-nacionales","8":"tag-alcaldia-distrito-nacional","9":"tag-alcaldia-santo-domingo-este-2","10":"tag-limpieza","11":"tag-manuel-jimenez"},"yoast_head":"<!-- This site is optimized with the Yoast SEO plugin v24.9 - https:\/\/yoast.com\/wordpress\/plugins\/seo\/ -->\n<title>Manuel Jim\u00e9nez anunciar\u00e1 plan limpieza SDE - BLG Noticias<\/title>\n<meta name=\"robots\" content=\"index, follow, max-snippet:-1, max-image-preview:large, max-video-preview:-1\" \/>\n<link rel=\"canonical\" href=\"https:\/\/blgnoticiassantodomingo.net\/index.php\/2020\/11\/07\/manuel-jimenez-anunciara-plan-limpieza-sde\/\" \/>\n<meta property=\"og:locale\" content=\"es_ES\" \/>\n<meta property=\"og:type\" content=\"article\" \/>\n<meta property=\"og:title\" content=\"Manuel Jim\u00e9nez anunciar\u00e1 plan limpieza SDE - BLG Noticias\" \/>\n<meta property=\"og:description\" content=\"Santo Domingo Este. En los pr\u00f3ximos d\u00edas el Ayuntamiento de Santo Domingo Este (ASDE) dar\u00e1 a conocer las nuevas rutas con d\u00edas y horarios establecidos para la recogida y el barrido de los residuos s\u00f3lidos, el cual est\u00e1 dividido por compa\u00f1\u00edas recolectoras y\u00a0 unidades de planificaci\u00f3n. As\u00ed lo revel\u00f3 el alcalde Manuel Jim\u00e9nez al encabezar [&hellip;]\" \/>\n<meta property=\"og:url\" content=\"https:\/\/blgnoticiassantodomingo.net\/index.php\/2020\/11\/07\/manuel-jimenez-anunciara-plan-limpieza-sde\/\" \/>\n<meta property=\"og:site_name\" content=\"BLG Noticias\" \/>\n<meta property=\"article:publisher\" content=\"https:\/\/web.facebook.com\/BlgNoticias\/?locale=es_LA&amp;_rdc=1&amp;_rdr\" \/>\n<meta property=\"article:published_time\" content=\"2020-11-07T12:57:34+00:00\" \/>\n<meta property=\"article:modified_time\" content=\"2020-11-07T12:57:36+00:00\" \/>\n<meta property=\"og:image\" content=\"https:\/\/blgnoticiassantodomingo.net\/wp-content\/uploads\/2020\/11\/IMG-20201107-WA0015.jpg\" \/>\n\t<meta property=\"og:image:width\" content=\"1280\" \/>\n\t<meta property=\"og:image:height\" content=\"853\" \/>\n\t<meta property=\"og:image:type\" content=\"image\/jpeg\" \/>\n<meta name=\"author\" content=\"Brenda Guerrero\" \/>\n<meta name=\"twitter:card\" content=\"summary_large_image\" \/>\n<meta name=\"twitter:creator\" content=\"@BlgNoticias\" \/>\n<meta name=\"twitter:site\" content=\"@BlgNoticias\" \/>\n<meta name=\"twitter:label1\" content=\"Escrito por\" \/>\n\t<meta name=\"twitter:data1\" content=\"Brenda Guerrero\" \/>\n\t<meta name=\"twitter:label2\" content=\"Tiempo de lectura\" \/>\n\t<meta name=\"twitter:data2\" content=\"2 minutos\" \/>\n<script type=\"application\/ld+json\" class=\"yoast-schema-graph\">{\"@context\":\"https:\/\/schema.org\",\"@graph\":[{\"@type\":\"Article\",\"@id\":\"https:\/\/blgnoticiassantodomingo.net\/index.php\/2020\/11\/07\/manuel-jimenez-anunciara-plan-limpieza-sde\/#article\",\"isPartOf\":{\"@id\":\"https:\/\/blgnoticiassantodomingo.net\/index.php\/2020\/11\/07\/manuel-jimenez-anunciara-plan-limpieza-sde\/\"},\"author\":{\"name\":\"Brenda Guerrero\",\"@id\":\"https:\/\/blgnoticiassantodomingo.net\/#\/schema\/person\/e2fc21cf88acc63dbd134be981bff374\"},\"headline\":\"Manuel Jim\u00e9nez anunciar\u00e1 plan limpieza SDE\",\"datePublished\":\"2020-11-07T12:57:34+00:00\",\"dateModified\":\"2020-11-07T12:57:36+00:00\",\"mainEntityOfPage\":{\"@id\":\"https:\/\/blgnoticiassantodomingo.net\/index.php\/2020\/11\/07\/manuel-jimenez-anunciara-plan-limpieza-sde\/\"},\"wordCount\":388,\"commentCount\":0,\"publisher\":{\"@id\":\"https:\/\/blgnoticiassantodomingo.net\/#organization\"},\"image\":{\"@id\":\"https:\/\/blgnoticiassantodomingo.net\/index.php\/2020\/11\/07\/manuel-jimenez-anunciara-plan-limpieza-sde\/#primaryimage\"},\"thumbnailUrl\":\"https:\/\/blgnoticiassantodomingo.net\/wp-content\/uploads\/2020\/11\/IMG-20201107-WA0015.jpg\",\"keywords\":[\"Alcaldia Distrito Nacional\",\"Alcaldia Santo Domingo Este\",\"Limpieza\",\"Manuel Jimenez\"],\"articleSection\":[\"Nacionales\"],\"inLanguage\":\"es\",\"potentialAction\":[{\"@type\":\"CommentAction\",\"name\":\"Comment\",\"target\":[\"https:\/\/blgnoticiassantodomingo.net\/index.php\/2020\/11\/07\/manuel-jimenez-anunciara-plan-limpieza-sde\/#respond\"]}]},{\"@type\":\"WebPage\",\"@id\":\"https:\/\/blgnoticiassantodomingo.net\/index.php\/2020\/11\/07\/manuel-jimenez-anunciara-plan-limpieza-sde\/\",\"url\":\"https:\/\/blgnoticiassantodomingo.net\/index.php\/2020\/11\/07\/manuel-jimenez-anunciara-plan-limpieza-sde\/\",\"name\":\"Manuel Jim\u00e9nez anunciar\u00e1 plan limpieza SDE - BLG Noticias\",\"isPartOf\":{\"@id\":\"https:\/\/blgnoticiassantodomingo.net\/#website\"},\"primaryImageOfPage\":{\"@id\":\"https:\/\/blgnoticiassantodomingo.net\/index.php\/2020\/11\/07\/manuel-jimenez-anunciara-plan-limpieza-sde\/#primaryimage\"},\"image\":{\"@id\":\"https:\/\/blgnoticiassantodomingo.net\/index.php\/2020\/11\/07\/manuel-jimenez-anunciara-plan-limpieza-sde\/#primaryimage\"},\"thumbnailUrl\":\"https:\/\/blgnoticiassantodomingo.net\/wp-content\/uploads\/2020\/11\/IMG-20201107-WA0015.jpg\",\"datePublished\":\"2020-11-07T12:57:34+00:00\",\"dateModified\":\"2020-11-07T12:57:36+00:00\",\"breadcrumb\":{\"@id\":\"https:\/\/blgnoticiassantodomingo.net\/index.php\/2020\/11\/07\/manuel-jimenez-anunciara-plan-limpieza-sde\/#breadcrumb\"},\"inLanguage\":\"es\",\"potentialAction\":[{\"@type\":\"ReadAction\",\"target\":[\"https:\/\/blgnoticiassantodomingo.net\/index.php\/2020\/11\/07\/manuel-jimenez-anunciara-plan-limpieza-sde\/\"]}]},{\"@type\":\"ImageObject\",\"inLanguage\":\"es\",\"@id\":\"https:\/\/blgnoticiassantodomingo.net\/index.php\/2020\/11\/07\/manuel-jimenez-anunciara-plan-limpieza-sde\/#primaryimage\",\"url\":\"https:\/\/blgnoticiassantodomingo.net\/wp-content\/uploads\/2020\/11\/IMG-20201107-WA0015.jpg\",\"contentUrl\":\"https:\/\/blgnoticiassantodomingo.net\/wp-content\/uploads\/2020\/11\/IMG-20201107-WA0015.jpg\",\"width\":1280,\"height\":853},{\"@type\":\"BreadcrumbList\",\"@id\":\"https:\/\/blgnoticiassantodomingo.net\/index.php\/2020\/11\/07\/manuel-jimenez-anunciara-plan-limpieza-sde\/#breadcrumb\",\"itemListElement\":[{\"@type\":\"ListItem\",\"position\":1,\"name\":\"Portada\",\"item\":\"https:\/\/blgnoticiassantodomingo.net\/\"},{\"@type\":\"ListItem\",\"position\":2,\"name\":\"Manuel Jim\u00e9nez anunciar\u00e1 plan limpieza SDE\"}]},{\"@type\":\"WebSite\",\"@id\":\"https:\/\/blgnoticiassantodomingo.net\/#website\",\"url\":\"https:\/\/blgnoticiassantodomingo.net\/\",\"name\":\"BLG Noticias\",\"description\":\"Esto es Noticias\",\"publisher\":{\"@id\":\"https:\/\/blgnoticiassantodomingo.net\/#organization\"},\"potentialAction\":[{\"@type\":\"SearchAction\",\"target\":{\"@type\":\"EntryPoint\",\"urlTemplate\":\"https:\/\/blgnoticiassantodomingo.net\/?s={search_term_string}\"},\"query-input\":{\"@type\":\"PropertyValueSpecification\",\"valueRequired\":true,\"valueName\":\"search_term_string\"}}],\"inLanguage\":\"es\"},{\"@type\":\"Organization\",\"@id\":\"https:\/\/blgnoticiassantodomingo.net\/#organization\",\"name\":\"BLG Noticias\",\"url\":\"https:\/\/blgnoticiassantodomingo.net\/\",\"logo\":{\"@type\":\"ImageObject\",\"inLanguage\":\"es\",\"@id\":\"https:\/\/blgnoticiassantodomingo.net\/#\/schema\/logo\/image\/\",\"url\":\"https:\/\/blgnoticiassantodomingo.net\/wp-content\/uploads\/2023\/12\/Diseno-sin-titulo-3.jpg\",\"contentUrl\":\"https:\/\/blgnoticiassantodomingo.net\/wp-content\/uploads\/2023\/12\/Diseno-sin-titulo-3.jpg\",\"width\":500,\"height\":500,\"caption\":\"BLG Noticias\"},\"image\":{\"@id\":\"https:\/\/blgnoticiassantodomingo.net\/#\/schema\/logo\/image\/\"},\"sameAs\":[\"https:\/\/web.facebook.com\/BlgNoticias\/?locale=es_LA&_rdc=1&_rdr\",\"https:\/\/x.com\/BlgNoticias\",\"https:\/\/www.linkedin.com\/in\/brenda-l-santana-aa846279\/\"]},{\"@type\":\"Person\",\"@id\":\"https:\/\/blgnoticiassantodomingo.net\/#\/schema\/person\/e2fc21cf88acc63dbd134be981bff374\",\"name\":\"Brenda Guerrero\",\"image\":{\"@type\":\"ImageObject\",\"inLanguage\":\"es\",\"@id\":\"https:\/\/blgnoticiassantodomingo.net\/#\/schema\/person\/image\/\",\"url\":\"https:\/\/secure.gravatar.com\/avatar\/2f7fc4c3e3655be1580cb684bfd8ab19be702ae20879da1e072021daa02f9b8b?s=96&d=wp_user_avatar&r=g\",\"contentUrl\":\"https:\/\/secure.gravatar.com\/avatar\/2f7fc4c3e3655be1580cb684bfd8ab19be702ae20879da1e072021daa02f9b8b?s=96&d=wp_user_avatar&r=g\",\"caption\":\"Brenda Guerrero\"},\"description\":\"Periodista\",\"url\":\"https:\/\/blgnoticiassantodomingo.net\/index.php\/author\/brenda-guerrero\/\"}]}<\/script>\n<!-- \/ Yoast SEO plugin. -->","yoast_head_json":{"title":"Manuel Jim\u00e9nez anunciar\u00e1 plan limpieza SDE - BLG Noticias","robots":{"index":"index","follow":"follow","max-snippet":"max-snippet:-1","max-image-preview":"max-image-preview:large","max-video-preview":"max-video-preview:-1"},"canonical":"https:\/\/blgnoticiassantodomingo.net\/index.php\/2020\/11\/07\/manuel-jimenez-anunciara-plan-limpieza-sde\/","og_locale":"es_ES","og_type":"article","og_title":"Manuel Jim\u00e9nez anunciar\u00e1 plan limpieza SDE - BLG Noticias","og_description":"Santo Domingo Este. En los pr\u00f3ximos d\u00edas el Ayuntamiento de Santo Domingo Este (ASDE) dar\u00e1 a conocer las nuevas rutas con d\u00edas y horarios establecidos para la recogida y el barrido de los residuos s\u00f3lidos, el cual est\u00e1 dividido por compa\u00f1\u00edas recolectoras y\u00a0 unidades de planificaci\u00f3n. As\u00ed lo revel\u00f3 el alcalde Manuel Jim\u00e9nez al encabezar [&hellip;]","og_url":"https:\/\/blgnoticiassantodomingo.net\/index.php\/2020\/11\/07\/manuel-jimenez-anunciara-plan-limpieza-sde\/","og_site_name":"BLG Noticias","article_publisher":"https:\/\/web.facebook.com\/BlgNoticias\/?locale=es_LA&_rdc=1&_rdr","article_published_time":"2020-11-07T12:57:34+00:00","article_modified_time":"2020-11-07T12:57:36+00:00","og_image":[{"width":1280,"height":853,"url":"https:\/\/blgnoticiassantodomingo.net\/wp-content\/uploads\/2020\/11\/IMG-20201107-WA0015.jpg","type":"image\/jpeg"}],"author":"Brenda Guerrero","twitter_card":"summary_large_image","twitter_creator":"@BlgNoticias","twitter_site":"@BlgNoticias","twitter_misc":{"Escrito por":"Brenda Guerrero","Tiempo de lectura":"2 minutos"},"schema":{"@context":"https:\/\/schema.org","@graph":[{"@type":"Article","@id":"https:\/\/blgnoticiassantodomingo.net\/index.php\/2020\/11\/07\/manuel-jimenez-anunciara-plan-limpieza-sde\/#article","isPartOf":{"@id":"https:\/\/blgnoticiassantodomingo.net\/index.php\/2020\/11\/07\/manuel-jimenez-anunciara-plan-limpieza-sde\/"},"author":{"name":"Brenda Guerrero","@id":"https:\/\/blgnoticiassantodomingo.net\/#\/schema\/person\/e2fc21cf88acc63dbd134be981bff374"},"headline":"Manuel Jim\u00e9nez anunciar\u00e1 plan limpieza SDE","datePublished":"2020-11-07T12:57:34+00:00","dateModified":"2020-11-07T12:57:36+00:00","mainEntityOfPage":{"@id":"https:\/\/blgnoticiassantodomingo.net\/index.php\/2020\/11\/07\/manuel-jimenez-anunciara-plan-limpieza-sde\/"},"wordCount":388,"commentCount":0,"publisher":{"@id":"https:\/\/blgnoticiassantodomingo.net\/#organization"},"image":{"@id":"https:\/\/blgnoticiassantodomingo.net\/index.php\/2020\/11\/07\/manuel-jimenez-anunciara-plan-limpieza-sde\/#primaryimage"},"thumbnailUrl":"https:\/\/blgnoticiassantodomingo.net\/wp-content\/uploads\/2020\/11\/IMG-20201107-WA0015.jpg","keywords":["Alcaldia Distrito Nacional","Alcaldia Santo Domingo Este","Limpieza","Manuel Jimenez"],"articleSection":["Nacionales"],"inLanguage":"es","potentialAction":[{"@type":"CommentAction","name":"Comment","target":["https:\/\/blgnoticiassantodomingo.net\/index.php\/2020\/11\/07\/manuel-jimenez-anunciara-plan-limpieza-sde\/#respond"]}]},{"@type":"WebPage","@id":"https:\/\/blgnoticiassantodomingo.net\/index.php\/2020\/11\/07\/manuel-jimenez-anunciara-plan-limpieza-sde\/","url":"https:\/\/blgnoticiassantodomingo.net\/index.php\/2020\/11\/07\/manuel-jimenez-anunciara-plan-limpieza-sde\/","name":"Manuel Jim\u00e9nez anunciar\u00e1 plan limpieza SDE - BLG Noticias","isPartOf":{"@id":"https:\/\/blgnoticiassantodomingo.net\/#website"},"primaryImageOfPage":{"@id":"https:\/\/blgnoticiassantodomingo.net\/index.php\/2020\/11\/07\/manuel-jimenez-anunciara-plan-limpieza-sde\/#primaryimage"},"image":{"@id":"https:\/\/blgnoticiassantodomingo.net\/index.php\/2020\/11\/07\/manuel-jimenez-anunciara-plan-limpieza-sde\/#primaryimage"},"thumbnailUrl":"https:\/\/blgnoticiassantodomingo.net\/wp-content\/uploads\/2020\/11\/IMG-20201107-WA0015.jpg","datePublished":"2020-11-07T12:57:34+00:00","dateModified":"2020-11-07T12:57:36+00:00","breadcrumb":{"@id":"https:\/\/blgnoticiassantodomingo.net\/index.php\/2020\/11\/07\/manuel-jimenez-anunciara-plan-limpieza-sde\/#breadcrumb"},"inLanguage":"es","potentialAction":[{"@type":"ReadAction","target":["https:\/\/blgnoticiassantodomingo.net\/index.php\/2020\/11\/07\/manuel-jimenez-anunciara-plan-limpieza-sde\/"]}]},{"@type":"ImageObject","inLanguage":"es","@id":"https:\/\/blgnoticiassantodomingo.net\/index.php\/2020\/11\/07\/manuel-jimenez-anunciara-plan-limpieza-sde\/#primaryimage","url":"https:\/\/blgnoticiassantodomingo.net\/wp-content\/uploads\/2020\/11\/IMG-20201107-WA0015.jpg","contentUrl":"https:\/\/blgnoticiassantodomingo.net\/wp-content\/uploads\/2020\/11\/IMG-20201107-WA0015.jpg","width":1280,"height":853},{"@type":"BreadcrumbList","@id":"https:\/\/blgnoticiassantodomingo.net\/index.php\/2020\/11\/07\/manuel-jimenez-anunciara-plan-limpieza-sde\/#breadcrumb","itemListElement":[{"@type":"ListItem","position":1,"name":"Portada","item":"https:\/\/blgnoticiassantodomingo.net\/"},{"@type":"ListItem","position":2,"name":"Manuel Jim\u00e9nez anunciar\u00e1 plan limpieza SDE"}]},{"@type":"WebSite","@id":"https:\/\/blgnoticiassantodomingo.net\/#website","url":"https:\/\/blgnoticiassantodomingo.net\/","name":"BLG Noticias","description":"Esto es Noticias","publisher":{"@id":"https:\/\/blgnoticiassantodomingo.net\/#organization"},"potentialAction":[{"@type":"SearchAction","target":{"@type":"EntryPoint","urlTemplate":"https:\/\/blgnoticiassantodomingo.net\/?s={search_term_string}"},"query-input":{"@type":"PropertyValueSpecification","valueRequired":true,"valueName":"search_term_string"}}],"inLanguage":"es"},{"@type":"Organization","@id":"https:\/\/blgnoticiassantodomingo.net\/#organization","name":"BLG Noticias","url":"https:\/\/blgnoticiassantodomingo.net\/","logo":{"@type":"ImageObject","inLanguage":"es","@id":"https:\/\/blgnoticiassantodomingo.net\/#\/schema\/logo\/image\/","url":"https:\/\/blgnoticiassantodomingo.net\/wp-content\/uploads\/2023\/12\/Diseno-sin-titulo-3.jpg","contentUrl":"https:\/\/blgnoticiassantodomingo.net\/wp-content\/uploads\/2023\/12\/Diseno-sin-titulo-3.jpg","width":500,"height":500,"caption":"BLG Noticias"},"image":{"@id":"https:\/\/blgnoticiassantodomingo.net\/#\/schema\/logo\/image\/"},"sameAs":["https:\/\/web.facebook.com\/BlgNoticias\/?locale=es_LA&_rdc=1&_rdr","https:\/\/x.com\/BlgNoticias","https:\/\/www.linkedin.com\/in\/brenda-l-santana-aa846279\/"]},{"@type":"Person","@id":"https:\/\/blgnoticiassantodomingo.net\/#\/schema\/person\/e2fc21cf88acc63dbd134be981bff374","name":"Brenda Guerrero","image":{"@type":"ImageObject","inLanguage":"es","@id":"https:\/\/blgnoticiassantodomingo.net\/#\/schema\/person\/image\/","url":"https:\/\/secure.gravatar.com\/avatar\/2f7fc4c3e3655be1580cb684bfd8ab19be702ae20879da1e072021daa02f9b8b?s=96&d=wp_user_avatar&r=g","contentUrl":"https:\/\/secure.gravatar.com\/avatar\/2f7fc4c3e3655be1580cb684bfd8ab19be702ae20879da1e072021daa02f9b8b?s=96&d=wp_user_avatar&r=g","caption":"Brenda Guerrero"},"description":"Periodista","url":"https:\/\/blgnoticiassantodomingo.net\/index.php\/author\/brenda-guerrero\/"}]}},"jetpack_featured_media_url":"https:\/\/blgnoticiassantodomingo.net\/wp-content\/uploads\/2020\/11\/IMG-20201107-WA0015.jpg","_links":{"self":[{"href":"https:\/\/blgnoticiassantodomingo.net\/index.php\/wp-json\/wp\/v2\/posts\/21219","targetHints":{"allow":["GET"]}}],"collection":[{"href":"https:\/\/blgnoticiassantodomingo.net\/index.php\/wp-json\/wp\/v2\/posts"}],"about":[{"href":"https:\/\/blgnoticiassantodomingo.net\/index.php\/wp-json\/wp\/v2\/types\/post"}],"author":[{"embeddable":true,"href":"https:\/\/blgnoticiassantodomingo.net\/index.php\/wp-json\/wp\/v2\/users\/2"}],"replies":[{"embeddable":true,"href":"https:\/\/blgnoticiassantodomingo.net\/index.php\/wp-json\/wp\/v2\/comments?post=21219"}],"version-history":[{"count":1,"href":"https:\/\/blgnoticiassantodomingo.net\/index.php\/wp-json\/wp\/v2\/posts\/21219\/revisions"}],"predecessor-version":[{"id":21224,"href":"https:\/\/blgnoticiassantodomingo.net\/index.php\/wp-json\/wp\/v2\/posts\/21219\/revisions\/21224"}],"wp:featuredmedia":[{"embeddable":true,"href":"https:\/\/blgnoticiassantodomingo.net\/index.php\/wp-json\/wp\/v2\/media\/21220"}],"wp:attachment":[{"href":"https:\/\/blgnoticiassantodomingo.net\/index.php\/wp-json\/wp\/v2\/media?parent=21219"}],"wp:term":[{"taxonomy":"category","embeddable":true,"href":"https:\/\/blgnoticiassantodomingo.net\/index.php\/wp-json\/wp\/v2\/categories?post=21219"},{"taxonomy":"post_tag","embeddable":true,"href":"https:\/\/blgnoticiassantodomingo.net\/index.php\/wp-json\/wp\/v2\/tags?post=21219"}],"curies":[{"name":"wp","href":"https:\/\/api.w.org\/{rel}","templated":true}]}}