{"id":21129,"date":"2020-11-05T02:23:06","date_gmt":"2020-11-05T02:23:06","guid":{"rendered":"http:\/\/blgnoticiassantodomingo.net\/?p=21129"},"modified":"2020-11-05T02:23:07","modified_gmt":"2020-11-05T02:23:07","slug":"derechos-humanos-de-las-personas-con-vih-seran-de-alta-prioridad-afirma-nuevo-director-del-conavihsida","status":"publish","type":"post","link":"https:\/\/blgnoticiassantodomingo.net\/index.php\/2020\/11\/05\/derechos-humanos-de-las-personas-con-vih-seran-de-alta-prioridad-afirma-nuevo-director-del-conavihsida\/","title":{"rendered":"Derechos humanos de las personas con VIH ser\u00e1n de alta prioridad, afirma nuevo director del CONAVIHSIDA"},"content":{"rendered":"\n<p>Rafael Enrique Gonz\u00e1lez Cruz mediante el Decreto 593-20<\/p>\n\n\n\n<p>SANTO DOMINGO, R.D. El nuevo director ejecutivo del Consejo Nacional para el VIH y el Sida (CONAVIHSIDA), doctor Rafael Enrique Gonz\u00e1lez Cruz, tras ser juramentado este mi\u00e9rcoles por el ministro de Salud, doctor Plutarco Arias, dijo que los derechos humanos ser\u00e1 un tema de alta prioridad en su gesti\u00f3n.<\/p>\n\n\n\n<p><br>Gonz\u00e1lez Cruz, cardi\u00f3logo de profesi\u00f3n y nativo de la provincia San Crist\u00f3bal, fue designado el pasado lunes 2 de noviembre al frente de la instituci\u00f3n por el Presidente Luis Abinader, mediante el Decreto 593-20, en sustituci\u00f3n del doctor V\u00edctor Terrero.<\/p>\n\n\n\n<figure class=\"wp-block-image size-large\"><img decoding=\"async\" width=\"1024\" height=\"689\" src=\"https:\/\/blgnoticiassantodomingo.net\/wp-content\/uploads\/2020\/11\/IMG-20201104-WA0102-1024x689.jpg\" alt=\"\" class=\"wp-image-21131\" srcset=\"https:\/\/blgnoticiassantodomingo.net\/wp-content\/uploads\/2020\/11\/IMG-20201104-WA0102-1024x689.jpg 1024w, https:\/\/blgnoticiassantodomingo.net\/wp-content\/uploads\/2020\/11\/IMG-20201104-WA0102-300x202.jpg 300w, https:\/\/blgnoticiassantodomingo.net\/wp-content\/uploads\/2020\/11\/IMG-20201104-WA0102-768x517.jpg 768w, https:\/\/blgnoticiassantodomingo.net\/wp-content\/uploads\/2020\/11\/IMG-20201104-WA0102.jpg 1280w\" sizes=\"(max-width: 1024px) 100vw, 1024px\" \/><\/figure>\n\n\n\n<p><br>\u201cEs nuestro inter\u00e9s fortalecer el tema de derechos humanos en las pol\u00edticas de prevenci\u00f3n y atenci\u00f3n del VIH y ampliar la cobertura de los programas y proyectos para llegar a todos los rincones\u201d, manifest\u00f3 el funcionario al tomar posesi\u00f3n del cargo.<\/p>\n\n\n\n<p><br>Expres\u00f3 que como parte de esa pol\u00edtica, su gesti\u00f3n har\u00e1 \u00e9nfasis en prevenir la discriminaci\u00f3n que afecta a las personas que viven con VIH en diferentes \u00e1mbitos de la vida social\u201d expres\u00f3.<br>Dijo que es momento de cambios e inflexi\u00f3n en la vida nacional y en toda la sociedad dominicana, y el tema de salud, incluido el VIH, ser\u00e1 parte esencial de las transformaciones que impulsa el nuevo gobierno.<\/p>\n\n\n\n<p><br>Gonz\u00e1lez Cruz dijo que la gesti\u00f3n del Presidente Abinader tiene un compromiso con el mejoramiento de los indicadores de la epidemia, y con la lucha por alcanzar las metas y objetivos previstos y con la calidad de vida de las personas que viven con VIH.<\/p>\n\n\n\n<figure class=\"wp-block-image size-large\"><img decoding=\"async\" width=\"1024\" height=\"683\" src=\"https:\/\/blgnoticiassantodomingo.net\/wp-content\/uploads\/2020\/11\/IMG-20201104-WA0103-1024x683.jpg\" alt=\"\" class=\"wp-image-21132\" srcset=\"https:\/\/blgnoticiassantodomingo.net\/wp-content\/uploads\/2020\/11\/IMG-20201104-WA0103-1024x683.jpg 1024w, https:\/\/blgnoticiassantodomingo.net\/wp-content\/uploads\/2020\/11\/IMG-20201104-WA0103-300x200.jpg 300w, https:\/\/blgnoticiassantodomingo.net\/wp-content\/uploads\/2020\/11\/IMG-20201104-WA0103-768x512.jpg 768w, https:\/\/blgnoticiassantodomingo.net\/wp-content\/uploads\/2020\/11\/IMG-20201104-WA0103.jpg 1280w\" sizes=\"(max-width: 1024px) 100vw, 1024px\" \/><\/figure>\n\n\n\n<p><br>\u201cTodos nuestros esfuerzos \u2013puntualiz\u00f3- estar\u00e1n dirigidos a lograr una Rep\u00fablica Dominicana libre de VIH, y a ese alto objetivo trabajaremos todas nuestras acciones\u201d.<\/p>\n\n\n\n<p><br>El doctor Rafael Enrique Gonz\u00e1lez Cruz agradeci\u00f3 al Presidente Luis Abinader su designaci\u00f3n y dio garant\u00edas de un desempe\u00f1o apegado a la transparencia.<\/p>\n\n\n\n<p><br>Asegur\u00f3 que, en lo personal, se siente con la responsabilidad de impulsar la coordinaci\u00f3n entre todos los actores e instituciones del sistema de salud para evitar duplicidades y lograr mayor impacto en las estrategias.<\/p>\n\n\n\n<p><br>Gonz\u00e1lez Cruz fue posicionado en el cargo por el ministro de Salud, doctor Plutarco Arias, quien resalt\u00f3 las cualidades del galeno y les exhort\u00f3 el compromiso que tiene con el pa\u00eds y con el presidente Lu\u00eds Abinader de mantener en control el VIH-sida y garantizar el derecho de las personas que viven con esa condici\u00f3n de salud.<\/p>\n\n\n\n<p><br>En el acto de toma de posesi\u00f3n estuvo presente la doctora Ivelise Acosta, viceministra de Salud Colectiva.<\/p>\n\n\n\n<p><br>De su lado, el doctor V\u00edctor Terrero, director saliente, cit\u00f3 la actualizaci\u00f3n del Plan Estrat\u00e9gico Nacional (PEN), la elaboraci\u00f3n del Anteproyecto de Ley General Antidiscriminaci\u00f3n e Igualdad de Trato, la inclusi\u00f3n de las personas con VIH en el Seguro Nacional de Salud (SENASA) y el Programa Solidaridad, y la organizaci\u00f3n de un modelo nacional de financiamiento de los tratamientos antirretrovirales como los hechos relevantes de la pasada gesti\u00f3n.<\/p>\n\n\n\n<p><br>Entre los retos pendientes, Terrero cit\u00f3 la aprobaci\u00f3n de la Ley General Antidiscriminaci\u00f3n e Igualdad de Trato.<\/p>\n\n\n\n<p><br>Rafael Enrique Gonz\u00e1lez Cruz es doctor en medicina de la Universidad Aut\u00f3noma de Santo Domingo (UASD) y cardi\u00f3logo egresado Instituto Dominicano de Cardiolog\u00eda y de la UASD, con un diplomado en administraci\u00f3n de hospitales y entrenamiento en ecocardiograf\u00eda en el Instituto Nacional de Cardiolog\u00eda \u201cIgnacio Ch\u00e1vez\u201d, de M\u00e9xico. Fue Director Provincial de Salud en San Crist\u00f3bal en el per\u00edodo 2000-2002 y diputado en 2002-2006, y presidente del Consejo de Administraci\u00f3n de la Cl\u00ednica San Crist\u00f3bal.<\/p>\n","protected":false},"excerpt":{"rendered":"<p>Rafael Enrique Gonz\u00e1lez Cruz mediante el Decreto 593-20 SANTO DOMINGO, R.D. El nuevo director ejecutivo del Consejo Nacional para el VIH y el Sida (CONAVIHSIDA), doctor Rafael Enrique Gonz\u00e1lez Cruz, tras ser juramentado este mi\u00e9rcoles por el ministro de Salud, doctor Plutarco Arias, dijo que los derechos humanos ser\u00e1 un tema de alta prioridad en [&hellip;]<\/p>\n","protected":false},"author":2,"featured_media":21130,"comment_status":"open","ping_status":"open","sticky":false,"template":"","format":"standard","meta":{"footnotes":""},"categories":[224],"tags":[452,4436,451],"class_list":{"0":"post-21129","1":"post","2":"type-post","3":"status-publish","4":"format-standard","5":"has-post-thumbnail","7":"category-salud","8":"tag-conavihsida","9":"tag-derechos-humanos","10":"tag-vih"},"yoast_head":"<!-- This site is optimized with the Yoast SEO plugin v24.9 - https:\/\/yoast.com\/wordpress\/plugins\/seo\/ -->\n<title>Derechos humanos de las personas con VIH ser\u00e1n de alta prioridad, afirma nuevo director del CONAVIHSIDA - BLG Noticias<\/title>\n<meta name=\"robots\" content=\"index, follow, max-snippet:-1, max-image-preview:large, max-video-preview:-1\" \/>\n<link rel=\"canonical\" href=\"https:\/\/blgnoticiassantodomingo.net\/index.php\/2020\/11\/05\/derechos-humanos-de-las-personas-con-vih-seran-de-alta-prioridad-afirma-nuevo-director-del-conavihsida\/\" \/>\n<meta property=\"og:locale\" content=\"es_ES\" \/>\n<meta property=\"og:type\" content=\"article\" \/>\n<meta property=\"og:title\" content=\"Derechos humanos de las personas con VIH ser\u00e1n de alta prioridad, afirma nuevo director del CONAVIHSIDA - BLG Noticias\" \/>\n<meta property=\"og:description\" content=\"Rafael Enrique Gonz\u00e1lez Cruz mediante el Decreto 593-20 SANTO DOMINGO, R.D. El nuevo director ejecutivo del Consejo Nacional para el VIH y el Sida (CONAVIHSIDA), doctor Rafael Enrique Gonz\u00e1lez Cruz, tras ser juramentado este mi\u00e9rcoles por el ministro de Salud, doctor Plutarco Arias, dijo que los derechos humanos ser\u00e1 un tema de alta prioridad en [&hellip;]\" \/>\n<meta property=\"og:url\" content=\"https:\/\/blgnoticiassantodomingo.net\/index.php\/2020\/11\/05\/derechos-humanos-de-las-personas-con-vih-seran-de-alta-prioridad-afirma-nuevo-director-del-conavihsida\/\" \/>\n<meta property=\"og:site_name\" content=\"BLG Noticias\" \/>\n<meta property=\"article:publisher\" content=\"https:\/\/web.facebook.com\/BlgNoticias\/?locale=es_LA&amp;_rdc=1&amp;_rdr\" \/>\n<meta property=\"article:published_time\" content=\"2020-11-05T02:23:06+00:00\" \/>\n<meta property=\"article:modified_time\" content=\"2020-11-05T02:23:07+00:00\" \/>\n<meta property=\"og:image\" content=\"https:\/\/blgnoticiassantodomingo.net\/wp-content\/uploads\/2020\/11\/IMG-20201104-WA0104.jpg\" \/>\n\t<meta property=\"og:image:width\" content=\"1280\" \/>\n\t<meta property=\"og:image:height\" content=\"685\" \/>\n\t<meta property=\"og:image:type\" content=\"image\/jpeg\" \/>\n<meta name=\"author\" content=\"Brenda Guerrero\" \/>\n<meta name=\"twitter:card\" content=\"summary_large_image\" \/>\n<meta name=\"twitter:creator\" content=\"@BlgNoticias\" \/>\n<meta name=\"twitter:site\" content=\"@BlgNoticias\" \/>\n<meta name=\"twitter:label1\" content=\"Escrito por\" \/>\n\t<meta name=\"twitter:data1\" content=\"Brenda Guerrero\" \/>\n\t<meta name=\"twitter:label2\" content=\"Tiempo de lectura\" \/>\n\t<meta name=\"twitter:data2\" content=\"3 minutos\" \/>\n<script type=\"application\/ld+json\" class=\"yoast-schema-graph\">{\"@context\":\"https:\/\/schema.org\",\"@graph\":[{\"@type\":\"Article\",\"@id\":\"https:\/\/blgnoticiassantodomingo.net\/index.php\/2020\/11\/05\/derechos-humanos-de-las-personas-con-vih-seran-de-alta-prioridad-afirma-nuevo-director-del-conavihsida\/#article\",\"isPartOf\":{\"@id\":\"https:\/\/blgnoticiassantodomingo.net\/index.php\/2020\/11\/05\/derechos-humanos-de-las-personas-con-vih-seran-de-alta-prioridad-afirma-nuevo-director-del-conavihsida\/\"},\"author\":{\"name\":\"Brenda Guerrero\",\"@id\":\"https:\/\/blgnoticiassantodomingo.net\/#\/schema\/person\/e2fc21cf88acc63dbd134be981bff374\"},\"headline\":\"Derechos humanos de las personas con VIH ser\u00e1n de alta prioridad, afirma nuevo director del CONAVIHSIDA\",\"datePublished\":\"2020-11-05T02:23:06+00:00\",\"dateModified\":\"2020-11-05T02:23:07+00:00\",\"mainEntityOfPage\":{\"@id\":\"https:\/\/blgnoticiassantodomingo.net\/index.php\/2020\/11\/05\/derechos-humanos-de-las-personas-con-vih-seran-de-alta-prioridad-afirma-nuevo-director-del-conavihsida\/\"},\"wordCount\":642,\"commentCount\":0,\"publisher\":{\"@id\":\"https:\/\/blgnoticiassantodomingo.net\/#organization\"},\"image\":{\"@id\":\"https:\/\/blgnoticiassantodomingo.net\/index.php\/2020\/11\/05\/derechos-humanos-de-las-personas-con-vih-seran-de-alta-prioridad-afirma-nuevo-director-del-conavihsida\/#primaryimage\"},\"thumbnailUrl\":\"https:\/\/blgnoticiassantodomingo.net\/wp-content\/uploads\/2020\/11\/IMG-20201104-WA0104.jpg\",\"keywords\":[\"Conavihsida\",\"Derechos Humanos\",\"VIH\"],\"articleSection\":[\"Salud\"],\"inLanguage\":\"es\",\"potentialAction\":[{\"@type\":\"CommentAction\",\"name\":\"Comment\",\"target\":[\"https:\/\/blgnoticiassantodomingo.net\/index.php\/2020\/11\/05\/derechos-humanos-de-las-personas-con-vih-seran-de-alta-prioridad-afirma-nuevo-director-del-conavihsida\/#respond\"]}]},{\"@type\":\"WebPage\",\"@id\":\"https:\/\/blgnoticiassantodomingo.net\/index.php\/2020\/11\/05\/derechos-humanos-de-las-personas-con-vih-seran-de-alta-prioridad-afirma-nuevo-director-del-conavihsida\/\",\"url\":\"https:\/\/blgnoticiassantodomingo.net\/index.php\/2020\/11\/05\/derechos-humanos-de-las-personas-con-vih-seran-de-alta-prioridad-afirma-nuevo-director-del-conavihsida\/\",\"name\":\"Derechos humanos de las personas con VIH ser\u00e1n de alta prioridad, afirma nuevo director del CONAVIHSIDA - BLG Noticias\",\"isPartOf\":{\"@id\":\"https:\/\/blgnoticiassantodomingo.net\/#website\"},\"primaryImageOfPage\":{\"@id\":\"https:\/\/blgnoticiassantodomingo.net\/index.php\/2020\/11\/05\/derechos-humanos-de-las-personas-con-vih-seran-de-alta-prioridad-afirma-nuevo-director-del-conavihsida\/#primaryimage\"},\"image\":{\"@id\":\"https:\/\/blgnoticiassantodomingo.net\/index.php\/2020\/11\/05\/derechos-humanos-de-las-personas-con-vih-seran-de-alta-prioridad-afirma-nuevo-director-del-conavihsida\/#primaryimage\"},\"thumbnailUrl\":\"https:\/\/blgnoticiassantodomingo.net\/wp-content\/uploads\/2020\/11\/IMG-20201104-WA0104.jpg\",\"datePublished\":\"2020-11-05T02:23:06+00:00\",\"dateModified\":\"2020-11-05T02:23:07+00:00\",\"breadcrumb\":{\"@id\":\"https:\/\/blgnoticiassantodomingo.net\/index.php\/2020\/11\/05\/derechos-humanos-de-las-personas-con-vih-seran-de-alta-prioridad-afirma-nuevo-director-del-conavihsida\/#breadcrumb\"},\"inLanguage\":\"es\",\"potentialAction\":[{\"@type\":\"ReadAction\",\"target\":[\"https:\/\/blgnoticiassantodomingo.net\/index.php\/2020\/11\/05\/derechos-humanos-de-las-personas-con-vih-seran-de-alta-prioridad-afirma-nuevo-director-del-conavihsida\/\"]}]},{\"@type\":\"ImageObject\",\"inLanguage\":\"es\",\"@id\":\"https:\/\/blgnoticiassantodomingo.net\/index.php\/2020\/11\/05\/derechos-humanos-de-las-personas-con-vih-seran-de-alta-prioridad-afirma-nuevo-director-del-conavihsida\/#primaryimage\",\"url\":\"https:\/\/blgnoticiassantodomingo.net\/wp-content\/uploads\/2020\/11\/IMG-20201104-WA0104.jpg\",\"contentUrl\":\"https:\/\/blgnoticiassantodomingo.net\/wp-content\/uploads\/2020\/11\/IMG-20201104-WA0104.jpg\",\"width\":1280,\"height\":685},{\"@type\":\"BreadcrumbList\",\"@id\":\"https:\/\/blgnoticiassantodomingo.net\/index.php\/2020\/11\/05\/derechos-humanos-de-las-personas-con-vih-seran-de-alta-prioridad-afirma-nuevo-director-del-conavihsida\/#breadcrumb\",\"itemListElement\":[{\"@type\":\"ListItem\",\"position\":1,\"name\":\"Portada\",\"item\":\"https:\/\/blgnoticiassantodomingo.net\/\"},{\"@type\":\"ListItem\",\"position\":2,\"name\":\"Derechos humanos de las personas con VIH ser\u00e1n de alta prioridad, afirma nuevo director del CONAVIHSIDA\"}]},{\"@type\":\"WebSite\",\"@id\":\"https:\/\/blgnoticiassantodomingo.net\/#website\",\"url\":\"https:\/\/blgnoticiassantodomingo.net\/\",\"name\":\"BLG Noticias\",\"description\":\"Esto es Noticias\",\"publisher\":{\"@id\":\"https:\/\/blgnoticiassantodomingo.net\/#organization\"},\"potentialAction\":[{\"@type\":\"SearchAction\",\"target\":{\"@type\":\"EntryPoint\",\"urlTemplate\":\"https:\/\/blgnoticiassantodomingo.net\/?s={search_term_string}\"},\"query-input\":{\"@type\":\"PropertyValueSpecification\",\"valueRequired\":true,\"valueName\":\"search_term_string\"}}],\"inLanguage\":\"es\"},{\"@type\":\"Organization\",\"@id\":\"https:\/\/blgnoticiassantodomingo.net\/#organization\",\"name\":\"BLG Noticias\",\"url\":\"https:\/\/blgnoticiassantodomingo.net\/\",\"logo\":{\"@type\":\"ImageObject\",\"inLanguage\":\"es\",\"@id\":\"https:\/\/blgnoticiassantodomingo.net\/#\/schema\/logo\/image\/\",\"url\":\"https:\/\/blgnoticiassantodomingo.net\/wp-content\/uploads\/2023\/12\/Diseno-sin-titulo-3.jpg\",\"contentUrl\":\"https:\/\/blgnoticiassantodomingo.net\/wp-content\/uploads\/2023\/12\/Diseno-sin-titulo-3.jpg\",\"width\":500,\"height\":500,\"caption\":\"BLG Noticias\"},\"image\":{\"@id\":\"https:\/\/blgnoticiassantodomingo.net\/#\/schema\/logo\/image\/\"},\"sameAs\":[\"https:\/\/web.facebook.com\/BlgNoticias\/?locale=es_LA&_rdc=1&_rdr\",\"https:\/\/x.com\/BlgNoticias\",\"https:\/\/www.linkedin.com\/in\/brenda-l-santana-aa846279\/\"]},{\"@type\":\"Person\",\"@id\":\"https:\/\/blgnoticiassantodomingo.net\/#\/schema\/person\/e2fc21cf88acc63dbd134be981bff374\",\"name\":\"Brenda Guerrero\",\"image\":{\"@type\":\"ImageObject\",\"inLanguage\":\"es\",\"@id\":\"https:\/\/blgnoticiassantodomingo.net\/#\/schema\/person\/image\/\",\"url\":\"https:\/\/secure.gravatar.com\/avatar\/2f7fc4c3e3655be1580cb684bfd8ab19be702ae20879da1e072021daa02f9b8b?s=96&d=wp_user_avatar&r=g\",\"contentUrl\":\"https:\/\/secure.gravatar.com\/avatar\/2f7fc4c3e3655be1580cb684bfd8ab19be702ae20879da1e072021daa02f9b8b?s=96&d=wp_user_avatar&r=g\",\"caption\":\"Brenda Guerrero\"},\"description\":\"Periodista\",\"url\":\"https:\/\/blgnoticiassantodomingo.net\/index.php\/author\/brenda-guerrero\/\"}]}<\/script>\n<!-- \/ Yoast SEO plugin. -->","yoast_head_json":{"title":"Derechos humanos de las personas con VIH ser\u00e1n de alta prioridad, afirma nuevo director del CONAVIHSIDA - BLG Noticias","robots":{"index":"index","follow":"follow","max-snippet":"max-snippet:-1","max-image-preview":"max-image-preview:large","max-video-preview":"max-video-preview:-1"},"canonical":"https:\/\/blgnoticiassantodomingo.net\/index.php\/2020\/11\/05\/derechos-humanos-de-las-personas-con-vih-seran-de-alta-prioridad-afirma-nuevo-director-del-conavihsida\/","og_locale":"es_ES","og_type":"article","og_title":"Derechos humanos de las personas con VIH ser\u00e1n de alta prioridad, afirma nuevo director del CONAVIHSIDA - BLG Noticias","og_description":"Rafael Enrique Gonz\u00e1lez Cruz mediante el Decreto 593-20 SANTO DOMINGO, R.D. El nuevo director ejecutivo del Consejo Nacional para el VIH y el Sida (CONAVIHSIDA), doctor Rafael Enrique Gonz\u00e1lez Cruz, tras ser juramentado este mi\u00e9rcoles por el ministro de Salud, doctor Plutarco Arias, dijo que los derechos humanos ser\u00e1 un tema de alta prioridad en [&hellip;]","og_url":"https:\/\/blgnoticiassantodomingo.net\/index.php\/2020\/11\/05\/derechos-humanos-de-las-personas-con-vih-seran-de-alta-prioridad-afirma-nuevo-director-del-conavihsida\/","og_site_name":"BLG Noticias","article_publisher":"https:\/\/web.facebook.com\/BlgNoticias\/?locale=es_LA&_rdc=1&_rdr","article_published_time":"2020-11-05T02:23:06+00:00","article_modified_time":"2020-11-05T02:23:07+00:00","og_image":[{"width":1280,"height":685,"url":"https:\/\/blgnoticiassantodomingo.net\/wp-content\/uploads\/2020\/11\/IMG-20201104-WA0104.jpg","type":"image\/jpeg"}],"author":"Brenda Guerrero","twitter_card":"summary_large_image","twitter_creator":"@BlgNoticias","twitter_site":"@BlgNoticias","twitter_misc":{"Escrito por":"Brenda Guerrero","Tiempo de lectura":"3 minutos"},"schema":{"@context":"https:\/\/schema.org","@graph":[{"@type":"Article","@id":"https:\/\/blgnoticiassantodomingo.net\/index.php\/2020\/11\/05\/derechos-humanos-de-las-personas-con-vih-seran-de-alta-prioridad-afirma-nuevo-director-del-conavihsida\/#article","isPartOf":{"@id":"https:\/\/blgnoticiassantodomingo.net\/index.php\/2020\/11\/05\/derechos-humanos-de-las-personas-con-vih-seran-de-alta-prioridad-afirma-nuevo-director-del-conavihsida\/"},"author":{"name":"Brenda Guerrero","@id":"https:\/\/blgnoticiassantodomingo.net\/#\/schema\/person\/e2fc21cf88acc63dbd134be981bff374"},"headline":"Derechos humanos de las personas con VIH ser\u00e1n de alta prioridad, afirma nuevo director del CONAVIHSIDA","datePublished":"2020-11-05T02:23:06+00:00","dateModified":"2020-11-05T02:23:07+00:00","mainEntityOfPage":{"@id":"https:\/\/blgnoticiassantodomingo.net\/index.php\/2020\/11\/05\/derechos-humanos-de-las-personas-con-vih-seran-de-alta-prioridad-afirma-nuevo-director-del-conavihsida\/"},"wordCount":642,"commentCount":0,"publisher":{"@id":"https:\/\/blgnoticiassantodomingo.net\/#organization"},"image":{"@id":"https:\/\/blgnoticiassantodomingo.net\/index.php\/2020\/11\/05\/derechos-humanos-de-las-personas-con-vih-seran-de-alta-prioridad-afirma-nuevo-director-del-conavihsida\/#primaryimage"},"thumbnailUrl":"https:\/\/blgnoticiassantodomingo.net\/wp-content\/uploads\/2020\/11\/IMG-20201104-WA0104.jpg","keywords":["Conavihsida","Derechos Humanos","VIH"],"articleSection":["Salud"],"inLanguage":"es","potentialAction":[{"@type":"CommentAction","name":"Comment","target":["https:\/\/blgnoticiassantodomingo.net\/index.php\/2020\/11\/05\/derechos-humanos-de-las-personas-con-vih-seran-de-alta-prioridad-afirma-nuevo-director-del-conavihsida\/#respond"]}]},{"@type":"WebPage","@id":"https:\/\/blgnoticiassantodomingo.net\/index.php\/2020\/11\/05\/derechos-humanos-de-las-personas-con-vih-seran-de-alta-prioridad-afirma-nuevo-director-del-conavihsida\/","url":"https:\/\/blgnoticiassantodomingo.net\/index.php\/2020\/11\/05\/derechos-humanos-de-las-personas-con-vih-seran-de-alta-prioridad-afirma-nuevo-director-del-conavihsida\/","name":"Derechos humanos de las personas con VIH ser\u00e1n de alta prioridad, afirma nuevo director del CONAVIHSIDA - BLG Noticias","isPartOf":{"@id":"https:\/\/blgnoticiassantodomingo.net\/#website"},"primaryImageOfPage":{"@id":"https:\/\/blgnoticiassantodomingo.net\/index.php\/2020\/11\/05\/derechos-humanos-de-las-personas-con-vih-seran-de-alta-prioridad-afirma-nuevo-director-del-conavihsida\/#primaryimage"},"image":{"@id":"https:\/\/blgnoticiassantodomingo.net\/index.php\/2020\/11\/05\/derechos-humanos-de-las-personas-con-vih-seran-de-alta-prioridad-afirma-nuevo-director-del-conavihsida\/#primaryimage"},"thumbnailUrl":"https:\/\/blgnoticiassantodomingo.net\/wp-content\/uploads\/2020\/11\/IMG-20201104-WA0104.jpg","datePublished":"2020-11-05T02:23:06+00:00","dateModified":"2020-11-05T02:23:07+00:00","breadcrumb":{"@id":"https:\/\/blgnoticiassantodomingo.net\/index.php\/2020\/11\/05\/derechos-humanos-de-las-personas-con-vih-seran-de-alta-prioridad-afirma-nuevo-director-del-conavihsida\/#breadcrumb"},"inLanguage":"es","potentialAction":[{"@type":"ReadAction","target":["https:\/\/blgnoticiassantodomingo.net\/index.php\/2020\/11\/05\/derechos-humanos-de-las-personas-con-vih-seran-de-alta-prioridad-afirma-nuevo-director-del-conavihsida\/"]}]},{"@type":"ImageObject","inLanguage":"es","@id":"https:\/\/blgnoticiassantodomingo.net\/index.php\/2020\/11\/05\/derechos-humanos-de-las-personas-con-vih-seran-de-alta-prioridad-afirma-nuevo-director-del-conavihsida\/#primaryimage","url":"https:\/\/blgnoticiassantodomingo.net\/wp-content\/uploads\/2020\/11\/IMG-20201104-WA0104.jpg","contentUrl":"https:\/\/blgnoticiassantodomingo.net\/wp-content\/uploads\/2020\/11\/IMG-20201104-WA0104.jpg","width":1280,"height":685},{"@type":"BreadcrumbList","@id":"https:\/\/blgnoticiassantodomingo.net\/index.php\/2020\/11\/05\/derechos-humanos-de-las-personas-con-vih-seran-de-alta-prioridad-afirma-nuevo-director-del-conavihsida\/#breadcrumb","itemListElement":[{"@type":"ListItem","position":1,"name":"Portada","item":"https:\/\/blgnoticiassantodomingo.net\/"},{"@type":"ListItem","position":2,"name":"Derechos humanos de las personas con VIH ser\u00e1n de alta prioridad, afirma nuevo director del CONAVIHSIDA"}]},{"@type":"WebSite","@id":"https:\/\/blgnoticiassantodomingo.net\/#website","url":"https:\/\/blgnoticiassantodomingo.net\/","name":"BLG Noticias","description":"Esto es Noticias","publisher":{"@id":"https:\/\/blgnoticiassantodomingo.net\/#organization"},"potentialAction":[{"@type":"SearchAction","target":{"@type":"EntryPoint","urlTemplate":"https:\/\/blgnoticiassantodomingo.net\/?s={search_term_string}"},"query-input":{"@type":"PropertyValueSpecification","valueRequired":true,"valueName":"search_term_string"}}],"inLanguage":"es"},{"@type":"Organization","@id":"https:\/\/blgnoticiassantodomingo.net\/#organization","name":"BLG Noticias","url":"https:\/\/blgnoticiassantodomingo.net\/","logo":{"@type":"ImageObject","inLanguage":"es","@id":"https:\/\/blgnoticiassantodomingo.net\/#\/schema\/logo\/image\/","url":"https:\/\/blgnoticiassantodomingo.net\/wp-content\/uploads\/2023\/12\/Diseno-sin-titulo-3.jpg","contentUrl":"https:\/\/blgnoticiassantodomingo.net\/wp-content\/uploads\/2023\/12\/Diseno-sin-titulo-3.jpg","width":500,"height":500,"caption":"BLG Noticias"},"image":{"@id":"https:\/\/blgnoticiassantodomingo.net\/#\/schema\/logo\/image\/"},"sameAs":["https:\/\/web.facebook.com\/BlgNoticias\/?locale=es_LA&_rdc=1&_rdr","https:\/\/x.com\/BlgNoticias","https:\/\/www.linkedin.com\/in\/brenda-l-santana-aa846279\/"]},{"@type":"Person","@id":"https:\/\/blgnoticiassantodomingo.net\/#\/schema\/person\/e2fc21cf88acc63dbd134be981bff374","name":"Brenda Guerrero","image":{"@type":"ImageObject","inLanguage":"es","@id":"https:\/\/blgnoticiassantodomingo.net\/#\/schema\/person\/image\/","url":"https:\/\/secure.gravatar.com\/avatar\/2f7fc4c3e3655be1580cb684bfd8ab19be702ae20879da1e072021daa02f9b8b?s=96&d=wp_user_avatar&r=g","contentUrl":"https:\/\/secure.gravatar.com\/avatar\/2f7fc4c3e3655be1580cb684bfd8ab19be702ae20879da1e072021daa02f9b8b?s=96&d=wp_user_avatar&r=g","caption":"Brenda Guerrero"},"description":"Periodista","url":"https:\/\/blgnoticiassantodomingo.net\/index.php\/author\/brenda-guerrero\/"}]}},"jetpack_featured_media_url":"https:\/\/blgnoticiassantodomingo.net\/wp-content\/uploads\/2020\/11\/IMG-20201104-WA0104.jpg","_links":{"self":[{"href":"https:\/\/blgnoticiassantodomingo.net\/index.php\/wp-json\/wp\/v2\/posts\/21129","targetHints":{"allow":["GET"]}}],"collection":[{"href":"https:\/\/blgnoticiassantodomingo.net\/index.php\/wp-json\/wp\/v2\/posts"}],"about":[{"href":"https:\/\/blgnoticiassantodomingo.net\/index.php\/wp-json\/wp\/v2\/types\/post"}],"author":[{"embeddable":true,"href":"https:\/\/blgnoticiassantodomingo.net\/index.php\/wp-json\/wp\/v2\/users\/2"}],"replies":[{"embeddable":true,"href":"https:\/\/blgnoticiassantodomingo.net\/index.php\/wp-json\/wp\/v2\/comments?post=21129"}],"version-history":[{"count":1,"href":"https:\/\/blgnoticiassantodomingo.net\/index.php\/wp-json\/wp\/v2\/posts\/21129\/revisions"}],"predecessor-version":[{"id":21133,"href":"https:\/\/blgnoticiassantodomingo.net\/index.php\/wp-json\/wp\/v2\/posts\/21129\/revisions\/21133"}],"wp:featuredmedia":[{"embeddable":true,"href":"https:\/\/blgnoticiassantodomingo.net\/index.php\/wp-json\/wp\/v2\/media\/21130"}],"wp:attachment":[{"href":"https:\/\/blgnoticiassantodomingo.net\/index.php\/wp-json\/wp\/v2\/media?parent=21129"}],"wp:term":[{"taxonomy":"category","embeddable":true,"href":"https:\/\/blgnoticiassantodomingo.net\/index.php\/wp-json\/wp\/v2\/categories?post=21129"},{"taxonomy":"post_tag","embeddable":true,"href":"https:\/\/blgnoticiassantodomingo.net\/index.php\/wp-json\/wp\/v2\/tags?post=21129"}],"curies":[{"name":"wp","href":"https:\/\/api.w.org\/{rel}","templated":true}]}}