{"id":20889,"date":"2020-10-29T14:43:06","date_gmt":"2020-10-29T14:43:06","guid":{"rendered":"http:\/\/blgnoticiassantodomingo.net\/?p=20889"},"modified":"2020-10-29T14:43:08","modified_gmt":"2020-10-29T14:43:08","slug":"ana-maria-polo-de-jueza-a-cantante-por-una-buena-causa","status":"publish","type":"post","link":"https:\/\/blgnoticiassantodomingo.net\/index.php\/2020\/10\/29\/ana-maria-polo-de-jueza-a-cantante-por-una-buena-causa\/","title":{"rendered":"Ana Mar\u00eda Polo \u00a1de jueza a cantante por una buena causa!"},"content":{"rendered":"\n<p>En tiempos de pandemia, la presentadora y abogada cubana, Ana Mar\u00eda Polo demuestra que los sue\u00f1os se pueden cumplir. El suyo se llama \u00abAm\u00e9rica\u00bb, la m\u00edtica canci\u00f3n de Neil Diamond de la que ha hecho su propia versi\u00f3n para honrar y celebrar a los inmigrantes en Estados Unidos.<\/p>\n\n\n\n<p>Justa como el martillazo que golpeaba cada sobremesa en&nbsp;su programa&nbsp;<em>Caso cerrado<\/em>, la presentadora ha querido rendir un homenaje a los inmigrantes del ayer y del hoy que ayudaron, y ayudan, a construir un gran pa\u00eds como Estados Unidos.<\/p>\n\n\n\n<p>Guitarra en mano, la abogada cubana no dud\u00f3 en interpretar una de las canciones que mejor reflejan ese papel clave en el nacimiento de esta naci\u00f3n. Ana Mar\u00eda se puso manos a la obra y grab\u00f3 su versi\u00f3n m\u00e1s personal de \u00abAm\u00e9rica\u00bb, del cantante&nbsp;Neil Diamond, cuyo video roza las cien mil visualizaciones desde su estreno hace dos semanas.<\/p>\n\n\n\n<p>Nada mal para una principiante en esto de la m\u00fasica. \u00abLamentablemente en los \u00faltimos a\u00f1os la palabra inmigrante ha adquirido una connotaci\u00f3n de odio y separaci\u00f3n, por eso quise hacer este video para todos ustedes que trae un mensaje positivo y que tambi\u00e9n nos recuerda que llegamos aqu\u00ed buscando estabilidad, libertad y trabajo\u00bb, escribi\u00f3 en sus redes sociales tras el lanzamiento.<\/p>\n\n\n\n<p>Un ejemplo m\u00e1s del esp\u00edritu justo, entregado y luchador de esta mujer que vivi\u00f3 en primera persona lo que es emigrar a otro pa\u00eds en busca de esa libertad que le quitaron al suyo.<\/p>\n\n\n\n<p>Este video no significa que Ana Mar\u00eda ahora sea cantante, es un valiente gesto de una de las personalidades m\u00e1s queridas de la televisi\u00f3n por su talento, su amor al p\u00fablico y, sobre todo, por detalles como este.<\/p>\n","protected":false},"excerpt":{"rendered":"<p>En tiempos de pandemia, la presentadora y abogada cubana, Ana Mar\u00eda Polo demuestra que los sue\u00f1os se pueden cumplir. El suyo se llama \u00abAm\u00e9rica\u00bb, la m\u00edtica canci\u00f3n de Neil Diamond de la que ha hecho su propia versi\u00f3n para honrar y celebrar a los inmigrantes en Estados Unidos. Justa como el martillazo que golpeaba cada [&hellip;]<\/p>\n","protected":false},"author":2,"featured_media":20890,"comment_status":"open","ping_status":"open","sticky":false,"template":"","format":"standard","meta":{"footnotes":""},"categories":[222],"tags":[4373],"class_list":{"0":"post-20889","1":"post","2":"type-post","3":"status-publish","4":"format-standard","5":"has-post-thumbnail","7":"category-arte-y-espectaculos","8":"tag-ana-maria-polo"},"yoast_head":"<!-- This site is optimized with the Yoast SEO plugin v24.9 - https:\/\/yoast.com\/wordpress\/plugins\/seo\/ -->\n<title>Ana Mar\u00eda Polo \u00a1de jueza a cantante por una buena causa! - BLG Noticias<\/title>\n<meta name=\"robots\" content=\"index, follow, max-snippet:-1, max-image-preview:large, max-video-preview:-1\" \/>\n<link rel=\"canonical\" href=\"https:\/\/blgnoticiassantodomingo.net\/index.php\/2020\/10\/29\/ana-maria-polo-de-jueza-a-cantante-por-una-buena-causa\/\" \/>\n<meta property=\"og:locale\" content=\"es_ES\" \/>\n<meta property=\"og:type\" content=\"article\" \/>\n<meta property=\"og:title\" content=\"Ana Mar\u00eda Polo \u00a1de jueza a cantante por una buena causa! - BLG Noticias\" \/>\n<meta property=\"og:description\" content=\"En tiempos de pandemia, la presentadora y abogada cubana, Ana Mar\u00eda Polo demuestra que los sue\u00f1os se pueden cumplir. El suyo se llama \u00abAm\u00e9rica\u00bb, la m\u00edtica canci\u00f3n de Neil Diamond de la que ha hecho su propia versi\u00f3n para honrar y celebrar a los inmigrantes en Estados Unidos. Justa como el martillazo que golpeaba cada [&hellip;]\" \/>\n<meta property=\"og:url\" content=\"https:\/\/blgnoticiassantodomingo.net\/index.php\/2020\/10\/29\/ana-maria-polo-de-jueza-a-cantante-por-una-buena-causa\/\" \/>\n<meta property=\"og:site_name\" content=\"BLG Noticias\" \/>\n<meta property=\"article:publisher\" content=\"https:\/\/web.facebook.com\/BlgNoticias\/?locale=es_LA&amp;_rdc=1&amp;_rdr\" \/>\n<meta property=\"article:published_time\" content=\"2020-10-29T14:43:06+00:00\" \/>\n<meta property=\"article:modified_time\" content=\"2020-10-29T14:43:08+00:00\" \/>\n<meta property=\"og:image\" content=\"https:\/\/blgnoticiassantodomingo.net\/wp-content\/uploads\/2020\/10\/thumb_37545_932_582_0_0_crop.jpg\" \/>\n\t<meta property=\"og:image:width\" content=\"932\" \/>\n\t<meta property=\"og:image:height\" content=\"582\" \/>\n\t<meta property=\"og:image:type\" content=\"image\/jpeg\" \/>\n<meta name=\"author\" content=\"Brenda Guerrero\" \/>\n<meta name=\"twitter:card\" content=\"summary_large_image\" \/>\n<meta name=\"twitter:creator\" content=\"@BlgNoticias\" \/>\n<meta name=\"twitter:site\" content=\"@BlgNoticias\" \/>\n<meta name=\"twitter:label1\" content=\"Escrito por\" \/>\n\t<meta name=\"twitter:data1\" content=\"Brenda Guerrero\" \/>\n\t<meta name=\"twitter:label2\" content=\"Tiempo de lectura\" \/>\n\t<meta name=\"twitter:data2\" content=\"2 minutos\" \/>\n<script type=\"application\/ld+json\" class=\"yoast-schema-graph\">{\"@context\":\"https:\/\/schema.org\",\"@graph\":[{\"@type\":\"Article\",\"@id\":\"https:\/\/blgnoticiassantodomingo.net\/index.php\/2020\/10\/29\/ana-maria-polo-de-jueza-a-cantante-por-una-buena-causa\/#article\",\"isPartOf\":{\"@id\":\"https:\/\/blgnoticiassantodomingo.net\/index.php\/2020\/10\/29\/ana-maria-polo-de-jueza-a-cantante-por-una-buena-causa\/\"},\"author\":{\"name\":\"Brenda Guerrero\",\"@id\":\"https:\/\/blgnoticiassantodomingo.net\/#\/schema\/person\/e2fc21cf88acc63dbd134be981bff374\"},\"headline\":\"Ana Mar\u00eda Polo \u00a1de jueza a cantante por una buena causa!\",\"datePublished\":\"2020-10-29T14:43:06+00:00\",\"dateModified\":\"2020-10-29T14:43:08+00:00\",\"mainEntityOfPage\":{\"@id\":\"https:\/\/blgnoticiassantodomingo.net\/index.php\/2020\/10\/29\/ana-maria-polo-de-jueza-a-cantante-por-una-buena-causa\/\"},\"wordCount\":319,\"commentCount\":0,\"publisher\":{\"@id\":\"https:\/\/blgnoticiassantodomingo.net\/#organization\"},\"image\":{\"@id\":\"https:\/\/blgnoticiassantodomingo.net\/index.php\/2020\/10\/29\/ana-maria-polo-de-jueza-a-cantante-por-una-buena-causa\/#primaryimage\"},\"thumbnailUrl\":\"https:\/\/blgnoticiassantodomingo.net\/wp-content\/uploads\/2020\/10\/thumb_37545_932_582_0_0_crop.jpg\",\"keywords\":[\"Ana maria polo\"],\"articleSection\":[\"Arte y Espectaculos\"],\"inLanguage\":\"es\",\"potentialAction\":[{\"@type\":\"CommentAction\",\"name\":\"Comment\",\"target\":[\"https:\/\/blgnoticiassantodomingo.net\/index.php\/2020\/10\/29\/ana-maria-polo-de-jueza-a-cantante-por-una-buena-causa\/#respond\"]}]},{\"@type\":\"WebPage\",\"@id\":\"https:\/\/blgnoticiassantodomingo.net\/index.php\/2020\/10\/29\/ana-maria-polo-de-jueza-a-cantante-por-una-buena-causa\/\",\"url\":\"https:\/\/blgnoticiassantodomingo.net\/index.php\/2020\/10\/29\/ana-maria-polo-de-jueza-a-cantante-por-una-buena-causa\/\",\"name\":\"Ana Mar\u00eda Polo \u00a1de jueza a cantante por una buena causa! - BLG Noticias\",\"isPartOf\":{\"@id\":\"https:\/\/blgnoticiassantodomingo.net\/#website\"},\"primaryImageOfPage\":{\"@id\":\"https:\/\/blgnoticiassantodomingo.net\/index.php\/2020\/10\/29\/ana-maria-polo-de-jueza-a-cantante-por-una-buena-causa\/#primaryimage\"},\"image\":{\"@id\":\"https:\/\/blgnoticiassantodomingo.net\/index.php\/2020\/10\/29\/ana-maria-polo-de-jueza-a-cantante-por-una-buena-causa\/#primaryimage\"},\"thumbnailUrl\":\"https:\/\/blgnoticiassantodomingo.net\/wp-content\/uploads\/2020\/10\/thumb_37545_932_582_0_0_crop.jpg\",\"datePublished\":\"2020-10-29T14:43:06+00:00\",\"dateModified\":\"2020-10-29T14:43:08+00:00\",\"breadcrumb\":{\"@id\":\"https:\/\/blgnoticiassantodomingo.net\/index.php\/2020\/10\/29\/ana-maria-polo-de-jueza-a-cantante-por-una-buena-causa\/#breadcrumb\"},\"inLanguage\":\"es\",\"potentialAction\":[{\"@type\":\"ReadAction\",\"target\":[\"https:\/\/blgnoticiassantodomingo.net\/index.php\/2020\/10\/29\/ana-maria-polo-de-jueza-a-cantante-por-una-buena-causa\/\"]}]},{\"@type\":\"ImageObject\",\"inLanguage\":\"es\",\"@id\":\"https:\/\/blgnoticiassantodomingo.net\/index.php\/2020\/10\/29\/ana-maria-polo-de-jueza-a-cantante-por-una-buena-causa\/#primaryimage\",\"url\":\"https:\/\/blgnoticiassantodomingo.net\/wp-content\/uploads\/2020\/10\/thumb_37545_932_582_0_0_crop.jpg\",\"contentUrl\":\"https:\/\/blgnoticiassantodomingo.net\/wp-content\/uploads\/2020\/10\/thumb_37545_932_582_0_0_crop.jpg\",\"width\":932,\"height\":582},{\"@type\":\"BreadcrumbList\",\"@id\":\"https:\/\/blgnoticiassantodomingo.net\/index.php\/2020\/10\/29\/ana-maria-polo-de-jueza-a-cantante-por-una-buena-causa\/#breadcrumb\",\"itemListElement\":[{\"@type\":\"ListItem\",\"position\":1,\"name\":\"Portada\",\"item\":\"https:\/\/blgnoticiassantodomingo.net\/\"},{\"@type\":\"ListItem\",\"position\":2,\"name\":\"Ana Mar\u00eda Polo \u00a1de jueza a cantante por una buena causa!\"}]},{\"@type\":\"WebSite\",\"@id\":\"https:\/\/blgnoticiassantodomingo.net\/#website\",\"url\":\"https:\/\/blgnoticiassantodomingo.net\/\",\"name\":\"BLG Noticias\",\"description\":\"Esto es Noticias\",\"publisher\":{\"@id\":\"https:\/\/blgnoticiassantodomingo.net\/#organization\"},\"potentialAction\":[{\"@type\":\"SearchAction\",\"target\":{\"@type\":\"EntryPoint\",\"urlTemplate\":\"https:\/\/blgnoticiassantodomingo.net\/?s={search_term_string}\"},\"query-input\":{\"@type\":\"PropertyValueSpecification\",\"valueRequired\":true,\"valueName\":\"search_term_string\"}}],\"inLanguage\":\"es\"},{\"@type\":\"Organization\",\"@id\":\"https:\/\/blgnoticiassantodomingo.net\/#organization\",\"name\":\"BLG Noticias\",\"url\":\"https:\/\/blgnoticiassantodomingo.net\/\",\"logo\":{\"@type\":\"ImageObject\",\"inLanguage\":\"es\",\"@id\":\"https:\/\/blgnoticiassantodomingo.net\/#\/schema\/logo\/image\/\",\"url\":\"https:\/\/blgnoticiassantodomingo.net\/wp-content\/uploads\/2023\/12\/Diseno-sin-titulo-3.jpg\",\"contentUrl\":\"https:\/\/blgnoticiassantodomingo.net\/wp-content\/uploads\/2023\/12\/Diseno-sin-titulo-3.jpg\",\"width\":500,\"height\":500,\"caption\":\"BLG Noticias\"},\"image\":{\"@id\":\"https:\/\/blgnoticiassantodomingo.net\/#\/schema\/logo\/image\/\"},\"sameAs\":[\"https:\/\/web.facebook.com\/BlgNoticias\/?locale=es_LA&_rdc=1&_rdr\",\"https:\/\/x.com\/BlgNoticias\",\"https:\/\/www.linkedin.com\/in\/brenda-l-santana-aa846279\/\"]},{\"@type\":\"Person\",\"@id\":\"https:\/\/blgnoticiassantodomingo.net\/#\/schema\/person\/e2fc21cf88acc63dbd134be981bff374\",\"name\":\"Brenda Guerrero\",\"image\":{\"@type\":\"ImageObject\",\"inLanguage\":\"es\",\"@id\":\"https:\/\/blgnoticiassantodomingo.net\/#\/schema\/person\/image\/\",\"url\":\"https:\/\/secure.gravatar.com\/avatar\/2f7fc4c3e3655be1580cb684bfd8ab19be702ae20879da1e072021daa02f9b8b?s=96&d=wp_user_avatar&r=g\",\"contentUrl\":\"https:\/\/secure.gravatar.com\/avatar\/2f7fc4c3e3655be1580cb684bfd8ab19be702ae20879da1e072021daa02f9b8b?s=96&d=wp_user_avatar&r=g\",\"caption\":\"Brenda Guerrero\"},\"description\":\"Periodista\",\"url\":\"https:\/\/blgnoticiassantodomingo.net\/index.php\/author\/brenda-guerrero\/\"}]}<\/script>\n<!-- \/ Yoast SEO plugin. -->","yoast_head_json":{"title":"Ana Mar\u00eda Polo \u00a1de jueza a cantante por una buena causa! - BLG Noticias","robots":{"index":"index","follow":"follow","max-snippet":"max-snippet:-1","max-image-preview":"max-image-preview:large","max-video-preview":"max-video-preview:-1"},"canonical":"https:\/\/blgnoticiassantodomingo.net\/index.php\/2020\/10\/29\/ana-maria-polo-de-jueza-a-cantante-por-una-buena-causa\/","og_locale":"es_ES","og_type":"article","og_title":"Ana Mar\u00eda Polo \u00a1de jueza a cantante por una buena causa! - BLG Noticias","og_description":"En tiempos de pandemia, la presentadora y abogada cubana, Ana Mar\u00eda Polo demuestra que los sue\u00f1os se pueden cumplir. El suyo se llama \u00abAm\u00e9rica\u00bb, la m\u00edtica canci\u00f3n de Neil Diamond de la que ha hecho su propia versi\u00f3n para honrar y celebrar a los inmigrantes en Estados Unidos. Justa como el martillazo que golpeaba cada [&hellip;]","og_url":"https:\/\/blgnoticiassantodomingo.net\/index.php\/2020\/10\/29\/ana-maria-polo-de-jueza-a-cantante-por-una-buena-causa\/","og_site_name":"BLG Noticias","article_publisher":"https:\/\/web.facebook.com\/BlgNoticias\/?locale=es_LA&_rdc=1&_rdr","article_published_time":"2020-10-29T14:43:06+00:00","article_modified_time":"2020-10-29T14:43:08+00:00","og_image":[{"width":932,"height":582,"url":"https:\/\/blgnoticiassantodomingo.net\/wp-content\/uploads\/2020\/10\/thumb_37545_932_582_0_0_crop.jpg","type":"image\/jpeg"}],"author":"Brenda Guerrero","twitter_card":"summary_large_image","twitter_creator":"@BlgNoticias","twitter_site":"@BlgNoticias","twitter_misc":{"Escrito por":"Brenda Guerrero","Tiempo de lectura":"2 minutos"},"schema":{"@context":"https:\/\/schema.org","@graph":[{"@type":"Article","@id":"https:\/\/blgnoticiassantodomingo.net\/index.php\/2020\/10\/29\/ana-maria-polo-de-jueza-a-cantante-por-una-buena-causa\/#article","isPartOf":{"@id":"https:\/\/blgnoticiassantodomingo.net\/index.php\/2020\/10\/29\/ana-maria-polo-de-jueza-a-cantante-por-una-buena-causa\/"},"author":{"name":"Brenda Guerrero","@id":"https:\/\/blgnoticiassantodomingo.net\/#\/schema\/person\/e2fc21cf88acc63dbd134be981bff374"},"headline":"Ana Mar\u00eda Polo \u00a1de jueza a cantante por una buena causa!","datePublished":"2020-10-29T14:43:06+00:00","dateModified":"2020-10-29T14:43:08+00:00","mainEntityOfPage":{"@id":"https:\/\/blgnoticiassantodomingo.net\/index.php\/2020\/10\/29\/ana-maria-polo-de-jueza-a-cantante-por-una-buena-causa\/"},"wordCount":319,"commentCount":0,"publisher":{"@id":"https:\/\/blgnoticiassantodomingo.net\/#organization"},"image":{"@id":"https:\/\/blgnoticiassantodomingo.net\/index.php\/2020\/10\/29\/ana-maria-polo-de-jueza-a-cantante-por-una-buena-causa\/#primaryimage"},"thumbnailUrl":"https:\/\/blgnoticiassantodomingo.net\/wp-content\/uploads\/2020\/10\/thumb_37545_932_582_0_0_crop.jpg","keywords":["Ana maria polo"],"articleSection":["Arte y Espectaculos"],"inLanguage":"es","potentialAction":[{"@type":"CommentAction","name":"Comment","target":["https:\/\/blgnoticiassantodomingo.net\/index.php\/2020\/10\/29\/ana-maria-polo-de-jueza-a-cantante-por-una-buena-causa\/#respond"]}]},{"@type":"WebPage","@id":"https:\/\/blgnoticiassantodomingo.net\/index.php\/2020\/10\/29\/ana-maria-polo-de-jueza-a-cantante-por-una-buena-causa\/","url":"https:\/\/blgnoticiassantodomingo.net\/index.php\/2020\/10\/29\/ana-maria-polo-de-jueza-a-cantante-por-una-buena-causa\/","name":"Ana Mar\u00eda Polo \u00a1de jueza a cantante por una buena causa! - BLG Noticias","isPartOf":{"@id":"https:\/\/blgnoticiassantodomingo.net\/#website"},"primaryImageOfPage":{"@id":"https:\/\/blgnoticiassantodomingo.net\/index.php\/2020\/10\/29\/ana-maria-polo-de-jueza-a-cantante-por-una-buena-causa\/#primaryimage"},"image":{"@id":"https:\/\/blgnoticiassantodomingo.net\/index.php\/2020\/10\/29\/ana-maria-polo-de-jueza-a-cantante-por-una-buena-causa\/#primaryimage"},"thumbnailUrl":"https:\/\/blgnoticiassantodomingo.net\/wp-content\/uploads\/2020\/10\/thumb_37545_932_582_0_0_crop.jpg","datePublished":"2020-10-29T14:43:06+00:00","dateModified":"2020-10-29T14:43:08+00:00","breadcrumb":{"@id":"https:\/\/blgnoticiassantodomingo.net\/index.php\/2020\/10\/29\/ana-maria-polo-de-jueza-a-cantante-por-una-buena-causa\/#breadcrumb"},"inLanguage":"es","potentialAction":[{"@type":"ReadAction","target":["https:\/\/blgnoticiassantodomingo.net\/index.php\/2020\/10\/29\/ana-maria-polo-de-jueza-a-cantante-por-una-buena-causa\/"]}]},{"@type":"ImageObject","inLanguage":"es","@id":"https:\/\/blgnoticiassantodomingo.net\/index.php\/2020\/10\/29\/ana-maria-polo-de-jueza-a-cantante-por-una-buena-causa\/#primaryimage","url":"https:\/\/blgnoticiassantodomingo.net\/wp-content\/uploads\/2020\/10\/thumb_37545_932_582_0_0_crop.jpg","contentUrl":"https:\/\/blgnoticiassantodomingo.net\/wp-content\/uploads\/2020\/10\/thumb_37545_932_582_0_0_crop.jpg","width":932,"height":582},{"@type":"BreadcrumbList","@id":"https:\/\/blgnoticiassantodomingo.net\/index.php\/2020\/10\/29\/ana-maria-polo-de-jueza-a-cantante-por-una-buena-causa\/#breadcrumb","itemListElement":[{"@type":"ListItem","position":1,"name":"Portada","item":"https:\/\/blgnoticiassantodomingo.net\/"},{"@type":"ListItem","position":2,"name":"Ana Mar\u00eda Polo \u00a1de jueza a cantante por una buena causa!"}]},{"@type":"WebSite","@id":"https:\/\/blgnoticiassantodomingo.net\/#website","url":"https:\/\/blgnoticiassantodomingo.net\/","name":"BLG Noticias","description":"Esto es Noticias","publisher":{"@id":"https:\/\/blgnoticiassantodomingo.net\/#organization"},"potentialAction":[{"@type":"SearchAction","target":{"@type":"EntryPoint","urlTemplate":"https:\/\/blgnoticiassantodomingo.net\/?s={search_term_string}"},"query-input":{"@type":"PropertyValueSpecification","valueRequired":true,"valueName":"search_term_string"}}],"inLanguage":"es"},{"@type":"Organization","@id":"https:\/\/blgnoticiassantodomingo.net\/#organization","name":"BLG Noticias","url":"https:\/\/blgnoticiassantodomingo.net\/","logo":{"@type":"ImageObject","inLanguage":"es","@id":"https:\/\/blgnoticiassantodomingo.net\/#\/schema\/logo\/image\/","url":"https:\/\/blgnoticiassantodomingo.net\/wp-content\/uploads\/2023\/12\/Diseno-sin-titulo-3.jpg","contentUrl":"https:\/\/blgnoticiassantodomingo.net\/wp-content\/uploads\/2023\/12\/Diseno-sin-titulo-3.jpg","width":500,"height":500,"caption":"BLG Noticias"},"image":{"@id":"https:\/\/blgnoticiassantodomingo.net\/#\/schema\/logo\/image\/"},"sameAs":["https:\/\/web.facebook.com\/BlgNoticias\/?locale=es_LA&_rdc=1&_rdr","https:\/\/x.com\/BlgNoticias","https:\/\/www.linkedin.com\/in\/brenda-l-santana-aa846279\/"]},{"@type":"Person","@id":"https:\/\/blgnoticiassantodomingo.net\/#\/schema\/person\/e2fc21cf88acc63dbd134be981bff374","name":"Brenda Guerrero","image":{"@type":"ImageObject","inLanguage":"es","@id":"https:\/\/blgnoticiassantodomingo.net\/#\/schema\/person\/image\/","url":"https:\/\/secure.gravatar.com\/avatar\/2f7fc4c3e3655be1580cb684bfd8ab19be702ae20879da1e072021daa02f9b8b?s=96&d=wp_user_avatar&r=g","contentUrl":"https:\/\/secure.gravatar.com\/avatar\/2f7fc4c3e3655be1580cb684bfd8ab19be702ae20879da1e072021daa02f9b8b?s=96&d=wp_user_avatar&r=g","caption":"Brenda Guerrero"},"description":"Periodista","url":"https:\/\/blgnoticiassantodomingo.net\/index.php\/author\/brenda-guerrero\/"}]}},"jetpack_featured_media_url":"https:\/\/blgnoticiassantodomingo.net\/wp-content\/uploads\/2020\/10\/thumb_37545_932_582_0_0_crop.jpg","_links":{"self":[{"href":"https:\/\/blgnoticiassantodomingo.net\/index.php\/wp-json\/wp\/v2\/posts\/20889","targetHints":{"allow":["GET"]}}],"collection":[{"href":"https:\/\/blgnoticiassantodomingo.net\/index.php\/wp-json\/wp\/v2\/posts"}],"about":[{"href":"https:\/\/blgnoticiassantodomingo.net\/index.php\/wp-json\/wp\/v2\/types\/post"}],"author":[{"embeddable":true,"href":"https:\/\/blgnoticiassantodomingo.net\/index.php\/wp-json\/wp\/v2\/users\/2"}],"replies":[{"embeddable":true,"href":"https:\/\/blgnoticiassantodomingo.net\/index.php\/wp-json\/wp\/v2\/comments?post=20889"}],"version-history":[{"count":1,"href":"https:\/\/blgnoticiassantodomingo.net\/index.php\/wp-json\/wp\/v2\/posts\/20889\/revisions"}],"predecessor-version":[{"id":20891,"href":"https:\/\/blgnoticiassantodomingo.net\/index.php\/wp-json\/wp\/v2\/posts\/20889\/revisions\/20891"}],"wp:featuredmedia":[{"embeddable":true,"href":"https:\/\/blgnoticiassantodomingo.net\/index.php\/wp-json\/wp\/v2\/media\/20890"}],"wp:attachment":[{"href":"https:\/\/blgnoticiassantodomingo.net\/index.php\/wp-json\/wp\/v2\/media?parent=20889"}],"wp:term":[{"taxonomy":"category","embeddable":true,"href":"https:\/\/blgnoticiassantodomingo.net\/index.php\/wp-json\/wp\/v2\/categories?post=20889"},{"taxonomy":"post_tag","embeddable":true,"href":"https:\/\/blgnoticiassantodomingo.net\/index.php\/wp-json\/wp\/v2\/tags?post=20889"}],"curies":[{"name":"wp","href":"https:\/\/api.w.org\/{rel}","templated":true}]}}