{"id":20544,"date":"2020-10-21T02:33:47","date_gmt":"2020-10-21T01:33:47","guid":{"rendered":"http:\/\/blgnoticiassantodomingo.net\/?p=20544"},"modified":"2020-10-21T02:33:48","modified_gmt":"2020-10-21T01:33:48","slug":"diputado-alexis-jimenez-resalta-anuncio-de-presidente-abinader-de-construir-una-extension-de-la-uasd-en-sde-2","status":"publish","type":"post","link":"https:\/\/blgnoticiassantodomingo.net\/index.php\/2020\/10\/21\/diputado-alexis-jimenez-resalta-anuncio-de-presidente-abinader-de-construir-una-extension-de-la-uasd-en-sde-2\/","title":{"rendered":"Diputado Alexis Jim\u00e9nez resalta anuncio de presidente Abinader de construir una extensi\u00f3n de la UASD en SDE"},"content":{"rendered":"\n<p><em>Asegura este era un sue\u00f1o que todos los mun\u00edcipes de Santo Domingo Este anhelaban durante muchos a\u00f1os y que Luis Abinader lo vuelve realidad.<\/em><\/p>\n\n\n\n<p><strong>Santo Domingo Este.-<\/strong>&nbsp;El diputado del Partido Revolucionario Moderno (PRM), Alexis Isaac Jim\u00e9nez &nbsp;valor\u00f3 como muy positivo el discurso pronunciado este viernes por el presidente Luis Abinader, al tiempo que resalt\u00f3 el anuncio de la construcci\u00f3n de un local de la estatal Universidad Aut\u00f3noma de Santo Domingo (UASD), en este municipio.<\/p>\n\n\n\n<p>Como una \u201cgran noticia\u201d calific\u00f3 el diputado oficialista el anuncio hecho por el mandatario, de la cual dijo hace siete a\u00f1os encabez\u00f3 una lucha exigiendo la construcci\u00f3n de una extensi\u00f3n de la universidad estatal para solucionar el problema a miles de j\u00f3venes de diversos municipios de la provincia.<\/p>\n\n\n\n<p>\u201cQueremos felicitar a nuestro presidente Lu\u00eds Abinader por anunciar al pueblo dominicano una obra tan importante como es la construcci\u00f3n de una extensi\u00f3n de la universidad estatal para el municipio Santo Domingo Este. Hace m\u00e1s de siete (7) a\u00f1os encabezamos una lucha exigiendo una extensi\u00f3n de la UASD en Santo Domingo Este y para la provincia de Santo Domingo, puesto que esto ayudar\u00eda a las comunidades de Boca Chica, Guerra, Monte Plata, al Distrito Municipal de San Lu\u00eds, La Caleta, San Isidro en fin Santo Domingo Este por completo y otras comunidades adyacentes\u00bb expres\u00f3.<\/p>\n\n\n\n<p>Sostuvo que este hecho sin precedente beneficiara a m\u00e1s de 50 mil estudiantes y ayudara a reducir el impacto vehicular que con el traslado a la sede central de miles de estudiantes a las horas pico lo que provoca largos tapones en los puentes que comunican con el Distrito Nacional.<\/p>\n\n\n\n<p>\u201cHoy este sue\u00f1o se ve cristalizado por el gobierno del cambio encabezado por Lu\u00eds Abinader que, anteponiendo sus intereses personales, puesto que su familia es parte de una muy importante alta casa de estudios en Santo Domingo Este, ha decidido anunciar a este pa\u00eds la construcci\u00f3n de una extensi\u00f3n de la UASD\u201d explic\u00f3.<\/p>\n\n\n\n<p>Alexis Jim\u00e9nez dijo sentirse orgulloso del presidente que tiene la Rep\u00fablica Dominicana, \u201cpor haber aportado al cambio y sobre todo de haber materializado esto que era para todos nosotros un sue\u00f1o. \u00a1Gracias a todos los que nos acompa\u00f1aron en esta lucha!. Se puede decir que a veces los sue\u00f1os se convierten en realidad\u201d.<\/p>\n\n\n\n<p>Sostuvo que junto a la diputada Arelis de Jes\u00fas Olivares someti\u00f3 un proyecto de resoluci\u00f3n en la que solicitaban la construcci\u00f3n de una extensi\u00f3n de la Universidad Aut\u00f3noma de Santo Domingo (UASD) en este municipio.<\/p>\n\n\n\n<p>Jim\u00e9nez detall\u00f3 que mediante ese proyecto proyecto, le solicitan al presidente de la Rep\u00fablica Luis Abinader, incluir en el proyecto de ley de Presupuesto General del Estado para el a\u00f1o 2021, una partida para la construcci\u00f3n de una extensi\u00f3n de esta alta casa de estudio en esta demarcaci\u00f3n.<\/p>\n\n\n\n<p><strong>Anuncio.<\/strong><\/p>\n\n\n\n<p>El presidente Luis Abinader dijo este viernes que propondr\u00e1 al Congreso Nacional reducir en un 50 % los fondos que reciben por ley los partidos pol\u00edticos, por lo que explic\u00f3 que el dinero que resulte del ahorro de esa medida se destinar\u00e1 a la construcci\u00f3n de una extensi\u00f3n de la UASD en el municipio Santo Domingo Este.<\/p>\n\n\n\n<p>En su discurso, el presidente Abinader abord\u00f3 el tema de que &nbsp;donar\u00e1 el monto acumulativo de &nbsp;RD$23, 400,000 de su sueldo como presidente a causas sociales en partidas mensuales, durante sus cuatro a\u00f1os de gesti\u00f3n.<\/p>\n\n\n\n<p>El presidente de la Rep\u00fablica devenga un salario de RD$450,000 al mes, por lo tanto, Luis Abinader estar\u00eda donando RD$5, 850,000 en un a\u00f1o incluido el sueldo 13 o doble sueldo.<\/p>\n\n\n\n<p>Durante una breve alocuci\u00f3n sostenida este viernes, el presidente Abinader, anunci\u00f3 que destinar\u00e1 su salario a causas sociales como forma de solidaridad y respaldo a los m\u00e1s necesitados.<\/p>\n","protected":false},"excerpt":{"rendered":"<p>Asegura este era un sue\u00f1o que todos los mun\u00edcipes de Santo Domingo Este anhelaban durante muchos a\u00f1os y que Luis Abinader lo vuelve realidad. Santo Domingo Este.-&nbsp;El diputado del Partido Revolucionario Moderno (PRM), Alexis Isaac Jim\u00e9nez &nbsp;valor\u00f3 como muy positivo el discurso pronunciado este viernes por el presidente Luis Abinader, al tiempo que resalt\u00f3 el [&hellip;]<\/p>\n","protected":false},"author":2,"featured_media":20545,"comment_status":"open","ping_status":"open","sticky":false,"template":"","format":"standard","meta":{"footnotes":""},"categories":[226],"tags":[1570,354,367],"class_list":{"0":"post-20544","1":"post","2":"type-post","3":"status-publish","4":"format-standard","5":"has-post-thumbnail","7":"category-politica","8":"tag-alexis-jimenez","9":"tag-luis-abinader","10":"tag-uasd"},"yoast_head":"<!-- This site is optimized with the Yoast SEO plugin v24.9 - https:\/\/yoast.com\/wordpress\/plugins\/seo\/ -->\n<title>Diputado Alexis Jim\u00e9nez resalta anuncio de presidente Abinader de construir una extensi\u00f3n de la UASD en SDE - BLG Noticias<\/title>\n<meta name=\"robots\" content=\"index, follow, max-snippet:-1, max-image-preview:large, max-video-preview:-1\" \/>\n<link rel=\"canonical\" href=\"https:\/\/blgnoticiassantodomingo.net\/index.php\/2020\/10\/21\/diputado-alexis-jimenez-resalta-anuncio-de-presidente-abinader-de-construir-una-extension-de-la-uasd-en-sde-2\/\" \/>\n<meta property=\"og:locale\" content=\"es_ES\" \/>\n<meta property=\"og:type\" content=\"article\" \/>\n<meta property=\"og:title\" content=\"Diputado Alexis Jim\u00e9nez resalta anuncio de presidente Abinader de construir una extensi\u00f3n de la UASD en SDE - BLG Noticias\" \/>\n<meta property=\"og:description\" content=\"Asegura este era un sue\u00f1o que todos los mun\u00edcipes de Santo Domingo Este anhelaban durante muchos a\u00f1os y que Luis Abinader lo vuelve realidad. Santo Domingo Este.-&nbsp;El diputado del Partido Revolucionario Moderno (PRM), Alexis Isaac Jim\u00e9nez &nbsp;valor\u00f3 como muy positivo el discurso pronunciado este viernes por el presidente Luis Abinader, al tiempo que resalt\u00f3 el [&hellip;]\" \/>\n<meta property=\"og:url\" content=\"https:\/\/blgnoticiassantodomingo.net\/index.php\/2020\/10\/21\/diputado-alexis-jimenez-resalta-anuncio-de-presidente-abinader-de-construir-una-extension-de-la-uasd-en-sde-2\/\" \/>\n<meta property=\"og:site_name\" content=\"BLG Noticias\" \/>\n<meta property=\"article:publisher\" content=\"https:\/\/web.facebook.com\/BlgNoticias\/?locale=es_LA&amp;_rdc=1&amp;_rdr\" \/>\n<meta property=\"article:published_time\" content=\"2020-10-21T01:33:47+00:00\" \/>\n<meta property=\"article:modified_time\" content=\"2020-10-21T01:33:48+00:00\" \/>\n<meta property=\"og:image\" content=\"https:\/\/blgnoticiassantodomingo.net\/wp-content\/uploads\/2020\/10\/Alexisa6fdf118a_XL.jpg\" \/>\n\t<meta property=\"og:image:width\" content=\"900\" \/>\n\t<meta property=\"og:image:height\" content=\"449\" \/>\n\t<meta property=\"og:image:type\" content=\"image\/jpeg\" \/>\n<meta name=\"author\" content=\"Brenda Guerrero\" \/>\n<meta name=\"twitter:card\" content=\"summary_large_image\" \/>\n<meta name=\"twitter:creator\" content=\"@BlgNoticias\" \/>\n<meta name=\"twitter:site\" content=\"@BlgNoticias\" \/>\n<meta name=\"twitter:label1\" content=\"Escrito por\" \/>\n\t<meta name=\"twitter:data1\" content=\"Brenda Guerrero\" \/>\n\t<meta name=\"twitter:label2\" content=\"Tiempo de lectura\" \/>\n\t<meta name=\"twitter:data2\" content=\"3 minutos\" \/>\n<script type=\"application\/ld+json\" class=\"yoast-schema-graph\">{\"@context\":\"https:\/\/schema.org\",\"@graph\":[{\"@type\":\"Article\",\"@id\":\"https:\/\/blgnoticiassantodomingo.net\/index.php\/2020\/10\/21\/diputado-alexis-jimenez-resalta-anuncio-de-presidente-abinader-de-construir-una-extension-de-la-uasd-en-sde-2\/#article\",\"isPartOf\":{\"@id\":\"https:\/\/blgnoticiassantodomingo.net\/index.php\/2020\/10\/21\/diputado-alexis-jimenez-resalta-anuncio-de-presidente-abinader-de-construir-una-extension-de-la-uasd-en-sde-2\/\"},\"author\":{\"name\":\"Brenda Guerrero\",\"@id\":\"https:\/\/blgnoticiassantodomingo.net\/#\/schema\/person\/e2fc21cf88acc63dbd134be981bff374\"},\"headline\":\"Diputado Alexis Jim\u00e9nez resalta anuncio de presidente Abinader de construir una extensi\u00f3n de la UASD en SDE\",\"datePublished\":\"2020-10-21T01:33:47+00:00\",\"dateModified\":\"2020-10-21T01:33:48+00:00\",\"mainEntityOfPage\":{\"@id\":\"https:\/\/blgnoticiassantodomingo.net\/index.php\/2020\/10\/21\/diputado-alexis-jimenez-resalta-anuncio-de-presidente-abinader-de-construir-una-extension-de-la-uasd-en-sde-2\/\"},\"wordCount\":674,\"commentCount\":0,\"publisher\":{\"@id\":\"https:\/\/blgnoticiassantodomingo.net\/#organization\"},\"image\":{\"@id\":\"https:\/\/blgnoticiassantodomingo.net\/index.php\/2020\/10\/21\/diputado-alexis-jimenez-resalta-anuncio-de-presidente-abinader-de-construir-una-extension-de-la-uasd-en-sde-2\/#primaryimage\"},\"thumbnailUrl\":\"https:\/\/blgnoticiassantodomingo.net\/wp-content\/uploads\/2020\/10\/Alexisa6fdf118a_XL.jpg\",\"keywords\":[\"Alexis Jim\u00e9nez\",\"Luis Abinader\",\"UASD\"],\"articleSection\":[\"Politica\"],\"inLanguage\":\"es\",\"potentialAction\":[{\"@type\":\"CommentAction\",\"name\":\"Comment\",\"target\":[\"https:\/\/blgnoticiassantodomingo.net\/index.php\/2020\/10\/21\/diputado-alexis-jimenez-resalta-anuncio-de-presidente-abinader-de-construir-una-extension-de-la-uasd-en-sde-2\/#respond\"]}]},{\"@type\":\"WebPage\",\"@id\":\"https:\/\/blgnoticiassantodomingo.net\/index.php\/2020\/10\/21\/diputado-alexis-jimenez-resalta-anuncio-de-presidente-abinader-de-construir-una-extension-de-la-uasd-en-sde-2\/\",\"url\":\"https:\/\/blgnoticiassantodomingo.net\/index.php\/2020\/10\/21\/diputado-alexis-jimenez-resalta-anuncio-de-presidente-abinader-de-construir-una-extension-de-la-uasd-en-sde-2\/\",\"name\":\"Diputado Alexis Jim\u00e9nez resalta anuncio de presidente Abinader de construir una extensi\u00f3n de la UASD en SDE - BLG Noticias\",\"isPartOf\":{\"@id\":\"https:\/\/blgnoticiassantodomingo.net\/#website\"},\"primaryImageOfPage\":{\"@id\":\"https:\/\/blgnoticiassantodomingo.net\/index.php\/2020\/10\/21\/diputado-alexis-jimenez-resalta-anuncio-de-presidente-abinader-de-construir-una-extension-de-la-uasd-en-sde-2\/#primaryimage\"},\"image\":{\"@id\":\"https:\/\/blgnoticiassantodomingo.net\/index.php\/2020\/10\/21\/diputado-alexis-jimenez-resalta-anuncio-de-presidente-abinader-de-construir-una-extension-de-la-uasd-en-sde-2\/#primaryimage\"},\"thumbnailUrl\":\"https:\/\/blgnoticiassantodomingo.net\/wp-content\/uploads\/2020\/10\/Alexisa6fdf118a_XL.jpg\",\"datePublished\":\"2020-10-21T01:33:47+00:00\",\"dateModified\":\"2020-10-21T01:33:48+00:00\",\"breadcrumb\":{\"@id\":\"https:\/\/blgnoticiassantodomingo.net\/index.php\/2020\/10\/21\/diputado-alexis-jimenez-resalta-anuncio-de-presidente-abinader-de-construir-una-extension-de-la-uasd-en-sde-2\/#breadcrumb\"},\"inLanguage\":\"es\",\"potentialAction\":[{\"@type\":\"ReadAction\",\"target\":[\"https:\/\/blgnoticiassantodomingo.net\/index.php\/2020\/10\/21\/diputado-alexis-jimenez-resalta-anuncio-de-presidente-abinader-de-construir-una-extension-de-la-uasd-en-sde-2\/\"]}]},{\"@type\":\"ImageObject\",\"inLanguage\":\"es\",\"@id\":\"https:\/\/blgnoticiassantodomingo.net\/index.php\/2020\/10\/21\/diputado-alexis-jimenez-resalta-anuncio-de-presidente-abinader-de-construir-una-extension-de-la-uasd-en-sde-2\/#primaryimage\",\"url\":\"https:\/\/blgnoticiassantodomingo.net\/wp-content\/uploads\/2020\/10\/Alexisa6fdf118a_XL.jpg\",\"contentUrl\":\"https:\/\/blgnoticiassantodomingo.net\/wp-content\/uploads\/2020\/10\/Alexisa6fdf118a_XL.jpg\",\"width\":900,\"height\":449},{\"@type\":\"BreadcrumbList\",\"@id\":\"https:\/\/blgnoticiassantodomingo.net\/index.php\/2020\/10\/21\/diputado-alexis-jimenez-resalta-anuncio-de-presidente-abinader-de-construir-una-extension-de-la-uasd-en-sde-2\/#breadcrumb\",\"itemListElement\":[{\"@type\":\"ListItem\",\"position\":1,\"name\":\"Portada\",\"item\":\"https:\/\/blgnoticiassantodomingo.net\/\"},{\"@type\":\"ListItem\",\"position\":2,\"name\":\"Diputado Alexis Jim\u00e9nez resalta anuncio de presidente Abinader de construir una extensi\u00f3n de la UASD en SDE\"}]},{\"@type\":\"WebSite\",\"@id\":\"https:\/\/blgnoticiassantodomingo.net\/#website\",\"url\":\"https:\/\/blgnoticiassantodomingo.net\/\",\"name\":\"BLG Noticias\",\"description\":\"Esto es Noticias\",\"publisher\":{\"@id\":\"https:\/\/blgnoticiassantodomingo.net\/#organization\"},\"potentialAction\":[{\"@type\":\"SearchAction\",\"target\":{\"@type\":\"EntryPoint\",\"urlTemplate\":\"https:\/\/blgnoticiassantodomingo.net\/?s={search_term_string}\"},\"query-input\":{\"@type\":\"PropertyValueSpecification\",\"valueRequired\":true,\"valueName\":\"search_term_string\"}}],\"inLanguage\":\"es\"},{\"@type\":\"Organization\",\"@id\":\"https:\/\/blgnoticiassantodomingo.net\/#organization\",\"name\":\"BLG Noticias\",\"url\":\"https:\/\/blgnoticiassantodomingo.net\/\",\"logo\":{\"@type\":\"ImageObject\",\"inLanguage\":\"es\",\"@id\":\"https:\/\/blgnoticiassantodomingo.net\/#\/schema\/logo\/image\/\",\"url\":\"https:\/\/blgnoticiassantodomingo.net\/wp-content\/uploads\/2023\/12\/Diseno-sin-titulo-3.jpg\",\"contentUrl\":\"https:\/\/blgnoticiassantodomingo.net\/wp-content\/uploads\/2023\/12\/Diseno-sin-titulo-3.jpg\",\"width\":500,\"height\":500,\"caption\":\"BLG Noticias\"},\"image\":{\"@id\":\"https:\/\/blgnoticiassantodomingo.net\/#\/schema\/logo\/image\/\"},\"sameAs\":[\"https:\/\/web.facebook.com\/BlgNoticias\/?locale=es_LA&_rdc=1&_rdr\",\"https:\/\/x.com\/BlgNoticias\",\"https:\/\/www.linkedin.com\/in\/brenda-l-santana-aa846279\/\"]},{\"@type\":\"Person\",\"@id\":\"https:\/\/blgnoticiassantodomingo.net\/#\/schema\/person\/e2fc21cf88acc63dbd134be981bff374\",\"name\":\"Brenda Guerrero\",\"image\":{\"@type\":\"ImageObject\",\"inLanguage\":\"es\",\"@id\":\"https:\/\/blgnoticiassantodomingo.net\/#\/schema\/person\/image\/\",\"url\":\"https:\/\/secure.gravatar.com\/avatar\/2f7fc4c3e3655be1580cb684bfd8ab19be702ae20879da1e072021daa02f9b8b?s=96&d=wp_user_avatar&r=g\",\"contentUrl\":\"https:\/\/secure.gravatar.com\/avatar\/2f7fc4c3e3655be1580cb684bfd8ab19be702ae20879da1e072021daa02f9b8b?s=96&d=wp_user_avatar&r=g\",\"caption\":\"Brenda Guerrero\"},\"description\":\"Periodista\",\"url\":\"https:\/\/blgnoticiassantodomingo.net\/index.php\/author\/brenda-guerrero\/\"}]}<\/script>\n<!-- \/ Yoast SEO plugin. -->","yoast_head_json":{"title":"Diputado Alexis Jim\u00e9nez resalta anuncio de presidente Abinader de construir una extensi\u00f3n de la UASD en SDE - BLG Noticias","robots":{"index":"index","follow":"follow","max-snippet":"max-snippet:-1","max-image-preview":"max-image-preview:large","max-video-preview":"max-video-preview:-1"},"canonical":"https:\/\/blgnoticiassantodomingo.net\/index.php\/2020\/10\/21\/diputado-alexis-jimenez-resalta-anuncio-de-presidente-abinader-de-construir-una-extension-de-la-uasd-en-sde-2\/","og_locale":"es_ES","og_type":"article","og_title":"Diputado Alexis Jim\u00e9nez resalta anuncio de presidente Abinader de construir una extensi\u00f3n de la UASD en SDE - BLG Noticias","og_description":"Asegura este era un sue\u00f1o que todos los mun\u00edcipes de Santo Domingo Este anhelaban durante muchos a\u00f1os y que Luis Abinader lo vuelve realidad. Santo Domingo Este.-&nbsp;El diputado del Partido Revolucionario Moderno (PRM), Alexis Isaac Jim\u00e9nez &nbsp;valor\u00f3 como muy positivo el discurso pronunciado este viernes por el presidente Luis Abinader, al tiempo que resalt\u00f3 el [&hellip;]","og_url":"https:\/\/blgnoticiassantodomingo.net\/index.php\/2020\/10\/21\/diputado-alexis-jimenez-resalta-anuncio-de-presidente-abinader-de-construir-una-extension-de-la-uasd-en-sde-2\/","og_site_name":"BLG Noticias","article_publisher":"https:\/\/web.facebook.com\/BlgNoticias\/?locale=es_LA&_rdc=1&_rdr","article_published_time":"2020-10-21T01:33:47+00:00","article_modified_time":"2020-10-21T01:33:48+00:00","og_image":[{"width":900,"height":449,"url":"https:\/\/blgnoticiassantodomingo.net\/wp-content\/uploads\/2020\/10\/Alexisa6fdf118a_XL.jpg","type":"image\/jpeg"}],"author":"Brenda Guerrero","twitter_card":"summary_large_image","twitter_creator":"@BlgNoticias","twitter_site":"@BlgNoticias","twitter_misc":{"Escrito por":"Brenda Guerrero","Tiempo de lectura":"3 minutos"},"schema":{"@context":"https:\/\/schema.org","@graph":[{"@type":"Article","@id":"https:\/\/blgnoticiassantodomingo.net\/index.php\/2020\/10\/21\/diputado-alexis-jimenez-resalta-anuncio-de-presidente-abinader-de-construir-una-extension-de-la-uasd-en-sde-2\/#article","isPartOf":{"@id":"https:\/\/blgnoticiassantodomingo.net\/index.php\/2020\/10\/21\/diputado-alexis-jimenez-resalta-anuncio-de-presidente-abinader-de-construir-una-extension-de-la-uasd-en-sde-2\/"},"author":{"name":"Brenda Guerrero","@id":"https:\/\/blgnoticiassantodomingo.net\/#\/schema\/person\/e2fc21cf88acc63dbd134be981bff374"},"headline":"Diputado Alexis Jim\u00e9nez resalta anuncio de presidente Abinader de construir una extensi\u00f3n de la UASD en SDE","datePublished":"2020-10-21T01:33:47+00:00","dateModified":"2020-10-21T01:33:48+00:00","mainEntityOfPage":{"@id":"https:\/\/blgnoticiassantodomingo.net\/index.php\/2020\/10\/21\/diputado-alexis-jimenez-resalta-anuncio-de-presidente-abinader-de-construir-una-extension-de-la-uasd-en-sde-2\/"},"wordCount":674,"commentCount":0,"publisher":{"@id":"https:\/\/blgnoticiassantodomingo.net\/#organization"},"image":{"@id":"https:\/\/blgnoticiassantodomingo.net\/index.php\/2020\/10\/21\/diputado-alexis-jimenez-resalta-anuncio-de-presidente-abinader-de-construir-una-extension-de-la-uasd-en-sde-2\/#primaryimage"},"thumbnailUrl":"https:\/\/blgnoticiassantodomingo.net\/wp-content\/uploads\/2020\/10\/Alexisa6fdf118a_XL.jpg","keywords":["Alexis Jim\u00e9nez","Luis Abinader","UASD"],"articleSection":["Politica"],"inLanguage":"es","potentialAction":[{"@type":"CommentAction","name":"Comment","target":["https:\/\/blgnoticiassantodomingo.net\/index.php\/2020\/10\/21\/diputado-alexis-jimenez-resalta-anuncio-de-presidente-abinader-de-construir-una-extension-de-la-uasd-en-sde-2\/#respond"]}]},{"@type":"WebPage","@id":"https:\/\/blgnoticiassantodomingo.net\/index.php\/2020\/10\/21\/diputado-alexis-jimenez-resalta-anuncio-de-presidente-abinader-de-construir-una-extension-de-la-uasd-en-sde-2\/","url":"https:\/\/blgnoticiassantodomingo.net\/index.php\/2020\/10\/21\/diputado-alexis-jimenez-resalta-anuncio-de-presidente-abinader-de-construir-una-extension-de-la-uasd-en-sde-2\/","name":"Diputado Alexis Jim\u00e9nez resalta anuncio de presidente Abinader de construir una extensi\u00f3n de la UASD en SDE - BLG Noticias","isPartOf":{"@id":"https:\/\/blgnoticiassantodomingo.net\/#website"},"primaryImageOfPage":{"@id":"https:\/\/blgnoticiassantodomingo.net\/index.php\/2020\/10\/21\/diputado-alexis-jimenez-resalta-anuncio-de-presidente-abinader-de-construir-una-extension-de-la-uasd-en-sde-2\/#primaryimage"},"image":{"@id":"https:\/\/blgnoticiassantodomingo.net\/index.php\/2020\/10\/21\/diputado-alexis-jimenez-resalta-anuncio-de-presidente-abinader-de-construir-una-extension-de-la-uasd-en-sde-2\/#primaryimage"},"thumbnailUrl":"https:\/\/blgnoticiassantodomingo.net\/wp-content\/uploads\/2020\/10\/Alexisa6fdf118a_XL.jpg","datePublished":"2020-10-21T01:33:47+00:00","dateModified":"2020-10-21T01:33:48+00:00","breadcrumb":{"@id":"https:\/\/blgnoticiassantodomingo.net\/index.php\/2020\/10\/21\/diputado-alexis-jimenez-resalta-anuncio-de-presidente-abinader-de-construir-una-extension-de-la-uasd-en-sde-2\/#breadcrumb"},"inLanguage":"es","potentialAction":[{"@type":"ReadAction","target":["https:\/\/blgnoticiassantodomingo.net\/index.php\/2020\/10\/21\/diputado-alexis-jimenez-resalta-anuncio-de-presidente-abinader-de-construir-una-extension-de-la-uasd-en-sde-2\/"]}]},{"@type":"ImageObject","inLanguage":"es","@id":"https:\/\/blgnoticiassantodomingo.net\/index.php\/2020\/10\/21\/diputado-alexis-jimenez-resalta-anuncio-de-presidente-abinader-de-construir-una-extension-de-la-uasd-en-sde-2\/#primaryimage","url":"https:\/\/blgnoticiassantodomingo.net\/wp-content\/uploads\/2020\/10\/Alexisa6fdf118a_XL.jpg","contentUrl":"https:\/\/blgnoticiassantodomingo.net\/wp-content\/uploads\/2020\/10\/Alexisa6fdf118a_XL.jpg","width":900,"height":449},{"@type":"BreadcrumbList","@id":"https:\/\/blgnoticiassantodomingo.net\/index.php\/2020\/10\/21\/diputado-alexis-jimenez-resalta-anuncio-de-presidente-abinader-de-construir-una-extension-de-la-uasd-en-sde-2\/#breadcrumb","itemListElement":[{"@type":"ListItem","position":1,"name":"Portada","item":"https:\/\/blgnoticiassantodomingo.net\/"},{"@type":"ListItem","position":2,"name":"Diputado Alexis Jim\u00e9nez resalta anuncio de presidente Abinader de construir una extensi\u00f3n de la UASD en SDE"}]},{"@type":"WebSite","@id":"https:\/\/blgnoticiassantodomingo.net\/#website","url":"https:\/\/blgnoticiassantodomingo.net\/","name":"BLG Noticias","description":"Esto es Noticias","publisher":{"@id":"https:\/\/blgnoticiassantodomingo.net\/#organization"},"potentialAction":[{"@type":"SearchAction","target":{"@type":"EntryPoint","urlTemplate":"https:\/\/blgnoticiassantodomingo.net\/?s={search_term_string}"},"query-input":{"@type":"PropertyValueSpecification","valueRequired":true,"valueName":"search_term_string"}}],"inLanguage":"es"},{"@type":"Organization","@id":"https:\/\/blgnoticiassantodomingo.net\/#organization","name":"BLG Noticias","url":"https:\/\/blgnoticiassantodomingo.net\/","logo":{"@type":"ImageObject","inLanguage":"es","@id":"https:\/\/blgnoticiassantodomingo.net\/#\/schema\/logo\/image\/","url":"https:\/\/blgnoticiassantodomingo.net\/wp-content\/uploads\/2023\/12\/Diseno-sin-titulo-3.jpg","contentUrl":"https:\/\/blgnoticiassantodomingo.net\/wp-content\/uploads\/2023\/12\/Diseno-sin-titulo-3.jpg","width":500,"height":500,"caption":"BLG Noticias"},"image":{"@id":"https:\/\/blgnoticiassantodomingo.net\/#\/schema\/logo\/image\/"},"sameAs":["https:\/\/web.facebook.com\/BlgNoticias\/?locale=es_LA&_rdc=1&_rdr","https:\/\/x.com\/BlgNoticias","https:\/\/www.linkedin.com\/in\/brenda-l-santana-aa846279\/"]},{"@type":"Person","@id":"https:\/\/blgnoticiassantodomingo.net\/#\/schema\/person\/e2fc21cf88acc63dbd134be981bff374","name":"Brenda Guerrero","image":{"@type":"ImageObject","inLanguage":"es","@id":"https:\/\/blgnoticiassantodomingo.net\/#\/schema\/person\/image\/","url":"https:\/\/secure.gravatar.com\/avatar\/2f7fc4c3e3655be1580cb684bfd8ab19be702ae20879da1e072021daa02f9b8b?s=96&d=wp_user_avatar&r=g","contentUrl":"https:\/\/secure.gravatar.com\/avatar\/2f7fc4c3e3655be1580cb684bfd8ab19be702ae20879da1e072021daa02f9b8b?s=96&d=wp_user_avatar&r=g","caption":"Brenda Guerrero"},"description":"Periodista","url":"https:\/\/blgnoticiassantodomingo.net\/index.php\/author\/brenda-guerrero\/"}]}},"jetpack_featured_media_url":"https:\/\/blgnoticiassantodomingo.net\/wp-content\/uploads\/2020\/10\/Alexisa6fdf118a_XL.jpg","_links":{"self":[{"href":"https:\/\/blgnoticiassantodomingo.net\/index.php\/wp-json\/wp\/v2\/posts\/20544","targetHints":{"allow":["GET"]}}],"collection":[{"href":"https:\/\/blgnoticiassantodomingo.net\/index.php\/wp-json\/wp\/v2\/posts"}],"about":[{"href":"https:\/\/blgnoticiassantodomingo.net\/index.php\/wp-json\/wp\/v2\/types\/post"}],"author":[{"embeddable":true,"href":"https:\/\/blgnoticiassantodomingo.net\/index.php\/wp-json\/wp\/v2\/users\/2"}],"replies":[{"embeddable":true,"href":"https:\/\/blgnoticiassantodomingo.net\/index.php\/wp-json\/wp\/v2\/comments?post=20544"}],"version-history":[{"count":1,"href":"https:\/\/blgnoticiassantodomingo.net\/index.php\/wp-json\/wp\/v2\/posts\/20544\/revisions"}],"predecessor-version":[{"id":20546,"href":"https:\/\/blgnoticiassantodomingo.net\/index.php\/wp-json\/wp\/v2\/posts\/20544\/revisions\/20546"}],"wp:featuredmedia":[{"embeddable":true,"href":"https:\/\/blgnoticiassantodomingo.net\/index.php\/wp-json\/wp\/v2\/media\/20545"}],"wp:attachment":[{"href":"https:\/\/blgnoticiassantodomingo.net\/index.php\/wp-json\/wp\/v2\/media?parent=20544"}],"wp:term":[{"taxonomy":"category","embeddable":true,"href":"https:\/\/blgnoticiassantodomingo.net\/index.php\/wp-json\/wp\/v2\/categories?post=20544"},{"taxonomy":"post_tag","embeddable":true,"href":"https:\/\/blgnoticiassantodomingo.net\/index.php\/wp-json\/wp\/v2\/tags?post=20544"}],"curies":[{"name":"wp","href":"https:\/\/api.w.org\/{rel}","templated":true}]}}