{"id":20448,"date":"2020-10-19T14:13:45","date_gmt":"2020-10-19T13:13:45","guid":{"rendered":"http:\/\/blgnoticiassantodomingo.net\/?p=20448"},"modified":"2020-10-19T14:15:50","modified_gmt":"2020-10-19T13:15:50","slug":"presidente-va-hoy-a-barahona-iniciara-reparacion-puente","status":"publish","type":"post","link":"https:\/\/blgnoticiassantodomingo.net\/index.php\/2020\/10\/19\/presidente-va-hoy-a-barahona-iniciara-reparacion-puente\/","title":{"rendered":"Presidente va hoy a Barahona; iniciar\u00e1 reparaci\u00f3n puente"},"content":{"rendered":"\n<p>El presidente Luis Abinader continuar\u00e1 hoy su periplo por el pa\u00eds volviendo al Suroeste, para agotar una agenda de trabajo esta vez en Barahona, donde dar\u00e1 el primer picazo para la reforma y rehabilitaci\u00f3n del puerto de esa importante provincia ubicada sobre la bah\u00eda de Neiba.<\/p>\n\n\n\n<p>Luego de esta actividad, prevista para las 11:00 de la ma\u00f1ana, el Mandatario visitar\u00e1 al Obispo de la D\u00ed\u00f3cesis local, Monse\u00f1or Andr\u00e9s Napole\u00f3n Romero C\u00e1rdenas, a las 12:30 del mediod\u00eda, y a la 1;00 de la tarde compartir\u00e1 un almuerzo con los dirigentes del Partido Revolucionario Moderno (PRM) de la provincia.<\/p>\n\n\n\n<p>La agenda del presidente de la Rep\u00fablica en Barahona incluye tambi\u00e9n una visita a la Fortaleza a las 2:00 de la tarde, de donde tiene previsto retornar a esta capital a las 2:30.<\/p>\n\n\n\n<p>Una costumbre.<\/p>\n\n\n\n<p>Desde que asumi\u00f3 la presidencia de la Rep\u00fablica el presidente Abinader ha estado visitando las distintas regiones del pa\u00eds y disponiendo la remodelaci\u00f3n, reestructuraci\u00f3n y construcci\u00f3n de obras tanto p\u00fablicas como privadas del \u00e1rea tur\u00edsticas, en procura de reactivar la econom\u00eda y la creaci\u00f3n de empleos afectadas por la pandemia mundial de la covid-19, e impulsar proyectos tur\u00edsticos tomando en cuenta que ese sector es la principal fuente de divisas del pa\u00eds.<\/p>\n\n\n\n<p><ins><\/ins><\/p>\n\n\n\n<p>En esos aprestos el mandatario viaj\u00f3 a Pedernales, luego a Miches donde entreg\u00f3 remodelado el muelle tur\u00edstico y dio el primer picazo para la construcci\u00f3n de Hotel Temptation\/Miches Resort de inversi\u00f3n privada.<\/p>\n\n\n\n<p>Tambi\u00e9n visit\u00f3 el Puerto de Manzanillo donde anunci\u00f3 un proyecto regional que incluir\u00e1 la ampliaci\u00f3n de la terminal mar\u00edtima y de sus operaciones de exportaci\u00f3n; a Santiago, donde celebr\u00f3 un Consejo de Gobierno y dej\u00f3 iniciados los trabajos de construcci\u00f3n de la Carretera del Ambar.<\/p>\n\n\n\n<p>Tambi\u00e9n ha estado en Saman\u00e1 y en B\u00e1varo-Punta Cana, en el Este del pa\u00eds, con los mismos prop\u00f3sitos.<\/p>\n\n\n\n<p>Por: Loyda Pe\u00f1a<\/p>\n","protected":false},"excerpt":{"rendered":"<p>El presidente Luis Abinader continuar\u00e1 hoy su periplo por el pa\u00eds volviendo al Suroeste, para agotar una agenda de trabajo esta vez en Barahona, donde dar\u00e1 el primer picazo para la reforma y rehabilitaci\u00f3n del puerto de esa importante provincia ubicada sobre la bah\u00eda de Neiba. Luego de esta actividad, prevista para las 11:00 de [&hellip;]<\/p>\n","protected":false},"author":2,"featured_media":20449,"comment_status":"open","ping_status":"open","sticky":false,"template":"","format":"standard","meta":{"footnotes":""},"categories":[220],"tags":[335,354],"class_list":{"0":"post-20448","1":"post","2":"type-post","3":"status-publish","4":"format-standard","5":"has-post-thumbnail","7":"category-nacionales","8":"tag-barahona","9":"tag-luis-abinader"},"yoast_head":"<!-- This site is optimized with the Yoast SEO plugin v24.9 - https:\/\/yoast.com\/wordpress\/plugins\/seo\/ -->\n<title>Presidente va hoy a Barahona; iniciar\u00e1 reparaci\u00f3n puente - BLG Noticias<\/title>\n<meta name=\"robots\" content=\"index, follow, max-snippet:-1, max-image-preview:large, max-video-preview:-1\" \/>\n<link rel=\"canonical\" href=\"https:\/\/blgnoticiassantodomingo.net\/index.php\/2020\/10\/19\/presidente-va-hoy-a-barahona-iniciara-reparacion-puente\/\" \/>\n<meta property=\"og:locale\" content=\"es_ES\" \/>\n<meta property=\"og:type\" content=\"article\" \/>\n<meta property=\"og:title\" content=\"Presidente va hoy a Barahona; iniciar\u00e1 reparaci\u00f3n puente - BLG Noticias\" \/>\n<meta property=\"og:description\" content=\"El presidente Luis Abinader continuar\u00e1 hoy su periplo por el pa\u00eds volviendo al Suroeste, para agotar una agenda de trabajo esta vez en Barahona, donde dar\u00e1 el primer picazo para la reforma y rehabilitaci\u00f3n del puerto de esa importante provincia ubicada sobre la bah\u00eda de Neiba. Luego de esta actividad, prevista para las 11:00 de [&hellip;]\" \/>\n<meta property=\"og:url\" content=\"https:\/\/blgnoticiassantodomingo.net\/index.php\/2020\/10\/19\/presidente-va-hoy-a-barahona-iniciara-reparacion-puente\/\" \/>\n<meta property=\"og:site_name\" content=\"BLG Noticias\" \/>\n<meta property=\"article:publisher\" content=\"https:\/\/web.facebook.com\/BlgNoticias\/?locale=es_LA&amp;_rdc=1&amp;_rdr\" \/>\n<meta property=\"article:published_time\" content=\"2020-10-19T13:13:45+00:00\" \/>\n<meta property=\"article:modified_time\" content=\"2020-10-19T13:15:50+00:00\" \/>\n<meta property=\"og:image\" content=\"https:\/\/blgnoticiassantodomingo.net\/wp-content\/uploads\/2020\/10\/2A_El-Pais_19_Gratereaux1.jpg\" \/>\n\t<meta property=\"og:image:width\" content=\"688\" \/>\n\t<meta property=\"og:image:height\" content=\"604\" \/>\n\t<meta property=\"og:image:type\" content=\"image\/jpeg\" \/>\n<meta name=\"author\" content=\"Brenda Guerrero\" \/>\n<meta name=\"twitter:card\" content=\"summary_large_image\" \/>\n<meta name=\"twitter:creator\" content=\"@BlgNoticias\" \/>\n<meta name=\"twitter:site\" content=\"@BlgNoticias\" \/>\n<meta name=\"twitter:label1\" content=\"Escrito por\" \/>\n\t<meta name=\"twitter:data1\" content=\"Brenda Guerrero\" \/>\n\t<meta name=\"twitter:label2\" content=\"Tiempo de lectura\" \/>\n\t<meta name=\"twitter:data2\" content=\"2 minutos\" \/>\n<script type=\"application\/ld+json\" class=\"yoast-schema-graph\">{\"@context\":\"https:\/\/schema.org\",\"@graph\":[{\"@type\":\"Article\",\"@id\":\"https:\/\/blgnoticiassantodomingo.net\/index.php\/2020\/10\/19\/presidente-va-hoy-a-barahona-iniciara-reparacion-puente\/#article\",\"isPartOf\":{\"@id\":\"https:\/\/blgnoticiassantodomingo.net\/index.php\/2020\/10\/19\/presidente-va-hoy-a-barahona-iniciara-reparacion-puente\/\"},\"author\":{\"name\":\"Brenda Guerrero\",\"@id\":\"https:\/\/blgnoticiassantodomingo.net\/#\/schema\/person\/e2fc21cf88acc63dbd134be981bff374\"},\"headline\":\"Presidente va hoy a Barahona; iniciar\u00e1 reparaci\u00f3n puente\",\"datePublished\":\"2020-10-19T13:13:45+00:00\",\"dateModified\":\"2020-10-19T13:15:50+00:00\",\"mainEntityOfPage\":{\"@id\":\"https:\/\/blgnoticiassantodomingo.net\/index.php\/2020\/10\/19\/presidente-va-hoy-a-barahona-iniciara-reparacion-puente\/\"},\"wordCount\":343,\"commentCount\":0,\"publisher\":{\"@id\":\"https:\/\/blgnoticiassantodomingo.net\/#organization\"},\"image\":{\"@id\":\"https:\/\/blgnoticiassantodomingo.net\/index.php\/2020\/10\/19\/presidente-va-hoy-a-barahona-iniciara-reparacion-puente\/#primaryimage\"},\"thumbnailUrl\":\"https:\/\/blgnoticiassantodomingo.net\/wp-content\/uploads\/2020\/10\/2A_El-Pais_19_Gratereaux1.jpg\",\"keywords\":[\"Barahona\",\"Luis Abinader\"],\"articleSection\":[\"Nacionales\"],\"inLanguage\":\"es\",\"potentialAction\":[{\"@type\":\"CommentAction\",\"name\":\"Comment\",\"target\":[\"https:\/\/blgnoticiassantodomingo.net\/index.php\/2020\/10\/19\/presidente-va-hoy-a-barahona-iniciara-reparacion-puente\/#respond\"]}]},{\"@type\":\"WebPage\",\"@id\":\"https:\/\/blgnoticiassantodomingo.net\/index.php\/2020\/10\/19\/presidente-va-hoy-a-barahona-iniciara-reparacion-puente\/\",\"url\":\"https:\/\/blgnoticiassantodomingo.net\/index.php\/2020\/10\/19\/presidente-va-hoy-a-barahona-iniciara-reparacion-puente\/\",\"name\":\"Presidente va hoy a Barahona; iniciar\u00e1 reparaci\u00f3n puente - BLG Noticias\",\"isPartOf\":{\"@id\":\"https:\/\/blgnoticiassantodomingo.net\/#website\"},\"primaryImageOfPage\":{\"@id\":\"https:\/\/blgnoticiassantodomingo.net\/index.php\/2020\/10\/19\/presidente-va-hoy-a-barahona-iniciara-reparacion-puente\/#primaryimage\"},\"image\":{\"@id\":\"https:\/\/blgnoticiassantodomingo.net\/index.php\/2020\/10\/19\/presidente-va-hoy-a-barahona-iniciara-reparacion-puente\/#primaryimage\"},\"thumbnailUrl\":\"https:\/\/blgnoticiassantodomingo.net\/wp-content\/uploads\/2020\/10\/2A_El-Pais_19_Gratereaux1.jpg\",\"datePublished\":\"2020-10-19T13:13:45+00:00\",\"dateModified\":\"2020-10-19T13:15:50+00:00\",\"breadcrumb\":{\"@id\":\"https:\/\/blgnoticiassantodomingo.net\/index.php\/2020\/10\/19\/presidente-va-hoy-a-barahona-iniciara-reparacion-puente\/#breadcrumb\"},\"inLanguage\":\"es\",\"potentialAction\":[{\"@type\":\"ReadAction\",\"target\":[\"https:\/\/blgnoticiassantodomingo.net\/index.php\/2020\/10\/19\/presidente-va-hoy-a-barahona-iniciara-reparacion-puente\/\"]}]},{\"@type\":\"ImageObject\",\"inLanguage\":\"es\",\"@id\":\"https:\/\/blgnoticiassantodomingo.net\/index.php\/2020\/10\/19\/presidente-va-hoy-a-barahona-iniciara-reparacion-puente\/#primaryimage\",\"url\":\"https:\/\/blgnoticiassantodomingo.net\/wp-content\/uploads\/2020\/10\/2A_El-Pais_19_Gratereaux1.jpg\",\"contentUrl\":\"https:\/\/blgnoticiassantodomingo.net\/wp-content\/uploads\/2020\/10\/2A_El-Pais_19_Gratereaux1.jpg\",\"width\":688,\"height\":604},{\"@type\":\"BreadcrumbList\",\"@id\":\"https:\/\/blgnoticiassantodomingo.net\/index.php\/2020\/10\/19\/presidente-va-hoy-a-barahona-iniciara-reparacion-puente\/#breadcrumb\",\"itemListElement\":[{\"@type\":\"ListItem\",\"position\":1,\"name\":\"Portada\",\"item\":\"https:\/\/blgnoticiassantodomingo.net\/\"},{\"@type\":\"ListItem\",\"position\":2,\"name\":\"Presidente va hoy a Barahona; iniciar\u00e1 reparaci\u00f3n puente\"}]},{\"@type\":\"WebSite\",\"@id\":\"https:\/\/blgnoticiassantodomingo.net\/#website\",\"url\":\"https:\/\/blgnoticiassantodomingo.net\/\",\"name\":\"BLG Noticias\",\"description\":\"Esto es Noticias\",\"publisher\":{\"@id\":\"https:\/\/blgnoticiassantodomingo.net\/#organization\"},\"potentialAction\":[{\"@type\":\"SearchAction\",\"target\":{\"@type\":\"EntryPoint\",\"urlTemplate\":\"https:\/\/blgnoticiassantodomingo.net\/?s={search_term_string}\"},\"query-input\":{\"@type\":\"PropertyValueSpecification\",\"valueRequired\":true,\"valueName\":\"search_term_string\"}}],\"inLanguage\":\"es\"},{\"@type\":\"Organization\",\"@id\":\"https:\/\/blgnoticiassantodomingo.net\/#organization\",\"name\":\"BLG Noticias\",\"url\":\"https:\/\/blgnoticiassantodomingo.net\/\",\"logo\":{\"@type\":\"ImageObject\",\"inLanguage\":\"es\",\"@id\":\"https:\/\/blgnoticiassantodomingo.net\/#\/schema\/logo\/image\/\",\"url\":\"https:\/\/blgnoticiassantodomingo.net\/wp-content\/uploads\/2023\/12\/Diseno-sin-titulo-3.jpg\",\"contentUrl\":\"https:\/\/blgnoticiassantodomingo.net\/wp-content\/uploads\/2023\/12\/Diseno-sin-titulo-3.jpg\",\"width\":500,\"height\":500,\"caption\":\"BLG Noticias\"},\"image\":{\"@id\":\"https:\/\/blgnoticiassantodomingo.net\/#\/schema\/logo\/image\/\"},\"sameAs\":[\"https:\/\/web.facebook.com\/BlgNoticias\/?locale=es_LA&_rdc=1&_rdr\",\"https:\/\/x.com\/BlgNoticias\",\"https:\/\/www.linkedin.com\/in\/brenda-l-santana-aa846279\/\"]},{\"@type\":\"Person\",\"@id\":\"https:\/\/blgnoticiassantodomingo.net\/#\/schema\/person\/e2fc21cf88acc63dbd134be981bff374\",\"name\":\"Brenda Guerrero\",\"image\":{\"@type\":\"ImageObject\",\"inLanguage\":\"es\",\"@id\":\"https:\/\/blgnoticiassantodomingo.net\/#\/schema\/person\/image\/\",\"url\":\"https:\/\/secure.gravatar.com\/avatar\/2f7fc4c3e3655be1580cb684bfd8ab19be702ae20879da1e072021daa02f9b8b?s=96&d=wp_user_avatar&r=g\",\"contentUrl\":\"https:\/\/secure.gravatar.com\/avatar\/2f7fc4c3e3655be1580cb684bfd8ab19be702ae20879da1e072021daa02f9b8b?s=96&d=wp_user_avatar&r=g\",\"caption\":\"Brenda Guerrero\"},\"description\":\"Periodista\",\"url\":\"https:\/\/blgnoticiassantodomingo.net\/index.php\/author\/brenda-guerrero\/\"}]}<\/script>\n<!-- \/ Yoast SEO plugin. -->","yoast_head_json":{"title":"Presidente va hoy a Barahona; iniciar\u00e1 reparaci\u00f3n puente - BLG Noticias","robots":{"index":"index","follow":"follow","max-snippet":"max-snippet:-1","max-image-preview":"max-image-preview:large","max-video-preview":"max-video-preview:-1"},"canonical":"https:\/\/blgnoticiassantodomingo.net\/index.php\/2020\/10\/19\/presidente-va-hoy-a-barahona-iniciara-reparacion-puente\/","og_locale":"es_ES","og_type":"article","og_title":"Presidente va hoy a Barahona; iniciar\u00e1 reparaci\u00f3n puente - BLG Noticias","og_description":"El presidente Luis Abinader continuar\u00e1 hoy su periplo por el pa\u00eds volviendo al Suroeste, para agotar una agenda de trabajo esta vez en Barahona, donde dar\u00e1 el primer picazo para la reforma y rehabilitaci\u00f3n del puerto de esa importante provincia ubicada sobre la bah\u00eda de Neiba. Luego de esta actividad, prevista para las 11:00 de [&hellip;]","og_url":"https:\/\/blgnoticiassantodomingo.net\/index.php\/2020\/10\/19\/presidente-va-hoy-a-barahona-iniciara-reparacion-puente\/","og_site_name":"BLG Noticias","article_publisher":"https:\/\/web.facebook.com\/BlgNoticias\/?locale=es_LA&_rdc=1&_rdr","article_published_time":"2020-10-19T13:13:45+00:00","article_modified_time":"2020-10-19T13:15:50+00:00","og_image":[{"width":688,"height":604,"url":"https:\/\/blgnoticiassantodomingo.net\/wp-content\/uploads\/2020\/10\/2A_El-Pais_19_Gratereaux1.jpg","type":"image\/jpeg"}],"author":"Brenda Guerrero","twitter_card":"summary_large_image","twitter_creator":"@BlgNoticias","twitter_site":"@BlgNoticias","twitter_misc":{"Escrito por":"Brenda Guerrero","Tiempo de lectura":"2 minutos"},"schema":{"@context":"https:\/\/schema.org","@graph":[{"@type":"Article","@id":"https:\/\/blgnoticiassantodomingo.net\/index.php\/2020\/10\/19\/presidente-va-hoy-a-barahona-iniciara-reparacion-puente\/#article","isPartOf":{"@id":"https:\/\/blgnoticiassantodomingo.net\/index.php\/2020\/10\/19\/presidente-va-hoy-a-barahona-iniciara-reparacion-puente\/"},"author":{"name":"Brenda Guerrero","@id":"https:\/\/blgnoticiassantodomingo.net\/#\/schema\/person\/e2fc21cf88acc63dbd134be981bff374"},"headline":"Presidente va hoy a Barahona; iniciar\u00e1 reparaci\u00f3n puente","datePublished":"2020-10-19T13:13:45+00:00","dateModified":"2020-10-19T13:15:50+00:00","mainEntityOfPage":{"@id":"https:\/\/blgnoticiassantodomingo.net\/index.php\/2020\/10\/19\/presidente-va-hoy-a-barahona-iniciara-reparacion-puente\/"},"wordCount":343,"commentCount":0,"publisher":{"@id":"https:\/\/blgnoticiassantodomingo.net\/#organization"},"image":{"@id":"https:\/\/blgnoticiassantodomingo.net\/index.php\/2020\/10\/19\/presidente-va-hoy-a-barahona-iniciara-reparacion-puente\/#primaryimage"},"thumbnailUrl":"https:\/\/blgnoticiassantodomingo.net\/wp-content\/uploads\/2020\/10\/2A_El-Pais_19_Gratereaux1.jpg","keywords":["Barahona","Luis Abinader"],"articleSection":["Nacionales"],"inLanguage":"es","potentialAction":[{"@type":"CommentAction","name":"Comment","target":["https:\/\/blgnoticiassantodomingo.net\/index.php\/2020\/10\/19\/presidente-va-hoy-a-barahona-iniciara-reparacion-puente\/#respond"]}]},{"@type":"WebPage","@id":"https:\/\/blgnoticiassantodomingo.net\/index.php\/2020\/10\/19\/presidente-va-hoy-a-barahona-iniciara-reparacion-puente\/","url":"https:\/\/blgnoticiassantodomingo.net\/index.php\/2020\/10\/19\/presidente-va-hoy-a-barahona-iniciara-reparacion-puente\/","name":"Presidente va hoy a Barahona; iniciar\u00e1 reparaci\u00f3n puente - BLG Noticias","isPartOf":{"@id":"https:\/\/blgnoticiassantodomingo.net\/#website"},"primaryImageOfPage":{"@id":"https:\/\/blgnoticiassantodomingo.net\/index.php\/2020\/10\/19\/presidente-va-hoy-a-barahona-iniciara-reparacion-puente\/#primaryimage"},"image":{"@id":"https:\/\/blgnoticiassantodomingo.net\/index.php\/2020\/10\/19\/presidente-va-hoy-a-barahona-iniciara-reparacion-puente\/#primaryimage"},"thumbnailUrl":"https:\/\/blgnoticiassantodomingo.net\/wp-content\/uploads\/2020\/10\/2A_El-Pais_19_Gratereaux1.jpg","datePublished":"2020-10-19T13:13:45+00:00","dateModified":"2020-10-19T13:15:50+00:00","breadcrumb":{"@id":"https:\/\/blgnoticiassantodomingo.net\/index.php\/2020\/10\/19\/presidente-va-hoy-a-barahona-iniciara-reparacion-puente\/#breadcrumb"},"inLanguage":"es","potentialAction":[{"@type":"ReadAction","target":["https:\/\/blgnoticiassantodomingo.net\/index.php\/2020\/10\/19\/presidente-va-hoy-a-barahona-iniciara-reparacion-puente\/"]}]},{"@type":"ImageObject","inLanguage":"es","@id":"https:\/\/blgnoticiassantodomingo.net\/index.php\/2020\/10\/19\/presidente-va-hoy-a-barahona-iniciara-reparacion-puente\/#primaryimage","url":"https:\/\/blgnoticiassantodomingo.net\/wp-content\/uploads\/2020\/10\/2A_El-Pais_19_Gratereaux1.jpg","contentUrl":"https:\/\/blgnoticiassantodomingo.net\/wp-content\/uploads\/2020\/10\/2A_El-Pais_19_Gratereaux1.jpg","width":688,"height":604},{"@type":"BreadcrumbList","@id":"https:\/\/blgnoticiassantodomingo.net\/index.php\/2020\/10\/19\/presidente-va-hoy-a-barahona-iniciara-reparacion-puente\/#breadcrumb","itemListElement":[{"@type":"ListItem","position":1,"name":"Portada","item":"https:\/\/blgnoticiassantodomingo.net\/"},{"@type":"ListItem","position":2,"name":"Presidente va hoy a Barahona; iniciar\u00e1 reparaci\u00f3n puente"}]},{"@type":"WebSite","@id":"https:\/\/blgnoticiassantodomingo.net\/#website","url":"https:\/\/blgnoticiassantodomingo.net\/","name":"BLG Noticias","description":"Esto es Noticias","publisher":{"@id":"https:\/\/blgnoticiassantodomingo.net\/#organization"},"potentialAction":[{"@type":"SearchAction","target":{"@type":"EntryPoint","urlTemplate":"https:\/\/blgnoticiassantodomingo.net\/?s={search_term_string}"},"query-input":{"@type":"PropertyValueSpecification","valueRequired":true,"valueName":"search_term_string"}}],"inLanguage":"es"},{"@type":"Organization","@id":"https:\/\/blgnoticiassantodomingo.net\/#organization","name":"BLG Noticias","url":"https:\/\/blgnoticiassantodomingo.net\/","logo":{"@type":"ImageObject","inLanguage":"es","@id":"https:\/\/blgnoticiassantodomingo.net\/#\/schema\/logo\/image\/","url":"https:\/\/blgnoticiassantodomingo.net\/wp-content\/uploads\/2023\/12\/Diseno-sin-titulo-3.jpg","contentUrl":"https:\/\/blgnoticiassantodomingo.net\/wp-content\/uploads\/2023\/12\/Diseno-sin-titulo-3.jpg","width":500,"height":500,"caption":"BLG Noticias"},"image":{"@id":"https:\/\/blgnoticiassantodomingo.net\/#\/schema\/logo\/image\/"},"sameAs":["https:\/\/web.facebook.com\/BlgNoticias\/?locale=es_LA&_rdc=1&_rdr","https:\/\/x.com\/BlgNoticias","https:\/\/www.linkedin.com\/in\/brenda-l-santana-aa846279\/"]},{"@type":"Person","@id":"https:\/\/blgnoticiassantodomingo.net\/#\/schema\/person\/e2fc21cf88acc63dbd134be981bff374","name":"Brenda Guerrero","image":{"@type":"ImageObject","inLanguage":"es","@id":"https:\/\/blgnoticiassantodomingo.net\/#\/schema\/person\/image\/","url":"https:\/\/secure.gravatar.com\/avatar\/2f7fc4c3e3655be1580cb684bfd8ab19be702ae20879da1e072021daa02f9b8b?s=96&d=wp_user_avatar&r=g","contentUrl":"https:\/\/secure.gravatar.com\/avatar\/2f7fc4c3e3655be1580cb684bfd8ab19be702ae20879da1e072021daa02f9b8b?s=96&d=wp_user_avatar&r=g","caption":"Brenda Guerrero"},"description":"Periodista","url":"https:\/\/blgnoticiassantodomingo.net\/index.php\/author\/brenda-guerrero\/"}]}},"jetpack_featured_media_url":"https:\/\/blgnoticiassantodomingo.net\/wp-content\/uploads\/2020\/10\/2A_El-Pais_19_Gratereaux1.jpg","_links":{"self":[{"href":"https:\/\/blgnoticiassantodomingo.net\/index.php\/wp-json\/wp\/v2\/posts\/20448","targetHints":{"allow":["GET"]}}],"collection":[{"href":"https:\/\/blgnoticiassantodomingo.net\/index.php\/wp-json\/wp\/v2\/posts"}],"about":[{"href":"https:\/\/blgnoticiassantodomingo.net\/index.php\/wp-json\/wp\/v2\/types\/post"}],"author":[{"embeddable":true,"href":"https:\/\/blgnoticiassantodomingo.net\/index.php\/wp-json\/wp\/v2\/users\/2"}],"replies":[{"embeddable":true,"href":"https:\/\/blgnoticiassantodomingo.net\/index.php\/wp-json\/wp\/v2\/comments?post=20448"}],"version-history":[{"count":2,"href":"https:\/\/blgnoticiassantodomingo.net\/index.php\/wp-json\/wp\/v2\/posts\/20448\/revisions"}],"predecessor-version":[{"id":20451,"href":"https:\/\/blgnoticiassantodomingo.net\/index.php\/wp-json\/wp\/v2\/posts\/20448\/revisions\/20451"}],"wp:featuredmedia":[{"embeddable":true,"href":"https:\/\/blgnoticiassantodomingo.net\/index.php\/wp-json\/wp\/v2\/media\/20449"}],"wp:attachment":[{"href":"https:\/\/blgnoticiassantodomingo.net\/index.php\/wp-json\/wp\/v2\/media?parent=20448"}],"wp:term":[{"taxonomy":"category","embeddable":true,"href":"https:\/\/blgnoticiassantodomingo.net\/index.php\/wp-json\/wp\/v2\/categories?post=20448"},{"taxonomy":"post_tag","embeddable":true,"href":"https:\/\/blgnoticiassantodomingo.net\/index.php\/wp-json\/wp\/v2\/tags?post=20448"}],"curies":[{"name":"wp","href":"https:\/\/api.w.org\/{rel}","templated":true}]}}