{"id":20366,"date":"2020-10-17T01:57:21","date_gmt":"2020-10-17T00:57:21","guid":{"rendered":"http:\/\/blgnoticiassantodomingo.net\/?p=20366"},"modified":"2020-10-17T01:57:23","modified_gmt":"2020-10-17T00:57:23","slug":"alcalde-manuel-jimenez-valora-desarrollo-de-provincia-sd","status":"publish","type":"post","link":"https:\/\/blgnoticiassantodomingo.net\/index.php\/2020\/10\/17\/alcalde-manuel-jimenez-valora-desarrollo-de-provincia-sd\/","title":{"rendered":"Alcalde Manuel Jim\u00e9nez valora desarrollo de provincia SD"},"content":{"rendered":"\n<p>Santo Domingo Este. El Alcalde de este municipio, Manuel Jim\u00e9nez, consider\u00f3 que la provincia Santo Domingo ha mostrado desarrollo y civilizaci\u00f3n, e hizo un llamado a la unidad para de manera conjunta lograr convertir los municipios en grandes ciudades.<\/p>\n\n\n\n<p>Jim\u00e9nez hizo esta declaraci\u00f3n al encabezar esta ma\u00f1ana los actos de conmemoraci\u00f3n del XIX Aniversario de la Fundaci\u00f3n de la Provincia Santo Domingo con una ofrenda floral y una homil\u00eda en la Plaza Juan Pablo Duarte.<\/p>\n\n\n\n<figure class=\"wp-block-image size-large\"><img decoding=\"async\" width=\"1024\" height=\"683\" src=\"https:\/\/blgnoticiassantodomingo.net\/wp-content\/uploads\/2020\/10\/EkeoJTeXgAEwHr_-1024x683.jpg\" alt=\"\" class=\"wp-image-20368\" srcset=\"https:\/\/blgnoticiassantodomingo.net\/wp-content\/uploads\/2020\/10\/EkeoJTeXgAEwHr_-1024x683.jpg 1024w, https:\/\/blgnoticiassantodomingo.net\/wp-content\/uploads\/2020\/10\/EkeoJTeXgAEwHr_-300x200.jpg 300w, https:\/\/blgnoticiassantodomingo.net\/wp-content\/uploads\/2020\/10\/EkeoJTeXgAEwHr_-768x512.jpg 768w, https:\/\/blgnoticiassantodomingo.net\/wp-content\/uploads\/2020\/10\/EkeoJTeXgAEwHr_.jpg 1080w\" sizes=\"(max-width: 1024px) 100vw, 1024px\" \/><\/figure>\n\n\n\n<p>Durante la entrega de la ofrenda floral en la estatua del Padre de la Patria, actividad que cont\u00f3 con la presencia de los alcaldes que conforman la provincia de SD, el alcalde Jim\u00e9nez valor\u00f3 la visi\u00f3n y el entusiasmo de Tirso Mej\u00eda Ricart y Dario de Jes\u00fas como mun\u00edcipes y principales impulsores de la creaci\u00f3n de la provincia Santo Domingo.<\/p>\n\n\n\n<p>Jim\u00e9nez expres\u00f3 que el hecho de que varios alcaldes est\u00e9n presentes en el acto de la ofrenda significaba que la unidad es lo que debe prevalecer en estos momentos para sacar al municipio adelante y que el bienestar llegue a todos.<\/p>\n\n\n\n<p>El municipio Santo Domingo Este fue escogido como sede para los actos conmemorativos en los que participaron alcaldes de la Mancomunidad del Gran Santo Domingo.<\/p>\n\n\n\n<figure class=\"wp-block-image size-large\"><img decoding=\"async\" width=\"1024\" height=\"705\" src=\"https:\/\/blgnoticiassantodomingo.net\/wp-content\/uploads\/2020\/10\/EkeoLWoXYAE2Xjz-1024x705.jpg\" alt=\"\" class=\"wp-image-20369\" srcset=\"https:\/\/blgnoticiassantodomingo.net\/wp-content\/uploads\/2020\/10\/EkeoLWoXYAE2Xjz-1024x705.jpg 1024w, https:\/\/blgnoticiassantodomingo.net\/wp-content\/uploads\/2020\/10\/EkeoLWoXYAE2Xjz-300x207.jpg 300w, https:\/\/blgnoticiassantodomingo.net\/wp-content\/uploads\/2020\/10\/EkeoLWoXYAE2Xjz-768x529.jpg 768w, https:\/\/blgnoticiassantodomingo.net\/wp-content\/uploads\/2020\/10\/EkeoLWoXYAE2Xjz.jpg 1080w\" sizes=\"(max-width: 1024px) 100vw, 1024px\" \/><\/figure>\n\n\n\n<p>Mientras que al hablar en la actividad, el presidente de la mancomunidad del Gran Santo Domingo, Carlos Guzm\u00e1n, Alcalde de Santo Domingo Norte, asegur\u00f3 que este encuentro de alcaldes para celebrar la fundaci\u00f3n de la provincia SD significa que hay una gran hermandad y deseos de trabajo en cooperaci\u00f3n para convertir los municipios en grandes ciudades.<\/p>\n\n\n\n<p>Guzm\u00e1n valor\u00f3 la escogencia de la Plaza Juan Pablo Duarte como el lugar id\u00f3neo porque el patricio fue el principal municipalistas del pa\u00eds. \u201cDuarte fue un gran visionario, que identific\u00f3 que el cambio de cualquier Naci\u00f3n debe empezar por los municipios\u201d, expres\u00f3 Guzm\u00e1n.<\/p>\n\n\n\n<p>A las 8:00 de la ma\u00f1ana fue celebrada una ceremonia c\u00edvica de izamiento de la Bandera Nacional en la sede del edificio municipal y a las 10:00 de la ma\u00f1ana se llev\u00f3 a cabo la ofrenda floral en el busto del patricio Juan Pablo Duarte, ubicado en la plaza del mismo nombre, entre el expreso Las Am\u00e9ricas y la autopista de San Isidro.<\/p>\n\n\n\n<p>Para continuar con la celebraci\u00f3n del natalicio de la provincia fue realizada tambi\u00e9n una eucarist\u00eda en la Parroquia Stella Maris, en la avenida Novena esquina Quinta, frente al cuerpo de bomberos del Reparto Los Tres Ojos.<\/p>\n\n\n\n<p>Adem\u00e1s de los alcaldes de los municipios y distritos municipales se dieron cita legisladores de la provincia, autoridades civiles y militares, l\u00edderes sociales, empresarios, comerciantes, as\u00ed como ciudadanos de la provincia Santo Domingo.<\/p>\n","protected":false},"excerpt":{"rendered":"<p>Santo Domingo Este. El Alcalde de este municipio, Manuel Jim\u00e9nez, consider\u00f3 que la provincia Santo Domingo ha mostrado desarrollo y civilizaci\u00f3n, e hizo un llamado a la unidad para de manera conjunta lograr convertir los municipios en grandes ciudades. Jim\u00e9nez hizo esta declaraci\u00f3n al encabezar esta ma\u00f1ana los actos de conmemoraci\u00f3n del XIX Aniversario de [&hellip;]<\/p>\n","protected":false},"author":2,"featured_media":20367,"comment_status":"open","ping_status":"open","sticky":false,"template":"","format":"standard","meta":{"footnotes":""},"categories":[220],"tags":[601,4271,4270],"class_list":{"0":"post-20366","1":"post","2":"type-post","3":"status-publish","4":"format-standard","5":"has-post-thumbnail","7":"category-nacionales","8":"tag-manuel-jimenez","9":"tag-parroquia-stella-maris","10":"tag-plaza-juan-pablo-duarte"},"yoast_head":"<!-- This site is optimized with the Yoast SEO plugin v24.9 - https:\/\/yoast.com\/wordpress\/plugins\/seo\/ -->\n<title>Alcalde Manuel Jim\u00e9nez valora desarrollo de provincia SD - BLG Noticias<\/title>\n<meta name=\"robots\" content=\"index, follow, max-snippet:-1, max-image-preview:large, max-video-preview:-1\" \/>\n<link rel=\"canonical\" href=\"https:\/\/blgnoticiassantodomingo.net\/index.php\/2020\/10\/17\/alcalde-manuel-jimenez-valora-desarrollo-de-provincia-sd\/\" \/>\n<meta property=\"og:locale\" content=\"es_ES\" \/>\n<meta property=\"og:type\" content=\"article\" \/>\n<meta property=\"og:title\" content=\"Alcalde Manuel Jim\u00e9nez valora desarrollo de provincia SD - BLG Noticias\" \/>\n<meta property=\"og:description\" content=\"Santo Domingo Este. El Alcalde de este municipio, Manuel Jim\u00e9nez, consider\u00f3 que la provincia Santo Domingo ha mostrado desarrollo y civilizaci\u00f3n, e hizo un llamado a la unidad para de manera conjunta lograr convertir los municipios en grandes ciudades. Jim\u00e9nez hizo esta declaraci\u00f3n al encabezar esta ma\u00f1ana los actos de conmemoraci\u00f3n del XIX Aniversario de [&hellip;]\" \/>\n<meta property=\"og:url\" content=\"https:\/\/blgnoticiassantodomingo.net\/index.php\/2020\/10\/17\/alcalde-manuel-jimenez-valora-desarrollo-de-provincia-sd\/\" \/>\n<meta property=\"og:site_name\" content=\"BLG Noticias\" \/>\n<meta property=\"article:publisher\" content=\"https:\/\/web.facebook.com\/BlgNoticias\/?locale=es_LA&amp;_rdc=1&amp;_rdr\" \/>\n<meta property=\"article:published_time\" content=\"2020-10-17T00:57:21+00:00\" \/>\n<meta property=\"article:modified_time\" content=\"2020-10-17T00:57:23+00:00\" \/>\n<meta property=\"og:image\" content=\"https:\/\/blgnoticiassantodomingo.net\/wp-content\/uploads\/2020\/10\/EkeoIX7WMAAunuN.jpg\" \/>\n\t<meta property=\"og:image:width\" content=\"1080\" \/>\n\t<meta property=\"og:image:height\" content=\"720\" \/>\n\t<meta property=\"og:image:type\" content=\"image\/jpeg\" \/>\n<meta name=\"author\" content=\"Brenda Guerrero\" \/>\n<meta name=\"twitter:card\" content=\"summary_large_image\" \/>\n<meta name=\"twitter:creator\" content=\"@BlgNoticias\" \/>\n<meta name=\"twitter:site\" content=\"@BlgNoticias\" \/>\n<meta name=\"twitter:label1\" content=\"Escrito por\" \/>\n\t<meta name=\"twitter:data1\" content=\"Brenda Guerrero\" \/>\n\t<meta name=\"twitter:label2\" content=\"Tiempo de lectura\" \/>\n\t<meta name=\"twitter:data2\" content=\"2 minutos\" \/>\n<script type=\"application\/ld+json\" class=\"yoast-schema-graph\">{\"@context\":\"https:\/\/schema.org\",\"@graph\":[{\"@type\":\"Article\",\"@id\":\"https:\/\/blgnoticiassantodomingo.net\/index.php\/2020\/10\/17\/alcalde-manuel-jimenez-valora-desarrollo-de-provincia-sd\/#article\",\"isPartOf\":{\"@id\":\"https:\/\/blgnoticiassantodomingo.net\/index.php\/2020\/10\/17\/alcalde-manuel-jimenez-valora-desarrollo-de-provincia-sd\/\"},\"author\":{\"name\":\"Brenda Guerrero\",\"@id\":\"https:\/\/blgnoticiassantodomingo.net\/#\/schema\/person\/e2fc21cf88acc63dbd134be981bff374\"},\"headline\":\"Alcalde Manuel Jim\u00e9nez valora desarrollo de provincia SD\",\"datePublished\":\"2020-10-17T00:57:21+00:00\",\"dateModified\":\"2020-10-17T00:57:23+00:00\",\"mainEntityOfPage\":{\"@id\":\"https:\/\/blgnoticiassantodomingo.net\/index.php\/2020\/10\/17\/alcalde-manuel-jimenez-valora-desarrollo-de-provincia-sd\/\"},\"wordCount\":472,\"commentCount\":0,\"publisher\":{\"@id\":\"https:\/\/blgnoticiassantodomingo.net\/#organization\"},\"image\":{\"@id\":\"https:\/\/blgnoticiassantodomingo.net\/index.php\/2020\/10\/17\/alcalde-manuel-jimenez-valora-desarrollo-de-provincia-sd\/#primaryimage\"},\"thumbnailUrl\":\"https:\/\/blgnoticiassantodomingo.net\/wp-content\/uploads\/2020\/10\/EkeoIX7WMAAunuN.jpg\",\"keywords\":[\"Manuel Jimenez\",\"Parroquia Stella Maris\",\"Plaza Juan Pablo Duarte\"],\"articleSection\":[\"Nacionales\"],\"inLanguage\":\"es\",\"potentialAction\":[{\"@type\":\"CommentAction\",\"name\":\"Comment\",\"target\":[\"https:\/\/blgnoticiassantodomingo.net\/index.php\/2020\/10\/17\/alcalde-manuel-jimenez-valora-desarrollo-de-provincia-sd\/#respond\"]}]},{\"@type\":\"WebPage\",\"@id\":\"https:\/\/blgnoticiassantodomingo.net\/index.php\/2020\/10\/17\/alcalde-manuel-jimenez-valora-desarrollo-de-provincia-sd\/\",\"url\":\"https:\/\/blgnoticiassantodomingo.net\/index.php\/2020\/10\/17\/alcalde-manuel-jimenez-valora-desarrollo-de-provincia-sd\/\",\"name\":\"Alcalde Manuel Jim\u00e9nez valora desarrollo de provincia SD - BLG Noticias\",\"isPartOf\":{\"@id\":\"https:\/\/blgnoticiassantodomingo.net\/#website\"},\"primaryImageOfPage\":{\"@id\":\"https:\/\/blgnoticiassantodomingo.net\/index.php\/2020\/10\/17\/alcalde-manuel-jimenez-valora-desarrollo-de-provincia-sd\/#primaryimage\"},\"image\":{\"@id\":\"https:\/\/blgnoticiassantodomingo.net\/index.php\/2020\/10\/17\/alcalde-manuel-jimenez-valora-desarrollo-de-provincia-sd\/#primaryimage\"},\"thumbnailUrl\":\"https:\/\/blgnoticiassantodomingo.net\/wp-content\/uploads\/2020\/10\/EkeoIX7WMAAunuN.jpg\",\"datePublished\":\"2020-10-17T00:57:21+00:00\",\"dateModified\":\"2020-10-17T00:57:23+00:00\",\"breadcrumb\":{\"@id\":\"https:\/\/blgnoticiassantodomingo.net\/index.php\/2020\/10\/17\/alcalde-manuel-jimenez-valora-desarrollo-de-provincia-sd\/#breadcrumb\"},\"inLanguage\":\"es\",\"potentialAction\":[{\"@type\":\"ReadAction\",\"target\":[\"https:\/\/blgnoticiassantodomingo.net\/index.php\/2020\/10\/17\/alcalde-manuel-jimenez-valora-desarrollo-de-provincia-sd\/\"]}]},{\"@type\":\"ImageObject\",\"inLanguage\":\"es\",\"@id\":\"https:\/\/blgnoticiassantodomingo.net\/index.php\/2020\/10\/17\/alcalde-manuel-jimenez-valora-desarrollo-de-provincia-sd\/#primaryimage\",\"url\":\"https:\/\/blgnoticiassantodomingo.net\/wp-content\/uploads\/2020\/10\/EkeoIX7WMAAunuN.jpg\",\"contentUrl\":\"https:\/\/blgnoticiassantodomingo.net\/wp-content\/uploads\/2020\/10\/EkeoIX7WMAAunuN.jpg\",\"width\":1080,\"height\":720},{\"@type\":\"BreadcrumbList\",\"@id\":\"https:\/\/blgnoticiassantodomingo.net\/index.php\/2020\/10\/17\/alcalde-manuel-jimenez-valora-desarrollo-de-provincia-sd\/#breadcrumb\",\"itemListElement\":[{\"@type\":\"ListItem\",\"position\":1,\"name\":\"Portada\",\"item\":\"https:\/\/blgnoticiassantodomingo.net\/\"},{\"@type\":\"ListItem\",\"position\":2,\"name\":\"Alcalde Manuel Jim\u00e9nez valora desarrollo de provincia SD\"}]},{\"@type\":\"WebSite\",\"@id\":\"https:\/\/blgnoticiassantodomingo.net\/#website\",\"url\":\"https:\/\/blgnoticiassantodomingo.net\/\",\"name\":\"BLG Noticias\",\"description\":\"Esto es Noticias\",\"publisher\":{\"@id\":\"https:\/\/blgnoticiassantodomingo.net\/#organization\"},\"potentialAction\":[{\"@type\":\"SearchAction\",\"target\":{\"@type\":\"EntryPoint\",\"urlTemplate\":\"https:\/\/blgnoticiassantodomingo.net\/?s={search_term_string}\"},\"query-input\":{\"@type\":\"PropertyValueSpecification\",\"valueRequired\":true,\"valueName\":\"search_term_string\"}}],\"inLanguage\":\"es\"},{\"@type\":\"Organization\",\"@id\":\"https:\/\/blgnoticiassantodomingo.net\/#organization\",\"name\":\"BLG Noticias\",\"url\":\"https:\/\/blgnoticiassantodomingo.net\/\",\"logo\":{\"@type\":\"ImageObject\",\"inLanguage\":\"es\",\"@id\":\"https:\/\/blgnoticiassantodomingo.net\/#\/schema\/logo\/image\/\",\"url\":\"https:\/\/blgnoticiassantodomingo.net\/wp-content\/uploads\/2023\/12\/Diseno-sin-titulo-3.jpg\",\"contentUrl\":\"https:\/\/blgnoticiassantodomingo.net\/wp-content\/uploads\/2023\/12\/Diseno-sin-titulo-3.jpg\",\"width\":500,\"height\":500,\"caption\":\"BLG Noticias\"},\"image\":{\"@id\":\"https:\/\/blgnoticiassantodomingo.net\/#\/schema\/logo\/image\/\"},\"sameAs\":[\"https:\/\/web.facebook.com\/BlgNoticias\/?locale=es_LA&_rdc=1&_rdr\",\"https:\/\/x.com\/BlgNoticias\",\"https:\/\/www.linkedin.com\/in\/brenda-l-santana-aa846279\/\"]},{\"@type\":\"Person\",\"@id\":\"https:\/\/blgnoticiassantodomingo.net\/#\/schema\/person\/e2fc21cf88acc63dbd134be981bff374\",\"name\":\"Brenda Guerrero\",\"image\":{\"@type\":\"ImageObject\",\"inLanguage\":\"es\",\"@id\":\"https:\/\/blgnoticiassantodomingo.net\/#\/schema\/person\/image\/\",\"url\":\"https:\/\/secure.gravatar.com\/avatar\/2f7fc4c3e3655be1580cb684bfd8ab19be702ae20879da1e072021daa02f9b8b?s=96&d=wp_user_avatar&r=g\",\"contentUrl\":\"https:\/\/secure.gravatar.com\/avatar\/2f7fc4c3e3655be1580cb684bfd8ab19be702ae20879da1e072021daa02f9b8b?s=96&d=wp_user_avatar&r=g\",\"caption\":\"Brenda Guerrero\"},\"description\":\"Periodista\",\"url\":\"https:\/\/blgnoticiassantodomingo.net\/index.php\/author\/brenda-guerrero\/\"}]}<\/script>\n<!-- \/ Yoast SEO plugin. -->","yoast_head_json":{"title":"Alcalde Manuel Jim\u00e9nez valora desarrollo de provincia SD - BLG Noticias","robots":{"index":"index","follow":"follow","max-snippet":"max-snippet:-1","max-image-preview":"max-image-preview:large","max-video-preview":"max-video-preview:-1"},"canonical":"https:\/\/blgnoticiassantodomingo.net\/index.php\/2020\/10\/17\/alcalde-manuel-jimenez-valora-desarrollo-de-provincia-sd\/","og_locale":"es_ES","og_type":"article","og_title":"Alcalde Manuel Jim\u00e9nez valora desarrollo de provincia SD - BLG Noticias","og_description":"Santo Domingo Este. El Alcalde de este municipio, Manuel Jim\u00e9nez, consider\u00f3 que la provincia Santo Domingo ha mostrado desarrollo y civilizaci\u00f3n, e hizo un llamado a la unidad para de manera conjunta lograr convertir los municipios en grandes ciudades. Jim\u00e9nez hizo esta declaraci\u00f3n al encabezar esta ma\u00f1ana los actos de conmemoraci\u00f3n del XIX Aniversario de [&hellip;]","og_url":"https:\/\/blgnoticiassantodomingo.net\/index.php\/2020\/10\/17\/alcalde-manuel-jimenez-valora-desarrollo-de-provincia-sd\/","og_site_name":"BLG Noticias","article_publisher":"https:\/\/web.facebook.com\/BlgNoticias\/?locale=es_LA&_rdc=1&_rdr","article_published_time":"2020-10-17T00:57:21+00:00","article_modified_time":"2020-10-17T00:57:23+00:00","og_image":[{"width":1080,"height":720,"url":"https:\/\/blgnoticiassantodomingo.net\/wp-content\/uploads\/2020\/10\/EkeoIX7WMAAunuN.jpg","type":"image\/jpeg"}],"author":"Brenda Guerrero","twitter_card":"summary_large_image","twitter_creator":"@BlgNoticias","twitter_site":"@BlgNoticias","twitter_misc":{"Escrito por":"Brenda Guerrero","Tiempo de lectura":"2 minutos"},"schema":{"@context":"https:\/\/schema.org","@graph":[{"@type":"Article","@id":"https:\/\/blgnoticiassantodomingo.net\/index.php\/2020\/10\/17\/alcalde-manuel-jimenez-valora-desarrollo-de-provincia-sd\/#article","isPartOf":{"@id":"https:\/\/blgnoticiassantodomingo.net\/index.php\/2020\/10\/17\/alcalde-manuel-jimenez-valora-desarrollo-de-provincia-sd\/"},"author":{"name":"Brenda Guerrero","@id":"https:\/\/blgnoticiassantodomingo.net\/#\/schema\/person\/e2fc21cf88acc63dbd134be981bff374"},"headline":"Alcalde Manuel Jim\u00e9nez valora desarrollo de provincia SD","datePublished":"2020-10-17T00:57:21+00:00","dateModified":"2020-10-17T00:57:23+00:00","mainEntityOfPage":{"@id":"https:\/\/blgnoticiassantodomingo.net\/index.php\/2020\/10\/17\/alcalde-manuel-jimenez-valora-desarrollo-de-provincia-sd\/"},"wordCount":472,"commentCount":0,"publisher":{"@id":"https:\/\/blgnoticiassantodomingo.net\/#organization"},"image":{"@id":"https:\/\/blgnoticiassantodomingo.net\/index.php\/2020\/10\/17\/alcalde-manuel-jimenez-valora-desarrollo-de-provincia-sd\/#primaryimage"},"thumbnailUrl":"https:\/\/blgnoticiassantodomingo.net\/wp-content\/uploads\/2020\/10\/EkeoIX7WMAAunuN.jpg","keywords":["Manuel Jimenez","Parroquia Stella Maris","Plaza Juan Pablo Duarte"],"articleSection":["Nacionales"],"inLanguage":"es","potentialAction":[{"@type":"CommentAction","name":"Comment","target":["https:\/\/blgnoticiassantodomingo.net\/index.php\/2020\/10\/17\/alcalde-manuel-jimenez-valora-desarrollo-de-provincia-sd\/#respond"]}]},{"@type":"WebPage","@id":"https:\/\/blgnoticiassantodomingo.net\/index.php\/2020\/10\/17\/alcalde-manuel-jimenez-valora-desarrollo-de-provincia-sd\/","url":"https:\/\/blgnoticiassantodomingo.net\/index.php\/2020\/10\/17\/alcalde-manuel-jimenez-valora-desarrollo-de-provincia-sd\/","name":"Alcalde Manuel Jim\u00e9nez valora desarrollo de provincia SD - BLG Noticias","isPartOf":{"@id":"https:\/\/blgnoticiassantodomingo.net\/#website"},"primaryImageOfPage":{"@id":"https:\/\/blgnoticiassantodomingo.net\/index.php\/2020\/10\/17\/alcalde-manuel-jimenez-valora-desarrollo-de-provincia-sd\/#primaryimage"},"image":{"@id":"https:\/\/blgnoticiassantodomingo.net\/index.php\/2020\/10\/17\/alcalde-manuel-jimenez-valora-desarrollo-de-provincia-sd\/#primaryimage"},"thumbnailUrl":"https:\/\/blgnoticiassantodomingo.net\/wp-content\/uploads\/2020\/10\/EkeoIX7WMAAunuN.jpg","datePublished":"2020-10-17T00:57:21+00:00","dateModified":"2020-10-17T00:57:23+00:00","breadcrumb":{"@id":"https:\/\/blgnoticiassantodomingo.net\/index.php\/2020\/10\/17\/alcalde-manuel-jimenez-valora-desarrollo-de-provincia-sd\/#breadcrumb"},"inLanguage":"es","potentialAction":[{"@type":"ReadAction","target":["https:\/\/blgnoticiassantodomingo.net\/index.php\/2020\/10\/17\/alcalde-manuel-jimenez-valora-desarrollo-de-provincia-sd\/"]}]},{"@type":"ImageObject","inLanguage":"es","@id":"https:\/\/blgnoticiassantodomingo.net\/index.php\/2020\/10\/17\/alcalde-manuel-jimenez-valora-desarrollo-de-provincia-sd\/#primaryimage","url":"https:\/\/blgnoticiassantodomingo.net\/wp-content\/uploads\/2020\/10\/EkeoIX7WMAAunuN.jpg","contentUrl":"https:\/\/blgnoticiassantodomingo.net\/wp-content\/uploads\/2020\/10\/EkeoIX7WMAAunuN.jpg","width":1080,"height":720},{"@type":"BreadcrumbList","@id":"https:\/\/blgnoticiassantodomingo.net\/index.php\/2020\/10\/17\/alcalde-manuel-jimenez-valora-desarrollo-de-provincia-sd\/#breadcrumb","itemListElement":[{"@type":"ListItem","position":1,"name":"Portada","item":"https:\/\/blgnoticiassantodomingo.net\/"},{"@type":"ListItem","position":2,"name":"Alcalde Manuel Jim\u00e9nez valora desarrollo de provincia SD"}]},{"@type":"WebSite","@id":"https:\/\/blgnoticiassantodomingo.net\/#website","url":"https:\/\/blgnoticiassantodomingo.net\/","name":"BLG Noticias","description":"Esto es Noticias","publisher":{"@id":"https:\/\/blgnoticiassantodomingo.net\/#organization"},"potentialAction":[{"@type":"SearchAction","target":{"@type":"EntryPoint","urlTemplate":"https:\/\/blgnoticiassantodomingo.net\/?s={search_term_string}"},"query-input":{"@type":"PropertyValueSpecification","valueRequired":true,"valueName":"search_term_string"}}],"inLanguage":"es"},{"@type":"Organization","@id":"https:\/\/blgnoticiassantodomingo.net\/#organization","name":"BLG Noticias","url":"https:\/\/blgnoticiassantodomingo.net\/","logo":{"@type":"ImageObject","inLanguage":"es","@id":"https:\/\/blgnoticiassantodomingo.net\/#\/schema\/logo\/image\/","url":"https:\/\/blgnoticiassantodomingo.net\/wp-content\/uploads\/2023\/12\/Diseno-sin-titulo-3.jpg","contentUrl":"https:\/\/blgnoticiassantodomingo.net\/wp-content\/uploads\/2023\/12\/Diseno-sin-titulo-3.jpg","width":500,"height":500,"caption":"BLG Noticias"},"image":{"@id":"https:\/\/blgnoticiassantodomingo.net\/#\/schema\/logo\/image\/"},"sameAs":["https:\/\/web.facebook.com\/BlgNoticias\/?locale=es_LA&_rdc=1&_rdr","https:\/\/x.com\/BlgNoticias","https:\/\/www.linkedin.com\/in\/brenda-l-santana-aa846279\/"]},{"@type":"Person","@id":"https:\/\/blgnoticiassantodomingo.net\/#\/schema\/person\/e2fc21cf88acc63dbd134be981bff374","name":"Brenda Guerrero","image":{"@type":"ImageObject","inLanguage":"es","@id":"https:\/\/blgnoticiassantodomingo.net\/#\/schema\/person\/image\/","url":"https:\/\/secure.gravatar.com\/avatar\/2f7fc4c3e3655be1580cb684bfd8ab19be702ae20879da1e072021daa02f9b8b?s=96&d=wp_user_avatar&r=g","contentUrl":"https:\/\/secure.gravatar.com\/avatar\/2f7fc4c3e3655be1580cb684bfd8ab19be702ae20879da1e072021daa02f9b8b?s=96&d=wp_user_avatar&r=g","caption":"Brenda Guerrero"},"description":"Periodista","url":"https:\/\/blgnoticiassantodomingo.net\/index.php\/author\/brenda-guerrero\/"}]}},"jetpack_featured_media_url":"https:\/\/blgnoticiassantodomingo.net\/wp-content\/uploads\/2020\/10\/EkeoIX7WMAAunuN.jpg","_links":{"self":[{"href":"https:\/\/blgnoticiassantodomingo.net\/index.php\/wp-json\/wp\/v2\/posts\/20366","targetHints":{"allow":["GET"]}}],"collection":[{"href":"https:\/\/blgnoticiassantodomingo.net\/index.php\/wp-json\/wp\/v2\/posts"}],"about":[{"href":"https:\/\/blgnoticiassantodomingo.net\/index.php\/wp-json\/wp\/v2\/types\/post"}],"author":[{"embeddable":true,"href":"https:\/\/blgnoticiassantodomingo.net\/index.php\/wp-json\/wp\/v2\/users\/2"}],"replies":[{"embeddable":true,"href":"https:\/\/blgnoticiassantodomingo.net\/index.php\/wp-json\/wp\/v2\/comments?post=20366"}],"version-history":[{"count":1,"href":"https:\/\/blgnoticiassantodomingo.net\/index.php\/wp-json\/wp\/v2\/posts\/20366\/revisions"}],"predecessor-version":[{"id":20370,"href":"https:\/\/blgnoticiassantodomingo.net\/index.php\/wp-json\/wp\/v2\/posts\/20366\/revisions\/20370"}],"wp:featuredmedia":[{"embeddable":true,"href":"https:\/\/blgnoticiassantodomingo.net\/index.php\/wp-json\/wp\/v2\/media\/20367"}],"wp:attachment":[{"href":"https:\/\/blgnoticiassantodomingo.net\/index.php\/wp-json\/wp\/v2\/media?parent=20366"}],"wp:term":[{"taxonomy":"category","embeddable":true,"href":"https:\/\/blgnoticiassantodomingo.net\/index.php\/wp-json\/wp\/v2\/categories?post=20366"},{"taxonomy":"post_tag","embeddable":true,"href":"https:\/\/blgnoticiassantodomingo.net\/index.php\/wp-json\/wp\/v2\/tags?post=20366"}],"curies":[{"name":"wp","href":"https:\/\/api.w.org\/{rel}","templated":true}]}}