{"id":19694,"date":"2020-10-01T15:15:23","date_gmt":"2020-10-01T14:15:23","guid":{"rendered":"http:\/\/blgnoticiassantodomingo.net\/?p=19694"},"modified":"2020-10-01T15:16:16","modified_gmt":"2020-10-01T14:16:16","slug":"a-proposito-del-dia-internacional-del-cafe-te-contamos-algunas-curiosidades-de-esta-bebida","status":"publish","type":"post","link":"https:\/\/blgnoticiassantodomingo.net\/index.php\/2020\/10\/01\/a-proposito-del-dia-internacional-del-cafe-te-contamos-algunas-curiosidades-de-esta-bebida\/","title":{"rendered":"A prop\u00f3sito del D\u00eda Internacional del Caf\u00e9, te contamos algunas curiosidades de esta bebida"},"content":{"rendered":"\n<p>El 1 de octubre se celebra el&nbsp;<strong>D\u00eda Internacional del Caf\u00e9<\/strong>. La idea de esta fecha surgi\u00f3 con la intenci\u00f3n de&nbsp;reunir en una sola festividad a todos los productores de caf\u00e9 del mundo. Los pa\u00edses productores de caf\u00e9, no tardaron en sumarse al evento y solamente en esa primera celebraci\u00f3n se dio lugar a&nbsp;<strong><em>70 eventos en 35 naciones del mundo<\/em><\/strong>.<\/p>\n\n\n\n<p>Este a\u00f1o el\u00a0D\u00eda Internacional del Caf\u00e9, gira entorno a los graves problemas que est\u00e1n enfrentando los productores de caf\u00e9 de todo el mundo.<\/p>\n\n\n\n<p>El problema es bastante sencillo,&nbsp;en los \u00faltimos dos a\u00f1os el rendimiento de los cultivos de caf\u00e9 se ha incrementado, ocasionando un excedente de producci\u00f3n que ha disminuido el precio del producto en el mundo. Aunque la taza de caf\u00e9 que consumes en la ma\u00f1ana no ha bajado de precio, realmente hoy en d\u00eda un productor gana aproximadamente&nbsp;<em>1 centavo de d\u00f3lar por cada taza<\/em>&nbsp;y esa ganancia no le permite invertir nuevamente en mano de obra, fertilizante, tierra, equipos, etc.<\/p>\n\n\n\n<p>Para respaldar esta causa, en la misma p\u00e1gina web de la\u00a0<strong>Organizaci\u00f3n Internacional del Caf\u00e9 (<em>OIC<\/em>)<\/strong>, hay una petici\u00f3n que puedes firmar. Dicho documento lo que exige, son unos ingresos dignos para los caficultores del mundo.\u00a0<strong><em>Se necesita por lo menos llegar a 5000 firmas<\/em><\/strong>, pero si se exceden, nadie se molestar\u00e1.<\/p>\n\n\n\n<ul class=\"wp-block-list\"><li>El caf\u00e9 es&nbsp;<em>la segunda bebida m\u00e1s consumida en el mundo<\/em>&nbsp;despu\u00e9s del agua.<\/li><li>Todos los d\u00edas en el mundo se consumen aproximadamente&nbsp;<strong>3 mil millones de tazas de caf\u00e9<\/strong>.<\/li><li>El lugar donde se consume m\u00e1s caf\u00e9 es en los&nbsp;<em>pa\u00edses n\u00f3rdicos<\/em>.<\/li><li>El nombre caf\u00e9 proviene de la palabra \u00e1rabe \u00abQahhwat Al-bun\u00bb, que significa \u00abvino del grano\u00bb.<\/li><li>En realidad, el grano del caf\u00e9 es&nbsp;<em>la semilla de la fruta del \u00e1rbol de cafeto<\/em>, un \u00e1rbol que puede llegar a medir hasta 6 metros de altura.<\/li><li>Se ha demostrado que consumir caf\u00e9 puede&nbsp;<em>acelerar el metabolismo de una persona entre un 3% a un 11%<\/em>.<\/li><li>Es el&nbsp;<em>segundo producto m\u00e1s comercializado del mundo junto con la Coca Cola<\/em>.<\/li><li><em>Brasil es el mayor productor de caf\u00e9 de todo el mundo<\/em>. Su cosecha equivale al 30,16% del caf\u00e9 mundial.<\/li><li>El&nbsp;<em>54% de los estadounidenses consumen caf\u00e9 todos los d\u00edas<\/em>. Lo que convierte a los Estados Unidos en el pa\u00eds donde se toma m\u00e1s caf\u00e9.<\/li><li>En Corea y Jap\u00f3n hay&nbsp;<em>caf\u00e9s tem\u00e1ticos<\/em>, sobre&nbsp;<strong><em>animes y doramas populares<\/em><\/strong>. Pero tambi\u00e9n existen los caf\u00e9s de gatos, donde adem\u00e1s de tomarte una deliciosa taza de esta bebida, tambi\u00e9n puedes acariciar a un lindo gatito.<\/li><li>En Jap\u00f3n tambi\u00e9n existe un caf\u00e9 que posee una&nbsp;<strong><em>piscina donde ba\u00f1arte en esta bebida<\/em><\/strong>, el nombre del lugar es&nbsp;<em>Yunessun Spa Resort<\/em>.<\/li><li>Como \u00faltimo dato interesante, en Francia hay una cafeter\u00eda donde si no&nbsp;<em>muestras modales<\/em>, como decir hola al llegar y pedir por favor, el caf\u00e9 te cuesta un poco m\u00e1s.<\/li><\/ul>\n","protected":false},"excerpt":{"rendered":"<p>El 1 de octubre se celebra el&nbsp;D\u00eda Internacional del Caf\u00e9. La idea de esta fecha surgi\u00f3 con la intenci\u00f3n de&nbsp;reunir en una sola festividad a todos los productores de caf\u00e9 del mundo. Los pa\u00edses productores de caf\u00e9, no tardaron en sumarse al evento y solamente en esa primera celebraci\u00f3n se dio lugar a&nbsp;70 eventos en [&hellip;]<\/p>\n","protected":false},"author":2,"featured_media":19695,"comment_status":"open","ping_status":"open","sticky":false,"template":"","format":"standard","meta":{"footnotes":""},"categories":[221],"tags":[2915,4130],"class_list":{"0":"post-19694","1":"post","2":"type-post","3":"status-publish","4":"format-standard","5":"has-post-thumbnail","7":"category-internacionales","8":"tag-cafe","9":"tag-dia-internacional-de-cafe"},"yoast_head":"<!-- This site is optimized with the Yoast SEO plugin v24.9 - https:\/\/yoast.com\/wordpress\/plugins\/seo\/ -->\n<title>A prop\u00f3sito del D\u00eda Internacional del Caf\u00e9, te contamos algunas curiosidades de esta bebida - BLG Noticias<\/title>\n<meta name=\"robots\" content=\"index, follow, max-snippet:-1, max-image-preview:large, max-video-preview:-1\" \/>\n<link rel=\"canonical\" href=\"https:\/\/blgnoticiassantodomingo.net\/index.php\/2020\/10\/01\/a-proposito-del-dia-internacional-del-cafe-te-contamos-algunas-curiosidades-de-esta-bebida\/\" \/>\n<meta property=\"og:locale\" content=\"es_ES\" \/>\n<meta property=\"og:type\" content=\"article\" \/>\n<meta property=\"og:title\" content=\"A prop\u00f3sito del D\u00eda Internacional del Caf\u00e9, te contamos algunas curiosidades de esta bebida - BLG Noticias\" \/>\n<meta property=\"og:description\" content=\"El 1 de octubre se celebra el&nbsp;D\u00eda Internacional del Caf\u00e9. La idea de esta fecha surgi\u00f3 con la intenci\u00f3n de&nbsp;reunir en una sola festividad a todos los productores de caf\u00e9 del mundo. Los pa\u00edses productores de caf\u00e9, no tardaron en sumarse al evento y solamente en esa primera celebraci\u00f3n se dio lugar a&nbsp;70 eventos en [&hellip;]\" \/>\n<meta property=\"og:url\" content=\"https:\/\/blgnoticiassantodomingo.net\/index.php\/2020\/10\/01\/a-proposito-del-dia-internacional-del-cafe-te-contamos-algunas-curiosidades-de-esta-bebida\/\" \/>\n<meta property=\"og:site_name\" content=\"BLG Noticias\" \/>\n<meta property=\"article:publisher\" content=\"https:\/\/web.facebook.com\/BlgNoticias\/?locale=es_LA&amp;_rdc=1&amp;_rdr\" \/>\n<meta property=\"article:published_time\" content=\"2020-10-01T14:15:23+00:00\" \/>\n<meta property=\"article:modified_time\" content=\"2020-10-01T14:16:16+00:00\" \/>\n<meta property=\"og:image\" content=\"https:\/\/blgnoticiassantodomingo.net\/wp-content\/uploads\/2020\/10\/cafe.jpg\" \/>\n\t<meta property=\"og:image:width\" content=\"620\" \/>\n\t<meta property=\"og:image:height\" content=\"388\" \/>\n\t<meta property=\"og:image:type\" content=\"image\/jpeg\" \/>\n<meta name=\"author\" content=\"Brenda Guerrero\" \/>\n<meta name=\"twitter:card\" content=\"summary_large_image\" \/>\n<meta name=\"twitter:creator\" content=\"@BlgNoticias\" \/>\n<meta name=\"twitter:site\" content=\"@BlgNoticias\" \/>\n<meta name=\"twitter:label1\" content=\"Escrito por\" \/>\n\t<meta name=\"twitter:data1\" content=\"Brenda Guerrero\" \/>\n\t<meta name=\"twitter:label2\" content=\"Tiempo de lectura\" \/>\n\t<meta name=\"twitter:data2\" content=\"3 minutos\" \/>\n<script type=\"application\/ld+json\" class=\"yoast-schema-graph\">{\"@context\":\"https:\/\/schema.org\",\"@graph\":[{\"@type\":\"Article\",\"@id\":\"https:\/\/blgnoticiassantodomingo.net\/index.php\/2020\/10\/01\/a-proposito-del-dia-internacional-del-cafe-te-contamos-algunas-curiosidades-de-esta-bebida\/#article\",\"isPartOf\":{\"@id\":\"https:\/\/blgnoticiassantodomingo.net\/index.php\/2020\/10\/01\/a-proposito-del-dia-internacional-del-cafe-te-contamos-algunas-curiosidades-de-esta-bebida\/\"},\"author\":{\"name\":\"Brenda Guerrero\",\"@id\":\"https:\/\/blgnoticiassantodomingo.net\/#\/schema\/person\/e2fc21cf88acc63dbd134be981bff374\"},\"headline\":\"A prop\u00f3sito del D\u00eda Internacional del Caf\u00e9, te contamos algunas curiosidades de esta bebida\",\"datePublished\":\"2020-10-01T14:15:23+00:00\",\"dateModified\":\"2020-10-01T14:16:16+00:00\",\"mainEntityOfPage\":{\"@id\":\"https:\/\/blgnoticiassantodomingo.net\/index.php\/2020\/10\/01\/a-proposito-del-dia-internacional-del-cafe-te-contamos-algunas-curiosidades-de-esta-bebida\/\"},\"wordCount\":530,\"commentCount\":0,\"publisher\":{\"@id\":\"https:\/\/blgnoticiassantodomingo.net\/#organization\"},\"image\":{\"@id\":\"https:\/\/blgnoticiassantodomingo.net\/index.php\/2020\/10\/01\/a-proposito-del-dia-internacional-del-cafe-te-contamos-algunas-curiosidades-de-esta-bebida\/#primaryimage\"},\"thumbnailUrl\":\"https:\/\/blgnoticiassantodomingo.net\/wp-content\/uploads\/2020\/10\/cafe.jpg\",\"keywords\":[\"CAFE\",\"dia internacional de cafe\"],\"articleSection\":[\"Internacionales\"],\"inLanguage\":\"es\",\"potentialAction\":[{\"@type\":\"CommentAction\",\"name\":\"Comment\",\"target\":[\"https:\/\/blgnoticiassantodomingo.net\/index.php\/2020\/10\/01\/a-proposito-del-dia-internacional-del-cafe-te-contamos-algunas-curiosidades-de-esta-bebida\/#respond\"]}]},{\"@type\":\"WebPage\",\"@id\":\"https:\/\/blgnoticiassantodomingo.net\/index.php\/2020\/10\/01\/a-proposito-del-dia-internacional-del-cafe-te-contamos-algunas-curiosidades-de-esta-bebida\/\",\"url\":\"https:\/\/blgnoticiassantodomingo.net\/index.php\/2020\/10\/01\/a-proposito-del-dia-internacional-del-cafe-te-contamos-algunas-curiosidades-de-esta-bebida\/\",\"name\":\"A prop\u00f3sito del D\u00eda Internacional del Caf\u00e9, te contamos algunas curiosidades de esta bebida - BLG Noticias\",\"isPartOf\":{\"@id\":\"https:\/\/blgnoticiassantodomingo.net\/#website\"},\"primaryImageOfPage\":{\"@id\":\"https:\/\/blgnoticiassantodomingo.net\/index.php\/2020\/10\/01\/a-proposito-del-dia-internacional-del-cafe-te-contamos-algunas-curiosidades-de-esta-bebida\/#primaryimage\"},\"image\":{\"@id\":\"https:\/\/blgnoticiassantodomingo.net\/index.php\/2020\/10\/01\/a-proposito-del-dia-internacional-del-cafe-te-contamos-algunas-curiosidades-de-esta-bebida\/#primaryimage\"},\"thumbnailUrl\":\"https:\/\/blgnoticiassantodomingo.net\/wp-content\/uploads\/2020\/10\/cafe.jpg\",\"datePublished\":\"2020-10-01T14:15:23+00:00\",\"dateModified\":\"2020-10-01T14:16:16+00:00\",\"breadcrumb\":{\"@id\":\"https:\/\/blgnoticiassantodomingo.net\/index.php\/2020\/10\/01\/a-proposito-del-dia-internacional-del-cafe-te-contamos-algunas-curiosidades-de-esta-bebida\/#breadcrumb\"},\"inLanguage\":\"es\",\"potentialAction\":[{\"@type\":\"ReadAction\",\"target\":[\"https:\/\/blgnoticiassantodomingo.net\/index.php\/2020\/10\/01\/a-proposito-del-dia-internacional-del-cafe-te-contamos-algunas-curiosidades-de-esta-bebida\/\"]}]},{\"@type\":\"ImageObject\",\"inLanguage\":\"es\",\"@id\":\"https:\/\/blgnoticiassantodomingo.net\/index.php\/2020\/10\/01\/a-proposito-del-dia-internacional-del-cafe-te-contamos-algunas-curiosidades-de-esta-bebida\/#primaryimage\",\"url\":\"https:\/\/blgnoticiassantodomingo.net\/wp-content\/uploads\/2020\/10\/cafe.jpg\",\"contentUrl\":\"https:\/\/blgnoticiassantodomingo.net\/wp-content\/uploads\/2020\/10\/cafe.jpg\",\"width\":620,\"height\":388},{\"@type\":\"BreadcrumbList\",\"@id\":\"https:\/\/blgnoticiassantodomingo.net\/index.php\/2020\/10\/01\/a-proposito-del-dia-internacional-del-cafe-te-contamos-algunas-curiosidades-de-esta-bebida\/#breadcrumb\",\"itemListElement\":[{\"@type\":\"ListItem\",\"position\":1,\"name\":\"Portada\",\"item\":\"https:\/\/blgnoticiassantodomingo.net\/\"},{\"@type\":\"ListItem\",\"position\":2,\"name\":\"A prop\u00f3sito del D\u00eda Internacional del Caf\u00e9, te contamos algunas curiosidades de esta bebida\"}]},{\"@type\":\"WebSite\",\"@id\":\"https:\/\/blgnoticiassantodomingo.net\/#website\",\"url\":\"https:\/\/blgnoticiassantodomingo.net\/\",\"name\":\"BLG Noticias\",\"description\":\"Esto es Noticias\",\"publisher\":{\"@id\":\"https:\/\/blgnoticiassantodomingo.net\/#organization\"},\"potentialAction\":[{\"@type\":\"SearchAction\",\"target\":{\"@type\":\"EntryPoint\",\"urlTemplate\":\"https:\/\/blgnoticiassantodomingo.net\/?s={search_term_string}\"},\"query-input\":{\"@type\":\"PropertyValueSpecification\",\"valueRequired\":true,\"valueName\":\"search_term_string\"}}],\"inLanguage\":\"es\"},{\"@type\":\"Organization\",\"@id\":\"https:\/\/blgnoticiassantodomingo.net\/#organization\",\"name\":\"BLG Noticias\",\"url\":\"https:\/\/blgnoticiassantodomingo.net\/\",\"logo\":{\"@type\":\"ImageObject\",\"inLanguage\":\"es\",\"@id\":\"https:\/\/blgnoticiassantodomingo.net\/#\/schema\/logo\/image\/\",\"url\":\"https:\/\/blgnoticiassantodomingo.net\/wp-content\/uploads\/2023\/12\/Diseno-sin-titulo-3.jpg\",\"contentUrl\":\"https:\/\/blgnoticiassantodomingo.net\/wp-content\/uploads\/2023\/12\/Diseno-sin-titulo-3.jpg\",\"width\":500,\"height\":500,\"caption\":\"BLG Noticias\"},\"image\":{\"@id\":\"https:\/\/blgnoticiassantodomingo.net\/#\/schema\/logo\/image\/\"},\"sameAs\":[\"https:\/\/web.facebook.com\/BlgNoticias\/?locale=es_LA&_rdc=1&_rdr\",\"https:\/\/x.com\/BlgNoticias\",\"https:\/\/www.linkedin.com\/in\/brenda-l-santana-aa846279\/\"]},{\"@type\":\"Person\",\"@id\":\"https:\/\/blgnoticiassantodomingo.net\/#\/schema\/person\/e2fc21cf88acc63dbd134be981bff374\",\"name\":\"Brenda Guerrero\",\"image\":{\"@type\":\"ImageObject\",\"inLanguage\":\"es\",\"@id\":\"https:\/\/blgnoticiassantodomingo.net\/#\/schema\/person\/image\/\",\"url\":\"https:\/\/secure.gravatar.com\/avatar\/2f7fc4c3e3655be1580cb684bfd8ab19be702ae20879da1e072021daa02f9b8b?s=96&d=wp_user_avatar&r=g\",\"contentUrl\":\"https:\/\/secure.gravatar.com\/avatar\/2f7fc4c3e3655be1580cb684bfd8ab19be702ae20879da1e072021daa02f9b8b?s=96&d=wp_user_avatar&r=g\",\"caption\":\"Brenda Guerrero\"},\"description\":\"Periodista\",\"url\":\"https:\/\/blgnoticiassantodomingo.net\/index.php\/author\/brenda-guerrero\/\"}]}<\/script>\n<!-- \/ Yoast SEO plugin. -->","yoast_head_json":{"title":"A prop\u00f3sito del D\u00eda Internacional del Caf\u00e9, te contamos algunas curiosidades de esta bebida - BLG Noticias","robots":{"index":"index","follow":"follow","max-snippet":"max-snippet:-1","max-image-preview":"max-image-preview:large","max-video-preview":"max-video-preview:-1"},"canonical":"https:\/\/blgnoticiassantodomingo.net\/index.php\/2020\/10\/01\/a-proposito-del-dia-internacional-del-cafe-te-contamos-algunas-curiosidades-de-esta-bebida\/","og_locale":"es_ES","og_type":"article","og_title":"A prop\u00f3sito del D\u00eda Internacional del Caf\u00e9, te contamos algunas curiosidades de esta bebida - BLG Noticias","og_description":"El 1 de octubre se celebra el&nbsp;D\u00eda Internacional del Caf\u00e9. La idea de esta fecha surgi\u00f3 con la intenci\u00f3n de&nbsp;reunir en una sola festividad a todos los productores de caf\u00e9 del mundo. Los pa\u00edses productores de caf\u00e9, no tardaron en sumarse al evento y solamente en esa primera celebraci\u00f3n se dio lugar a&nbsp;70 eventos en [&hellip;]","og_url":"https:\/\/blgnoticiassantodomingo.net\/index.php\/2020\/10\/01\/a-proposito-del-dia-internacional-del-cafe-te-contamos-algunas-curiosidades-de-esta-bebida\/","og_site_name":"BLG Noticias","article_publisher":"https:\/\/web.facebook.com\/BlgNoticias\/?locale=es_LA&_rdc=1&_rdr","article_published_time":"2020-10-01T14:15:23+00:00","article_modified_time":"2020-10-01T14:16:16+00:00","og_image":[{"width":620,"height":388,"url":"https:\/\/blgnoticiassantodomingo.net\/wp-content\/uploads\/2020\/10\/cafe.jpg","type":"image\/jpeg"}],"author":"Brenda Guerrero","twitter_card":"summary_large_image","twitter_creator":"@BlgNoticias","twitter_site":"@BlgNoticias","twitter_misc":{"Escrito por":"Brenda Guerrero","Tiempo de lectura":"3 minutos"},"schema":{"@context":"https:\/\/schema.org","@graph":[{"@type":"Article","@id":"https:\/\/blgnoticiassantodomingo.net\/index.php\/2020\/10\/01\/a-proposito-del-dia-internacional-del-cafe-te-contamos-algunas-curiosidades-de-esta-bebida\/#article","isPartOf":{"@id":"https:\/\/blgnoticiassantodomingo.net\/index.php\/2020\/10\/01\/a-proposito-del-dia-internacional-del-cafe-te-contamos-algunas-curiosidades-de-esta-bebida\/"},"author":{"name":"Brenda Guerrero","@id":"https:\/\/blgnoticiassantodomingo.net\/#\/schema\/person\/e2fc21cf88acc63dbd134be981bff374"},"headline":"A prop\u00f3sito del D\u00eda Internacional del Caf\u00e9, te contamos algunas curiosidades de esta bebida","datePublished":"2020-10-01T14:15:23+00:00","dateModified":"2020-10-01T14:16:16+00:00","mainEntityOfPage":{"@id":"https:\/\/blgnoticiassantodomingo.net\/index.php\/2020\/10\/01\/a-proposito-del-dia-internacional-del-cafe-te-contamos-algunas-curiosidades-de-esta-bebida\/"},"wordCount":530,"commentCount":0,"publisher":{"@id":"https:\/\/blgnoticiassantodomingo.net\/#organization"},"image":{"@id":"https:\/\/blgnoticiassantodomingo.net\/index.php\/2020\/10\/01\/a-proposito-del-dia-internacional-del-cafe-te-contamos-algunas-curiosidades-de-esta-bebida\/#primaryimage"},"thumbnailUrl":"https:\/\/blgnoticiassantodomingo.net\/wp-content\/uploads\/2020\/10\/cafe.jpg","keywords":["CAFE","dia internacional de cafe"],"articleSection":["Internacionales"],"inLanguage":"es","potentialAction":[{"@type":"CommentAction","name":"Comment","target":["https:\/\/blgnoticiassantodomingo.net\/index.php\/2020\/10\/01\/a-proposito-del-dia-internacional-del-cafe-te-contamos-algunas-curiosidades-de-esta-bebida\/#respond"]}]},{"@type":"WebPage","@id":"https:\/\/blgnoticiassantodomingo.net\/index.php\/2020\/10\/01\/a-proposito-del-dia-internacional-del-cafe-te-contamos-algunas-curiosidades-de-esta-bebida\/","url":"https:\/\/blgnoticiassantodomingo.net\/index.php\/2020\/10\/01\/a-proposito-del-dia-internacional-del-cafe-te-contamos-algunas-curiosidades-de-esta-bebida\/","name":"A prop\u00f3sito del D\u00eda Internacional del Caf\u00e9, te contamos algunas curiosidades de esta bebida - BLG Noticias","isPartOf":{"@id":"https:\/\/blgnoticiassantodomingo.net\/#website"},"primaryImageOfPage":{"@id":"https:\/\/blgnoticiassantodomingo.net\/index.php\/2020\/10\/01\/a-proposito-del-dia-internacional-del-cafe-te-contamos-algunas-curiosidades-de-esta-bebida\/#primaryimage"},"image":{"@id":"https:\/\/blgnoticiassantodomingo.net\/index.php\/2020\/10\/01\/a-proposito-del-dia-internacional-del-cafe-te-contamos-algunas-curiosidades-de-esta-bebida\/#primaryimage"},"thumbnailUrl":"https:\/\/blgnoticiassantodomingo.net\/wp-content\/uploads\/2020\/10\/cafe.jpg","datePublished":"2020-10-01T14:15:23+00:00","dateModified":"2020-10-01T14:16:16+00:00","breadcrumb":{"@id":"https:\/\/blgnoticiassantodomingo.net\/index.php\/2020\/10\/01\/a-proposito-del-dia-internacional-del-cafe-te-contamos-algunas-curiosidades-de-esta-bebida\/#breadcrumb"},"inLanguage":"es","potentialAction":[{"@type":"ReadAction","target":["https:\/\/blgnoticiassantodomingo.net\/index.php\/2020\/10\/01\/a-proposito-del-dia-internacional-del-cafe-te-contamos-algunas-curiosidades-de-esta-bebida\/"]}]},{"@type":"ImageObject","inLanguage":"es","@id":"https:\/\/blgnoticiassantodomingo.net\/index.php\/2020\/10\/01\/a-proposito-del-dia-internacional-del-cafe-te-contamos-algunas-curiosidades-de-esta-bebida\/#primaryimage","url":"https:\/\/blgnoticiassantodomingo.net\/wp-content\/uploads\/2020\/10\/cafe.jpg","contentUrl":"https:\/\/blgnoticiassantodomingo.net\/wp-content\/uploads\/2020\/10\/cafe.jpg","width":620,"height":388},{"@type":"BreadcrumbList","@id":"https:\/\/blgnoticiassantodomingo.net\/index.php\/2020\/10\/01\/a-proposito-del-dia-internacional-del-cafe-te-contamos-algunas-curiosidades-de-esta-bebida\/#breadcrumb","itemListElement":[{"@type":"ListItem","position":1,"name":"Portada","item":"https:\/\/blgnoticiassantodomingo.net\/"},{"@type":"ListItem","position":2,"name":"A prop\u00f3sito del D\u00eda Internacional del Caf\u00e9, te contamos algunas curiosidades de esta bebida"}]},{"@type":"WebSite","@id":"https:\/\/blgnoticiassantodomingo.net\/#website","url":"https:\/\/blgnoticiassantodomingo.net\/","name":"BLG Noticias","description":"Esto es Noticias","publisher":{"@id":"https:\/\/blgnoticiassantodomingo.net\/#organization"},"potentialAction":[{"@type":"SearchAction","target":{"@type":"EntryPoint","urlTemplate":"https:\/\/blgnoticiassantodomingo.net\/?s={search_term_string}"},"query-input":{"@type":"PropertyValueSpecification","valueRequired":true,"valueName":"search_term_string"}}],"inLanguage":"es"},{"@type":"Organization","@id":"https:\/\/blgnoticiassantodomingo.net\/#organization","name":"BLG Noticias","url":"https:\/\/blgnoticiassantodomingo.net\/","logo":{"@type":"ImageObject","inLanguage":"es","@id":"https:\/\/blgnoticiassantodomingo.net\/#\/schema\/logo\/image\/","url":"https:\/\/blgnoticiassantodomingo.net\/wp-content\/uploads\/2023\/12\/Diseno-sin-titulo-3.jpg","contentUrl":"https:\/\/blgnoticiassantodomingo.net\/wp-content\/uploads\/2023\/12\/Diseno-sin-titulo-3.jpg","width":500,"height":500,"caption":"BLG Noticias"},"image":{"@id":"https:\/\/blgnoticiassantodomingo.net\/#\/schema\/logo\/image\/"},"sameAs":["https:\/\/web.facebook.com\/BlgNoticias\/?locale=es_LA&_rdc=1&_rdr","https:\/\/x.com\/BlgNoticias","https:\/\/www.linkedin.com\/in\/brenda-l-santana-aa846279\/"]},{"@type":"Person","@id":"https:\/\/blgnoticiassantodomingo.net\/#\/schema\/person\/e2fc21cf88acc63dbd134be981bff374","name":"Brenda Guerrero","image":{"@type":"ImageObject","inLanguage":"es","@id":"https:\/\/blgnoticiassantodomingo.net\/#\/schema\/person\/image\/","url":"https:\/\/secure.gravatar.com\/avatar\/2f7fc4c3e3655be1580cb684bfd8ab19be702ae20879da1e072021daa02f9b8b?s=96&d=wp_user_avatar&r=g","contentUrl":"https:\/\/secure.gravatar.com\/avatar\/2f7fc4c3e3655be1580cb684bfd8ab19be702ae20879da1e072021daa02f9b8b?s=96&d=wp_user_avatar&r=g","caption":"Brenda Guerrero"},"description":"Periodista","url":"https:\/\/blgnoticiassantodomingo.net\/index.php\/author\/brenda-guerrero\/"}]}},"jetpack_featured_media_url":"https:\/\/blgnoticiassantodomingo.net\/wp-content\/uploads\/2020\/10\/cafe.jpg","_links":{"self":[{"href":"https:\/\/blgnoticiassantodomingo.net\/index.php\/wp-json\/wp\/v2\/posts\/19694","targetHints":{"allow":["GET"]}}],"collection":[{"href":"https:\/\/blgnoticiassantodomingo.net\/index.php\/wp-json\/wp\/v2\/posts"}],"about":[{"href":"https:\/\/blgnoticiassantodomingo.net\/index.php\/wp-json\/wp\/v2\/types\/post"}],"author":[{"embeddable":true,"href":"https:\/\/blgnoticiassantodomingo.net\/index.php\/wp-json\/wp\/v2\/users\/2"}],"replies":[{"embeddable":true,"href":"https:\/\/blgnoticiassantodomingo.net\/index.php\/wp-json\/wp\/v2\/comments?post=19694"}],"version-history":[{"count":2,"href":"https:\/\/blgnoticiassantodomingo.net\/index.php\/wp-json\/wp\/v2\/posts\/19694\/revisions"}],"predecessor-version":[{"id":19697,"href":"https:\/\/blgnoticiassantodomingo.net\/index.php\/wp-json\/wp\/v2\/posts\/19694\/revisions\/19697"}],"wp:featuredmedia":[{"embeddable":true,"href":"https:\/\/blgnoticiassantodomingo.net\/index.php\/wp-json\/wp\/v2\/media\/19695"}],"wp:attachment":[{"href":"https:\/\/blgnoticiassantodomingo.net\/index.php\/wp-json\/wp\/v2\/media?parent=19694"}],"wp:term":[{"taxonomy":"category","embeddable":true,"href":"https:\/\/blgnoticiassantodomingo.net\/index.php\/wp-json\/wp\/v2\/categories?post=19694"},{"taxonomy":"post_tag","embeddable":true,"href":"https:\/\/blgnoticiassantodomingo.net\/index.php\/wp-json\/wp\/v2\/tags?post=19694"}],"curies":[{"name":"wp","href":"https:\/\/api.w.org\/{rel}","templated":true}]}}