{"id":19460,"date":"2020-09-28T13:28:46","date_gmt":"2020-09-28T12:28:46","guid":{"rendered":"http:\/\/blgnoticiassantodomingo.net\/?p=19460"},"modified":"2020-09-28T13:30:21","modified_gmt":"2020-09-28T12:30:21","slug":"fallece-italiano-en-playa-caleta-la-romana","status":"publish","type":"post","link":"https:\/\/blgnoticiassantodomingo.net\/index.php\/2020\/09\/28\/fallece-italiano-en-playa-caleta-la-romana\/","title":{"rendered":"Fallece italiano en playa Caleta, La Romana"},"content":{"rendered":"\n<p><strong>LA &nbsp;ROMANA.<\/strong>-Las &nbsp;autoridades &nbsp;investigan el ahogamiento de un italiano en la playa Caleta, al suroeste de la ciudad, en horas de &nbsp;la tarde &nbsp;de ayer, domingo.<\/p>\n\n\n\n<p>La &nbsp;v\u00edctima fue &nbsp;identificada como&nbsp;<strong>Gian Franco Mal, de unos &nbsp;83 a\u00f1os de edad.<\/strong>&nbsp;&nbsp;Se &nbsp;inform\u00f3 que andaba &nbsp;solo &nbsp;y &nbsp;que &nbsp;al &nbsp;lugar &nbsp;se &nbsp;traslad\u00f3 &nbsp;en una motocicleta.<\/p>\n\n\n\n<p>Una brigada &nbsp;de la Defensa Civil acudi\u00f3 &nbsp;al &nbsp;lugar &nbsp;para &nbsp;extraer &nbsp;el cuerpo &nbsp;sin &nbsp;vida a del &nbsp;extranjero. Lo &nbsp;condujeron &nbsp;a &nbsp;la &nbsp;playa a donde &nbsp;dur\u00f3 &nbsp;varios &nbsp;minutos &nbsp;hasta &nbsp;llegar &nbsp;un m\u00e9dico legista, &nbsp;personal del Ministerio &nbsp;P\u00fablico y agentes &nbsp;policiales &nbsp;que &nbsp;decidieron enviar &nbsp;el cad\u00e1ver al Instituto de Ciencias &nbsp;Forenses &nbsp;de &nbsp;la ciudad &nbsp;de &nbsp;San Pedro de Macor\u00eds, &nbsp;para &nbsp;tener &nbsp;m\u00e1s &nbsp;certeza &nbsp;de &nbsp;la causa de la muerte.<\/p>\n\n\n\n<p>Residentes de la &nbsp;zona &nbsp;informaron que peri\u00f3dicamente&nbsp;ve\u00edan a Gian Franco Mal recorrer &nbsp;la playa ejercit\u00e1ndose.<\/p>\n\n\n\n<figure class=\"wp-block-image size-large\"><img decoding=\"async\" width=\"800\" height=\"450\" src=\"https:\/\/blgnoticiassantodomingo.net\/wp-content\/uploads\/2020\/09\/120289830_102887844917038_6208431153087371004_n-800x450-1.jpg\" alt=\"\" class=\"wp-image-19462\" srcset=\"https:\/\/blgnoticiassantodomingo.net\/wp-content\/uploads\/2020\/09\/120289830_102887844917038_6208431153087371004_n-800x450-1.jpg 800w, https:\/\/blgnoticiassantodomingo.net\/wp-content\/uploads\/2020\/09\/120289830_102887844917038_6208431153087371004_n-800x450-1-300x169.jpg 300w, https:\/\/blgnoticiassantodomingo.net\/wp-content\/uploads\/2020\/09\/120289830_102887844917038_6208431153087371004_n-800x450-1-768x432.jpg 768w\" sizes=\"(max-width: 800px) 100vw, 800px\" \/><\/figure>\n\n\n\n<p>PorVictor Borrome<\/p>\n","protected":false},"excerpt":{"rendered":"<p>LA &nbsp;ROMANA.-Las &nbsp;autoridades &nbsp;investigan el ahogamiento de un italiano en la playa Caleta, al suroeste de la ciudad, en horas de &nbsp;la tarde &nbsp;de ayer, domingo. La &nbsp;v\u00edctima fue &nbsp;identificada como&nbsp;Gian Franco Mal, de unos &nbsp;83 a\u00f1os de edad.&nbsp;&nbsp;Se &nbsp;inform\u00f3 que andaba &nbsp;solo &nbsp;y &nbsp;que &nbsp;al &nbsp;lugar &nbsp;se &nbsp;traslad\u00f3 &nbsp;en una motocicleta. Una brigada &nbsp;de [&hellip;]<\/p>\n","protected":false},"author":2,"featured_media":19461,"comment_status":"open","ping_status":"open","sticky":false,"template":"","format":"standard","meta":{"footnotes":""},"categories":[220],"tags":[4069,1786,4070],"class_list":{"0":"post-19460","1":"post","2":"type-post","3":"status-publish","4":"format-standard","5":"has-post-thumbnail","7":"category-nacionales","8":"tag-italiano","9":"tag-la-caleta","10":"tag-playa"},"yoast_head":"<!-- This site is optimized with the Yoast SEO plugin v24.9 - https:\/\/yoast.com\/wordpress\/plugins\/seo\/ -->\n<title>Fallece italiano en playa Caleta, La Romana - BLG Noticias<\/title>\n<meta name=\"robots\" content=\"index, follow, max-snippet:-1, max-image-preview:large, max-video-preview:-1\" \/>\n<link rel=\"canonical\" href=\"https:\/\/blgnoticiassantodomingo.net\/index.php\/2020\/09\/28\/fallece-italiano-en-playa-caleta-la-romana\/\" \/>\n<meta property=\"og:locale\" content=\"es_ES\" \/>\n<meta property=\"og:type\" content=\"article\" \/>\n<meta property=\"og:title\" content=\"Fallece italiano en playa Caleta, La Romana - BLG Noticias\" \/>\n<meta property=\"og:description\" content=\"LA &nbsp;ROMANA.-Las &nbsp;autoridades &nbsp;investigan el ahogamiento de un italiano en la playa Caleta, al suroeste de la ciudad, en horas de &nbsp;la tarde &nbsp;de ayer, domingo. La &nbsp;v\u00edctima fue &nbsp;identificada como&nbsp;Gian Franco Mal, de unos &nbsp;83 a\u00f1os de edad.&nbsp;&nbsp;Se &nbsp;inform\u00f3 que andaba &nbsp;solo &nbsp;y &nbsp;que &nbsp;al &nbsp;lugar &nbsp;se &nbsp;traslad\u00f3 &nbsp;en una motocicleta. Una brigada &nbsp;de [&hellip;]\" \/>\n<meta property=\"og:url\" content=\"https:\/\/blgnoticiassantodomingo.net\/index.php\/2020\/09\/28\/fallece-italiano-en-playa-caleta-la-romana\/\" \/>\n<meta property=\"og:site_name\" content=\"BLG Noticias\" \/>\n<meta property=\"article:publisher\" content=\"https:\/\/web.facebook.com\/BlgNoticias\/?locale=es_LA&amp;_rdc=1&amp;_rdr\" \/>\n<meta property=\"article:published_time\" content=\"2020-09-28T12:28:46+00:00\" \/>\n<meta property=\"article:modified_time\" content=\"2020-09-28T12:30:21+00:00\" \/>\n<meta property=\"og:image\" content=\"https:\/\/blgnoticiassantodomingo.net\/wp-content\/uploads\/2020\/09\/120326843_331349694804856_9132967922028300115_o-2.jpg\" \/>\n\t<meta property=\"og:image:width\" content=\"190\" \/>\n\t<meta property=\"og:image:height\" content=\"236\" \/>\n\t<meta property=\"og:image:type\" content=\"image\/jpeg\" \/>\n<meta name=\"author\" content=\"Brenda Guerrero\" \/>\n<meta name=\"twitter:card\" content=\"summary_large_image\" \/>\n<meta name=\"twitter:creator\" content=\"@BlgNoticias\" \/>\n<meta name=\"twitter:site\" content=\"@BlgNoticias\" \/>\n<meta name=\"twitter:label1\" content=\"Escrito por\" \/>\n\t<meta name=\"twitter:data1\" content=\"Brenda Guerrero\" \/>\n\t<meta name=\"twitter:label2\" content=\"Tiempo de lectura\" \/>\n\t<meta name=\"twitter:data2\" content=\"1 minuto\" \/>\n<script type=\"application\/ld+json\" class=\"yoast-schema-graph\">{\"@context\":\"https:\/\/schema.org\",\"@graph\":[{\"@type\":\"Article\",\"@id\":\"https:\/\/blgnoticiassantodomingo.net\/index.php\/2020\/09\/28\/fallece-italiano-en-playa-caleta-la-romana\/#article\",\"isPartOf\":{\"@id\":\"https:\/\/blgnoticiassantodomingo.net\/index.php\/2020\/09\/28\/fallece-italiano-en-playa-caleta-la-romana\/\"},\"author\":{\"name\":\"Brenda Guerrero\",\"@id\":\"https:\/\/blgnoticiassantodomingo.net\/#\/schema\/person\/e2fc21cf88acc63dbd134be981bff374\"},\"headline\":\"Fallece italiano en playa Caleta, La Romana\",\"datePublished\":\"2020-09-28T12:28:46+00:00\",\"dateModified\":\"2020-09-28T12:30:21+00:00\",\"mainEntityOfPage\":{\"@id\":\"https:\/\/blgnoticiassantodomingo.net\/index.php\/2020\/09\/28\/fallece-italiano-en-playa-caleta-la-romana\/\"},\"wordCount\":217,\"commentCount\":0,\"publisher\":{\"@id\":\"https:\/\/blgnoticiassantodomingo.net\/#organization\"},\"image\":{\"@id\":\"https:\/\/blgnoticiassantodomingo.net\/index.php\/2020\/09\/28\/fallece-italiano-en-playa-caleta-la-romana\/#primaryimage\"},\"thumbnailUrl\":\"https:\/\/blgnoticiassantodomingo.net\/wp-content\/uploads\/2020\/09\/120326843_331349694804856_9132967922028300115_o-2.jpg\",\"keywords\":[\"italiano\",\"La caleta\",\"playa\"],\"articleSection\":[\"Nacionales\"],\"inLanguage\":\"es\",\"potentialAction\":[{\"@type\":\"CommentAction\",\"name\":\"Comment\",\"target\":[\"https:\/\/blgnoticiassantodomingo.net\/index.php\/2020\/09\/28\/fallece-italiano-en-playa-caleta-la-romana\/#respond\"]}]},{\"@type\":\"WebPage\",\"@id\":\"https:\/\/blgnoticiassantodomingo.net\/index.php\/2020\/09\/28\/fallece-italiano-en-playa-caleta-la-romana\/\",\"url\":\"https:\/\/blgnoticiassantodomingo.net\/index.php\/2020\/09\/28\/fallece-italiano-en-playa-caleta-la-romana\/\",\"name\":\"Fallece italiano en playa Caleta, La Romana - BLG Noticias\",\"isPartOf\":{\"@id\":\"https:\/\/blgnoticiassantodomingo.net\/#website\"},\"primaryImageOfPage\":{\"@id\":\"https:\/\/blgnoticiassantodomingo.net\/index.php\/2020\/09\/28\/fallece-italiano-en-playa-caleta-la-romana\/#primaryimage\"},\"image\":{\"@id\":\"https:\/\/blgnoticiassantodomingo.net\/index.php\/2020\/09\/28\/fallece-italiano-en-playa-caleta-la-romana\/#primaryimage\"},\"thumbnailUrl\":\"https:\/\/blgnoticiassantodomingo.net\/wp-content\/uploads\/2020\/09\/120326843_331349694804856_9132967922028300115_o-2.jpg\",\"datePublished\":\"2020-09-28T12:28:46+00:00\",\"dateModified\":\"2020-09-28T12:30:21+00:00\",\"breadcrumb\":{\"@id\":\"https:\/\/blgnoticiassantodomingo.net\/index.php\/2020\/09\/28\/fallece-italiano-en-playa-caleta-la-romana\/#breadcrumb\"},\"inLanguage\":\"es\",\"potentialAction\":[{\"@type\":\"ReadAction\",\"target\":[\"https:\/\/blgnoticiassantodomingo.net\/index.php\/2020\/09\/28\/fallece-italiano-en-playa-caleta-la-romana\/\"]}]},{\"@type\":\"ImageObject\",\"inLanguage\":\"es\",\"@id\":\"https:\/\/blgnoticiassantodomingo.net\/index.php\/2020\/09\/28\/fallece-italiano-en-playa-caleta-la-romana\/#primaryimage\",\"url\":\"https:\/\/blgnoticiassantodomingo.net\/wp-content\/uploads\/2020\/09\/120326843_331349694804856_9132967922028300115_o-2.jpg\",\"contentUrl\":\"https:\/\/blgnoticiassantodomingo.net\/wp-content\/uploads\/2020\/09\/120326843_331349694804856_9132967922028300115_o-2.jpg\",\"width\":190,\"height\":236},{\"@type\":\"BreadcrumbList\",\"@id\":\"https:\/\/blgnoticiassantodomingo.net\/index.php\/2020\/09\/28\/fallece-italiano-en-playa-caleta-la-romana\/#breadcrumb\",\"itemListElement\":[{\"@type\":\"ListItem\",\"position\":1,\"name\":\"Portada\",\"item\":\"https:\/\/blgnoticiassantodomingo.net\/\"},{\"@type\":\"ListItem\",\"position\":2,\"name\":\"Fallece italiano en playa Caleta, La Romana\"}]},{\"@type\":\"WebSite\",\"@id\":\"https:\/\/blgnoticiassantodomingo.net\/#website\",\"url\":\"https:\/\/blgnoticiassantodomingo.net\/\",\"name\":\"BLG Noticias\",\"description\":\"Esto es Noticias\",\"publisher\":{\"@id\":\"https:\/\/blgnoticiassantodomingo.net\/#organization\"},\"potentialAction\":[{\"@type\":\"SearchAction\",\"target\":{\"@type\":\"EntryPoint\",\"urlTemplate\":\"https:\/\/blgnoticiassantodomingo.net\/?s={search_term_string}\"},\"query-input\":{\"@type\":\"PropertyValueSpecification\",\"valueRequired\":true,\"valueName\":\"search_term_string\"}}],\"inLanguage\":\"es\"},{\"@type\":\"Organization\",\"@id\":\"https:\/\/blgnoticiassantodomingo.net\/#organization\",\"name\":\"BLG Noticias\",\"url\":\"https:\/\/blgnoticiassantodomingo.net\/\",\"logo\":{\"@type\":\"ImageObject\",\"inLanguage\":\"es\",\"@id\":\"https:\/\/blgnoticiassantodomingo.net\/#\/schema\/logo\/image\/\",\"url\":\"https:\/\/blgnoticiassantodomingo.net\/wp-content\/uploads\/2023\/12\/Diseno-sin-titulo-3.jpg\",\"contentUrl\":\"https:\/\/blgnoticiassantodomingo.net\/wp-content\/uploads\/2023\/12\/Diseno-sin-titulo-3.jpg\",\"width\":500,\"height\":500,\"caption\":\"BLG Noticias\"},\"image\":{\"@id\":\"https:\/\/blgnoticiassantodomingo.net\/#\/schema\/logo\/image\/\"},\"sameAs\":[\"https:\/\/web.facebook.com\/BlgNoticias\/?locale=es_LA&_rdc=1&_rdr\",\"https:\/\/x.com\/BlgNoticias\",\"https:\/\/www.linkedin.com\/in\/brenda-l-santana-aa846279\/\"]},{\"@type\":\"Person\",\"@id\":\"https:\/\/blgnoticiassantodomingo.net\/#\/schema\/person\/e2fc21cf88acc63dbd134be981bff374\",\"name\":\"Brenda Guerrero\",\"image\":{\"@type\":\"ImageObject\",\"inLanguage\":\"es\",\"@id\":\"https:\/\/blgnoticiassantodomingo.net\/#\/schema\/person\/image\/\",\"url\":\"https:\/\/secure.gravatar.com\/avatar\/2f7fc4c3e3655be1580cb684bfd8ab19be702ae20879da1e072021daa02f9b8b?s=96&d=wp_user_avatar&r=g\",\"contentUrl\":\"https:\/\/secure.gravatar.com\/avatar\/2f7fc4c3e3655be1580cb684bfd8ab19be702ae20879da1e072021daa02f9b8b?s=96&d=wp_user_avatar&r=g\",\"caption\":\"Brenda Guerrero\"},\"description\":\"Periodista\",\"url\":\"https:\/\/blgnoticiassantodomingo.net\/index.php\/author\/brenda-guerrero\/\"}]}<\/script>\n<!-- \/ Yoast SEO plugin. -->","yoast_head_json":{"title":"Fallece italiano en playa Caleta, La Romana - BLG Noticias","robots":{"index":"index","follow":"follow","max-snippet":"max-snippet:-1","max-image-preview":"max-image-preview:large","max-video-preview":"max-video-preview:-1"},"canonical":"https:\/\/blgnoticiassantodomingo.net\/index.php\/2020\/09\/28\/fallece-italiano-en-playa-caleta-la-romana\/","og_locale":"es_ES","og_type":"article","og_title":"Fallece italiano en playa Caleta, La Romana - BLG Noticias","og_description":"LA &nbsp;ROMANA.-Las &nbsp;autoridades &nbsp;investigan el ahogamiento de un italiano en la playa Caleta, al suroeste de la ciudad, en horas de &nbsp;la tarde &nbsp;de ayer, domingo. La &nbsp;v\u00edctima fue &nbsp;identificada como&nbsp;Gian Franco Mal, de unos &nbsp;83 a\u00f1os de edad.&nbsp;&nbsp;Se &nbsp;inform\u00f3 que andaba &nbsp;solo &nbsp;y &nbsp;que &nbsp;al &nbsp;lugar &nbsp;se &nbsp;traslad\u00f3 &nbsp;en una motocicleta. Una brigada &nbsp;de [&hellip;]","og_url":"https:\/\/blgnoticiassantodomingo.net\/index.php\/2020\/09\/28\/fallece-italiano-en-playa-caleta-la-romana\/","og_site_name":"BLG Noticias","article_publisher":"https:\/\/web.facebook.com\/BlgNoticias\/?locale=es_LA&_rdc=1&_rdr","article_published_time":"2020-09-28T12:28:46+00:00","article_modified_time":"2020-09-28T12:30:21+00:00","og_image":[{"width":190,"height":236,"url":"https:\/\/blgnoticiassantodomingo.net\/wp-content\/uploads\/2020\/09\/120326843_331349694804856_9132967922028300115_o-2.jpg","type":"image\/jpeg"}],"author":"Brenda Guerrero","twitter_card":"summary_large_image","twitter_creator":"@BlgNoticias","twitter_site":"@BlgNoticias","twitter_misc":{"Escrito por":"Brenda Guerrero","Tiempo de lectura":"1 minuto"},"schema":{"@context":"https:\/\/schema.org","@graph":[{"@type":"Article","@id":"https:\/\/blgnoticiassantodomingo.net\/index.php\/2020\/09\/28\/fallece-italiano-en-playa-caleta-la-romana\/#article","isPartOf":{"@id":"https:\/\/blgnoticiassantodomingo.net\/index.php\/2020\/09\/28\/fallece-italiano-en-playa-caleta-la-romana\/"},"author":{"name":"Brenda Guerrero","@id":"https:\/\/blgnoticiassantodomingo.net\/#\/schema\/person\/e2fc21cf88acc63dbd134be981bff374"},"headline":"Fallece italiano en playa Caleta, La Romana","datePublished":"2020-09-28T12:28:46+00:00","dateModified":"2020-09-28T12:30:21+00:00","mainEntityOfPage":{"@id":"https:\/\/blgnoticiassantodomingo.net\/index.php\/2020\/09\/28\/fallece-italiano-en-playa-caleta-la-romana\/"},"wordCount":217,"commentCount":0,"publisher":{"@id":"https:\/\/blgnoticiassantodomingo.net\/#organization"},"image":{"@id":"https:\/\/blgnoticiassantodomingo.net\/index.php\/2020\/09\/28\/fallece-italiano-en-playa-caleta-la-romana\/#primaryimage"},"thumbnailUrl":"https:\/\/blgnoticiassantodomingo.net\/wp-content\/uploads\/2020\/09\/120326843_331349694804856_9132967922028300115_o-2.jpg","keywords":["italiano","La caleta","playa"],"articleSection":["Nacionales"],"inLanguage":"es","potentialAction":[{"@type":"CommentAction","name":"Comment","target":["https:\/\/blgnoticiassantodomingo.net\/index.php\/2020\/09\/28\/fallece-italiano-en-playa-caleta-la-romana\/#respond"]}]},{"@type":"WebPage","@id":"https:\/\/blgnoticiassantodomingo.net\/index.php\/2020\/09\/28\/fallece-italiano-en-playa-caleta-la-romana\/","url":"https:\/\/blgnoticiassantodomingo.net\/index.php\/2020\/09\/28\/fallece-italiano-en-playa-caleta-la-romana\/","name":"Fallece italiano en playa Caleta, La Romana - BLG Noticias","isPartOf":{"@id":"https:\/\/blgnoticiassantodomingo.net\/#website"},"primaryImageOfPage":{"@id":"https:\/\/blgnoticiassantodomingo.net\/index.php\/2020\/09\/28\/fallece-italiano-en-playa-caleta-la-romana\/#primaryimage"},"image":{"@id":"https:\/\/blgnoticiassantodomingo.net\/index.php\/2020\/09\/28\/fallece-italiano-en-playa-caleta-la-romana\/#primaryimage"},"thumbnailUrl":"https:\/\/blgnoticiassantodomingo.net\/wp-content\/uploads\/2020\/09\/120326843_331349694804856_9132967922028300115_o-2.jpg","datePublished":"2020-09-28T12:28:46+00:00","dateModified":"2020-09-28T12:30:21+00:00","breadcrumb":{"@id":"https:\/\/blgnoticiassantodomingo.net\/index.php\/2020\/09\/28\/fallece-italiano-en-playa-caleta-la-romana\/#breadcrumb"},"inLanguage":"es","potentialAction":[{"@type":"ReadAction","target":["https:\/\/blgnoticiassantodomingo.net\/index.php\/2020\/09\/28\/fallece-italiano-en-playa-caleta-la-romana\/"]}]},{"@type":"ImageObject","inLanguage":"es","@id":"https:\/\/blgnoticiassantodomingo.net\/index.php\/2020\/09\/28\/fallece-italiano-en-playa-caleta-la-romana\/#primaryimage","url":"https:\/\/blgnoticiassantodomingo.net\/wp-content\/uploads\/2020\/09\/120326843_331349694804856_9132967922028300115_o-2.jpg","contentUrl":"https:\/\/blgnoticiassantodomingo.net\/wp-content\/uploads\/2020\/09\/120326843_331349694804856_9132967922028300115_o-2.jpg","width":190,"height":236},{"@type":"BreadcrumbList","@id":"https:\/\/blgnoticiassantodomingo.net\/index.php\/2020\/09\/28\/fallece-italiano-en-playa-caleta-la-romana\/#breadcrumb","itemListElement":[{"@type":"ListItem","position":1,"name":"Portada","item":"https:\/\/blgnoticiassantodomingo.net\/"},{"@type":"ListItem","position":2,"name":"Fallece italiano en playa Caleta, La Romana"}]},{"@type":"WebSite","@id":"https:\/\/blgnoticiassantodomingo.net\/#website","url":"https:\/\/blgnoticiassantodomingo.net\/","name":"BLG Noticias","description":"Esto es Noticias","publisher":{"@id":"https:\/\/blgnoticiassantodomingo.net\/#organization"},"potentialAction":[{"@type":"SearchAction","target":{"@type":"EntryPoint","urlTemplate":"https:\/\/blgnoticiassantodomingo.net\/?s={search_term_string}"},"query-input":{"@type":"PropertyValueSpecification","valueRequired":true,"valueName":"search_term_string"}}],"inLanguage":"es"},{"@type":"Organization","@id":"https:\/\/blgnoticiassantodomingo.net\/#organization","name":"BLG Noticias","url":"https:\/\/blgnoticiassantodomingo.net\/","logo":{"@type":"ImageObject","inLanguage":"es","@id":"https:\/\/blgnoticiassantodomingo.net\/#\/schema\/logo\/image\/","url":"https:\/\/blgnoticiassantodomingo.net\/wp-content\/uploads\/2023\/12\/Diseno-sin-titulo-3.jpg","contentUrl":"https:\/\/blgnoticiassantodomingo.net\/wp-content\/uploads\/2023\/12\/Diseno-sin-titulo-3.jpg","width":500,"height":500,"caption":"BLG Noticias"},"image":{"@id":"https:\/\/blgnoticiassantodomingo.net\/#\/schema\/logo\/image\/"},"sameAs":["https:\/\/web.facebook.com\/BlgNoticias\/?locale=es_LA&_rdc=1&_rdr","https:\/\/x.com\/BlgNoticias","https:\/\/www.linkedin.com\/in\/brenda-l-santana-aa846279\/"]},{"@type":"Person","@id":"https:\/\/blgnoticiassantodomingo.net\/#\/schema\/person\/e2fc21cf88acc63dbd134be981bff374","name":"Brenda Guerrero","image":{"@type":"ImageObject","inLanguage":"es","@id":"https:\/\/blgnoticiassantodomingo.net\/#\/schema\/person\/image\/","url":"https:\/\/secure.gravatar.com\/avatar\/2f7fc4c3e3655be1580cb684bfd8ab19be702ae20879da1e072021daa02f9b8b?s=96&d=wp_user_avatar&r=g","contentUrl":"https:\/\/secure.gravatar.com\/avatar\/2f7fc4c3e3655be1580cb684bfd8ab19be702ae20879da1e072021daa02f9b8b?s=96&d=wp_user_avatar&r=g","caption":"Brenda Guerrero"},"description":"Periodista","url":"https:\/\/blgnoticiassantodomingo.net\/index.php\/author\/brenda-guerrero\/"}]}},"jetpack_featured_media_url":"https:\/\/blgnoticiassantodomingo.net\/wp-content\/uploads\/2020\/09\/120326843_331349694804856_9132967922028300115_o-2.jpg","_links":{"self":[{"href":"https:\/\/blgnoticiassantodomingo.net\/index.php\/wp-json\/wp\/v2\/posts\/19460","targetHints":{"allow":["GET"]}}],"collection":[{"href":"https:\/\/blgnoticiassantodomingo.net\/index.php\/wp-json\/wp\/v2\/posts"}],"about":[{"href":"https:\/\/blgnoticiassantodomingo.net\/index.php\/wp-json\/wp\/v2\/types\/post"}],"author":[{"embeddable":true,"href":"https:\/\/blgnoticiassantodomingo.net\/index.php\/wp-json\/wp\/v2\/users\/2"}],"replies":[{"embeddable":true,"href":"https:\/\/blgnoticiassantodomingo.net\/index.php\/wp-json\/wp\/v2\/comments?post=19460"}],"version-history":[{"count":2,"href":"https:\/\/blgnoticiassantodomingo.net\/index.php\/wp-json\/wp\/v2\/posts\/19460\/revisions"}],"predecessor-version":[{"id":19464,"href":"https:\/\/blgnoticiassantodomingo.net\/index.php\/wp-json\/wp\/v2\/posts\/19460\/revisions\/19464"}],"wp:featuredmedia":[{"embeddable":true,"href":"https:\/\/blgnoticiassantodomingo.net\/index.php\/wp-json\/wp\/v2\/media\/19461"}],"wp:attachment":[{"href":"https:\/\/blgnoticiassantodomingo.net\/index.php\/wp-json\/wp\/v2\/media?parent=19460"}],"wp:term":[{"taxonomy":"category","embeddable":true,"href":"https:\/\/blgnoticiassantodomingo.net\/index.php\/wp-json\/wp\/v2\/categories?post=19460"},{"taxonomy":"post_tag","embeddable":true,"href":"https:\/\/blgnoticiassantodomingo.net\/index.php\/wp-json\/wp\/v2\/tags?post=19460"}],"curies":[{"name":"wp","href":"https:\/\/api.w.org\/{rel}","templated":true}]}}