{"id":18492,"date":"2020-09-13T16:11:59","date_gmt":"2020-09-13T15:11:59","guid":{"rendered":"http:\/\/blgnoticiassantodomingo.net\/?p=18492"},"modified":"2020-09-13T16:12:00","modified_gmt":"2020-09-13T15:12:00","slug":"video-comite-politico-pld-continua-organizacion-noveno-congreso-ordinario","status":"publish","type":"post","link":"https:\/\/blgnoticiassantodomingo.net\/index.php\/2020\/09\/13\/video-comite-politico-pld-continua-organizacion-noveno-congreso-ordinario\/","title":{"rendered":"(VIDEO) Comit\u00e9 pol\u00edtico PLD contin\u00faa organizaci\u00f3n noveno congreso ordinario"},"content":{"rendered":"\n<p>SANTO DOMINGO. \u2013 El Comit\u00e9 Pol\u00edtico del Partido de la Liberaci\u00f3n Dominicana (PLD) se encuentra reunido desde tempranas horas de este domingo, a los fines continuar organizaci\u00f3n del IX Congreso Ordinario Jos\u00e9 Joaqu\u00edn Bid\u00f3 Medina.<\/p>\n\n\n\n<p>La organizaci\u00f3n pol\u00edtica sostuvo que en el encuentro participan 31 de 35 miembros del citado organismo del PLD.<\/p>\n\n\n\n<p>El encuentro es presidido por el expresidente Danilo Medina; el presidente del partido, Tem\u00edstocles Mont\u00e1s; la exvicepresidenta, Margarita Cede\u00f1o y el excandidato presidencial de esa organizaci\u00f3n, Gonzalo Castillo.<\/p>\n\n\n\n<figure class=\"wp-block-embed-youtube wp-block-embed is-type-video is-provider-youtube wp-embed-aspect-16-9 wp-has-aspect-ratio\"><div class=\"wp-block-embed__wrapper\">\nhttps:\/\/youtu.be\/C6ASyVYs-l8\n<\/div><\/figure>\n","protected":false},"excerpt":{"rendered":"<p>SANTO DOMINGO. \u2013 El Comit\u00e9 Pol\u00edtico del Partido de la Liberaci\u00f3n Dominicana (PLD) se encuentra reunido desde tempranas horas de este domingo, a los fines continuar organizaci\u00f3n del IX Congreso Ordinario Jos\u00e9 Joaqu\u00edn Bid\u00f3 Medina. La organizaci\u00f3n pol\u00edtica sostuvo que en el encuentro participan 31 de 35 miembros del citado organismo del PLD. El encuentro [&hellip;]<\/p>\n","protected":false},"author":2,"featured_media":18493,"comment_status":"open","ping_status":"open","sticky":false,"template":"","format":"standard","meta":{"footnotes":""},"categories":[226],"tags":[236],"class_list":{"0":"post-18492","1":"post","2":"type-post","3":"status-publish","4":"format-standard","5":"has-post-thumbnail","7":"category-politica","8":"tag-pld"},"yoast_head":"<!-- This site is optimized with the Yoast SEO plugin v24.9 - https:\/\/yoast.com\/wordpress\/plugins\/seo\/ -->\n<title>(VIDEO) Comit\u00e9 pol\u00edtico PLD contin\u00faa organizaci\u00f3n noveno congreso ordinario - BLG Noticias<\/title>\n<meta name=\"robots\" content=\"index, follow, max-snippet:-1, max-image-preview:large, max-video-preview:-1\" \/>\n<link rel=\"canonical\" href=\"https:\/\/blgnoticiassantodomingo.net\/index.php\/2020\/09\/13\/video-comite-politico-pld-continua-organizacion-noveno-congreso-ordinario\/\" \/>\n<meta property=\"og:locale\" content=\"es_ES\" \/>\n<meta property=\"og:type\" content=\"article\" \/>\n<meta property=\"og:title\" content=\"(VIDEO) Comit\u00e9 pol\u00edtico PLD contin\u00faa organizaci\u00f3n noveno congreso ordinario - BLG Noticias\" \/>\n<meta property=\"og:description\" content=\"SANTO DOMINGO. \u2013 El Comit\u00e9 Pol\u00edtico del Partido de la Liberaci\u00f3n Dominicana (PLD) se encuentra reunido desde tempranas horas de este domingo, a los fines continuar organizaci\u00f3n del IX Congreso Ordinario Jos\u00e9 Joaqu\u00edn Bid\u00f3 Medina. La organizaci\u00f3n pol\u00edtica sostuvo que en el encuentro participan 31 de 35 miembros del citado organismo del PLD. El encuentro [&hellip;]\" \/>\n<meta property=\"og:url\" content=\"https:\/\/blgnoticiassantodomingo.net\/index.php\/2020\/09\/13\/video-comite-politico-pld-continua-organizacion-noveno-congreso-ordinario\/\" \/>\n<meta property=\"og:site_name\" content=\"BLG Noticias\" \/>\n<meta property=\"article:publisher\" content=\"https:\/\/web.facebook.com\/BlgNoticias\/?locale=es_LA&amp;_rdc=1&amp;_rdr\" \/>\n<meta property=\"article:published_time\" content=\"2020-09-13T15:11:59+00:00\" \/>\n<meta property=\"article:modified_time\" content=\"2020-09-13T15:12:00+00:00\" \/>\n<meta property=\"og:image\" content=\"https:\/\/blgnoticiassantodomingo.net\/wp-content\/uploads\/2020\/09\/pld-1-1024x550-1.jpg\" \/>\n\t<meta property=\"og:image:width\" content=\"1024\" \/>\n\t<meta property=\"og:image:height\" content=\"550\" \/>\n\t<meta property=\"og:image:type\" content=\"image\/jpeg\" \/>\n<meta name=\"author\" content=\"Brenda Guerrero\" \/>\n<meta name=\"twitter:card\" content=\"summary_large_image\" \/>\n<meta name=\"twitter:creator\" content=\"@BlgNoticias\" \/>\n<meta name=\"twitter:site\" content=\"@BlgNoticias\" \/>\n<meta name=\"twitter:label1\" content=\"Escrito por\" \/>\n\t<meta name=\"twitter:data1\" content=\"Brenda Guerrero\" \/>\n<script type=\"application\/ld+json\" class=\"yoast-schema-graph\">{\"@context\":\"https:\/\/schema.org\",\"@graph\":[{\"@type\":\"Article\",\"@id\":\"https:\/\/blgnoticiassantodomingo.net\/index.php\/2020\/09\/13\/video-comite-politico-pld-continua-organizacion-noveno-congreso-ordinario\/#article\",\"isPartOf\":{\"@id\":\"https:\/\/blgnoticiassantodomingo.net\/index.php\/2020\/09\/13\/video-comite-politico-pld-continua-organizacion-noveno-congreso-ordinario\/\"},\"author\":{\"name\":\"Brenda Guerrero\",\"@id\":\"https:\/\/blgnoticiassantodomingo.net\/#\/schema\/person\/e2fc21cf88acc63dbd134be981bff374\"},\"headline\":\"(VIDEO) Comit\u00e9 pol\u00edtico PLD contin\u00faa organizaci\u00f3n noveno congreso ordinario\",\"datePublished\":\"2020-09-13T15:11:59+00:00\",\"dateModified\":\"2020-09-13T15:12:00+00:00\",\"mainEntityOfPage\":{\"@id\":\"https:\/\/blgnoticiassantodomingo.net\/index.php\/2020\/09\/13\/video-comite-politico-pld-continua-organizacion-noveno-congreso-ordinario\/\"},\"wordCount\":105,\"commentCount\":0,\"publisher\":{\"@id\":\"https:\/\/blgnoticiassantodomingo.net\/#organization\"},\"image\":{\"@id\":\"https:\/\/blgnoticiassantodomingo.net\/index.php\/2020\/09\/13\/video-comite-politico-pld-continua-organizacion-noveno-congreso-ordinario\/#primaryimage\"},\"thumbnailUrl\":\"https:\/\/blgnoticiassantodomingo.net\/wp-content\/uploads\/2020\/09\/pld-1-1024x550-1.jpg\",\"keywords\":[\"PLD\"],\"articleSection\":[\"Politica\"],\"inLanguage\":\"es\",\"potentialAction\":[{\"@type\":\"CommentAction\",\"name\":\"Comment\",\"target\":[\"https:\/\/blgnoticiassantodomingo.net\/index.php\/2020\/09\/13\/video-comite-politico-pld-continua-organizacion-noveno-congreso-ordinario\/#respond\"]}]},{\"@type\":\"WebPage\",\"@id\":\"https:\/\/blgnoticiassantodomingo.net\/index.php\/2020\/09\/13\/video-comite-politico-pld-continua-organizacion-noveno-congreso-ordinario\/\",\"url\":\"https:\/\/blgnoticiassantodomingo.net\/index.php\/2020\/09\/13\/video-comite-politico-pld-continua-organizacion-noveno-congreso-ordinario\/\",\"name\":\"(VIDEO) Comit\u00e9 pol\u00edtico PLD contin\u00faa organizaci\u00f3n noveno congreso ordinario - BLG Noticias\",\"isPartOf\":{\"@id\":\"https:\/\/blgnoticiassantodomingo.net\/#website\"},\"primaryImageOfPage\":{\"@id\":\"https:\/\/blgnoticiassantodomingo.net\/index.php\/2020\/09\/13\/video-comite-politico-pld-continua-organizacion-noveno-congreso-ordinario\/#primaryimage\"},\"image\":{\"@id\":\"https:\/\/blgnoticiassantodomingo.net\/index.php\/2020\/09\/13\/video-comite-politico-pld-continua-organizacion-noveno-congreso-ordinario\/#primaryimage\"},\"thumbnailUrl\":\"https:\/\/blgnoticiassantodomingo.net\/wp-content\/uploads\/2020\/09\/pld-1-1024x550-1.jpg\",\"datePublished\":\"2020-09-13T15:11:59+00:00\",\"dateModified\":\"2020-09-13T15:12:00+00:00\",\"breadcrumb\":{\"@id\":\"https:\/\/blgnoticiassantodomingo.net\/index.php\/2020\/09\/13\/video-comite-politico-pld-continua-organizacion-noveno-congreso-ordinario\/#breadcrumb\"},\"inLanguage\":\"es\",\"potentialAction\":[{\"@type\":\"ReadAction\",\"target\":[\"https:\/\/blgnoticiassantodomingo.net\/index.php\/2020\/09\/13\/video-comite-politico-pld-continua-organizacion-noveno-congreso-ordinario\/\"]}]},{\"@type\":\"ImageObject\",\"inLanguage\":\"es\",\"@id\":\"https:\/\/blgnoticiassantodomingo.net\/index.php\/2020\/09\/13\/video-comite-politico-pld-continua-organizacion-noveno-congreso-ordinario\/#primaryimage\",\"url\":\"https:\/\/blgnoticiassantodomingo.net\/wp-content\/uploads\/2020\/09\/pld-1-1024x550-1.jpg\",\"contentUrl\":\"https:\/\/blgnoticiassantodomingo.net\/wp-content\/uploads\/2020\/09\/pld-1-1024x550-1.jpg\",\"width\":1024,\"height\":550},{\"@type\":\"BreadcrumbList\",\"@id\":\"https:\/\/blgnoticiassantodomingo.net\/index.php\/2020\/09\/13\/video-comite-politico-pld-continua-organizacion-noveno-congreso-ordinario\/#breadcrumb\",\"itemListElement\":[{\"@type\":\"ListItem\",\"position\":1,\"name\":\"Portada\",\"item\":\"https:\/\/blgnoticiassantodomingo.net\/\"},{\"@type\":\"ListItem\",\"position\":2,\"name\":\"(VIDEO) Comit\u00e9 pol\u00edtico PLD contin\u00faa organizaci\u00f3n noveno congreso ordinario\"}]},{\"@type\":\"WebSite\",\"@id\":\"https:\/\/blgnoticiassantodomingo.net\/#website\",\"url\":\"https:\/\/blgnoticiassantodomingo.net\/\",\"name\":\"BLG Noticias\",\"description\":\"Esto es Noticias\",\"publisher\":{\"@id\":\"https:\/\/blgnoticiassantodomingo.net\/#organization\"},\"potentialAction\":[{\"@type\":\"SearchAction\",\"target\":{\"@type\":\"EntryPoint\",\"urlTemplate\":\"https:\/\/blgnoticiassantodomingo.net\/?s={search_term_string}\"},\"query-input\":{\"@type\":\"PropertyValueSpecification\",\"valueRequired\":true,\"valueName\":\"search_term_string\"}}],\"inLanguage\":\"es\"},{\"@type\":\"Organization\",\"@id\":\"https:\/\/blgnoticiassantodomingo.net\/#organization\",\"name\":\"BLG Noticias\",\"url\":\"https:\/\/blgnoticiassantodomingo.net\/\",\"logo\":{\"@type\":\"ImageObject\",\"inLanguage\":\"es\",\"@id\":\"https:\/\/blgnoticiassantodomingo.net\/#\/schema\/logo\/image\/\",\"url\":\"https:\/\/blgnoticiassantodomingo.net\/wp-content\/uploads\/2023\/12\/Diseno-sin-titulo-3.jpg\",\"contentUrl\":\"https:\/\/blgnoticiassantodomingo.net\/wp-content\/uploads\/2023\/12\/Diseno-sin-titulo-3.jpg\",\"width\":500,\"height\":500,\"caption\":\"BLG Noticias\"},\"image\":{\"@id\":\"https:\/\/blgnoticiassantodomingo.net\/#\/schema\/logo\/image\/\"},\"sameAs\":[\"https:\/\/web.facebook.com\/BlgNoticias\/?locale=es_LA&_rdc=1&_rdr\",\"https:\/\/x.com\/BlgNoticias\",\"https:\/\/www.linkedin.com\/in\/brenda-l-santana-aa846279\/\"]},{\"@type\":\"Person\",\"@id\":\"https:\/\/blgnoticiassantodomingo.net\/#\/schema\/person\/e2fc21cf88acc63dbd134be981bff374\",\"name\":\"Brenda Guerrero\",\"image\":{\"@type\":\"ImageObject\",\"inLanguage\":\"es\",\"@id\":\"https:\/\/blgnoticiassantodomingo.net\/#\/schema\/person\/image\/\",\"url\":\"https:\/\/secure.gravatar.com\/avatar\/2f7fc4c3e3655be1580cb684bfd8ab19be702ae20879da1e072021daa02f9b8b?s=96&d=wp_user_avatar&r=g\",\"contentUrl\":\"https:\/\/secure.gravatar.com\/avatar\/2f7fc4c3e3655be1580cb684bfd8ab19be702ae20879da1e072021daa02f9b8b?s=96&d=wp_user_avatar&r=g\",\"caption\":\"Brenda Guerrero\"},\"description\":\"Periodista\",\"url\":\"https:\/\/blgnoticiassantodomingo.net\/index.php\/author\/brenda-guerrero\/\"}]}<\/script>\n<!-- \/ Yoast SEO plugin. -->","yoast_head_json":{"title":"(VIDEO) Comit\u00e9 pol\u00edtico PLD contin\u00faa organizaci\u00f3n noveno congreso ordinario - BLG Noticias","robots":{"index":"index","follow":"follow","max-snippet":"max-snippet:-1","max-image-preview":"max-image-preview:large","max-video-preview":"max-video-preview:-1"},"canonical":"https:\/\/blgnoticiassantodomingo.net\/index.php\/2020\/09\/13\/video-comite-politico-pld-continua-organizacion-noveno-congreso-ordinario\/","og_locale":"es_ES","og_type":"article","og_title":"(VIDEO) Comit\u00e9 pol\u00edtico PLD contin\u00faa organizaci\u00f3n noveno congreso ordinario - BLG Noticias","og_description":"SANTO DOMINGO. \u2013 El Comit\u00e9 Pol\u00edtico del Partido de la Liberaci\u00f3n Dominicana (PLD) se encuentra reunido desde tempranas horas de este domingo, a los fines continuar organizaci\u00f3n del IX Congreso Ordinario Jos\u00e9 Joaqu\u00edn Bid\u00f3 Medina. La organizaci\u00f3n pol\u00edtica sostuvo que en el encuentro participan 31 de 35 miembros del citado organismo del PLD. El encuentro [&hellip;]","og_url":"https:\/\/blgnoticiassantodomingo.net\/index.php\/2020\/09\/13\/video-comite-politico-pld-continua-organizacion-noveno-congreso-ordinario\/","og_site_name":"BLG Noticias","article_publisher":"https:\/\/web.facebook.com\/BlgNoticias\/?locale=es_LA&_rdc=1&_rdr","article_published_time":"2020-09-13T15:11:59+00:00","article_modified_time":"2020-09-13T15:12:00+00:00","og_image":[{"width":1024,"height":550,"url":"https:\/\/blgnoticiassantodomingo.net\/wp-content\/uploads\/2020\/09\/pld-1-1024x550-1.jpg","type":"image\/jpeg"}],"author":"Brenda Guerrero","twitter_card":"summary_large_image","twitter_creator":"@BlgNoticias","twitter_site":"@BlgNoticias","twitter_misc":{"Escrito por":"Brenda Guerrero"},"schema":{"@context":"https:\/\/schema.org","@graph":[{"@type":"Article","@id":"https:\/\/blgnoticiassantodomingo.net\/index.php\/2020\/09\/13\/video-comite-politico-pld-continua-organizacion-noveno-congreso-ordinario\/#article","isPartOf":{"@id":"https:\/\/blgnoticiassantodomingo.net\/index.php\/2020\/09\/13\/video-comite-politico-pld-continua-organizacion-noveno-congreso-ordinario\/"},"author":{"name":"Brenda Guerrero","@id":"https:\/\/blgnoticiassantodomingo.net\/#\/schema\/person\/e2fc21cf88acc63dbd134be981bff374"},"headline":"(VIDEO) Comit\u00e9 pol\u00edtico PLD contin\u00faa organizaci\u00f3n noveno congreso ordinario","datePublished":"2020-09-13T15:11:59+00:00","dateModified":"2020-09-13T15:12:00+00:00","mainEntityOfPage":{"@id":"https:\/\/blgnoticiassantodomingo.net\/index.php\/2020\/09\/13\/video-comite-politico-pld-continua-organizacion-noveno-congreso-ordinario\/"},"wordCount":105,"commentCount":0,"publisher":{"@id":"https:\/\/blgnoticiassantodomingo.net\/#organization"},"image":{"@id":"https:\/\/blgnoticiassantodomingo.net\/index.php\/2020\/09\/13\/video-comite-politico-pld-continua-organizacion-noveno-congreso-ordinario\/#primaryimage"},"thumbnailUrl":"https:\/\/blgnoticiassantodomingo.net\/wp-content\/uploads\/2020\/09\/pld-1-1024x550-1.jpg","keywords":["PLD"],"articleSection":["Politica"],"inLanguage":"es","potentialAction":[{"@type":"CommentAction","name":"Comment","target":["https:\/\/blgnoticiassantodomingo.net\/index.php\/2020\/09\/13\/video-comite-politico-pld-continua-organizacion-noveno-congreso-ordinario\/#respond"]}]},{"@type":"WebPage","@id":"https:\/\/blgnoticiassantodomingo.net\/index.php\/2020\/09\/13\/video-comite-politico-pld-continua-organizacion-noveno-congreso-ordinario\/","url":"https:\/\/blgnoticiassantodomingo.net\/index.php\/2020\/09\/13\/video-comite-politico-pld-continua-organizacion-noveno-congreso-ordinario\/","name":"(VIDEO) Comit\u00e9 pol\u00edtico PLD contin\u00faa organizaci\u00f3n noveno congreso ordinario - BLG Noticias","isPartOf":{"@id":"https:\/\/blgnoticiassantodomingo.net\/#website"},"primaryImageOfPage":{"@id":"https:\/\/blgnoticiassantodomingo.net\/index.php\/2020\/09\/13\/video-comite-politico-pld-continua-organizacion-noveno-congreso-ordinario\/#primaryimage"},"image":{"@id":"https:\/\/blgnoticiassantodomingo.net\/index.php\/2020\/09\/13\/video-comite-politico-pld-continua-organizacion-noveno-congreso-ordinario\/#primaryimage"},"thumbnailUrl":"https:\/\/blgnoticiassantodomingo.net\/wp-content\/uploads\/2020\/09\/pld-1-1024x550-1.jpg","datePublished":"2020-09-13T15:11:59+00:00","dateModified":"2020-09-13T15:12:00+00:00","breadcrumb":{"@id":"https:\/\/blgnoticiassantodomingo.net\/index.php\/2020\/09\/13\/video-comite-politico-pld-continua-organizacion-noveno-congreso-ordinario\/#breadcrumb"},"inLanguage":"es","potentialAction":[{"@type":"ReadAction","target":["https:\/\/blgnoticiassantodomingo.net\/index.php\/2020\/09\/13\/video-comite-politico-pld-continua-organizacion-noveno-congreso-ordinario\/"]}]},{"@type":"ImageObject","inLanguage":"es","@id":"https:\/\/blgnoticiassantodomingo.net\/index.php\/2020\/09\/13\/video-comite-politico-pld-continua-organizacion-noveno-congreso-ordinario\/#primaryimage","url":"https:\/\/blgnoticiassantodomingo.net\/wp-content\/uploads\/2020\/09\/pld-1-1024x550-1.jpg","contentUrl":"https:\/\/blgnoticiassantodomingo.net\/wp-content\/uploads\/2020\/09\/pld-1-1024x550-1.jpg","width":1024,"height":550},{"@type":"BreadcrumbList","@id":"https:\/\/blgnoticiassantodomingo.net\/index.php\/2020\/09\/13\/video-comite-politico-pld-continua-organizacion-noveno-congreso-ordinario\/#breadcrumb","itemListElement":[{"@type":"ListItem","position":1,"name":"Portada","item":"https:\/\/blgnoticiassantodomingo.net\/"},{"@type":"ListItem","position":2,"name":"(VIDEO) Comit\u00e9 pol\u00edtico PLD contin\u00faa organizaci\u00f3n noveno congreso ordinario"}]},{"@type":"WebSite","@id":"https:\/\/blgnoticiassantodomingo.net\/#website","url":"https:\/\/blgnoticiassantodomingo.net\/","name":"BLG Noticias","description":"Esto es Noticias","publisher":{"@id":"https:\/\/blgnoticiassantodomingo.net\/#organization"},"potentialAction":[{"@type":"SearchAction","target":{"@type":"EntryPoint","urlTemplate":"https:\/\/blgnoticiassantodomingo.net\/?s={search_term_string}"},"query-input":{"@type":"PropertyValueSpecification","valueRequired":true,"valueName":"search_term_string"}}],"inLanguage":"es"},{"@type":"Organization","@id":"https:\/\/blgnoticiassantodomingo.net\/#organization","name":"BLG Noticias","url":"https:\/\/blgnoticiassantodomingo.net\/","logo":{"@type":"ImageObject","inLanguage":"es","@id":"https:\/\/blgnoticiassantodomingo.net\/#\/schema\/logo\/image\/","url":"https:\/\/blgnoticiassantodomingo.net\/wp-content\/uploads\/2023\/12\/Diseno-sin-titulo-3.jpg","contentUrl":"https:\/\/blgnoticiassantodomingo.net\/wp-content\/uploads\/2023\/12\/Diseno-sin-titulo-3.jpg","width":500,"height":500,"caption":"BLG Noticias"},"image":{"@id":"https:\/\/blgnoticiassantodomingo.net\/#\/schema\/logo\/image\/"},"sameAs":["https:\/\/web.facebook.com\/BlgNoticias\/?locale=es_LA&_rdc=1&_rdr","https:\/\/x.com\/BlgNoticias","https:\/\/www.linkedin.com\/in\/brenda-l-santana-aa846279\/"]},{"@type":"Person","@id":"https:\/\/blgnoticiassantodomingo.net\/#\/schema\/person\/e2fc21cf88acc63dbd134be981bff374","name":"Brenda Guerrero","image":{"@type":"ImageObject","inLanguage":"es","@id":"https:\/\/blgnoticiassantodomingo.net\/#\/schema\/person\/image\/","url":"https:\/\/secure.gravatar.com\/avatar\/2f7fc4c3e3655be1580cb684bfd8ab19be702ae20879da1e072021daa02f9b8b?s=96&d=wp_user_avatar&r=g","contentUrl":"https:\/\/secure.gravatar.com\/avatar\/2f7fc4c3e3655be1580cb684bfd8ab19be702ae20879da1e072021daa02f9b8b?s=96&d=wp_user_avatar&r=g","caption":"Brenda Guerrero"},"description":"Periodista","url":"https:\/\/blgnoticiassantodomingo.net\/index.php\/author\/brenda-guerrero\/"}]}},"jetpack_featured_media_url":"https:\/\/blgnoticiassantodomingo.net\/wp-content\/uploads\/2020\/09\/pld-1-1024x550-1.jpg","_links":{"self":[{"href":"https:\/\/blgnoticiassantodomingo.net\/index.php\/wp-json\/wp\/v2\/posts\/18492","targetHints":{"allow":["GET"]}}],"collection":[{"href":"https:\/\/blgnoticiassantodomingo.net\/index.php\/wp-json\/wp\/v2\/posts"}],"about":[{"href":"https:\/\/blgnoticiassantodomingo.net\/index.php\/wp-json\/wp\/v2\/types\/post"}],"author":[{"embeddable":true,"href":"https:\/\/blgnoticiassantodomingo.net\/index.php\/wp-json\/wp\/v2\/users\/2"}],"replies":[{"embeddable":true,"href":"https:\/\/blgnoticiassantodomingo.net\/index.php\/wp-json\/wp\/v2\/comments?post=18492"}],"version-history":[{"count":1,"href":"https:\/\/blgnoticiassantodomingo.net\/index.php\/wp-json\/wp\/v2\/posts\/18492\/revisions"}],"predecessor-version":[{"id":18494,"href":"https:\/\/blgnoticiassantodomingo.net\/index.php\/wp-json\/wp\/v2\/posts\/18492\/revisions\/18494"}],"wp:featuredmedia":[{"embeddable":true,"href":"https:\/\/blgnoticiassantodomingo.net\/index.php\/wp-json\/wp\/v2\/media\/18493"}],"wp:attachment":[{"href":"https:\/\/blgnoticiassantodomingo.net\/index.php\/wp-json\/wp\/v2\/media?parent=18492"}],"wp:term":[{"taxonomy":"category","embeddable":true,"href":"https:\/\/blgnoticiassantodomingo.net\/index.php\/wp-json\/wp\/v2\/categories?post=18492"},{"taxonomy":"post_tag","embeddable":true,"href":"https:\/\/blgnoticiassantodomingo.net\/index.php\/wp-json\/wp\/v2\/tags?post=18492"}],"curies":[{"name":"wp","href":"https:\/\/api.w.org\/{rel}","templated":true}]}}