{"id":18146,"date":"2020-09-09T01:42:14","date_gmt":"2020-09-09T00:42:14","guid":{"rendered":"http:\/\/blgnoticiassantodomingo.net\/?p=18146"},"modified":"2020-09-09T01:42:15","modified_gmt":"2020-09-09T00:42:15","slug":"comision-especial-del-senado-de-la-republica-para-la-designacion-de-los-miembros-de-la-jce-coordina-programa-de-trabajo","status":"publish","type":"post","link":"https:\/\/blgnoticiassantodomingo.net\/index.php\/2020\/09\/09\/comision-especial-del-senado-de-la-republica-para-la-designacion-de-los-miembros-de-la-jce-coordina-programa-de-trabajo\/","title":{"rendered":"Comisi\u00f3n Especial del Senado de la Rep\u00fablica para la Designaci\u00f3n  de los Miembros de la -JCE- coordina programa de trabajo"},"content":{"rendered":"\n<p><strong>Santo Domingo. 8-9-2020.-<\/strong>La Comisi\u00f3n Especial del Senado de la Rep\u00fablica, para la Designaci\u00f3n de los Miembros de la Junta Central Electoral realiz\u00f3 este martes su primera reuni\u00f3n en la que coordin\u00f3 su programa de trabajo.<\/p>\n\n\n\n<p><strong>Ricardo De los Santos, presidente de la Comisi\u00f3n, explic\u00f3 que en el encuentro se decidi\u00f3 habilitar un plazo de siete d\u00edas, para la inscripci\u00f3n de aspiraciones, plazo que iniciar\u00e1 desde el pr\u00f3ximo viernes 11 hasta el lunes 21, del presente mes.<\/strong><\/p>\n\n\n\n<p>El legislador a\u00f1adi\u00f3 que tambi\u00e9n fue definido el formulario de admisi\u00f3n, que ser\u00e1 publicado en los medios de comunicaci\u00f3n y en la p\u00e1gina institucional del Senado de la Rep\u00fablica, el mismo debe &nbsp;ser llenado de manera virtual por los aspirantes.<\/p>\n\n\n\n<p>De los Santos \u00a0aclar\u00f3 que como tal<strong> \u201cse van a circunscribir al mandato de la Constituci\u00f3n \u00a0y las leyes, por lo que no se aceptar\u00e1 injerencia de nadie, en especial ning\u00fan partido pol\u00edtico\u201d.<\/strong><\/p>\n\n\n\n<p><strong>\u201cComo Comisi\u00f3n vamos a hacer un trabajo con responsabilidad y sobre todo con la mayor transparencia posible\u201d, enfatiz\u00f3.<\/strong><\/p>\n\n\n\n<p>En la reuni\u00f3n estuvieron presentes, adem\u00e1s de Ricardo De los Santos, los senadores Dr. Bautista Antonio Rojas G\u00f3mez, (provincia Hermanas Mirabal); Jos\u00e9 Del Castillo Savi\u00f1\u00f3n, (provincia Barahona); Ram\u00f3n Rogelio Genao, (provincia La Vega); Antonio Taveras Guzm\u00e1n, (provincia Santo Domingo); Faride Raful, (Distrito Nacional); Iv\u00e1n Silva Fern\u00e1ndez, (provincia La Romana); Franklin Rodr\u00edguez, (provincia San Crist\u00f3bal) y Melania Salvador Jim\u00e9nez, (provincia Bahoruco).<\/p>\n","protected":false},"excerpt":{"rendered":"<p>Santo Domingo. 8-9-2020.-La Comisi\u00f3n Especial del Senado de la Rep\u00fablica, para la Designaci\u00f3n de los Miembros de la Junta Central Electoral realiz\u00f3 este martes su primera reuni\u00f3n en la que coordin\u00f3 su programa de trabajo. Ricardo De los Santos, presidente de la Comisi\u00f3n, explic\u00f3 que en el encuentro se decidi\u00f3 habilitar un plazo de siete [&hellip;]<\/p>\n","protected":false},"author":2,"featured_media":18147,"comment_status":"open","ping_status":"open","sticky":false,"template":"","format":"standard","meta":{"footnotes":""},"categories":[220],"tags":[239,3616,294],"class_list":{"0":"post-18146","1":"post","2":"type-post","3":"status-publish","4":"format-standard","5":"has-post-thumbnail","7":"category-nacionales","8":"tag-jce","9":"tag-ricardo-de-los-santos","10":"tag-senado-de-la-republica"},"yoast_head":"<!-- This site is optimized with the Yoast SEO plugin v24.9 - https:\/\/yoast.com\/wordpress\/plugins\/seo\/ -->\n<title>Comisi\u00f3n Especial del Senado de la Rep\u00fablica para la Designaci\u00f3n de los Miembros de la -JCE- coordina programa de trabajo - BLG Noticias<\/title>\n<meta name=\"robots\" content=\"index, follow, max-snippet:-1, max-image-preview:large, max-video-preview:-1\" \/>\n<link rel=\"canonical\" href=\"https:\/\/blgnoticiassantodomingo.net\/index.php\/2020\/09\/09\/comision-especial-del-senado-de-la-republica-para-la-designacion-de-los-miembros-de-la-jce-coordina-programa-de-trabajo\/\" \/>\n<meta property=\"og:locale\" content=\"es_ES\" \/>\n<meta property=\"og:type\" content=\"article\" \/>\n<meta property=\"og:title\" content=\"Comisi\u00f3n Especial del Senado de la Rep\u00fablica para la Designaci\u00f3n de los Miembros de la -JCE- coordina programa de trabajo - BLG Noticias\" \/>\n<meta property=\"og:description\" content=\"Santo Domingo. 8-9-2020.-La Comisi\u00f3n Especial del Senado de la Rep\u00fablica, para la Designaci\u00f3n de los Miembros de la Junta Central Electoral realiz\u00f3 este martes su primera reuni\u00f3n en la que coordin\u00f3 su programa de trabajo. Ricardo De los Santos, presidente de la Comisi\u00f3n, explic\u00f3 que en el encuentro se decidi\u00f3 habilitar un plazo de siete [&hellip;]\" \/>\n<meta property=\"og:url\" content=\"https:\/\/blgnoticiassantodomingo.net\/index.php\/2020\/09\/09\/comision-especial-del-senado-de-la-republica-para-la-designacion-de-los-miembros-de-la-jce-coordina-programa-de-trabajo\/\" \/>\n<meta property=\"og:site_name\" content=\"BLG Noticias\" \/>\n<meta property=\"article:publisher\" content=\"https:\/\/web.facebook.com\/BlgNoticias\/?locale=es_LA&amp;_rdc=1&amp;_rdr\" \/>\n<meta property=\"article:published_time\" content=\"2020-09-09T00:42:14+00:00\" \/>\n<meta property=\"article:modified_time\" content=\"2020-09-09T00:42:15+00:00\" \/>\n<meta property=\"og:image\" content=\"https:\/\/blgnoticiassantodomingo.net\/wp-content\/uploads\/2020\/09\/Senado-de-la-Republica-1.png\" \/>\n\t<meta property=\"og:image:width\" content=\"945\" \/>\n\t<meta property=\"og:image:height\" content=\"532\" \/>\n\t<meta property=\"og:image:type\" content=\"image\/png\" \/>\n<meta name=\"author\" content=\"Brenda Guerrero\" \/>\n<meta name=\"twitter:card\" content=\"summary_large_image\" \/>\n<meta name=\"twitter:creator\" content=\"@BlgNoticias\" \/>\n<meta name=\"twitter:site\" content=\"@BlgNoticias\" \/>\n<meta name=\"twitter:label1\" content=\"Escrito por\" \/>\n\t<meta name=\"twitter:data1\" content=\"Brenda Guerrero\" \/>\n\t<meta name=\"twitter:label2\" content=\"Tiempo de lectura\" \/>\n\t<meta name=\"twitter:data2\" content=\"1 minuto\" \/>\n<script type=\"application\/ld+json\" class=\"yoast-schema-graph\">{\"@context\":\"https:\/\/schema.org\",\"@graph\":[{\"@type\":\"Article\",\"@id\":\"https:\/\/blgnoticiassantodomingo.net\/index.php\/2020\/09\/09\/comision-especial-del-senado-de-la-republica-para-la-designacion-de-los-miembros-de-la-jce-coordina-programa-de-trabajo\/#article\",\"isPartOf\":{\"@id\":\"https:\/\/blgnoticiassantodomingo.net\/index.php\/2020\/09\/09\/comision-especial-del-senado-de-la-republica-para-la-designacion-de-los-miembros-de-la-jce-coordina-programa-de-trabajo\/\"},\"author\":{\"name\":\"Brenda Guerrero\",\"@id\":\"https:\/\/blgnoticiassantodomingo.net\/#\/schema\/person\/e2fc21cf88acc63dbd134be981bff374\"},\"headline\":\"Comisi\u00f3n Especial del Senado de la Rep\u00fablica para la Designaci\u00f3n de los Miembros de la -JCE- coordina programa de trabajo\",\"datePublished\":\"2020-09-09T00:42:14+00:00\",\"dateModified\":\"2020-09-09T00:42:15+00:00\",\"mainEntityOfPage\":{\"@id\":\"https:\/\/blgnoticiassantodomingo.net\/index.php\/2020\/09\/09\/comision-especial-del-senado-de-la-republica-para-la-designacion-de-los-miembros-de-la-jce-coordina-programa-de-trabajo\/\"},\"wordCount\":280,\"commentCount\":0,\"publisher\":{\"@id\":\"https:\/\/blgnoticiassantodomingo.net\/#organization\"},\"image\":{\"@id\":\"https:\/\/blgnoticiassantodomingo.net\/index.php\/2020\/09\/09\/comision-especial-del-senado-de-la-republica-para-la-designacion-de-los-miembros-de-la-jce-coordina-programa-de-trabajo\/#primaryimage\"},\"thumbnailUrl\":\"https:\/\/blgnoticiassantodomingo.net\/wp-content\/uploads\/2020\/09\/Senado-de-la-Republica-1.png\",\"keywords\":[\"JCE\",\"Ricardo De los Santos\",\"Senado de la Republica\"],\"articleSection\":[\"Nacionales\"],\"inLanguage\":\"es\",\"potentialAction\":[{\"@type\":\"CommentAction\",\"name\":\"Comment\",\"target\":[\"https:\/\/blgnoticiassantodomingo.net\/index.php\/2020\/09\/09\/comision-especial-del-senado-de-la-republica-para-la-designacion-de-los-miembros-de-la-jce-coordina-programa-de-trabajo\/#respond\"]}]},{\"@type\":\"WebPage\",\"@id\":\"https:\/\/blgnoticiassantodomingo.net\/index.php\/2020\/09\/09\/comision-especial-del-senado-de-la-republica-para-la-designacion-de-los-miembros-de-la-jce-coordina-programa-de-trabajo\/\",\"url\":\"https:\/\/blgnoticiassantodomingo.net\/index.php\/2020\/09\/09\/comision-especial-del-senado-de-la-republica-para-la-designacion-de-los-miembros-de-la-jce-coordina-programa-de-trabajo\/\",\"name\":\"Comisi\u00f3n Especial del Senado de la Rep\u00fablica para la Designaci\u00f3n de los Miembros de la -JCE- coordina programa de trabajo - BLG Noticias\",\"isPartOf\":{\"@id\":\"https:\/\/blgnoticiassantodomingo.net\/#website\"},\"primaryImageOfPage\":{\"@id\":\"https:\/\/blgnoticiassantodomingo.net\/index.php\/2020\/09\/09\/comision-especial-del-senado-de-la-republica-para-la-designacion-de-los-miembros-de-la-jce-coordina-programa-de-trabajo\/#primaryimage\"},\"image\":{\"@id\":\"https:\/\/blgnoticiassantodomingo.net\/index.php\/2020\/09\/09\/comision-especial-del-senado-de-la-republica-para-la-designacion-de-los-miembros-de-la-jce-coordina-programa-de-trabajo\/#primaryimage\"},\"thumbnailUrl\":\"https:\/\/blgnoticiassantodomingo.net\/wp-content\/uploads\/2020\/09\/Senado-de-la-Republica-1.png\",\"datePublished\":\"2020-09-09T00:42:14+00:00\",\"dateModified\":\"2020-09-09T00:42:15+00:00\",\"breadcrumb\":{\"@id\":\"https:\/\/blgnoticiassantodomingo.net\/index.php\/2020\/09\/09\/comision-especial-del-senado-de-la-republica-para-la-designacion-de-los-miembros-de-la-jce-coordina-programa-de-trabajo\/#breadcrumb\"},\"inLanguage\":\"es\",\"potentialAction\":[{\"@type\":\"ReadAction\",\"target\":[\"https:\/\/blgnoticiassantodomingo.net\/index.php\/2020\/09\/09\/comision-especial-del-senado-de-la-republica-para-la-designacion-de-los-miembros-de-la-jce-coordina-programa-de-trabajo\/\"]}]},{\"@type\":\"ImageObject\",\"inLanguage\":\"es\",\"@id\":\"https:\/\/blgnoticiassantodomingo.net\/index.php\/2020\/09\/09\/comision-especial-del-senado-de-la-republica-para-la-designacion-de-los-miembros-de-la-jce-coordina-programa-de-trabajo\/#primaryimage\",\"url\":\"https:\/\/blgnoticiassantodomingo.net\/wp-content\/uploads\/2020\/09\/Senado-de-la-Republica-1.png\",\"contentUrl\":\"https:\/\/blgnoticiassantodomingo.net\/wp-content\/uploads\/2020\/09\/Senado-de-la-Republica-1.png\",\"width\":945,\"height\":532},{\"@type\":\"BreadcrumbList\",\"@id\":\"https:\/\/blgnoticiassantodomingo.net\/index.php\/2020\/09\/09\/comision-especial-del-senado-de-la-republica-para-la-designacion-de-los-miembros-de-la-jce-coordina-programa-de-trabajo\/#breadcrumb\",\"itemListElement\":[{\"@type\":\"ListItem\",\"position\":1,\"name\":\"Portada\",\"item\":\"https:\/\/blgnoticiassantodomingo.net\/\"},{\"@type\":\"ListItem\",\"position\":2,\"name\":\"Comisi\u00f3n Especial del Senado de la Rep\u00fablica para la Designaci\u00f3n de los Miembros de la -JCE- coordina programa de trabajo\"}]},{\"@type\":\"WebSite\",\"@id\":\"https:\/\/blgnoticiassantodomingo.net\/#website\",\"url\":\"https:\/\/blgnoticiassantodomingo.net\/\",\"name\":\"BLG Noticias\",\"description\":\"Esto es Noticias\",\"publisher\":{\"@id\":\"https:\/\/blgnoticiassantodomingo.net\/#organization\"},\"potentialAction\":[{\"@type\":\"SearchAction\",\"target\":{\"@type\":\"EntryPoint\",\"urlTemplate\":\"https:\/\/blgnoticiassantodomingo.net\/?s={search_term_string}\"},\"query-input\":{\"@type\":\"PropertyValueSpecification\",\"valueRequired\":true,\"valueName\":\"search_term_string\"}}],\"inLanguage\":\"es\"},{\"@type\":\"Organization\",\"@id\":\"https:\/\/blgnoticiassantodomingo.net\/#organization\",\"name\":\"BLG Noticias\",\"url\":\"https:\/\/blgnoticiassantodomingo.net\/\",\"logo\":{\"@type\":\"ImageObject\",\"inLanguage\":\"es\",\"@id\":\"https:\/\/blgnoticiassantodomingo.net\/#\/schema\/logo\/image\/\",\"url\":\"https:\/\/blgnoticiassantodomingo.net\/wp-content\/uploads\/2023\/12\/Diseno-sin-titulo-3.jpg\",\"contentUrl\":\"https:\/\/blgnoticiassantodomingo.net\/wp-content\/uploads\/2023\/12\/Diseno-sin-titulo-3.jpg\",\"width\":500,\"height\":500,\"caption\":\"BLG Noticias\"},\"image\":{\"@id\":\"https:\/\/blgnoticiassantodomingo.net\/#\/schema\/logo\/image\/\"},\"sameAs\":[\"https:\/\/web.facebook.com\/BlgNoticias\/?locale=es_LA&_rdc=1&_rdr\",\"https:\/\/x.com\/BlgNoticias\",\"https:\/\/www.linkedin.com\/in\/brenda-l-santana-aa846279\/\"]},{\"@type\":\"Person\",\"@id\":\"https:\/\/blgnoticiassantodomingo.net\/#\/schema\/person\/e2fc21cf88acc63dbd134be981bff374\",\"name\":\"Brenda Guerrero\",\"image\":{\"@type\":\"ImageObject\",\"inLanguage\":\"es\",\"@id\":\"https:\/\/blgnoticiassantodomingo.net\/#\/schema\/person\/image\/\",\"url\":\"https:\/\/secure.gravatar.com\/avatar\/2f7fc4c3e3655be1580cb684bfd8ab19be702ae20879da1e072021daa02f9b8b?s=96&d=wp_user_avatar&r=g\",\"contentUrl\":\"https:\/\/secure.gravatar.com\/avatar\/2f7fc4c3e3655be1580cb684bfd8ab19be702ae20879da1e072021daa02f9b8b?s=96&d=wp_user_avatar&r=g\",\"caption\":\"Brenda Guerrero\"},\"description\":\"Periodista\",\"url\":\"https:\/\/blgnoticiassantodomingo.net\/index.php\/author\/brenda-guerrero\/\"}]}<\/script>\n<!-- \/ Yoast SEO plugin. -->","yoast_head_json":{"title":"Comisi\u00f3n Especial del Senado de la Rep\u00fablica para la Designaci\u00f3n de los Miembros de la -JCE- coordina programa de trabajo - BLG Noticias","robots":{"index":"index","follow":"follow","max-snippet":"max-snippet:-1","max-image-preview":"max-image-preview:large","max-video-preview":"max-video-preview:-1"},"canonical":"https:\/\/blgnoticiassantodomingo.net\/index.php\/2020\/09\/09\/comision-especial-del-senado-de-la-republica-para-la-designacion-de-los-miembros-de-la-jce-coordina-programa-de-trabajo\/","og_locale":"es_ES","og_type":"article","og_title":"Comisi\u00f3n Especial del Senado de la Rep\u00fablica para la Designaci\u00f3n de los Miembros de la -JCE- coordina programa de trabajo - BLG Noticias","og_description":"Santo Domingo. 8-9-2020.-La Comisi\u00f3n Especial del Senado de la Rep\u00fablica, para la Designaci\u00f3n de los Miembros de la Junta Central Electoral realiz\u00f3 este martes su primera reuni\u00f3n en la que coordin\u00f3 su programa de trabajo. Ricardo De los Santos, presidente de la Comisi\u00f3n, explic\u00f3 que en el encuentro se decidi\u00f3 habilitar un plazo de siete [&hellip;]","og_url":"https:\/\/blgnoticiassantodomingo.net\/index.php\/2020\/09\/09\/comision-especial-del-senado-de-la-republica-para-la-designacion-de-los-miembros-de-la-jce-coordina-programa-de-trabajo\/","og_site_name":"BLG Noticias","article_publisher":"https:\/\/web.facebook.com\/BlgNoticias\/?locale=es_LA&_rdc=1&_rdr","article_published_time":"2020-09-09T00:42:14+00:00","article_modified_time":"2020-09-09T00:42:15+00:00","og_image":[{"width":945,"height":532,"url":"https:\/\/blgnoticiassantodomingo.net\/wp-content\/uploads\/2020\/09\/Senado-de-la-Republica-1.png","type":"image\/png"}],"author":"Brenda Guerrero","twitter_card":"summary_large_image","twitter_creator":"@BlgNoticias","twitter_site":"@BlgNoticias","twitter_misc":{"Escrito por":"Brenda Guerrero","Tiempo de lectura":"1 minuto"},"schema":{"@context":"https:\/\/schema.org","@graph":[{"@type":"Article","@id":"https:\/\/blgnoticiassantodomingo.net\/index.php\/2020\/09\/09\/comision-especial-del-senado-de-la-republica-para-la-designacion-de-los-miembros-de-la-jce-coordina-programa-de-trabajo\/#article","isPartOf":{"@id":"https:\/\/blgnoticiassantodomingo.net\/index.php\/2020\/09\/09\/comision-especial-del-senado-de-la-republica-para-la-designacion-de-los-miembros-de-la-jce-coordina-programa-de-trabajo\/"},"author":{"name":"Brenda Guerrero","@id":"https:\/\/blgnoticiassantodomingo.net\/#\/schema\/person\/e2fc21cf88acc63dbd134be981bff374"},"headline":"Comisi\u00f3n Especial del Senado de la Rep\u00fablica para la Designaci\u00f3n de los Miembros de la -JCE- coordina programa de trabajo","datePublished":"2020-09-09T00:42:14+00:00","dateModified":"2020-09-09T00:42:15+00:00","mainEntityOfPage":{"@id":"https:\/\/blgnoticiassantodomingo.net\/index.php\/2020\/09\/09\/comision-especial-del-senado-de-la-republica-para-la-designacion-de-los-miembros-de-la-jce-coordina-programa-de-trabajo\/"},"wordCount":280,"commentCount":0,"publisher":{"@id":"https:\/\/blgnoticiassantodomingo.net\/#organization"},"image":{"@id":"https:\/\/blgnoticiassantodomingo.net\/index.php\/2020\/09\/09\/comision-especial-del-senado-de-la-republica-para-la-designacion-de-los-miembros-de-la-jce-coordina-programa-de-trabajo\/#primaryimage"},"thumbnailUrl":"https:\/\/blgnoticiassantodomingo.net\/wp-content\/uploads\/2020\/09\/Senado-de-la-Republica-1.png","keywords":["JCE","Ricardo De los Santos","Senado de la Republica"],"articleSection":["Nacionales"],"inLanguage":"es","potentialAction":[{"@type":"CommentAction","name":"Comment","target":["https:\/\/blgnoticiassantodomingo.net\/index.php\/2020\/09\/09\/comision-especial-del-senado-de-la-republica-para-la-designacion-de-los-miembros-de-la-jce-coordina-programa-de-trabajo\/#respond"]}]},{"@type":"WebPage","@id":"https:\/\/blgnoticiassantodomingo.net\/index.php\/2020\/09\/09\/comision-especial-del-senado-de-la-republica-para-la-designacion-de-los-miembros-de-la-jce-coordina-programa-de-trabajo\/","url":"https:\/\/blgnoticiassantodomingo.net\/index.php\/2020\/09\/09\/comision-especial-del-senado-de-la-republica-para-la-designacion-de-los-miembros-de-la-jce-coordina-programa-de-trabajo\/","name":"Comisi\u00f3n Especial del Senado de la Rep\u00fablica para la Designaci\u00f3n de los Miembros de la -JCE- coordina programa de trabajo - BLG Noticias","isPartOf":{"@id":"https:\/\/blgnoticiassantodomingo.net\/#website"},"primaryImageOfPage":{"@id":"https:\/\/blgnoticiassantodomingo.net\/index.php\/2020\/09\/09\/comision-especial-del-senado-de-la-republica-para-la-designacion-de-los-miembros-de-la-jce-coordina-programa-de-trabajo\/#primaryimage"},"image":{"@id":"https:\/\/blgnoticiassantodomingo.net\/index.php\/2020\/09\/09\/comision-especial-del-senado-de-la-republica-para-la-designacion-de-los-miembros-de-la-jce-coordina-programa-de-trabajo\/#primaryimage"},"thumbnailUrl":"https:\/\/blgnoticiassantodomingo.net\/wp-content\/uploads\/2020\/09\/Senado-de-la-Republica-1.png","datePublished":"2020-09-09T00:42:14+00:00","dateModified":"2020-09-09T00:42:15+00:00","breadcrumb":{"@id":"https:\/\/blgnoticiassantodomingo.net\/index.php\/2020\/09\/09\/comision-especial-del-senado-de-la-republica-para-la-designacion-de-los-miembros-de-la-jce-coordina-programa-de-trabajo\/#breadcrumb"},"inLanguage":"es","potentialAction":[{"@type":"ReadAction","target":["https:\/\/blgnoticiassantodomingo.net\/index.php\/2020\/09\/09\/comision-especial-del-senado-de-la-republica-para-la-designacion-de-los-miembros-de-la-jce-coordina-programa-de-trabajo\/"]}]},{"@type":"ImageObject","inLanguage":"es","@id":"https:\/\/blgnoticiassantodomingo.net\/index.php\/2020\/09\/09\/comision-especial-del-senado-de-la-republica-para-la-designacion-de-los-miembros-de-la-jce-coordina-programa-de-trabajo\/#primaryimage","url":"https:\/\/blgnoticiassantodomingo.net\/wp-content\/uploads\/2020\/09\/Senado-de-la-Republica-1.png","contentUrl":"https:\/\/blgnoticiassantodomingo.net\/wp-content\/uploads\/2020\/09\/Senado-de-la-Republica-1.png","width":945,"height":532},{"@type":"BreadcrumbList","@id":"https:\/\/blgnoticiassantodomingo.net\/index.php\/2020\/09\/09\/comision-especial-del-senado-de-la-republica-para-la-designacion-de-los-miembros-de-la-jce-coordina-programa-de-trabajo\/#breadcrumb","itemListElement":[{"@type":"ListItem","position":1,"name":"Portada","item":"https:\/\/blgnoticiassantodomingo.net\/"},{"@type":"ListItem","position":2,"name":"Comisi\u00f3n Especial del Senado de la Rep\u00fablica para la Designaci\u00f3n de los Miembros de la -JCE- coordina programa de trabajo"}]},{"@type":"WebSite","@id":"https:\/\/blgnoticiassantodomingo.net\/#website","url":"https:\/\/blgnoticiassantodomingo.net\/","name":"BLG Noticias","description":"Esto es Noticias","publisher":{"@id":"https:\/\/blgnoticiassantodomingo.net\/#organization"},"potentialAction":[{"@type":"SearchAction","target":{"@type":"EntryPoint","urlTemplate":"https:\/\/blgnoticiassantodomingo.net\/?s={search_term_string}"},"query-input":{"@type":"PropertyValueSpecification","valueRequired":true,"valueName":"search_term_string"}}],"inLanguage":"es"},{"@type":"Organization","@id":"https:\/\/blgnoticiassantodomingo.net\/#organization","name":"BLG Noticias","url":"https:\/\/blgnoticiassantodomingo.net\/","logo":{"@type":"ImageObject","inLanguage":"es","@id":"https:\/\/blgnoticiassantodomingo.net\/#\/schema\/logo\/image\/","url":"https:\/\/blgnoticiassantodomingo.net\/wp-content\/uploads\/2023\/12\/Diseno-sin-titulo-3.jpg","contentUrl":"https:\/\/blgnoticiassantodomingo.net\/wp-content\/uploads\/2023\/12\/Diseno-sin-titulo-3.jpg","width":500,"height":500,"caption":"BLG Noticias"},"image":{"@id":"https:\/\/blgnoticiassantodomingo.net\/#\/schema\/logo\/image\/"},"sameAs":["https:\/\/web.facebook.com\/BlgNoticias\/?locale=es_LA&_rdc=1&_rdr","https:\/\/x.com\/BlgNoticias","https:\/\/www.linkedin.com\/in\/brenda-l-santana-aa846279\/"]},{"@type":"Person","@id":"https:\/\/blgnoticiassantodomingo.net\/#\/schema\/person\/e2fc21cf88acc63dbd134be981bff374","name":"Brenda Guerrero","image":{"@type":"ImageObject","inLanguage":"es","@id":"https:\/\/blgnoticiassantodomingo.net\/#\/schema\/person\/image\/","url":"https:\/\/secure.gravatar.com\/avatar\/2f7fc4c3e3655be1580cb684bfd8ab19be702ae20879da1e072021daa02f9b8b?s=96&d=wp_user_avatar&r=g","contentUrl":"https:\/\/secure.gravatar.com\/avatar\/2f7fc4c3e3655be1580cb684bfd8ab19be702ae20879da1e072021daa02f9b8b?s=96&d=wp_user_avatar&r=g","caption":"Brenda Guerrero"},"description":"Periodista","url":"https:\/\/blgnoticiassantodomingo.net\/index.php\/author\/brenda-guerrero\/"}]}},"jetpack_featured_media_url":"https:\/\/blgnoticiassantodomingo.net\/wp-content\/uploads\/2020\/09\/Senado-de-la-Republica-1.png","_links":{"self":[{"href":"https:\/\/blgnoticiassantodomingo.net\/index.php\/wp-json\/wp\/v2\/posts\/18146","targetHints":{"allow":["GET"]}}],"collection":[{"href":"https:\/\/blgnoticiassantodomingo.net\/index.php\/wp-json\/wp\/v2\/posts"}],"about":[{"href":"https:\/\/blgnoticiassantodomingo.net\/index.php\/wp-json\/wp\/v2\/types\/post"}],"author":[{"embeddable":true,"href":"https:\/\/blgnoticiassantodomingo.net\/index.php\/wp-json\/wp\/v2\/users\/2"}],"replies":[{"embeddable":true,"href":"https:\/\/blgnoticiassantodomingo.net\/index.php\/wp-json\/wp\/v2\/comments?post=18146"}],"version-history":[{"count":1,"href":"https:\/\/blgnoticiassantodomingo.net\/index.php\/wp-json\/wp\/v2\/posts\/18146\/revisions"}],"predecessor-version":[{"id":18148,"href":"https:\/\/blgnoticiassantodomingo.net\/index.php\/wp-json\/wp\/v2\/posts\/18146\/revisions\/18148"}],"wp:featuredmedia":[{"embeddable":true,"href":"https:\/\/blgnoticiassantodomingo.net\/index.php\/wp-json\/wp\/v2\/media\/18147"}],"wp:attachment":[{"href":"https:\/\/blgnoticiassantodomingo.net\/index.php\/wp-json\/wp\/v2\/media?parent=18146"}],"wp:term":[{"taxonomy":"category","embeddable":true,"href":"https:\/\/blgnoticiassantodomingo.net\/index.php\/wp-json\/wp\/v2\/categories?post=18146"},{"taxonomy":"post_tag","embeddable":true,"href":"https:\/\/blgnoticiassantodomingo.net\/index.php\/wp-json\/wp\/v2\/tags?post=18146"}],"curies":[{"name":"wp","href":"https:\/\/api.w.org\/{rel}","templated":true}]}}