{"id":16971,"date":"2020-08-25T14:01:41","date_gmt":"2020-08-25T13:01:41","guid":{"rendered":"http:\/\/blgnoticiassantodomingo.net\/?p=16971"},"modified":"2020-08-25T14:01:42","modified_gmt":"2020-08-25T13:01:42","slug":"raso-del-ejercito-hiere-recluso-intento-supuestamente-escapar-de-la-carcel-de-sjm","status":"publish","type":"post","link":"https:\/\/blgnoticiassantodomingo.net\/index.php\/2020\/08\/25\/raso-del-ejercito-hiere-recluso-intento-supuestamente-escapar-de-la-carcel-de-sjm\/","title":{"rendered":"Raso del Ej\u00e9rcito hiere recluso intent\u00f3 supuestamente escapar de la c\u00e1rcel de SJM"},"content":{"rendered":"\n<p>&nbsp;SAN JUAN DE LA MAGUANA. \u2013 Un raso del Ej\u00e9rcito Nacional hiri\u00f3 de bala en una pierna a un recluso que supuestamente intent\u00f3 escapar de la c\u00e1rcel de este municipio, en un hecho registrado este lunes.<\/p>\n\n\n\n<p>De acuerdo a un informe preliminar el herido fue identificado como Ismael Ogando Mora.<\/p>\n\n\n\n<p>Detallan que el hecho ocurri\u00f3 cuando presuntamente el privado de libertad intent\u00f3 escapar por el puesto del centinela, siendo herido de bala con un fusil por el raso Pedro Sebasti\u00e1n Orozco.<\/p>\n\n\n\n<p>El herido fue ingresado anoche en el hospital Alejandro Cabral y ser\u00e1 intervenido quir\u00fargicamente debido a la herida que presenta, seg\u00fan expresa el informe.<\/p>\n\n\n\n<p>Por:\u00a0Cristian Mateo Carela<\/p>\n","protected":false},"excerpt":{"rendered":"<p>&nbsp;SAN JUAN DE LA MAGUANA. \u2013 Un raso del Ej\u00e9rcito Nacional hiri\u00f3 de bala en una pierna a un recluso que supuestamente intent\u00f3 escapar de la c\u00e1rcel de este municipio, en un hecho registrado este lunes. De acuerdo a un informe preliminar el herido fue identificado como Ismael Ogando Mora. Detallan que el hecho ocurri\u00f3 [&hellip;]<\/p>\n","protected":false},"author":2,"featured_media":16972,"comment_status":"open","ping_status":"open","sticky":false,"template":"","format":"standard","meta":{"footnotes":""},"categories":[220],"tags":[3273,442],"class_list":{"0":"post-16971","1":"post","2":"type-post","3":"status-publish","4":"format-standard","5":"has-post-thumbnail","7":"category-nacionales","8":"tag-escapar-de-la-carcel","9":"tag-san-juan"},"yoast_head":"<!-- This site is optimized with the Yoast SEO plugin v24.9 - https:\/\/yoast.com\/wordpress\/plugins\/seo\/ -->\n<title>Raso del Ej\u00e9rcito hiere recluso intent\u00f3 supuestamente escapar de la c\u00e1rcel de SJM - BLG Noticias<\/title>\n<meta name=\"robots\" content=\"index, follow, max-snippet:-1, max-image-preview:large, max-video-preview:-1\" \/>\n<link rel=\"canonical\" href=\"https:\/\/blgnoticiassantodomingo.net\/index.php\/2020\/08\/25\/raso-del-ejercito-hiere-recluso-intento-supuestamente-escapar-de-la-carcel-de-sjm\/\" \/>\n<meta property=\"og:locale\" content=\"es_ES\" \/>\n<meta property=\"og:type\" content=\"article\" \/>\n<meta property=\"og:title\" content=\"Raso del Ej\u00e9rcito hiere recluso intent\u00f3 supuestamente escapar de la c\u00e1rcel de SJM - BLG Noticias\" \/>\n<meta property=\"og:description\" content=\"&nbsp;SAN JUAN DE LA MAGUANA. \u2013 Un raso del Ej\u00e9rcito Nacional hiri\u00f3 de bala en una pierna a un recluso que supuestamente intent\u00f3 escapar de la c\u00e1rcel de este municipio, en un hecho registrado este lunes. De acuerdo a un informe preliminar el herido fue identificado como Ismael Ogando Mora. Detallan que el hecho ocurri\u00f3 [&hellip;]\" \/>\n<meta property=\"og:url\" content=\"https:\/\/blgnoticiassantodomingo.net\/index.php\/2020\/08\/25\/raso-del-ejercito-hiere-recluso-intento-supuestamente-escapar-de-la-carcel-de-sjm\/\" \/>\n<meta property=\"og:site_name\" content=\"BLG Noticias\" \/>\n<meta property=\"article:publisher\" content=\"https:\/\/web.facebook.com\/BlgNoticias\/?locale=es_LA&amp;_rdc=1&amp;_rdr\" \/>\n<meta property=\"article:published_time\" content=\"2020-08-25T13:01:41+00:00\" \/>\n<meta property=\"article:modified_time\" content=\"2020-08-25T13:01:42+00:00\" \/>\n<meta property=\"og:image\" content=\"https:\/\/blgnoticiassantodomingo.net\/wp-content\/uploads\/2020\/08\/sjm-1024x550-1.jpg\" \/>\n\t<meta property=\"og:image:width\" content=\"1024\" \/>\n\t<meta property=\"og:image:height\" content=\"550\" \/>\n\t<meta property=\"og:image:type\" content=\"image\/jpeg\" \/>\n<meta name=\"author\" content=\"Brenda Guerrero\" \/>\n<meta name=\"twitter:card\" content=\"summary_large_image\" \/>\n<meta name=\"twitter:creator\" content=\"@BlgNoticias\" \/>\n<meta name=\"twitter:site\" content=\"@BlgNoticias\" \/>\n<meta name=\"twitter:label1\" content=\"Escrito por\" \/>\n\t<meta name=\"twitter:data1\" content=\"Brenda Guerrero\" \/>\n\t<meta name=\"twitter:label2\" content=\"Tiempo de lectura\" \/>\n\t<meta name=\"twitter:data2\" content=\"1 minuto\" \/>\n<script type=\"application\/ld+json\" class=\"yoast-schema-graph\">{\"@context\":\"https:\/\/schema.org\",\"@graph\":[{\"@type\":\"Article\",\"@id\":\"https:\/\/blgnoticiassantodomingo.net\/index.php\/2020\/08\/25\/raso-del-ejercito-hiere-recluso-intento-supuestamente-escapar-de-la-carcel-de-sjm\/#article\",\"isPartOf\":{\"@id\":\"https:\/\/blgnoticiassantodomingo.net\/index.php\/2020\/08\/25\/raso-del-ejercito-hiere-recluso-intento-supuestamente-escapar-de-la-carcel-de-sjm\/\"},\"author\":{\"name\":\"Brenda Guerrero\",\"@id\":\"https:\/\/blgnoticiassantodomingo.net\/#\/schema\/person\/e2fc21cf88acc63dbd134be981bff374\"},\"headline\":\"Raso del Ej\u00e9rcito hiere recluso intent\u00f3 supuestamente escapar de la c\u00e1rcel de SJM\",\"datePublished\":\"2020-08-25T13:01:41+00:00\",\"dateModified\":\"2020-08-25T13:01:42+00:00\",\"mainEntityOfPage\":{\"@id\":\"https:\/\/blgnoticiassantodomingo.net\/index.php\/2020\/08\/25\/raso-del-ejercito-hiere-recluso-intento-supuestamente-escapar-de-la-carcel-de-sjm\/\"},\"wordCount\":129,\"commentCount\":0,\"publisher\":{\"@id\":\"https:\/\/blgnoticiassantodomingo.net\/#organization\"},\"image\":{\"@id\":\"https:\/\/blgnoticiassantodomingo.net\/index.php\/2020\/08\/25\/raso-del-ejercito-hiere-recluso-intento-supuestamente-escapar-de-la-carcel-de-sjm\/#primaryimage\"},\"thumbnailUrl\":\"https:\/\/blgnoticiassantodomingo.net\/wp-content\/uploads\/2020\/08\/sjm-1024x550-1.jpg\",\"keywords\":[\"escapar de la c\u00e1rcel\",\"San Juan\"],\"articleSection\":[\"Nacionales\"],\"inLanguage\":\"es\",\"potentialAction\":[{\"@type\":\"CommentAction\",\"name\":\"Comment\",\"target\":[\"https:\/\/blgnoticiassantodomingo.net\/index.php\/2020\/08\/25\/raso-del-ejercito-hiere-recluso-intento-supuestamente-escapar-de-la-carcel-de-sjm\/#respond\"]}]},{\"@type\":\"WebPage\",\"@id\":\"https:\/\/blgnoticiassantodomingo.net\/index.php\/2020\/08\/25\/raso-del-ejercito-hiere-recluso-intento-supuestamente-escapar-de-la-carcel-de-sjm\/\",\"url\":\"https:\/\/blgnoticiassantodomingo.net\/index.php\/2020\/08\/25\/raso-del-ejercito-hiere-recluso-intento-supuestamente-escapar-de-la-carcel-de-sjm\/\",\"name\":\"Raso del Ej\u00e9rcito hiere recluso intent\u00f3 supuestamente escapar de la c\u00e1rcel de SJM - BLG Noticias\",\"isPartOf\":{\"@id\":\"https:\/\/blgnoticiassantodomingo.net\/#website\"},\"primaryImageOfPage\":{\"@id\":\"https:\/\/blgnoticiassantodomingo.net\/index.php\/2020\/08\/25\/raso-del-ejercito-hiere-recluso-intento-supuestamente-escapar-de-la-carcel-de-sjm\/#primaryimage\"},\"image\":{\"@id\":\"https:\/\/blgnoticiassantodomingo.net\/index.php\/2020\/08\/25\/raso-del-ejercito-hiere-recluso-intento-supuestamente-escapar-de-la-carcel-de-sjm\/#primaryimage\"},\"thumbnailUrl\":\"https:\/\/blgnoticiassantodomingo.net\/wp-content\/uploads\/2020\/08\/sjm-1024x550-1.jpg\",\"datePublished\":\"2020-08-25T13:01:41+00:00\",\"dateModified\":\"2020-08-25T13:01:42+00:00\",\"breadcrumb\":{\"@id\":\"https:\/\/blgnoticiassantodomingo.net\/index.php\/2020\/08\/25\/raso-del-ejercito-hiere-recluso-intento-supuestamente-escapar-de-la-carcel-de-sjm\/#breadcrumb\"},\"inLanguage\":\"es\",\"potentialAction\":[{\"@type\":\"ReadAction\",\"target\":[\"https:\/\/blgnoticiassantodomingo.net\/index.php\/2020\/08\/25\/raso-del-ejercito-hiere-recluso-intento-supuestamente-escapar-de-la-carcel-de-sjm\/\"]}]},{\"@type\":\"ImageObject\",\"inLanguage\":\"es\",\"@id\":\"https:\/\/blgnoticiassantodomingo.net\/index.php\/2020\/08\/25\/raso-del-ejercito-hiere-recluso-intento-supuestamente-escapar-de-la-carcel-de-sjm\/#primaryimage\",\"url\":\"https:\/\/blgnoticiassantodomingo.net\/wp-content\/uploads\/2020\/08\/sjm-1024x550-1.jpg\",\"contentUrl\":\"https:\/\/blgnoticiassantodomingo.net\/wp-content\/uploads\/2020\/08\/sjm-1024x550-1.jpg\",\"width\":1024,\"height\":550},{\"@type\":\"BreadcrumbList\",\"@id\":\"https:\/\/blgnoticiassantodomingo.net\/index.php\/2020\/08\/25\/raso-del-ejercito-hiere-recluso-intento-supuestamente-escapar-de-la-carcel-de-sjm\/#breadcrumb\",\"itemListElement\":[{\"@type\":\"ListItem\",\"position\":1,\"name\":\"Portada\",\"item\":\"https:\/\/blgnoticiassantodomingo.net\/\"},{\"@type\":\"ListItem\",\"position\":2,\"name\":\"Raso del Ej\u00e9rcito hiere recluso intent\u00f3 supuestamente escapar de la c\u00e1rcel de SJM\"}]},{\"@type\":\"WebSite\",\"@id\":\"https:\/\/blgnoticiassantodomingo.net\/#website\",\"url\":\"https:\/\/blgnoticiassantodomingo.net\/\",\"name\":\"BLG Noticias\",\"description\":\"Esto es Noticias\",\"publisher\":{\"@id\":\"https:\/\/blgnoticiassantodomingo.net\/#organization\"},\"potentialAction\":[{\"@type\":\"SearchAction\",\"target\":{\"@type\":\"EntryPoint\",\"urlTemplate\":\"https:\/\/blgnoticiassantodomingo.net\/?s={search_term_string}\"},\"query-input\":{\"@type\":\"PropertyValueSpecification\",\"valueRequired\":true,\"valueName\":\"search_term_string\"}}],\"inLanguage\":\"es\"},{\"@type\":\"Organization\",\"@id\":\"https:\/\/blgnoticiassantodomingo.net\/#organization\",\"name\":\"BLG Noticias\",\"url\":\"https:\/\/blgnoticiassantodomingo.net\/\",\"logo\":{\"@type\":\"ImageObject\",\"inLanguage\":\"es\",\"@id\":\"https:\/\/blgnoticiassantodomingo.net\/#\/schema\/logo\/image\/\",\"url\":\"https:\/\/blgnoticiassantodomingo.net\/wp-content\/uploads\/2023\/12\/Diseno-sin-titulo-3.jpg\",\"contentUrl\":\"https:\/\/blgnoticiassantodomingo.net\/wp-content\/uploads\/2023\/12\/Diseno-sin-titulo-3.jpg\",\"width\":500,\"height\":500,\"caption\":\"BLG Noticias\"},\"image\":{\"@id\":\"https:\/\/blgnoticiassantodomingo.net\/#\/schema\/logo\/image\/\"},\"sameAs\":[\"https:\/\/web.facebook.com\/BlgNoticias\/?locale=es_LA&_rdc=1&_rdr\",\"https:\/\/x.com\/BlgNoticias\",\"https:\/\/www.linkedin.com\/in\/brenda-l-santana-aa846279\/\"]},{\"@type\":\"Person\",\"@id\":\"https:\/\/blgnoticiassantodomingo.net\/#\/schema\/person\/e2fc21cf88acc63dbd134be981bff374\",\"name\":\"Brenda Guerrero\",\"image\":{\"@type\":\"ImageObject\",\"inLanguage\":\"es\",\"@id\":\"https:\/\/blgnoticiassantodomingo.net\/#\/schema\/person\/image\/\",\"url\":\"https:\/\/secure.gravatar.com\/avatar\/2f7fc4c3e3655be1580cb684bfd8ab19be702ae20879da1e072021daa02f9b8b?s=96&d=wp_user_avatar&r=g\",\"contentUrl\":\"https:\/\/secure.gravatar.com\/avatar\/2f7fc4c3e3655be1580cb684bfd8ab19be702ae20879da1e072021daa02f9b8b?s=96&d=wp_user_avatar&r=g\",\"caption\":\"Brenda Guerrero\"},\"description\":\"Periodista\",\"url\":\"https:\/\/blgnoticiassantodomingo.net\/index.php\/author\/brenda-guerrero\/\"}]}<\/script>\n<!-- \/ Yoast SEO plugin. -->","yoast_head_json":{"title":"Raso del Ej\u00e9rcito hiere recluso intent\u00f3 supuestamente escapar de la c\u00e1rcel de SJM - BLG Noticias","robots":{"index":"index","follow":"follow","max-snippet":"max-snippet:-1","max-image-preview":"max-image-preview:large","max-video-preview":"max-video-preview:-1"},"canonical":"https:\/\/blgnoticiassantodomingo.net\/index.php\/2020\/08\/25\/raso-del-ejercito-hiere-recluso-intento-supuestamente-escapar-de-la-carcel-de-sjm\/","og_locale":"es_ES","og_type":"article","og_title":"Raso del Ej\u00e9rcito hiere recluso intent\u00f3 supuestamente escapar de la c\u00e1rcel de SJM - BLG Noticias","og_description":"&nbsp;SAN JUAN DE LA MAGUANA. \u2013 Un raso del Ej\u00e9rcito Nacional hiri\u00f3 de bala en una pierna a un recluso que supuestamente intent\u00f3 escapar de la c\u00e1rcel de este municipio, en un hecho registrado este lunes. De acuerdo a un informe preliminar el herido fue identificado como Ismael Ogando Mora. Detallan que el hecho ocurri\u00f3 [&hellip;]","og_url":"https:\/\/blgnoticiassantodomingo.net\/index.php\/2020\/08\/25\/raso-del-ejercito-hiere-recluso-intento-supuestamente-escapar-de-la-carcel-de-sjm\/","og_site_name":"BLG Noticias","article_publisher":"https:\/\/web.facebook.com\/BlgNoticias\/?locale=es_LA&_rdc=1&_rdr","article_published_time":"2020-08-25T13:01:41+00:00","article_modified_time":"2020-08-25T13:01:42+00:00","og_image":[{"width":1024,"height":550,"url":"https:\/\/blgnoticiassantodomingo.net\/wp-content\/uploads\/2020\/08\/sjm-1024x550-1.jpg","type":"image\/jpeg"}],"author":"Brenda Guerrero","twitter_card":"summary_large_image","twitter_creator":"@BlgNoticias","twitter_site":"@BlgNoticias","twitter_misc":{"Escrito por":"Brenda Guerrero","Tiempo de lectura":"1 minuto"},"schema":{"@context":"https:\/\/schema.org","@graph":[{"@type":"Article","@id":"https:\/\/blgnoticiassantodomingo.net\/index.php\/2020\/08\/25\/raso-del-ejercito-hiere-recluso-intento-supuestamente-escapar-de-la-carcel-de-sjm\/#article","isPartOf":{"@id":"https:\/\/blgnoticiassantodomingo.net\/index.php\/2020\/08\/25\/raso-del-ejercito-hiere-recluso-intento-supuestamente-escapar-de-la-carcel-de-sjm\/"},"author":{"name":"Brenda Guerrero","@id":"https:\/\/blgnoticiassantodomingo.net\/#\/schema\/person\/e2fc21cf88acc63dbd134be981bff374"},"headline":"Raso del Ej\u00e9rcito hiere recluso intent\u00f3 supuestamente escapar de la c\u00e1rcel de SJM","datePublished":"2020-08-25T13:01:41+00:00","dateModified":"2020-08-25T13:01:42+00:00","mainEntityOfPage":{"@id":"https:\/\/blgnoticiassantodomingo.net\/index.php\/2020\/08\/25\/raso-del-ejercito-hiere-recluso-intento-supuestamente-escapar-de-la-carcel-de-sjm\/"},"wordCount":129,"commentCount":0,"publisher":{"@id":"https:\/\/blgnoticiassantodomingo.net\/#organization"},"image":{"@id":"https:\/\/blgnoticiassantodomingo.net\/index.php\/2020\/08\/25\/raso-del-ejercito-hiere-recluso-intento-supuestamente-escapar-de-la-carcel-de-sjm\/#primaryimage"},"thumbnailUrl":"https:\/\/blgnoticiassantodomingo.net\/wp-content\/uploads\/2020\/08\/sjm-1024x550-1.jpg","keywords":["escapar de la c\u00e1rcel","San Juan"],"articleSection":["Nacionales"],"inLanguage":"es","potentialAction":[{"@type":"CommentAction","name":"Comment","target":["https:\/\/blgnoticiassantodomingo.net\/index.php\/2020\/08\/25\/raso-del-ejercito-hiere-recluso-intento-supuestamente-escapar-de-la-carcel-de-sjm\/#respond"]}]},{"@type":"WebPage","@id":"https:\/\/blgnoticiassantodomingo.net\/index.php\/2020\/08\/25\/raso-del-ejercito-hiere-recluso-intento-supuestamente-escapar-de-la-carcel-de-sjm\/","url":"https:\/\/blgnoticiassantodomingo.net\/index.php\/2020\/08\/25\/raso-del-ejercito-hiere-recluso-intento-supuestamente-escapar-de-la-carcel-de-sjm\/","name":"Raso del Ej\u00e9rcito hiere recluso intent\u00f3 supuestamente escapar de la c\u00e1rcel de SJM - BLG Noticias","isPartOf":{"@id":"https:\/\/blgnoticiassantodomingo.net\/#website"},"primaryImageOfPage":{"@id":"https:\/\/blgnoticiassantodomingo.net\/index.php\/2020\/08\/25\/raso-del-ejercito-hiere-recluso-intento-supuestamente-escapar-de-la-carcel-de-sjm\/#primaryimage"},"image":{"@id":"https:\/\/blgnoticiassantodomingo.net\/index.php\/2020\/08\/25\/raso-del-ejercito-hiere-recluso-intento-supuestamente-escapar-de-la-carcel-de-sjm\/#primaryimage"},"thumbnailUrl":"https:\/\/blgnoticiassantodomingo.net\/wp-content\/uploads\/2020\/08\/sjm-1024x550-1.jpg","datePublished":"2020-08-25T13:01:41+00:00","dateModified":"2020-08-25T13:01:42+00:00","breadcrumb":{"@id":"https:\/\/blgnoticiassantodomingo.net\/index.php\/2020\/08\/25\/raso-del-ejercito-hiere-recluso-intento-supuestamente-escapar-de-la-carcel-de-sjm\/#breadcrumb"},"inLanguage":"es","potentialAction":[{"@type":"ReadAction","target":["https:\/\/blgnoticiassantodomingo.net\/index.php\/2020\/08\/25\/raso-del-ejercito-hiere-recluso-intento-supuestamente-escapar-de-la-carcel-de-sjm\/"]}]},{"@type":"ImageObject","inLanguage":"es","@id":"https:\/\/blgnoticiassantodomingo.net\/index.php\/2020\/08\/25\/raso-del-ejercito-hiere-recluso-intento-supuestamente-escapar-de-la-carcel-de-sjm\/#primaryimage","url":"https:\/\/blgnoticiassantodomingo.net\/wp-content\/uploads\/2020\/08\/sjm-1024x550-1.jpg","contentUrl":"https:\/\/blgnoticiassantodomingo.net\/wp-content\/uploads\/2020\/08\/sjm-1024x550-1.jpg","width":1024,"height":550},{"@type":"BreadcrumbList","@id":"https:\/\/blgnoticiassantodomingo.net\/index.php\/2020\/08\/25\/raso-del-ejercito-hiere-recluso-intento-supuestamente-escapar-de-la-carcel-de-sjm\/#breadcrumb","itemListElement":[{"@type":"ListItem","position":1,"name":"Portada","item":"https:\/\/blgnoticiassantodomingo.net\/"},{"@type":"ListItem","position":2,"name":"Raso del Ej\u00e9rcito hiere recluso intent\u00f3 supuestamente escapar de la c\u00e1rcel de SJM"}]},{"@type":"WebSite","@id":"https:\/\/blgnoticiassantodomingo.net\/#website","url":"https:\/\/blgnoticiassantodomingo.net\/","name":"BLG Noticias","description":"Esto es Noticias","publisher":{"@id":"https:\/\/blgnoticiassantodomingo.net\/#organization"},"potentialAction":[{"@type":"SearchAction","target":{"@type":"EntryPoint","urlTemplate":"https:\/\/blgnoticiassantodomingo.net\/?s={search_term_string}"},"query-input":{"@type":"PropertyValueSpecification","valueRequired":true,"valueName":"search_term_string"}}],"inLanguage":"es"},{"@type":"Organization","@id":"https:\/\/blgnoticiassantodomingo.net\/#organization","name":"BLG Noticias","url":"https:\/\/blgnoticiassantodomingo.net\/","logo":{"@type":"ImageObject","inLanguage":"es","@id":"https:\/\/blgnoticiassantodomingo.net\/#\/schema\/logo\/image\/","url":"https:\/\/blgnoticiassantodomingo.net\/wp-content\/uploads\/2023\/12\/Diseno-sin-titulo-3.jpg","contentUrl":"https:\/\/blgnoticiassantodomingo.net\/wp-content\/uploads\/2023\/12\/Diseno-sin-titulo-3.jpg","width":500,"height":500,"caption":"BLG Noticias"},"image":{"@id":"https:\/\/blgnoticiassantodomingo.net\/#\/schema\/logo\/image\/"},"sameAs":["https:\/\/web.facebook.com\/BlgNoticias\/?locale=es_LA&_rdc=1&_rdr","https:\/\/x.com\/BlgNoticias","https:\/\/www.linkedin.com\/in\/brenda-l-santana-aa846279\/"]},{"@type":"Person","@id":"https:\/\/blgnoticiassantodomingo.net\/#\/schema\/person\/e2fc21cf88acc63dbd134be981bff374","name":"Brenda Guerrero","image":{"@type":"ImageObject","inLanguage":"es","@id":"https:\/\/blgnoticiassantodomingo.net\/#\/schema\/person\/image\/","url":"https:\/\/secure.gravatar.com\/avatar\/2f7fc4c3e3655be1580cb684bfd8ab19be702ae20879da1e072021daa02f9b8b?s=96&d=wp_user_avatar&r=g","contentUrl":"https:\/\/secure.gravatar.com\/avatar\/2f7fc4c3e3655be1580cb684bfd8ab19be702ae20879da1e072021daa02f9b8b?s=96&d=wp_user_avatar&r=g","caption":"Brenda Guerrero"},"description":"Periodista","url":"https:\/\/blgnoticiassantodomingo.net\/index.php\/author\/brenda-guerrero\/"}]}},"jetpack_featured_media_url":"https:\/\/blgnoticiassantodomingo.net\/wp-content\/uploads\/2020\/08\/sjm-1024x550-1.jpg","_links":{"self":[{"href":"https:\/\/blgnoticiassantodomingo.net\/index.php\/wp-json\/wp\/v2\/posts\/16971","targetHints":{"allow":["GET"]}}],"collection":[{"href":"https:\/\/blgnoticiassantodomingo.net\/index.php\/wp-json\/wp\/v2\/posts"}],"about":[{"href":"https:\/\/blgnoticiassantodomingo.net\/index.php\/wp-json\/wp\/v2\/types\/post"}],"author":[{"embeddable":true,"href":"https:\/\/blgnoticiassantodomingo.net\/index.php\/wp-json\/wp\/v2\/users\/2"}],"replies":[{"embeddable":true,"href":"https:\/\/blgnoticiassantodomingo.net\/index.php\/wp-json\/wp\/v2\/comments?post=16971"}],"version-history":[{"count":1,"href":"https:\/\/blgnoticiassantodomingo.net\/index.php\/wp-json\/wp\/v2\/posts\/16971\/revisions"}],"predecessor-version":[{"id":16973,"href":"https:\/\/blgnoticiassantodomingo.net\/index.php\/wp-json\/wp\/v2\/posts\/16971\/revisions\/16973"}],"wp:featuredmedia":[{"embeddable":true,"href":"https:\/\/blgnoticiassantodomingo.net\/index.php\/wp-json\/wp\/v2\/media\/16972"}],"wp:attachment":[{"href":"https:\/\/blgnoticiassantodomingo.net\/index.php\/wp-json\/wp\/v2\/media?parent=16971"}],"wp:term":[{"taxonomy":"category","embeddable":true,"href":"https:\/\/blgnoticiassantodomingo.net\/index.php\/wp-json\/wp\/v2\/categories?post=16971"},{"taxonomy":"post_tag","embeddable":true,"href":"https:\/\/blgnoticiassantodomingo.net\/index.php\/wp-json\/wp\/v2\/tags?post=16971"}],"curies":[{"name":"wp","href":"https:\/\/api.w.org\/{rel}","templated":true}]}}