{"id":16965,"date":"2020-08-25T13:50:40","date_gmt":"2020-08-25T12:50:40","guid":{"rendered":"http:\/\/blgnoticiassantodomingo.net\/?p=16965"},"modified":"2020-08-25T13:50:41","modified_gmt":"2020-08-25T12:50:41","slug":"el-actor-estadounidense-matt-dillon-parte-del-jurado-en-la-mostra-de-venecia","status":"publish","type":"post","link":"https:\/\/blgnoticiassantodomingo.net\/index.php\/2020\/08\/25\/el-actor-estadounidense-matt-dillon-parte-del-jurado-en-la-mostra-de-venecia\/","title":{"rendered":"El actor estadounidense Matt Dillon, parte del jurado en la Mostra de Venecia"},"content":{"rendered":"\n<p>EFE <\/p>\n\n\n\n<p>ROMA.- El actor estadounidense Matt Dillon formar\u00e1 parte del jurado internacional del Festival Internacional de Cine de Venecia que se celebrar\u00e1 del 2 al 12 de septiembre y que preside la actriz australiana Cate Blanchett.<\/p>\n\n\n\n<p>Dillon entra en el lugar del director rumano Cristi Puiu, que no puede participar, informaron hoy los organizadores.<\/p>\n\n\n\n<p>La carrera cinematogr\u00e1fica de Matt Dillon abarca tres d\u00e9cadas y demuestra la amplia gama de su talento, desde papeles dram\u00e1ticos hasta comedia con pel\u00edculas como Crash (2005) de Paul Haggis , interpretando a un polic\u00eda racista, con la que obtuvo una nominaci\u00f3n al Oscar y al Globo de Oro.<\/p>\n\n\n\n<p>El actor de \u201cThe Boys of 56th Street\u201d (1983) tambi\u00e9n escribi\u00f3 su primera pel\u00edcula como director \u201cCity of Ghosts\u201d (2002), protagonizada por G\u00e9rard Depardieu, Stellan Skarsg\u00e5rd y James Caan y recientemente ha dirigido un documental, actualmente en postproducci\u00f3n, sobre un cantante de soul cubano, El Gran Fellove .<\/p>\n\n\n\n<p>Con la incorporaci\u00f3n de Dillon, el jurado de la 77 edici\u00f3n de la \u201cMostra\u201d queda compuesto por la presidenta Cate Blanchett; la directora y guionista austriaca, Veronika Franz; la directora brit\u00e1nica Joanna Hogg; el escritor Nicola Lagioia; el cineasta alem\u00e1n, Christian Petzold, y la actriz francesa, Ludivine Sagnier.<\/p>\n\n\n\n<p>A pesar de la pandemia, los organizadores han querido a toda costa realizar el certamen que, a pesar de la ausencia de las estrellas de Hollywood, contar\u00e1 con cineastas como Amos Gitai o Andrei Konchalovsky en la carrera por el \u201cLe\u00f3n de Oro\u201d o Pedro Almod\u00f3var que presentar\u00e1 su nuevo filme, un corto titulado y su primera obra en ingl\u00e9s: \u201cLa Voz humana\u201d.<\/p>\n\n\n\n<p>La protagonista de \u201cLa voz humana\u201d, Tilda Swinton, tambi\u00e9n recibir\u00e1 el \u201cLe\u00f3n de Oro\u201d a la carrera.<\/p>\n","protected":false},"excerpt":{"rendered":"<p>EFE ROMA.- El actor estadounidense Matt Dillon formar\u00e1 parte del jurado internacional del Festival Internacional de Cine de Venecia que se celebrar\u00e1 del 2 al 12 de septiembre y que preside la actriz australiana Cate Blanchett. Dillon entra en el lugar del director rumano Cristi Puiu, que no puede participar, informaron hoy los organizadores. La [&hellip;]<\/p>\n","protected":false},"author":2,"featured_media":16966,"comment_status":"open","ping_status":"open","sticky":false,"template":"","format":"standard","meta":{"footnotes":""},"categories":[222],"tags":[3271,3270],"class_list":{"0":"post-16965","1":"post","2":"type-post","3":"status-publish","4":"format-standard","5":"has-post-thumbnail","7":"category-arte-y-espectaculos","8":"tag-el-actor-estadounidense-matt-dillon","9":"tag-venecia"},"yoast_head":"<!-- This site is optimized with the Yoast SEO plugin v24.9 - https:\/\/yoast.com\/wordpress\/plugins\/seo\/ -->\n<title>El actor estadounidense Matt Dillon, parte del jurado en la Mostra de Venecia - BLG Noticias<\/title>\n<meta name=\"robots\" content=\"index, follow, max-snippet:-1, max-image-preview:large, max-video-preview:-1\" \/>\n<link rel=\"canonical\" href=\"https:\/\/blgnoticiassantodomingo.net\/index.php\/2020\/08\/25\/el-actor-estadounidense-matt-dillon-parte-del-jurado-en-la-mostra-de-venecia\/\" \/>\n<meta property=\"og:locale\" content=\"es_ES\" \/>\n<meta property=\"og:type\" content=\"article\" \/>\n<meta property=\"og:title\" content=\"El actor estadounidense Matt Dillon, parte del jurado en la Mostra de Venecia - BLG Noticias\" \/>\n<meta property=\"og:description\" content=\"EFE ROMA.- El actor estadounidense Matt Dillon formar\u00e1 parte del jurado internacional del Festival Internacional de Cine de Venecia que se celebrar\u00e1 del 2 al 12 de septiembre y que preside la actriz australiana Cate Blanchett. Dillon entra en el lugar del director rumano Cristi Puiu, que no puede participar, informaron hoy los organizadores. La [&hellip;]\" \/>\n<meta property=\"og:url\" content=\"https:\/\/blgnoticiassantodomingo.net\/index.php\/2020\/08\/25\/el-actor-estadounidense-matt-dillon-parte-del-jurado-en-la-mostra-de-venecia\/\" \/>\n<meta property=\"og:site_name\" content=\"BLG Noticias\" \/>\n<meta property=\"article:publisher\" content=\"https:\/\/web.facebook.com\/BlgNoticias\/?locale=es_LA&amp;_rdc=1&amp;_rdr\" \/>\n<meta property=\"article:published_time\" content=\"2020-08-25T12:50:40+00:00\" \/>\n<meta property=\"article:modified_time\" content=\"2020-08-25T12:50:41+00:00\" \/>\n<meta property=\"og:image\" content=\"https:\/\/blgnoticiassantodomingo.net\/wp-content\/uploads\/2020\/08\/bd7eac32-5919-467f-afad-c82d389662c6-data-1024x550-1.jpg\" \/>\n\t<meta property=\"og:image:width\" content=\"1024\" \/>\n\t<meta property=\"og:image:height\" content=\"550\" \/>\n\t<meta property=\"og:image:type\" content=\"image\/jpeg\" \/>\n<meta name=\"author\" content=\"Brenda Guerrero\" \/>\n<meta name=\"twitter:card\" content=\"summary_large_image\" \/>\n<meta name=\"twitter:creator\" content=\"@BlgNoticias\" \/>\n<meta name=\"twitter:site\" content=\"@BlgNoticias\" \/>\n<meta name=\"twitter:label1\" content=\"Escrito por\" \/>\n\t<meta name=\"twitter:data1\" content=\"Brenda Guerrero\" \/>\n\t<meta name=\"twitter:label2\" content=\"Tiempo de lectura\" \/>\n\t<meta name=\"twitter:data2\" content=\"1 minuto\" \/>\n<script type=\"application\/ld+json\" class=\"yoast-schema-graph\">{\"@context\":\"https:\/\/schema.org\",\"@graph\":[{\"@type\":\"Article\",\"@id\":\"https:\/\/blgnoticiassantodomingo.net\/index.php\/2020\/08\/25\/el-actor-estadounidense-matt-dillon-parte-del-jurado-en-la-mostra-de-venecia\/#article\",\"isPartOf\":{\"@id\":\"https:\/\/blgnoticiassantodomingo.net\/index.php\/2020\/08\/25\/el-actor-estadounidense-matt-dillon-parte-del-jurado-en-la-mostra-de-venecia\/\"},\"author\":{\"name\":\"Brenda Guerrero\",\"@id\":\"https:\/\/blgnoticiassantodomingo.net\/#\/schema\/person\/e2fc21cf88acc63dbd134be981bff374\"},\"headline\":\"El actor estadounidense Matt Dillon, parte del jurado en la Mostra de Venecia\",\"datePublished\":\"2020-08-25T12:50:40+00:00\",\"dateModified\":\"2020-08-25T12:50:41+00:00\",\"mainEntityOfPage\":{\"@id\":\"https:\/\/blgnoticiassantodomingo.net\/index.php\/2020\/08\/25\/el-actor-estadounidense-matt-dillon-parte-del-jurado-en-la-mostra-de-venecia\/\"},\"wordCount\":305,\"commentCount\":0,\"publisher\":{\"@id\":\"https:\/\/blgnoticiassantodomingo.net\/#organization\"},\"image\":{\"@id\":\"https:\/\/blgnoticiassantodomingo.net\/index.php\/2020\/08\/25\/el-actor-estadounidense-matt-dillon-parte-del-jurado-en-la-mostra-de-venecia\/#primaryimage\"},\"thumbnailUrl\":\"https:\/\/blgnoticiassantodomingo.net\/wp-content\/uploads\/2020\/08\/bd7eac32-5919-467f-afad-c82d389662c6-data-1024x550-1.jpg\",\"keywords\":[\"El actor estadounidense Matt Dillon\",\"Venecia\"],\"articleSection\":[\"Arte y Espectaculos\"],\"inLanguage\":\"es\",\"potentialAction\":[{\"@type\":\"CommentAction\",\"name\":\"Comment\",\"target\":[\"https:\/\/blgnoticiassantodomingo.net\/index.php\/2020\/08\/25\/el-actor-estadounidense-matt-dillon-parte-del-jurado-en-la-mostra-de-venecia\/#respond\"]}]},{\"@type\":\"WebPage\",\"@id\":\"https:\/\/blgnoticiassantodomingo.net\/index.php\/2020\/08\/25\/el-actor-estadounidense-matt-dillon-parte-del-jurado-en-la-mostra-de-venecia\/\",\"url\":\"https:\/\/blgnoticiassantodomingo.net\/index.php\/2020\/08\/25\/el-actor-estadounidense-matt-dillon-parte-del-jurado-en-la-mostra-de-venecia\/\",\"name\":\"El actor estadounidense Matt Dillon, parte del jurado en la Mostra de Venecia - BLG Noticias\",\"isPartOf\":{\"@id\":\"https:\/\/blgnoticiassantodomingo.net\/#website\"},\"primaryImageOfPage\":{\"@id\":\"https:\/\/blgnoticiassantodomingo.net\/index.php\/2020\/08\/25\/el-actor-estadounidense-matt-dillon-parte-del-jurado-en-la-mostra-de-venecia\/#primaryimage\"},\"image\":{\"@id\":\"https:\/\/blgnoticiassantodomingo.net\/index.php\/2020\/08\/25\/el-actor-estadounidense-matt-dillon-parte-del-jurado-en-la-mostra-de-venecia\/#primaryimage\"},\"thumbnailUrl\":\"https:\/\/blgnoticiassantodomingo.net\/wp-content\/uploads\/2020\/08\/bd7eac32-5919-467f-afad-c82d389662c6-data-1024x550-1.jpg\",\"datePublished\":\"2020-08-25T12:50:40+00:00\",\"dateModified\":\"2020-08-25T12:50:41+00:00\",\"breadcrumb\":{\"@id\":\"https:\/\/blgnoticiassantodomingo.net\/index.php\/2020\/08\/25\/el-actor-estadounidense-matt-dillon-parte-del-jurado-en-la-mostra-de-venecia\/#breadcrumb\"},\"inLanguage\":\"es\",\"potentialAction\":[{\"@type\":\"ReadAction\",\"target\":[\"https:\/\/blgnoticiassantodomingo.net\/index.php\/2020\/08\/25\/el-actor-estadounidense-matt-dillon-parte-del-jurado-en-la-mostra-de-venecia\/\"]}]},{\"@type\":\"ImageObject\",\"inLanguage\":\"es\",\"@id\":\"https:\/\/blgnoticiassantodomingo.net\/index.php\/2020\/08\/25\/el-actor-estadounidense-matt-dillon-parte-del-jurado-en-la-mostra-de-venecia\/#primaryimage\",\"url\":\"https:\/\/blgnoticiassantodomingo.net\/wp-content\/uploads\/2020\/08\/bd7eac32-5919-467f-afad-c82d389662c6-data-1024x550-1.jpg\",\"contentUrl\":\"https:\/\/blgnoticiassantodomingo.net\/wp-content\/uploads\/2020\/08\/bd7eac32-5919-467f-afad-c82d389662c6-data-1024x550-1.jpg\",\"width\":1024,\"height\":550},{\"@type\":\"BreadcrumbList\",\"@id\":\"https:\/\/blgnoticiassantodomingo.net\/index.php\/2020\/08\/25\/el-actor-estadounidense-matt-dillon-parte-del-jurado-en-la-mostra-de-venecia\/#breadcrumb\",\"itemListElement\":[{\"@type\":\"ListItem\",\"position\":1,\"name\":\"Portada\",\"item\":\"https:\/\/blgnoticiassantodomingo.net\/\"},{\"@type\":\"ListItem\",\"position\":2,\"name\":\"El actor estadounidense Matt Dillon, parte del jurado en la Mostra de Venecia\"}]},{\"@type\":\"WebSite\",\"@id\":\"https:\/\/blgnoticiassantodomingo.net\/#website\",\"url\":\"https:\/\/blgnoticiassantodomingo.net\/\",\"name\":\"BLG Noticias\",\"description\":\"Esto es Noticias\",\"publisher\":{\"@id\":\"https:\/\/blgnoticiassantodomingo.net\/#organization\"},\"potentialAction\":[{\"@type\":\"SearchAction\",\"target\":{\"@type\":\"EntryPoint\",\"urlTemplate\":\"https:\/\/blgnoticiassantodomingo.net\/?s={search_term_string}\"},\"query-input\":{\"@type\":\"PropertyValueSpecification\",\"valueRequired\":true,\"valueName\":\"search_term_string\"}}],\"inLanguage\":\"es\"},{\"@type\":\"Organization\",\"@id\":\"https:\/\/blgnoticiassantodomingo.net\/#organization\",\"name\":\"BLG Noticias\",\"url\":\"https:\/\/blgnoticiassantodomingo.net\/\",\"logo\":{\"@type\":\"ImageObject\",\"inLanguage\":\"es\",\"@id\":\"https:\/\/blgnoticiassantodomingo.net\/#\/schema\/logo\/image\/\",\"url\":\"https:\/\/blgnoticiassantodomingo.net\/wp-content\/uploads\/2023\/12\/Diseno-sin-titulo-3.jpg\",\"contentUrl\":\"https:\/\/blgnoticiassantodomingo.net\/wp-content\/uploads\/2023\/12\/Diseno-sin-titulo-3.jpg\",\"width\":500,\"height\":500,\"caption\":\"BLG Noticias\"},\"image\":{\"@id\":\"https:\/\/blgnoticiassantodomingo.net\/#\/schema\/logo\/image\/\"},\"sameAs\":[\"https:\/\/web.facebook.com\/BlgNoticias\/?locale=es_LA&_rdc=1&_rdr\",\"https:\/\/x.com\/BlgNoticias\",\"https:\/\/www.linkedin.com\/in\/brenda-l-santana-aa846279\/\"]},{\"@type\":\"Person\",\"@id\":\"https:\/\/blgnoticiassantodomingo.net\/#\/schema\/person\/e2fc21cf88acc63dbd134be981bff374\",\"name\":\"Brenda Guerrero\",\"image\":{\"@type\":\"ImageObject\",\"inLanguage\":\"es\",\"@id\":\"https:\/\/blgnoticiassantodomingo.net\/#\/schema\/person\/image\/\",\"url\":\"https:\/\/secure.gravatar.com\/avatar\/2f7fc4c3e3655be1580cb684bfd8ab19be702ae20879da1e072021daa02f9b8b?s=96&d=wp_user_avatar&r=g\",\"contentUrl\":\"https:\/\/secure.gravatar.com\/avatar\/2f7fc4c3e3655be1580cb684bfd8ab19be702ae20879da1e072021daa02f9b8b?s=96&d=wp_user_avatar&r=g\",\"caption\":\"Brenda Guerrero\"},\"description\":\"Periodista\",\"url\":\"https:\/\/blgnoticiassantodomingo.net\/index.php\/author\/brenda-guerrero\/\"}]}<\/script>\n<!-- \/ Yoast SEO plugin. -->","yoast_head_json":{"title":"El actor estadounidense Matt Dillon, parte del jurado en la Mostra de Venecia - BLG Noticias","robots":{"index":"index","follow":"follow","max-snippet":"max-snippet:-1","max-image-preview":"max-image-preview:large","max-video-preview":"max-video-preview:-1"},"canonical":"https:\/\/blgnoticiassantodomingo.net\/index.php\/2020\/08\/25\/el-actor-estadounidense-matt-dillon-parte-del-jurado-en-la-mostra-de-venecia\/","og_locale":"es_ES","og_type":"article","og_title":"El actor estadounidense Matt Dillon, parte del jurado en la Mostra de Venecia - BLG Noticias","og_description":"EFE ROMA.- El actor estadounidense Matt Dillon formar\u00e1 parte del jurado internacional del Festival Internacional de Cine de Venecia que se celebrar\u00e1 del 2 al 12 de septiembre y que preside la actriz australiana Cate Blanchett. Dillon entra en el lugar del director rumano Cristi Puiu, que no puede participar, informaron hoy los organizadores. La [&hellip;]","og_url":"https:\/\/blgnoticiassantodomingo.net\/index.php\/2020\/08\/25\/el-actor-estadounidense-matt-dillon-parte-del-jurado-en-la-mostra-de-venecia\/","og_site_name":"BLG Noticias","article_publisher":"https:\/\/web.facebook.com\/BlgNoticias\/?locale=es_LA&_rdc=1&_rdr","article_published_time":"2020-08-25T12:50:40+00:00","article_modified_time":"2020-08-25T12:50:41+00:00","og_image":[{"width":1024,"height":550,"url":"https:\/\/blgnoticiassantodomingo.net\/wp-content\/uploads\/2020\/08\/bd7eac32-5919-467f-afad-c82d389662c6-data-1024x550-1.jpg","type":"image\/jpeg"}],"author":"Brenda Guerrero","twitter_card":"summary_large_image","twitter_creator":"@BlgNoticias","twitter_site":"@BlgNoticias","twitter_misc":{"Escrito por":"Brenda Guerrero","Tiempo de lectura":"1 minuto"},"schema":{"@context":"https:\/\/schema.org","@graph":[{"@type":"Article","@id":"https:\/\/blgnoticiassantodomingo.net\/index.php\/2020\/08\/25\/el-actor-estadounidense-matt-dillon-parte-del-jurado-en-la-mostra-de-venecia\/#article","isPartOf":{"@id":"https:\/\/blgnoticiassantodomingo.net\/index.php\/2020\/08\/25\/el-actor-estadounidense-matt-dillon-parte-del-jurado-en-la-mostra-de-venecia\/"},"author":{"name":"Brenda Guerrero","@id":"https:\/\/blgnoticiassantodomingo.net\/#\/schema\/person\/e2fc21cf88acc63dbd134be981bff374"},"headline":"El actor estadounidense Matt Dillon, parte del jurado en la Mostra de Venecia","datePublished":"2020-08-25T12:50:40+00:00","dateModified":"2020-08-25T12:50:41+00:00","mainEntityOfPage":{"@id":"https:\/\/blgnoticiassantodomingo.net\/index.php\/2020\/08\/25\/el-actor-estadounidense-matt-dillon-parte-del-jurado-en-la-mostra-de-venecia\/"},"wordCount":305,"commentCount":0,"publisher":{"@id":"https:\/\/blgnoticiassantodomingo.net\/#organization"},"image":{"@id":"https:\/\/blgnoticiassantodomingo.net\/index.php\/2020\/08\/25\/el-actor-estadounidense-matt-dillon-parte-del-jurado-en-la-mostra-de-venecia\/#primaryimage"},"thumbnailUrl":"https:\/\/blgnoticiassantodomingo.net\/wp-content\/uploads\/2020\/08\/bd7eac32-5919-467f-afad-c82d389662c6-data-1024x550-1.jpg","keywords":["El actor estadounidense Matt Dillon","Venecia"],"articleSection":["Arte y Espectaculos"],"inLanguage":"es","potentialAction":[{"@type":"CommentAction","name":"Comment","target":["https:\/\/blgnoticiassantodomingo.net\/index.php\/2020\/08\/25\/el-actor-estadounidense-matt-dillon-parte-del-jurado-en-la-mostra-de-venecia\/#respond"]}]},{"@type":"WebPage","@id":"https:\/\/blgnoticiassantodomingo.net\/index.php\/2020\/08\/25\/el-actor-estadounidense-matt-dillon-parte-del-jurado-en-la-mostra-de-venecia\/","url":"https:\/\/blgnoticiassantodomingo.net\/index.php\/2020\/08\/25\/el-actor-estadounidense-matt-dillon-parte-del-jurado-en-la-mostra-de-venecia\/","name":"El actor estadounidense Matt Dillon, parte del jurado en la Mostra de Venecia - BLG Noticias","isPartOf":{"@id":"https:\/\/blgnoticiassantodomingo.net\/#website"},"primaryImageOfPage":{"@id":"https:\/\/blgnoticiassantodomingo.net\/index.php\/2020\/08\/25\/el-actor-estadounidense-matt-dillon-parte-del-jurado-en-la-mostra-de-venecia\/#primaryimage"},"image":{"@id":"https:\/\/blgnoticiassantodomingo.net\/index.php\/2020\/08\/25\/el-actor-estadounidense-matt-dillon-parte-del-jurado-en-la-mostra-de-venecia\/#primaryimage"},"thumbnailUrl":"https:\/\/blgnoticiassantodomingo.net\/wp-content\/uploads\/2020\/08\/bd7eac32-5919-467f-afad-c82d389662c6-data-1024x550-1.jpg","datePublished":"2020-08-25T12:50:40+00:00","dateModified":"2020-08-25T12:50:41+00:00","breadcrumb":{"@id":"https:\/\/blgnoticiassantodomingo.net\/index.php\/2020\/08\/25\/el-actor-estadounidense-matt-dillon-parte-del-jurado-en-la-mostra-de-venecia\/#breadcrumb"},"inLanguage":"es","potentialAction":[{"@type":"ReadAction","target":["https:\/\/blgnoticiassantodomingo.net\/index.php\/2020\/08\/25\/el-actor-estadounidense-matt-dillon-parte-del-jurado-en-la-mostra-de-venecia\/"]}]},{"@type":"ImageObject","inLanguage":"es","@id":"https:\/\/blgnoticiassantodomingo.net\/index.php\/2020\/08\/25\/el-actor-estadounidense-matt-dillon-parte-del-jurado-en-la-mostra-de-venecia\/#primaryimage","url":"https:\/\/blgnoticiassantodomingo.net\/wp-content\/uploads\/2020\/08\/bd7eac32-5919-467f-afad-c82d389662c6-data-1024x550-1.jpg","contentUrl":"https:\/\/blgnoticiassantodomingo.net\/wp-content\/uploads\/2020\/08\/bd7eac32-5919-467f-afad-c82d389662c6-data-1024x550-1.jpg","width":1024,"height":550},{"@type":"BreadcrumbList","@id":"https:\/\/blgnoticiassantodomingo.net\/index.php\/2020\/08\/25\/el-actor-estadounidense-matt-dillon-parte-del-jurado-en-la-mostra-de-venecia\/#breadcrumb","itemListElement":[{"@type":"ListItem","position":1,"name":"Portada","item":"https:\/\/blgnoticiassantodomingo.net\/"},{"@type":"ListItem","position":2,"name":"El actor estadounidense Matt Dillon, parte del jurado en la Mostra de Venecia"}]},{"@type":"WebSite","@id":"https:\/\/blgnoticiassantodomingo.net\/#website","url":"https:\/\/blgnoticiassantodomingo.net\/","name":"BLG Noticias","description":"Esto es Noticias","publisher":{"@id":"https:\/\/blgnoticiassantodomingo.net\/#organization"},"potentialAction":[{"@type":"SearchAction","target":{"@type":"EntryPoint","urlTemplate":"https:\/\/blgnoticiassantodomingo.net\/?s={search_term_string}"},"query-input":{"@type":"PropertyValueSpecification","valueRequired":true,"valueName":"search_term_string"}}],"inLanguage":"es"},{"@type":"Organization","@id":"https:\/\/blgnoticiassantodomingo.net\/#organization","name":"BLG Noticias","url":"https:\/\/blgnoticiassantodomingo.net\/","logo":{"@type":"ImageObject","inLanguage":"es","@id":"https:\/\/blgnoticiassantodomingo.net\/#\/schema\/logo\/image\/","url":"https:\/\/blgnoticiassantodomingo.net\/wp-content\/uploads\/2023\/12\/Diseno-sin-titulo-3.jpg","contentUrl":"https:\/\/blgnoticiassantodomingo.net\/wp-content\/uploads\/2023\/12\/Diseno-sin-titulo-3.jpg","width":500,"height":500,"caption":"BLG Noticias"},"image":{"@id":"https:\/\/blgnoticiassantodomingo.net\/#\/schema\/logo\/image\/"},"sameAs":["https:\/\/web.facebook.com\/BlgNoticias\/?locale=es_LA&_rdc=1&_rdr","https:\/\/x.com\/BlgNoticias","https:\/\/www.linkedin.com\/in\/brenda-l-santana-aa846279\/"]},{"@type":"Person","@id":"https:\/\/blgnoticiassantodomingo.net\/#\/schema\/person\/e2fc21cf88acc63dbd134be981bff374","name":"Brenda Guerrero","image":{"@type":"ImageObject","inLanguage":"es","@id":"https:\/\/blgnoticiassantodomingo.net\/#\/schema\/person\/image\/","url":"https:\/\/secure.gravatar.com\/avatar\/2f7fc4c3e3655be1580cb684bfd8ab19be702ae20879da1e072021daa02f9b8b?s=96&d=wp_user_avatar&r=g","contentUrl":"https:\/\/secure.gravatar.com\/avatar\/2f7fc4c3e3655be1580cb684bfd8ab19be702ae20879da1e072021daa02f9b8b?s=96&d=wp_user_avatar&r=g","caption":"Brenda Guerrero"},"description":"Periodista","url":"https:\/\/blgnoticiassantodomingo.net\/index.php\/author\/brenda-guerrero\/"}]}},"jetpack_featured_media_url":"https:\/\/blgnoticiassantodomingo.net\/wp-content\/uploads\/2020\/08\/bd7eac32-5919-467f-afad-c82d389662c6-data-1024x550-1.jpg","_links":{"self":[{"href":"https:\/\/blgnoticiassantodomingo.net\/index.php\/wp-json\/wp\/v2\/posts\/16965","targetHints":{"allow":["GET"]}}],"collection":[{"href":"https:\/\/blgnoticiassantodomingo.net\/index.php\/wp-json\/wp\/v2\/posts"}],"about":[{"href":"https:\/\/blgnoticiassantodomingo.net\/index.php\/wp-json\/wp\/v2\/types\/post"}],"author":[{"embeddable":true,"href":"https:\/\/blgnoticiassantodomingo.net\/index.php\/wp-json\/wp\/v2\/users\/2"}],"replies":[{"embeddable":true,"href":"https:\/\/blgnoticiassantodomingo.net\/index.php\/wp-json\/wp\/v2\/comments?post=16965"}],"version-history":[{"count":1,"href":"https:\/\/blgnoticiassantodomingo.net\/index.php\/wp-json\/wp\/v2\/posts\/16965\/revisions"}],"predecessor-version":[{"id":16967,"href":"https:\/\/blgnoticiassantodomingo.net\/index.php\/wp-json\/wp\/v2\/posts\/16965\/revisions\/16967"}],"wp:featuredmedia":[{"embeddable":true,"href":"https:\/\/blgnoticiassantodomingo.net\/index.php\/wp-json\/wp\/v2\/media\/16966"}],"wp:attachment":[{"href":"https:\/\/blgnoticiassantodomingo.net\/index.php\/wp-json\/wp\/v2\/media?parent=16965"}],"wp:term":[{"taxonomy":"category","embeddable":true,"href":"https:\/\/blgnoticiassantodomingo.net\/index.php\/wp-json\/wp\/v2\/categories?post=16965"},{"taxonomy":"post_tag","embeddable":true,"href":"https:\/\/blgnoticiassantodomingo.net\/index.php\/wp-json\/wp\/v2\/tags?post=16965"}],"curies":[{"name":"wp","href":"https:\/\/api.w.org\/{rel}","templated":true}]}}