{"id":16899,"date":"2020-08-24T16:41:19","date_gmt":"2020-08-24T15:41:19","guid":{"rendered":"http:\/\/blgnoticiassantodomingo.net\/?p=16899"},"modified":"2020-08-24T16:41:20","modified_gmt":"2020-08-24T15:41:20","slug":"vicegobernadora-ve-mas-entusiasmo-de-latinos-por-trump-que-en-2016","status":"publish","type":"post","link":"https:\/\/blgnoticiassantodomingo.net\/index.php\/2020\/08\/24\/vicegobernadora-ve-mas-entusiasmo-de-latinos-por-trump-que-en-2016\/","title":{"rendered":"Vicegobernadora ve \u201cm\u00e1s entusiasmo\u201d de latinos por Trump que en 2016"},"content":{"rendered":"\n<p>EFE <\/p>\n\n\n\n<p>MIAMI.- La copresidenta de Latinos por Trump, Jeanette Nu\u00f1ez, ve \u201cm\u00e1s entusiasmo\u201d entre personas de ascendencia latina por votar por el presidente Donald Trump que en 2016, en gran parte porque es \u201cel \u00fanico candidato que es capaz de devolver a la econom\u00eda la intensidad\u201d de antes de la pandemia.<\/p>\n\n\n\n<p>N\u00fa\u00f1ez, vicegobernadora de Florida, que preside Latinos por Trump junto a la californiana Maggie Palau Hern\u00e1ndez, es una de las oradoras en la Convenci\u00f3n Nacional Republicana que comienza este lunes de manera virtual y durante la cual Trump aceptar\u00e1 la candidatura para las elecciones presidenciales del 3 de noviembre.<\/p>\n\n\n\n<p>En una entrevista con Efe la primera mujer hispana en llegar a ser la n\u00famero dos del \u201cestado del sol\u201d manifiesta su \u201corgullo\u201d por representar a los latinos en la convenci\u00f3n.<\/p>\n\n\n\n<p>Una de las \u00faltimas encuestas sobre el voto latino, de NPR\/PBS\/Marist, publicada hace 10 d\u00edas, muestra que si bien un 59 % de los hispanos se propone votar al candidato dem\u00f3crata Joseph Biden, el porcentaje es menor al 66 % de apoyo que ten\u00eda Hilary Clinton en 2016.<\/p>\n\n\n\n<p>N\u00fa\u00f1ez dice \u201cno ponerle confianza a las encuestas\u201d, pues se\u00f1ala que si tuvieran siempre raz\u00f3n, ella no hubiera llegado donde est\u00e1, pero s\u00ed dice notar que la base latina de los seguidores del presidente crece.<\/p>\n\n\n\n<p>ECONOM\u00cdA. EDUCACI\u00d3N Y DEMOCRACIA, IMPORTANTES PARA LOS LATINOS<\/p>\n\n\n\n<p>Seg\u00fan N\u00fa\u00f1ez, nacida en Miami hace 48 a\u00f1os, de padres cubanos y con tres hijos, aunque la COVID-19 ha hecho \u201clamentablemente\u201d empeorar la marcha de la econom\u00eda, est\u00e1 sigue siendo la principal baza de Trump para los latinos, pero no la \u00fanica.<\/p>\n\n\n\n<p>La educaci\u00f3n y la democracia son otras dos \u00e1reas importantes donde hay sinton\u00eda entre el presidente y los latinos, con los que tiene una relaci\u00f3n compleja en la que ha habido insultos y pol\u00e9micas.<\/p>\n\n\n\n<p>Cuando se le pregunta por inmigraci\u00f3n y si la reforma migratoria que promete el candidato dem\u00f3crata Biden no es m\u00e1s atractiva para el electorado latino que la pol\u00edtica de mano dura contra los indocumentados de Trump, N\u00fa\u00f1ez subraya que el presidente ha dicho que \u201cest\u00e1 dispuesto a trabajar con el Congreso para buscar una soluci\u00f3n\u201d para los millones de inmigrantes en situaci\u00f3n irregular en el pa\u00eds.<\/p>\n\n\n\n<p>Esa soluci\u00f3n -agrega- tiene que estar basada en la ley y no en \u201cfronteras abiertas\u201d y debe lograrse por consenso entre los dos partidos, pero los dem\u00f3cratas no est\u00e1n dispuestos a esos acuerdos, sobre todo \u201cen \u00e9poca de elecciones\u201d.<\/p>\n\n\n\n<p>Cuando se le insiste en que valore si la reforma migratoria prometida por Biden va a inclinar a m\u00e1s latinos a votar por \u00e9l, alega que el exvicepresidente \u201cha prometido demasiado y va a tener dificultad para cumplir\u201d.<\/p>\n\n\n\n<p>UNA INTERVENCI\u00d3N \u201cPERSONAL\u201d<\/p>\n\n\n\n<p>N\u00fa\u00f1ez adelant\u00f3 a Efe que su intervenci\u00f3n en la convenci\u00f3n tendr\u00e1 un tono \u201cpersonal\u201d.<\/p>\n\n\n\n<p>\u201cVoy a enfocarme en mi historia, en como llegaron mis padres, como llegu\u00e9 yo a la pol\u00edtica, cu\u00e1les son los temas mas importantes y los principios e ideales que de verdad a mi me impactan como mujer, madre y americana y que quiero ver que siguen en este pa\u00eds tan grande que le ofreci\u00f3 una oportunidad a mis padres\u201d.<\/p>\n\n\n\n<p>A juicio de la \u201cn\u00famero dos\u201d del gobernador Ron DeSantis, muchos latinos tienen en com\u00fan el \u201ccelebrar y reconocer el sacrificio de los que llegaron antes\u201d que ellos.<\/p>\n\n\n\n<p>N\u00fa\u00f1ez se\u00f1al\u00f3 como otra caracter\u00edstica de su comunidad que desde ni\u00f1os les han inculcado la importancia de la educaci\u00f3n como la mejor herramienta \u201cpara echar para adelante\u201d y aprecian el compromiso de la Administraci\u00f3n Trump con la libertad de los padres para escoger a qu\u00e9 escuela quieren llevar a sus hijos.<\/p>\n\n\n\n<p>Se refiri\u00f3 as\u00ed a las escuelas \u201ccharter\u201d, que reciben fondos del gobierno, pero operan independientemente del sistema escolar establecido en el estado donde se encuentran, una iniciativa favorecida por la Administraci\u00f3n Trump que en Florida han generado cr\u00edticas de las asociaciones de maestros y de dirigentes dem\u00f3cratas, pues restan financiac\u00f3n a las escuelas p\u00fablicas.<\/p>\n\n\n\n<p>\u201cEl 43 % de los alumnos de las escuelas charter en Florida son latinos\u201d, dice y agrega que gracias a eso van a \u201ctener m\u00e1s posibilidades de ir a la universidad, seguir sus carreras y buscar empleos mejores\u201d.<\/p>\n\n\n\n<p>NO TODOS LOS LATINOS SON VENEZOLANOS Y CUBANOS<\/p>\n\n\n\n<p>La vicegobernadora, que reconoce que la huida de sus padres del comunismo en Cuba la ha impactado toda su vida, cree que la lucha de Trump contra el gobernante venezolano, Nicol\u00e1s Maduro, y \u201clos abusos de derechos humanos en el hemisferio\u201d es algo que los latinos tambi\u00e9n reconocen en el presidente candidato a la reelecci\u00f3n.<\/p>\n\n\n\n<p>\u201cTrump fue el primero en reconocer a Juan Guaid\u00f3 como presidente de Venezuela y luego muchos gobiernos siguieron sus pasos\u201d, dice.<\/p>\n\n\n\n<p>Pero no todos los latinos son cubanos o venezolanos, le pregunta Efe y N\u00fa\u00f1ez responde que es \u201ccierto\u201d.<\/p>\n\n\n\n<p>Latinos por Trump, creado en 2019, es un grupo \u201cbastante variado\u201d, donde tambi\u00e9n hay centroamericanos, mexicanos y de otras nacionalidades, que est\u00e1n tratando de \u201camplificar el mensaje de todos los logros de este presidente y esta Administraci\u00f3n, especialmente para los latinos\u201d.<\/p>\n\n\n\n<p>Entre ellos menciona que se logr\u00f3 la tasa m\u00e1s baja de desempleo entre latinos, un r\u00e9cord de ingresos y m\u00e1s viviendas en propiedad.<\/p>\n\n\n\n<p>\u201cPara todos aquellos que vienen a este pa\u00eds en busca de la libertad y la oportunidad, ser due\u00f1os de sus propios negocios o viviendas es llegar al sue\u00f1o americano\u201d, asegura N\u00fanez, quien cree que Trump es el \u00fanico candidato que puede recuperar esa prosperidad cuando se acabe la pandemia.<\/p>\n","protected":false},"excerpt":{"rendered":"<p>EFE MIAMI.- La copresidenta de Latinos por Trump, Jeanette Nu\u00f1ez, ve \u201cm\u00e1s entusiasmo\u201d entre personas de ascendencia latina por votar por el presidente Donald Trump que en 2016, en gran parte porque es \u201cel \u00fanico candidato que es capaz de devolver a la econom\u00eda la intensidad\u201d de antes de la pandemia. N\u00fa\u00f1ez, vicegobernadora de Florida, [&hellip;]<\/p>\n","protected":false},"author":2,"featured_media":16900,"comment_status":"open","ping_status":"open","sticky":false,"template":"","format":"standard","meta":{"footnotes":""},"categories":[221],"tags":[323,855,3256],"class_list":{"0":"post-16899","1":"post","2":"type-post","3":"status-publish","4":"format-standard","5":"has-post-thumbnail","7":"category-internacionales","8":"tag-donald-trump","9":"tag-miami","10":"tag-vicegobernadora"},"yoast_head":"<!-- This site is optimized with the Yoast SEO plugin v24.9 - https:\/\/yoast.com\/wordpress\/plugins\/seo\/ -->\n<title>Vicegobernadora ve \u201cm\u00e1s entusiasmo\u201d de latinos por Trump que en 2016 - BLG Noticias<\/title>\n<meta name=\"robots\" content=\"index, follow, max-snippet:-1, max-image-preview:large, max-video-preview:-1\" \/>\n<link rel=\"canonical\" href=\"https:\/\/blgnoticiassantodomingo.net\/index.php\/2020\/08\/24\/vicegobernadora-ve-mas-entusiasmo-de-latinos-por-trump-que-en-2016\/\" \/>\n<meta property=\"og:locale\" content=\"es_ES\" \/>\n<meta property=\"og:type\" content=\"article\" \/>\n<meta property=\"og:title\" content=\"Vicegobernadora ve \u201cm\u00e1s entusiasmo\u201d de latinos por Trump que en 2016 - BLG Noticias\" \/>\n<meta property=\"og:description\" content=\"EFE MIAMI.- La copresidenta de Latinos por Trump, Jeanette Nu\u00f1ez, ve \u201cm\u00e1s entusiasmo\u201d entre personas de ascendencia latina por votar por el presidente Donald Trump que en 2016, en gran parte porque es \u201cel \u00fanico candidato que es capaz de devolver a la econom\u00eda la intensidad\u201d de antes de la pandemia. N\u00fa\u00f1ez, vicegobernadora de Florida, [&hellip;]\" \/>\n<meta property=\"og:url\" content=\"https:\/\/blgnoticiassantodomingo.net\/index.php\/2020\/08\/24\/vicegobernadora-ve-mas-entusiasmo-de-latinos-por-trump-que-en-2016\/\" \/>\n<meta property=\"og:site_name\" content=\"BLG Noticias\" \/>\n<meta property=\"article:publisher\" content=\"https:\/\/web.facebook.com\/BlgNoticias\/?locale=es_LA&amp;_rdc=1&amp;_rdr\" \/>\n<meta property=\"article:published_time\" content=\"2020-08-24T15:41:19+00:00\" \/>\n<meta property=\"article:modified_time\" content=\"2020-08-24T15:41:20+00:00\" \/>\n<meta property=\"og:image\" content=\"https:\/\/blgnoticiassantodomingo.net\/wp-content\/uploads\/2020\/08\/Jeanette-Nunez-2-e1540251923405-1024x550-1.jpg\" \/>\n\t<meta property=\"og:image:width\" content=\"1024\" \/>\n\t<meta property=\"og:image:height\" content=\"550\" \/>\n\t<meta property=\"og:image:type\" content=\"image\/jpeg\" \/>\n<meta name=\"author\" content=\"Brenda Guerrero\" \/>\n<meta name=\"twitter:card\" content=\"summary_large_image\" \/>\n<meta name=\"twitter:creator\" content=\"@BlgNoticias\" \/>\n<meta name=\"twitter:site\" content=\"@BlgNoticias\" \/>\n<meta name=\"twitter:label1\" content=\"Escrito por\" \/>\n\t<meta name=\"twitter:data1\" content=\"Brenda Guerrero\" \/>\n\t<meta name=\"twitter:label2\" content=\"Tiempo de lectura\" \/>\n\t<meta name=\"twitter:data2\" content=\"5 minutos\" \/>\n<script type=\"application\/ld+json\" class=\"yoast-schema-graph\">{\"@context\":\"https:\/\/schema.org\",\"@graph\":[{\"@type\":\"Article\",\"@id\":\"https:\/\/blgnoticiassantodomingo.net\/index.php\/2020\/08\/24\/vicegobernadora-ve-mas-entusiasmo-de-latinos-por-trump-que-en-2016\/#article\",\"isPartOf\":{\"@id\":\"https:\/\/blgnoticiassantodomingo.net\/index.php\/2020\/08\/24\/vicegobernadora-ve-mas-entusiasmo-de-latinos-por-trump-que-en-2016\/\"},\"author\":{\"name\":\"Brenda Guerrero\",\"@id\":\"https:\/\/blgnoticiassantodomingo.net\/#\/schema\/person\/e2fc21cf88acc63dbd134be981bff374\"},\"headline\":\"Vicegobernadora ve \u201cm\u00e1s entusiasmo\u201d de latinos por Trump que en 2016\",\"datePublished\":\"2020-08-24T15:41:19+00:00\",\"dateModified\":\"2020-08-24T15:41:20+00:00\",\"mainEntityOfPage\":{\"@id\":\"https:\/\/blgnoticiassantodomingo.net\/index.php\/2020\/08\/24\/vicegobernadora-ve-mas-entusiasmo-de-latinos-por-trump-que-en-2016\/\"},\"wordCount\":976,\"commentCount\":0,\"publisher\":{\"@id\":\"https:\/\/blgnoticiassantodomingo.net\/#organization\"},\"image\":{\"@id\":\"https:\/\/blgnoticiassantodomingo.net\/index.php\/2020\/08\/24\/vicegobernadora-ve-mas-entusiasmo-de-latinos-por-trump-que-en-2016\/#primaryimage\"},\"thumbnailUrl\":\"https:\/\/blgnoticiassantodomingo.net\/wp-content\/uploads\/2020\/08\/Jeanette-Nunez-2-e1540251923405-1024x550-1.jpg\",\"keywords\":[\"Donald Trump\",\"Miami\",\"Vicegobernadora\"],\"articleSection\":[\"Internacionales\"],\"inLanguage\":\"es\",\"potentialAction\":[{\"@type\":\"CommentAction\",\"name\":\"Comment\",\"target\":[\"https:\/\/blgnoticiassantodomingo.net\/index.php\/2020\/08\/24\/vicegobernadora-ve-mas-entusiasmo-de-latinos-por-trump-que-en-2016\/#respond\"]}]},{\"@type\":\"WebPage\",\"@id\":\"https:\/\/blgnoticiassantodomingo.net\/index.php\/2020\/08\/24\/vicegobernadora-ve-mas-entusiasmo-de-latinos-por-trump-que-en-2016\/\",\"url\":\"https:\/\/blgnoticiassantodomingo.net\/index.php\/2020\/08\/24\/vicegobernadora-ve-mas-entusiasmo-de-latinos-por-trump-que-en-2016\/\",\"name\":\"Vicegobernadora ve \u201cm\u00e1s entusiasmo\u201d de latinos por Trump que en 2016 - BLG Noticias\",\"isPartOf\":{\"@id\":\"https:\/\/blgnoticiassantodomingo.net\/#website\"},\"primaryImageOfPage\":{\"@id\":\"https:\/\/blgnoticiassantodomingo.net\/index.php\/2020\/08\/24\/vicegobernadora-ve-mas-entusiasmo-de-latinos-por-trump-que-en-2016\/#primaryimage\"},\"image\":{\"@id\":\"https:\/\/blgnoticiassantodomingo.net\/index.php\/2020\/08\/24\/vicegobernadora-ve-mas-entusiasmo-de-latinos-por-trump-que-en-2016\/#primaryimage\"},\"thumbnailUrl\":\"https:\/\/blgnoticiassantodomingo.net\/wp-content\/uploads\/2020\/08\/Jeanette-Nunez-2-e1540251923405-1024x550-1.jpg\",\"datePublished\":\"2020-08-24T15:41:19+00:00\",\"dateModified\":\"2020-08-24T15:41:20+00:00\",\"breadcrumb\":{\"@id\":\"https:\/\/blgnoticiassantodomingo.net\/index.php\/2020\/08\/24\/vicegobernadora-ve-mas-entusiasmo-de-latinos-por-trump-que-en-2016\/#breadcrumb\"},\"inLanguage\":\"es\",\"potentialAction\":[{\"@type\":\"ReadAction\",\"target\":[\"https:\/\/blgnoticiassantodomingo.net\/index.php\/2020\/08\/24\/vicegobernadora-ve-mas-entusiasmo-de-latinos-por-trump-que-en-2016\/\"]}]},{\"@type\":\"ImageObject\",\"inLanguage\":\"es\",\"@id\":\"https:\/\/blgnoticiassantodomingo.net\/index.php\/2020\/08\/24\/vicegobernadora-ve-mas-entusiasmo-de-latinos-por-trump-que-en-2016\/#primaryimage\",\"url\":\"https:\/\/blgnoticiassantodomingo.net\/wp-content\/uploads\/2020\/08\/Jeanette-Nunez-2-e1540251923405-1024x550-1.jpg\",\"contentUrl\":\"https:\/\/blgnoticiassantodomingo.net\/wp-content\/uploads\/2020\/08\/Jeanette-Nunez-2-e1540251923405-1024x550-1.jpg\",\"width\":1024,\"height\":550},{\"@type\":\"BreadcrumbList\",\"@id\":\"https:\/\/blgnoticiassantodomingo.net\/index.php\/2020\/08\/24\/vicegobernadora-ve-mas-entusiasmo-de-latinos-por-trump-que-en-2016\/#breadcrumb\",\"itemListElement\":[{\"@type\":\"ListItem\",\"position\":1,\"name\":\"Portada\",\"item\":\"https:\/\/blgnoticiassantodomingo.net\/\"},{\"@type\":\"ListItem\",\"position\":2,\"name\":\"Vicegobernadora ve \u201cm\u00e1s entusiasmo\u201d de latinos por Trump que en 2016\"}]},{\"@type\":\"WebSite\",\"@id\":\"https:\/\/blgnoticiassantodomingo.net\/#website\",\"url\":\"https:\/\/blgnoticiassantodomingo.net\/\",\"name\":\"BLG Noticias\",\"description\":\"Esto es Noticias\",\"publisher\":{\"@id\":\"https:\/\/blgnoticiassantodomingo.net\/#organization\"},\"potentialAction\":[{\"@type\":\"SearchAction\",\"target\":{\"@type\":\"EntryPoint\",\"urlTemplate\":\"https:\/\/blgnoticiassantodomingo.net\/?s={search_term_string}\"},\"query-input\":{\"@type\":\"PropertyValueSpecification\",\"valueRequired\":true,\"valueName\":\"search_term_string\"}}],\"inLanguage\":\"es\"},{\"@type\":\"Organization\",\"@id\":\"https:\/\/blgnoticiassantodomingo.net\/#organization\",\"name\":\"BLG Noticias\",\"url\":\"https:\/\/blgnoticiassantodomingo.net\/\",\"logo\":{\"@type\":\"ImageObject\",\"inLanguage\":\"es\",\"@id\":\"https:\/\/blgnoticiassantodomingo.net\/#\/schema\/logo\/image\/\",\"url\":\"https:\/\/blgnoticiassantodomingo.net\/wp-content\/uploads\/2023\/12\/Diseno-sin-titulo-3.jpg\",\"contentUrl\":\"https:\/\/blgnoticiassantodomingo.net\/wp-content\/uploads\/2023\/12\/Diseno-sin-titulo-3.jpg\",\"width\":500,\"height\":500,\"caption\":\"BLG Noticias\"},\"image\":{\"@id\":\"https:\/\/blgnoticiassantodomingo.net\/#\/schema\/logo\/image\/\"},\"sameAs\":[\"https:\/\/web.facebook.com\/BlgNoticias\/?locale=es_LA&_rdc=1&_rdr\",\"https:\/\/x.com\/BlgNoticias\",\"https:\/\/www.linkedin.com\/in\/brenda-l-santana-aa846279\/\"]},{\"@type\":\"Person\",\"@id\":\"https:\/\/blgnoticiassantodomingo.net\/#\/schema\/person\/e2fc21cf88acc63dbd134be981bff374\",\"name\":\"Brenda Guerrero\",\"image\":{\"@type\":\"ImageObject\",\"inLanguage\":\"es\",\"@id\":\"https:\/\/blgnoticiassantodomingo.net\/#\/schema\/person\/image\/\",\"url\":\"https:\/\/secure.gravatar.com\/avatar\/2f7fc4c3e3655be1580cb684bfd8ab19be702ae20879da1e072021daa02f9b8b?s=96&d=wp_user_avatar&r=g\",\"contentUrl\":\"https:\/\/secure.gravatar.com\/avatar\/2f7fc4c3e3655be1580cb684bfd8ab19be702ae20879da1e072021daa02f9b8b?s=96&d=wp_user_avatar&r=g\",\"caption\":\"Brenda Guerrero\"},\"description\":\"Periodista\",\"url\":\"https:\/\/blgnoticiassantodomingo.net\/index.php\/author\/brenda-guerrero\/\"}]}<\/script>\n<!-- \/ Yoast SEO plugin. -->","yoast_head_json":{"title":"Vicegobernadora ve \u201cm\u00e1s entusiasmo\u201d de latinos por Trump que en 2016 - BLG Noticias","robots":{"index":"index","follow":"follow","max-snippet":"max-snippet:-1","max-image-preview":"max-image-preview:large","max-video-preview":"max-video-preview:-1"},"canonical":"https:\/\/blgnoticiassantodomingo.net\/index.php\/2020\/08\/24\/vicegobernadora-ve-mas-entusiasmo-de-latinos-por-trump-que-en-2016\/","og_locale":"es_ES","og_type":"article","og_title":"Vicegobernadora ve \u201cm\u00e1s entusiasmo\u201d de latinos por Trump que en 2016 - BLG Noticias","og_description":"EFE MIAMI.- La copresidenta de Latinos por Trump, Jeanette Nu\u00f1ez, ve \u201cm\u00e1s entusiasmo\u201d entre personas de ascendencia latina por votar por el presidente Donald Trump que en 2016, en gran parte porque es \u201cel \u00fanico candidato que es capaz de devolver a la econom\u00eda la intensidad\u201d de antes de la pandemia. N\u00fa\u00f1ez, vicegobernadora de Florida, [&hellip;]","og_url":"https:\/\/blgnoticiassantodomingo.net\/index.php\/2020\/08\/24\/vicegobernadora-ve-mas-entusiasmo-de-latinos-por-trump-que-en-2016\/","og_site_name":"BLG Noticias","article_publisher":"https:\/\/web.facebook.com\/BlgNoticias\/?locale=es_LA&_rdc=1&_rdr","article_published_time":"2020-08-24T15:41:19+00:00","article_modified_time":"2020-08-24T15:41:20+00:00","og_image":[{"width":1024,"height":550,"url":"https:\/\/blgnoticiassantodomingo.net\/wp-content\/uploads\/2020\/08\/Jeanette-Nunez-2-e1540251923405-1024x550-1.jpg","type":"image\/jpeg"}],"author":"Brenda Guerrero","twitter_card":"summary_large_image","twitter_creator":"@BlgNoticias","twitter_site":"@BlgNoticias","twitter_misc":{"Escrito por":"Brenda Guerrero","Tiempo de lectura":"5 minutos"},"schema":{"@context":"https:\/\/schema.org","@graph":[{"@type":"Article","@id":"https:\/\/blgnoticiassantodomingo.net\/index.php\/2020\/08\/24\/vicegobernadora-ve-mas-entusiasmo-de-latinos-por-trump-que-en-2016\/#article","isPartOf":{"@id":"https:\/\/blgnoticiassantodomingo.net\/index.php\/2020\/08\/24\/vicegobernadora-ve-mas-entusiasmo-de-latinos-por-trump-que-en-2016\/"},"author":{"name":"Brenda Guerrero","@id":"https:\/\/blgnoticiassantodomingo.net\/#\/schema\/person\/e2fc21cf88acc63dbd134be981bff374"},"headline":"Vicegobernadora ve \u201cm\u00e1s entusiasmo\u201d de latinos por Trump que en 2016","datePublished":"2020-08-24T15:41:19+00:00","dateModified":"2020-08-24T15:41:20+00:00","mainEntityOfPage":{"@id":"https:\/\/blgnoticiassantodomingo.net\/index.php\/2020\/08\/24\/vicegobernadora-ve-mas-entusiasmo-de-latinos-por-trump-que-en-2016\/"},"wordCount":976,"commentCount":0,"publisher":{"@id":"https:\/\/blgnoticiassantodomingo.net\/#organization"},"image":{"@id":"https:\/\/blgnoticiassantodomingo.net\/index.php\/2020\/08\/24\/vicegobernadora-ve-mas-entusiasmo-de-latinos-por-trump-que-en-2016\/#primaryimage"},"thumbnailUrl":"https:\/\/blgnoticiassantodomingo.net\/wp-content\/uploads\/2020\/08\/Jeanette-Nunez-2-e1540251923405-1024x550-1.jpg","keywords":["Donald Trump","Miami","Vicegobernadora"],"articleSection":["Internacionales"],"inLanguage":"es","potentialAction":[{"@type":"CommentAction","name":"Comment","target":["https:\/\/blgnoticiassantodomingo.net\/index.php\/2020\/08\/24\/vicegobernadora-ve-mas-entusiasmo-de-latinos-por-trump-que-en-2016\/#respond"]}]},{"@type":"WebPage","@id":"https:\/\/blgnoticiassantodomingo.net\/index.php\/2020\/08\/24\/vicegobernadora-ve-mas-entusiasmo-de-latinos-por-trump-que-en-2016\/","url":"https:\/\/blgnoticiassantodomingo.net\/index.php\/2020\/08\/24\/vicegobernadora-ve-mas-entusiasmo-de-latinos-por-trump-que-en-2016\/","name":"Vicegobernadora ve \u201cm\u00e1s entusiasmo\u201d de latinos por Trump que en 2016 - BLG Noticias","isPartOf":{"@id":"https:\/\/blgnoticiassantodomingo.net\/#website"},"primaryImageOfPage":{"@id":"https:\/\/blgnoticiassantodomingo.net\/index.php\/2020\/08\/24\/vicegobernadora-ve-mas-entusiasmo-de-latinos-por-trump-que-en-2016\/#primaryimage"},"image":{"@id":"https:\/\/blgnoticiassantodomingo.net\/index.php\/2020\/08\/24\/vicegobernadora-ve-mas-entusiasmo-de-latinos-por-trump-que-en-2016\/#primaryimage"},"thumbnailUrl":"https:\/\/blgnoticiassantodomingo.net\/wp-content\/uploads\/2020\/08\/Jeanette-Nunez-2-e1540251923405-1024x550-1.jpg","datePublished":"2020-08-24T15:41:19+00:00","dateModified":"2020-08-24T15:41:20+00:00","breadcrumb":{"@id":"https:\/\/blgnoticiassantodomingo.net\/index.php\/2020\/08\/24\/vicegobernadora-ve-mas-entusiasmo-de-latinos-por-trump-que-en-2016\/#breadcrumb"},"inLanguage":"es","potentialAction":[{"@type":"ReadAction","target":["https:\/\/blgnoticiassantodomingo.net\/index.php\/2020\/08\/24\/vicegobernadora-ve-mas-entusiasmo-de-latinos-por-trump-que-en-2016\/"]}]},{"@type":"ImageObject","inLanguage":"es","@id":"https:\/\/blgnoticiassantodomingo.net\/index.php\/2020\/08\/24\/vicegobernadora-ve-mas-entusiasmo-de-latinos-por-trump-que-en-2016\/#primaryimage","url":"https:\/\/blgnoticiassantodomingo.net\/wp-content\/uploads\/2020\/08\/Jeanette-Nunez-2-e1540251923405-1024x550-1.jpg","contentUrl":"https:\/\/blgnoticiassantodomingo.net\/wp-content\/uploads\/2020\/08\/Jeanette-Nunez-2-e1540251923405-1024x550-1.jpg","width":1024,"height":550},{"@type":"BreadcrumbList","@id":"https:\/\/blgnoticiassantodomingo.net\/index.php\/2020\/08\/24\/vicegobernadora-ve-mas-entusiasmo-de-latinos-por-trump-que-en-2016\/#breadcrumb","itemListElement":[{"@type":"ListItem","position":1,"name":"Portada","item":"https:\/\/blgnoticiassantodomingo.net\/"},{"@type":"ListItem","position":2,"name":"Vicegobernadora ve \u201cm\u00e1s entusiasmo\u201d de latinos por Trump que en 2016"}]},{"@type":"WebSite","@id":"https:\/\/blgnoticiassantodomingo.net\/#website","url":"https:\/\/blgnoticiassantodomingo.net\/","name":"BLG Noticias","description":"Esto es Noticias","publisher":{"@id":"https:\/\/blgnoticiassantodomingo.net\/#organization"},"potentialAction":[{"@type":"SearchAction","target":{"@type":"EntryPoint","urlTemplate":"https:\/\/blgnoticiassantodomingo.net\/?s={search_term_string}"},"query-input":{"@type":"PropertyValueSpecification","valueRequired":true,"valueName":"search_term_string"}}],"inLanguage":"es"},{"@type":"Organization","@id":"https:\/\/blgnoticiassantodomingo.net\/#organization","name":"BLG Noticias","url":"https:\/\/blgnoticiassantodomingo.net\/","logo":{"@type":"ImageObject","inLanguage":"es","@id":"https:\/\/blgnoticiassantodomingo.net\/#\/schema\/logo\/image\/","url":"https:\/\/blgnoticiassantodomingo.net\/wp-content\/uploads\/2023\/12\/Diseno-sin-titulo-3.jpg","contentUrl":"https:\/\/blgnoticiassantodomingo.net\/wp-content\/uploads\/2023\/12\/Diseno-sin-titulo-3.jpg","width":500,"height":500,"caption":"BLG Noticias"},"image":{"@id":"https:\/\/blgnoticiassantodomingo.net\/#\/schema\/logo\/image\/"},"sameAs":["https:\/\/web.facebook.com\/BlgNoticias\/?locale=es_LA&_rdc=1&_rdr","https:\/\/x.com\/BlgNoticias","https:\/\/www.linkedin.com\/in\/brenda-l-santana-aa846279\/"]},{"@type":"Person","@id":"https:\/\/blgnoticiassantodomingo.net\/#\/schema\/person\/e2fc21cf88acc63dbd134be981bff374","name":"Brenda Guerrero","image":{"@type":"ImageObject","inLanguage":"es","@id":"https:\/\/blgnoticiassantodomingo.net\/#\/schema\/person\/image\/","url":"https:\/\/secure.gravatar.com\/avatar\/2f7fc4c3e3655be1580cb684bfd8ab19be702ae20879da1e072021daa02f9b8b?s=96&d=wp_user_avatar&r=g","contentUrl":"https:\/\/secure.gravatar.com\/avatar\/2f7fc4c3e3655be1580cb684bfd8ab19be702ae20879da1e072021daa02f9b8b?s=96&d=wp_user_avatar&r=g","caption":"Brenda Guerrero"},"description":"Periodista","url":"https:\/\/blgnoticiassantodomingo.net\/index.php\/author\/brenda-guerrero\/"}]}},"jetpack_featured_media_url":"https:\/\/blgnoticiassantodomingo.net\/wp-content\/uploads\/2020\/08\/Jeanette-Nunez-2-e1540251923405-1024x550-1.jpg","_links":{"self":[{"href":"https:\/\/blgnoticiassantodomingo.net\/index.php\/wp-json\/wp\/v2\/posts\/16899","targetHints":{"allow":["GET"]}}],"collection":[{"href":"https:\/\/blgnoticiassantodomingo.net\/index.php\/wp-json\/wp\/v2\/posts"}],"about":[{"href":"https:\/\/blgnoticiassantodomingo.net\/index.php\/wp-json\/wp\/v2\/types\/post"}],"author":[{"embeddable":true,"href":"https:\/\/blgnoticiassantodomingo.net\/index.php\/wp-json\/wp\/v2\/users\/2"}],"replies":[{"embeddable":true,"href":"https:\/\/blgnoticiassantodomingo.net\/index.php\/wp-json\/wp\/v2\/comments?post=16899"}],"version-history":[{"count":1,"href":"https:\/\/blgnoticiassantodomingo.net\/index.php\/wp-json\/wp\/v2\/posts\/16899\/revisions"}],"predecessor-version":[{"id":16901,"href":"https:\/\/blgnoticiassantodomingo.net\/index.php\/wp-json\/wp\/v2\/posts\/16899\/revisions\/16901"}],"wp:featuredmedia":[{"embeddable":true,"href":"https:\/\/blgnoticiassantodomingo.net\/index.php\/wp-json\/wp\/v2\/media\/16900"}],"wp:attachment":[{"href":"https:\/\/blgnoticiassantodomingo.net\/index.php\/wp-json\/wp\/v2\/media?parent=16899"}],"wp:term":[{"taxonomy":"category","embeddable":true,"href":"https:\/\/blgnoticiassantodomingo.net\/index.php\/wp-json\/wp\/v2\/categories?post=16899"},{"taxonomy":"post_tag","embeddable":true,"href":"https:\/\/blgnoticiassantodomingo.net\/index.php\/wp-json\/wp\/v2\/tags?post=16899"}],"curies":[{"name":"wp","href":"https:\/\/api.w.org\/{rel}","templated":true}]}}