{"id":16723,"date":"2020-08-22T17:56:52","date_gmt":"2020-08-22T16:56:52","guid":{"rendered":"http:\/\/blgnoticiassantodomingo.net\/?p=16723"},"modified":"2020-08-22T17:56:53","modified_gmt":"2020-08-22T16:56:53","slug":"ampliacion-y-modificacion-de-alerta-1100-am","status":"publish","type":"post","link":"https:\/\/blgnoticiassantodomingo.net\/index.php\/2020\/08\/22\/ampliacion-y-modificacion-de-alerta-1100-am\/","title":{"rendered":"Ampliaci\u00f3n y Modificaci\u00f3n de Alerta  11:00 am"},"content":{"rendered":"\n<pre class=\"wp-block-preformatted\"><strong>La Direcci\u00f3n del Centro de Operaciones de Emergencias (COE), informa que de acuerdo al bolet\u00edn\u00a0 meteorol\u00f3gico de las 10:00 a.m. el cual establece que el centro de la tormenta tropical LAURA se ubic\u00f3 en la latitud 17.8 norte y longitud 66.5 oeste, a unos 90 km al sur\/suroeste de San Juan, Puerto Rico y a unos 215 km al sureste de Cabo Enga\u00f1o. Se mueve hacia el oeste a unos 33 km\/h, con vientos m\u00e1ximos sostenidos de 65 km\/h. Presi\u00f3n m\u00ednima central de 1006 milibares.<\/strong><\/pre>\n\n\n\n<p>En virtud de lo anterior y lo establecido en el art\u00edculo 2 cap\u00edtulo 1, de la Ley 147-02, sobre Gesti\u00f3n de Riesgos,&nbsp; este Centro de Operaciones de Emergencias (COE),<strong> Modifica &nbsp;y Amplia <\/strong>&nbsp;los niveles de alerta por condiciones de tormenta tropical, <strong>amplia desde<\/strong> <strong>&nbsp;Cabo Enga\u00f1o hasta &nbsp;Punta Palenque y&nbsp; se mantiene desde Cabo Enga\u00f1o hasta&nbsp; la&nbsp; Bah\u00eda de Manzanillo en Montecristi, <\/strong><strong>Por lo que a partir de ahora regir\u00e1n los siguientes niveles de alerta<\/strong><\/p>\n\n\n\n<p><strong>PROVINCIAS BAJO ALERTA<\/strong><\/p>\n\n\n\n<figure class=\"wp-block-table\"><table><tbody><tr><td><strong>ROJA<\/strong><\/td><td><strong>AMARILLA<\/strong><\/td><td><strong>&nbsp; VERDE<\/strong><\/td><\/tr><tr><td><strong><em>La Altagracia<\/em><\/strong><\/td><td><strong><em>Puerto Plata<\/em><\/strong><\/td><td><strong><em>&nbsp;&nbsp; &nbsp;&nbsp;Monse\u00f1or Nouel&nbsp;&nbsp;&nbsp;<\/em><\/strong><\/td><td><strong><em>Monte Plata<\/em><\/strong><\/td><td><strong><em>&nbsp;&nbsp;Hermanas&nbsp; Mirabal<\/em><\/strong><\/td><td><strong><em>Dajab\u00f3n<\/em><\/strong><\/td><\/tr><tr><td><strong><em>Saman\u00e1<\/em><\/strong><\/td><td><strong><em>Montecristi<\/em><\/strong><\/td><td><strong><em>&nbsp;&nbsp;&nbsp; La Vega<\/em><\/strong><\/td><td><strong><em>Duarte<\/em><\/strong><\/td><td><strong><em>Independencia<\/em><\/strong><\/td><td><strong><em>Bahoruco&nbsp;<\/em><\/strong><\/td><\/tr><tr><td><strong><em>San Pedro de Macor\u00eds<\/em><\/strong><\/td><td><strong><em>Espaillat<\/em><\/strong><\/td><td><strong><em>&nbsp;&nbsp;S\u00e1nchez Ram\u00edrez<\/em><\/strong><\/td><td><strong><em>Santiago<\/em><\/strong><\/td><td><strong><em>&nbsp;Santiago Rodr\u00edguez<\/em><\/strong><\/td><td><strong><em>&nbsp;Pedernales<\/em><\/strong><\/td><\/tr><tr><td><strong><em>Hato Mayor<\/em><\/strong><\/td><td><strong><em>Mar\u00eda Trinidad S\u00e1nchez<\/em><\/strong><\/td><td><strong><em>&nbsp; &nbsp;&nbsp;Peravia<\/em><\/strong><\/td><td><strong><em>San Ju<\/em><\/strong><strong>an<\/strong><\/td><td><strong><em>El\u00edas Pi\u00f1a<\/em><\/strong><\/td><td><strong><em>Valverde<\/em><\/strong><\/td><\/tr><tr><td><strong><em>El Seibo&nbsp;<\/em><\/strong><\/td><td><strong><em>San Crist\u00f3bal<\/em><\/strong><\/td><td><strong><em>&nbsp;&nbsp;&nbsp;&nbsp; Azua<\/em><\/strong><\/td><td><strong><em>Barahona<\/em><\/strong><\/td><td><strong><em>&nbsp;<\/em><\/strong><\/td><td><strong><em>&nbsp;<\/em><\/strong><\/td><\/tr><tr><td><strong><em>San Jos\u00e9 de Ocoa<\/em><\/strong><\/td><td><strong><em>La Romana<\/em><\/strong><\/td><td><strong><em>&nbsp;<\/em><\/strong><\/td><td><strong><em>&nbsp;&nbsp;<\/em><\/strong><\/td><td><strong><em>&nbsp;<\/em><\/strong><\/td><td><strong><em>&nbsp;<\/em><\/strong><\/td><\/tr><tr><td><strong><em>Prov. Santo Domingo&nbsp;<\/em><\/strong><\/td><td><strong><em>El Distrito Nacional<\/em><\/strong><\/td><td><strong>&nbsp;<\/strong><\/td><td><strong>&nbsp;<\/strong><\/td><td><strong>&nbsp;<\/strong><\/td><td><strong>&nbsp;<\/strong><\/td><\/tr><tr><td><strong><em>TOTAL EN ROJO&nbsp;&nbsp;&nbsp; 14<\/em><\/strong><\/td><td><strong><em>TOTAL EN AMARILLA 10<\/em><\/strong><\/td><td><strong><em>TOTAL EN VERDE&nbsp; 8<\/em><\/strong><\/td><\/tr><\/tbody><\/table><\/figure>\n\n\n\n<figure class=\"wp-block-table\"><table><tbody><tr><td>&nbsp; ALERTA&nbsp; ROJA &nbsp;<\/td><td>Cuando el fen\u00f3meno tiene una alta probabilidad de impactar una zona, presentando efectos que generan da\u00f1os a las personas, los bienes, carreteras y a otras infraestructuras o al medio ambiente.<\/td><\/tr><tr><td>&nbsp; ALERTA AMARILLA &nbsp;<\/td><td>Cuando la tendencia ascendente del desarrollo del evento implica situaciones inminentes de riesgo y situaciones severas de emergencia.<\/td><\/tr><tr><td>&nbsp; ALERTA VERDE<\/td><td>Aquella que se declara cuando las expectativas de un fen\u00f3meno permiten prever la ocurrencia de un evento de car\u00e1cter peligroso para la poblaci\u00f3n. Puede ser parcial o total.<\/td><\/tr><\/tbody><\/table><\/figure>\n\n\n\n<p><strong>Prohibici\u00f3n:<\/strong><\/p>\n\n\n\n<ul class=\"wp-block-list\"><li>Se proh\u00edbe del uso de las playas y los deportes acu\u00e1ticos en todas las costas del pa\u00eds.<\/li><li>Se proh\u00edben todas las actividades recreativas en monta\u00f1a y el uso de balnearios en r\u00edos, pozas, canales y arroyos.<\/li><li>Las fr\u00e1giles, peque\u00f1as y medianas embarcaciones, deben permanecer en puerto.<\/li><\/ul>\n\n\n\n<p><strong>&nbsp;&nbsp;&nbsp;&nbsp;&nbsp;&nbsp;&nbsp;&nbsp;&nbsp;&nbsp;&nbsp; ACCION TOMADA:<\/strong><\/p>\n\n\n\n<ol class=\"wp-block-list\" type=\"1\"><li><strong>EL Excelent\u00edsimo Sr. Presidente constitucional de la Republica&nbsp; Lic. Luis Rodolfo Abinader Corona, <\/strong>se reuni\u00f3 &nbsp;con Las Instituciones del Sistema Nacional de Gesti\u00f3n de Riesgos y les Instruyo para que desarrollaran una respuesta organizada acorde al plan de establecido.<\/li><li><strong>Los&nbsp; Ministros de la Presidencia y Administrativo de la Presidencia<\/strong>, mantienen permanentemente comunicaci\u00f3n con la Direcci\u00f3n del Centro de Operaciones de Emergencia a fin de mantener informado al alto mando con relaci\u00f3n al desarrollo de este&nbsp; evento, apoyando con los recursos necesarios a trav\u00e9s del Plan Social de la Presidencia y de los&nbsp; Comedores Econ\u00f3micos.<\/li><li><strong>El Ministerio de Defensa<\/strong> se mantiene en comunicaci\u00f3n permanente con la Direcci\u00f3n del Centro de Operaciones de Emergencias, y Activa el Plan Rel\u00e1mpago en su Fase II<\/li><li><strong>Centro de Operaciones de emergencias <\/strong>activo su Plan de Contingencia y La Gu\u00eda Operativa Temporada de Huracanes- Covid-19.&nbsp;<\/li><li><strong>El Ministerio de Obras P\u00fablicas<\/strong>&nbsp; realiza Retiro de&nbsp; \u00e1rboles y escombros que caen en medio de las v\u00edas de los tramos Miches, B\u00e1varo, Nagua y Saman\u00e1.<\/li><li><strong>&nbsp;EDESUR Dominicana S.A.<\/strong>&nbsp; procede a la activaci\u00f3n de plan de contingencia en su fase I (orden preparatoria I<\/li><li><strong>Corporaci\u00f3n del Acueducto y Alcantarillado de Santo Domingo, Caassd<\/strong>, procedi\u00f3 a la&nbsp;&nbsp;&nbsp; activaci\u00f3n del su Comit\u00e9 de Emergencias.<\/li><li><strong>El Ministerio de Salud<\/strong> ordena la &nbsp;Activaci\u00f3n y declara en secci\u00f3n permanente el Comit\u00e9 operativo de emergencias en Salud (Coes).<\/li><li><strong>Instituto Nacional de la Vivienda (INVI)&nbsp; <\/strong>dispuso la conformaci\u00f3n y activaci\u00f3n de nuestro comit\u00e9 de emergencias, as\u00ed como la activaci\u00f3n y equipamiento de nuestras unidades de Acci\u00f3n R\u00e1pida y la realizaci\u00f3n de una reuni\u00f3n para planificar las acciones a tomar en caso de ser necesario.<\/li><li><strong>Corporaci\u00f3n del Acueducto y Alcantarillado de Santo Domingo, Caassd<\/strong>,&nbsp;&nbsp;&nbsp; procedi\u00f3 a la&nbsp;&nbsp;&nbsp; activaci\u00f3n del su Comit\u00e9 de Emergencias.<\/li><li><strong>&nbsp;&nbsp;El&nbsp; Instituto Nacional&nbsp; de Aguas Potables y Alcantarillados<\/strong> procedi\u00f3 a la&nbsp;&nbsp;&nbsp; activaci\u00f3n del su Comit\u00e9 de Emergencias.<\/li><li><strong>La comisi\u00f3n Militar y Policial del<\/strong><strong> <\/strong><strong>&nbsp;Ministerio de Obras P\u00fablicas<\/strong>&nbsp; procedi\u00f3 a la&nbsp;&nbsp;&nbsp; activaci\u00f3n del&nbsp; su Plan de Contingencia.&nbsp;<\/li><li><strong>La Defensa Civil<\/strong> activo su plan operativo.<\/li><li><strong>El Ministerio de Salud P\u00fablica (M.S.P.)<\/strong> y el Servicio Nacional de Salud (S.N.S.) activan sus Salas de Situaci\u00f3n.<\/li><\/ol>\n\n\n\n<p><strong>Las Direcciones Provinciales de Salud (D.P.S.)<\/strong> de las provincias bajo alerta disponen de personal m\u00e9dico y de apoyo en conjunto con las dem\u00e1s instituciones de primera respuesta para el recibo de personas <\/p>\n\n\n\n<ol class=\"wp-block-list\" type=\"1\"><li>desplazadas, y proceder con los debidos controles de distanciamiento social y de vigilancia para prevenci\u00f3n y detecci\u00f3n de casos de COVID 19.<\/li><li><strong>El Servicio Nacional de Salud (SNS<\/strong>), dispuso la&nbsp; activaci\u00f3n de&nbsp; los Comit\u00e9s de Emergencia y Desastres de los Servicios Regionales de Salud y de los Centros Hospitalarios para garantizar respuesta ante la demanda de servicios.<\/li><li><strong>El Servicio Nacional de Salud (S.N.S)<\/strong> dispuso que todos los Centros de Salud p\u00fablicos activen sus planes de contingencia ante eventos hidrometeorol\u00f3gicos.<\/li><li><strong>Las Empresas del Holding El\u00e9ctrico (CDEEE, ETED, EDENORTE, EDESUR, EGEHID, EDEESTE<\/strong>) activaron sus planes de emergencia, y han tomado las medidas de lugar para enfrentar y responder a contingencia tormenta Laura.<\/li><\/ol>\n\n\n\n<p><\/p>\n","protected":false},"excerpt":{"rendered":"<p>La Direcci\u00f3n del Centro de Operaciones de Emergencias (COE), informa que de acuerdo al bolet\u00edn\u00a0 meteorol\u00f3gico de las 10:00 a.m. el cual establece que el centro de la tormenta tropical LAURA se ubic\u00f3 en la latitud 17.8 norte y longitud 66.5 oeste, a unos 90 km al sur\/suroeste de San Juan, Puerto Rico y a [&hellip;]<\/p>\n","protected":false},"author":2,"featured_media":16724,"comment_status":"open","ping_status":"open","sticky":false,"template":"","format":"standard","meta":{"footnotes":""},"categories":[220],"tags":[643,3184],"class_list":{"0":"post-16723","1":"post","2":"type-post","3":"status-publish","4":"format-standard","5":"has-post-thumbnail","7":"category-nacionales","8":"tag-coe","9":"tag-tormenta-laura"},"yoast_head":"<!-- This site is optimized with the Yoast SEO plugin v24.9 - https:\/\/yoast.com\/wordpress\/plugins\/seo\/ -->\n<title>Ampliaci\u00f3n y Modificaci\u00f3n de Alerta 11:00 am - BLG Noticias<\/title>\n<meta name=\"robots\" content=\"index, follow, max-snippet:-1, max-image-preview:large, max-video-preview:-1\" \/>\n<link rel=\"canonical\" href=\"https:\/\/blgnoticiassantodomingo.net\/index.php\/2020\/08\/22\/ampliacion-y-modificacion-de-alerta-1100-am\/\" \/>\n<meta property=\"og:locale\" content=\"es_ES\" \/>\n<meta property=\"og:type\" content=\"article\" \/>\n<meta property=\"og:title\" content=\"Ampliaci\u00f3n y Modificaci\u00f3n de Alerta 11:00 am - BLG Noticias\" \/>\n<meta property=\"og:description\" content=\"La Direcci\u00f3n del Centro de Operaciones de Emergencias (COE), informa que de acuerdo al bolet\u00edn\u00a0 meteorol\u00f3gico de las 10:00 a.m. el cual establece que el centro de la tormenta tropical LAURA se ubic\u00f3 en la latitud 17.8 norte y longitud 66.5 oeste, a unos 90 km al sur\/suroeste de San Juan, Puerto Rico y a [&hellip;]\" \/>\n<meta property=\"og:url\" content=\"https:\/\/blgnoticiassantodomingo.net\/index.php\/2020\/08\/22\/ampliacion-y-modificacion-de-alerta-1100-am\/\" \/>\n<meta property=\"og:site_name\" content=\"BLG Noticias\" \/>\n<meta property=\"article:publisher\" content=\"https:\/\/web.facebook.com\/BlgNoticias\/?locale=es_LA&amp;_rdc=1&amp;_rdr\" \/>\n<meta property=\"article:published_time\" content=\"2020-08-22T16:56:52+00:00\" \/>\n<meta property=\"article:modified_time\" content=\"2020-08-22T16:56:53+00:00\" \/>\n<meta property=\"og:image\" content=\"https:\/\/blgnoticiassantodomingo.net\/wp-content\/uploads\/2020\/08\/852bb454-d3f4-435b-899e-b33d05ee9d2b.jpg\" \/>\n\t<meta property=\"og:image:width\" content=\"782\" \/>\n\t<meta property=\"og:image:height\" content=\"1046\" \/>\n\t<meta property=\"og:image:type\" content=\"image\/jpeg\" \/>\n<meta name=\"author\" content=\"Brenda Guerrero\" \/>\n<meta name=\"twitter:card\" content=\"summary_large_image\" \/>\n<meta name=\"twitter:creator\" content=\"@BlgNoticias\" \/>\n<meta name=\"twitter:site\" content=\"@BlgNoticias\" \/>\n<meta name=\"twitter:label1\" content=\"Escrito por\" \/>\n\t<meta name=\"twitter:data1\" content=\"Brenda Guerrero\" \/>\n\t<meta name=\"twitter:label2\" content=\"Tiempo de lectura\" \/>\n\t<meta name=\"twitter:data2\" content=\"5 minutos\" \/>\n<script type=\"application\/ld+json\" class=\"yoast-schema-graph\">{\"@context\":\"https:\/\/schema.org\",\"@graph\":[{\"@type\":\"Article\",\"@id\":\"https:\/\/blgnoticiassantodomingo.net\/index.php\/2020\/08\/22\/ampliacion-y-modificacion-de-alerta-1100-am\/#article\",\"isPartOf\":{\"@id\":\"https:\/\/blgnoticiassantodomingo.net\/index.php\/2020\/08\/22\/ampliacion-y-modificacion-de-alerta-1100-am\/\"},\"author\":{\"name\":\"Brenda Guerrero\",\"@id\":\"https:\/\/blgnoticiassantodomingo.net\/#\/schema\/person\/e2fc21cf88acc63dbd134be981bff374\"},\"headline\":\"Ampliaci\u00f3n y Modificaci\u00f3n de Alerta 11:00 am\",\"datePublished\":\"2020-08-22T16:56:52+00:00\",\"dateModified\":\"2020-08-22T16:56:53+00:00\",\"mainEntityOfPage\":{\"@id\":\"https:\/\/blgnoticiassantodomingo.net\/index.php\/2020\/08\/22\/ampliacion-y-modificacion-de-alerta-1100-am\/\"},\"wordCount\":960,\"commentCount\":0,\"publisher\":{\"@id\":\"https:\/\/blgnoticiassantodomingo.net\/#organization\"},\"image\":{\"@id\":\"https:\/\/blgnoticiassantodomingo.net\/index.php\/2020\/08\/22\/ampliacion-y-modificacion-de-alerta-1100-am\/#primaryimage\"},\"thumbnailUrl\":\"https:\/\/blgnoticiassantodomingo.net\/wp-content\/uploads\/2020\/08\/852bb454-d3f4-435b-899e-b33d05ee9d2b.jpg\",\"keywords\":[\"COE\",\"Tormenta Laura\"],\"articleSection\":[\"Nacionales\"],\"inLanguage\":\"es\",\"potentialAction\":[{\"@type\":\"CommentAction\",\"name\":\"Comment\",\"target\":[\"https:\/\/blgnoticiassantodomingo.net\/index.php\/2020\/08\/22\/ampliacion-y-modificacion-de-alerta-1100-am\/#respond\"]}]},{\"@type\":\"WebPage\",\"@id\":\"https:\/\/blgnoticiassantodomingo.net\/index.php\/2020\/08\/22\/ampliacion-y-modificacion-de-alerta-1100-am\/\",\"url\":\"https:\/\/blgnoticiassantodomingo.net\/index.php\/2020\/08\/22\/ampliacion-y-modificacion-de-alerta-1100-am\/\",\"name\":\"Ampliaci\u00f3n y Modificaci\u00f3n de Alerta 11:00 am - BLG Noticias\",\"isPartOf\":{\"@id\":\"https:\/\/blgnoticiassantodomingo.net\/#website\"},\"primaryImageOfPage\":{\"@id\":\"https:\/\/blgnoticiassantodomingo.net\/index.php\/2020\/08\/22\/ampliacion-y-modificacion-de-alerta-1100-am\/#primaryimage\"},\"image\":{\"@id\":\"https:\/\/blgnoticiassantodomingo.net\/index.php\/2020\/08\/22\/ampliacion-y-modificacion-de-alerta-1100-am\/#primaryimage\"},\"thumbnailUrl\":\"https:\/\/blgnoticiassantodomingo.net\/wp-content\/uploads\/2020\/08\/852bb454-d3f4-435b-899e-b33d05ee9d2b.jpg\",\"datePublished\":\"2020-08-22T16:56:52+00:00\",\"dateModified\":\"2020-08-22T16:56:53+00:00\",\"breadcrumb\":{\"@id\":\"https:\/\/blgnoticiassantodomingo.net\/index.php\/2020\/08\/22\/ampliacion-y-modificacion-de-alerta-1100-am\/#breadcrumb\"},\"inLanguage\":\"es\",\"potentialAction\":[{\"@type\":\"ReadAction\",\"target\":[\"https:\/\/blgnoticiassantodomingo.net\/index.php\/2020\/08\/22\/ampliacion-y-modificacion-de-alerta-1100-am\/\"]}]},{\"@type\":\"ImageObject\",\"inLanguage\":\"es\",\"@id\":\"https:\/\/blgnoticiassantodomingo.net\/index.php\/2020\/08\/22\/ampliacion-y-modificacion-de-alerta-1100-am\/#primaryimage\",\"url\":\"https:\/\/blgnoticiassantodomingo.net\/wp-content\/uploads\/2020\/08\/852bb454-d3f4-435b-899e-b33d05ee9d2b.jpg\",\"contentUrl\":\"https:\/\/blgnoticiassantodomingo.net\/wp-content\/uploads\/2020\/08\/852bb454-d3f4-435b-899e-b33d05ee9d2b.jpg\",\"width\":782,\"height\":1046},{\"@type\":\"BreadcrumbList\",\"@id\":\"https:\/\/blgnoticiassantodomingo.net\/index.php\/2020\/08\/22\/ampliacion-y-modificacion-de-alerta-1100-am\/#breadcrumb\",\"itemListElement\":[{\"@type\":\"ListItem\",\"position\":1,\"name\":\"Portada\",\"item\":\"https:\/\/blgnoticiassantodomingo.net\/\"},{\"@type\":\"ListItem\",\"position\":2,\"name\":\"Ampliaci\u00f3n y Modificaci\u00f3n de Alerta 11:00 am\"}]},{\"@type\":\"WebSite\",\"@id\":\"https:\/\/blgnoticiassantodomingo.net\/#website\",\"url\":\"https:\/\/blgnoticiassantodomingo.net\/\",\"name\":\"BLG Noticias\",\"description\":\"Esto es Noticias\",\"publisher\":{\"@id\":\"https:\/\/blgnoticiassantodomingo.net\/#organization\"},\"potentialAction\":[{\"@type\":\"SearchAction\",\"target\":{\"@type\":\"EntryPoint\",\"urlTemplate\":\"https:\/\/blgnoticiassantodomingo.net\/?s={search_term_string}\"},\"query-input\":{\"@type\":\"PropertyValueSpecification\",\"valueRequired\":true,\"valueName\":\"search_term_string\"}}],\"inLanguage\":\"es\"},{\"@type\":\"Organization\",\"@id\":\"https:\/\/blgnoticiassantodomingo.net\/#organization\",\"name\":\"BLG Noticias\",\"url\":\"https:\/\/blgnoticiassantodomingo.net\/\",\"logo\":{\"@type\":\"ImageObject\",\"inLanguage\":\"es\",\"@id\":\"https:\/\/blgnoticiassantodomingo.net\/#\/schema\/logo\/image\/\",\"url\":\"https:\/\/blgnoticiassantodomingo.net\/wp-content\/uploads\/2023\/12\/Diseno-sin-titulo-3.jpg\",\"contentUrl\":\"https:\/\/blgnoticiassantodomingo.net\/wp-content\/uploads\/2023\/12\/Diseno-sin-titulo-3.jpg\",\"width\":500,\"height\":500,\"caption\":\"BLG Noticias\"},\"image\":{\"@id\":\"https:\/\/blgnoticiassantodomingo.net\/#\/schema\/logo\/image\/\"},\"sameAs\":[\"https:\/\/web.facebook.com\/BlgNoticias\/?locale=es_LA&_rdc=1&_rdr\",\"https:\/\/x.com\/BlgNoticias\",\"https:\/\/www.linkedin.com\/in\/brenda-l-santana-aa846279\/\"]},{\"@type\":\"Person\",\"@id\":\"https:\/\/blgnoticiassantodomingo.net\/#\/schema\/person\/e2fc21cf88acc63dbd134be981bff374\",\"name\":\"Brenda Guerrero\",\"image\":{\"@type\":\"ImageObject\",\"inLanguage\":\"es\",\"@id\":\"https:\/\/blgnoticiassantodomingo.net\/#\/schema\/person\/image\/\",\"url\":\"https:\/\/secure.gravatar.com\/avatar\/2f7fc4c3e3655be1580cb684bfd8ab19be702ae20879da1e072021daa02f9b8b?s=96&d=wp_user_avatar&r=g\",\"contentUrl\":\"https:\/\/secure.gravatar.com\/avatar\/2f7fc4c3e3655be1580cb684bfd8ab19be702ae20879da1e072021daa02f9b8b?s=96&d=wp_user_avatar&r=g\",\"caption\":\"Brenda Guerrero\"},\"description\":\"Periodista\",\"url\":\"https:\/\/blgnoticiassantodomingo.net\/index.php\/author\/brenda-guerrero\/\"}]}<\/script>\n<!-- \/ Yoast SEO plugin. -->","yoast_head_json":{"title":"Ampliaci\u00f3n y Modificaci\u00f3n de Alerta 11:00 am - BLG Noticias","robots":{"index":"index","follow":"follow","max-snippet":"max-snippet:-1","max-image-preview":"max-image-preview:large","max-video-preview":"max-video-preview:-1"},"canonical":"https:\/\/blgnoticiassantodomingo.net\/index.php\/2020\/08\/22\/ampliacion-y-modificacion-de-alerta-1100-am\/","og_locale":"es_ES","og_type":"article","og_title":"Ampliaci\u00f3n y Modificaci\u00f3n de Alerta 11:00 am - BLG Noticias","og_description":"La Direcci\u00f3n del Centro de Operaciones de Emergencias (COE), informa que de acuerdo al bolet\u00edn\u00a0 meteorol\u00f3gico de las 10:00 a.m. el cual establece que el centro de la tormenta tropical LAURA se ubic\u00f3 en la latitud 17.8 norte y longitud 66.5 oeste, a unos 90 km al sur\/suroeste de San Juan, Puerto Rico y a [&hellip;]","og_url":"https:\/\/blgnoticiassantodomingo.net\/index.php\/2020\/08\/22\/ampliacion-y-modificacion-de-alerta-1100-am\/","og_site_name":"BLG Noticias","article_publisher":"https:\/\/web.facebook.com\/BlgNoticias\/?locale=es_LA&_rdc=1&_rdr","article_published_time":"2020-08-22T16:56:52+00:00","article_modified_time":"2020-08-22T16:56:53+00:00","og_image":[{"width":782,"height":1046,"url":"https:\/\/blgnoticiassantodomingo.net\/wp-content\/uploads\/2020\/08\/852bb454-d3f4-435b-899e-b33d05ee9d2b.jpg","type":"image\/jpeg"}],"author":"Brenda Guerrero","twitter_card":"summary_large_image","twitter_creator":"@BlgNoticias","twitter_site":"@BlgNoticias","twitter_misc":{"Escrito por":"Brenda Guerrero","Tiempo de lectura":"5 minutos"},"schema":{"@context":"https:\/\/schema.org","@graph":[{"@type":"Article","@id":"https:\/\/blgnoticiassantodomingo.net\/index.php\/2020\/08\/22\/ampliacion-y-modificacion-de-alerta-1100-am\/#article","isPartOf":{"@id":"https:\/\/blgnoticiassantodomingo.net\/index.php\/2020\/08\/22\/ampliacion-y-modificacion-de-alerta-1100-am\/"},"author":{"name":"Brenda Guerrero","@id":"https:\/\/blgnoticiassantodomingo.net\/#\/schema\/person\/e2fc21cf88acc63dbd134be981bff374"},"headline":"Ampliaci\u00f3n y Modificaci\u00f3n de Alerta 11:00 am","datePublished":"2020-08-22T16:56:52+00:00","dateModified":"2020-08-22T16:56:53+00:00","mainEntityOfPage":{"@id":"https:\/\/blgnoticiassantodomingo.net\/index.php\/2020\/08\/22\/ampliacion-y-modificacion-de-alerta-1100-am\/"},"wordCount":960,"commentCount":0,"publisher":{"@id":"https:\/\/blgnoticiassantodomingo.net\/#organization"},"image":{"@id":"https:\/\/blgnoticiassantodomingo.net\/index.php\/2020\/08\/22\/ampliacion-y-modificacion-de-alerta-1100-am\/#primaryimage"},"thumbnailUrl":"https:\/\/blgnoticiassantodomingo.net\/wp-content\/uploads\/2020\/08\/852bb454-d3f4-435b-899e-b33d05ee9d2b.jpg","keywords":["COE","Tormenta Laura"],"articleSection":["Nacionales"],"inLanguage":"es","potentialAction":[{"@type":"CommentAction","name":"Comment","target":["https:\/\/blgnoticiassantodomingo.net\/index.php\/2020\/08\/22\/ampliacion-y-modificacion-de-alerta-1100-am\/#respond"]}]},{"@type":"WebPage","@id":"https:\/\/blgnoticiassantodomingo.net\/index.php\/2020\/08\/22\/ampliacion-y-modificacion-de-alerta-1100-am\/","url":"https:\/\/blgnoticiassantodomingo.net\/index.php\/2020\/08\/22\/ampliacion-y-modificacion-de-alerta-1100-am\/","name":"Ampliaci\u00f3n y Modificaci\u00f3n de Alerta 11:00 am - BLG Noticias","isPartOf":{"@id":"https:\/\/blgnoticiassantodomingo.net\/#website"},"primaryImageOfPage":{"@id":"https:\/\/blgnoticiassantodomingo.net\/index.php\/2020\/08\/22\/ampliacion-y-modificacion-de-alerta-1100-am\/#primaryimage"},"image":{"@id":"https:\/\/blgnoticiassantodomingo.net\/index.php\/2020\/08\/22\/ampliacion-y-modificacion-de-alerta-1100-am\/#primaryimage"},"thumbnailUrl":"https:\/\/blgnoticiassantodomingo.net\/wp-content\/uploads\/2020\/08\/852bb454-d3f4-435b-899e-b33d05ee9d2b.jpg","datePublished":"2020-08-22T16:56:52+00:00","dateModified":"2020-08-22T16:56:53+00:00","breadcrumb":{"@id":"https:\/\/blgnoticiassantodomingo.net\/index.php\/2020\/08\/22\/ampliacion-y-modificacion-de-alerta-1100-am\/#breadcrumb"},"inLanguage":"es","potentialAction":[{"@type":"ReadAction","target":["https:\/\/blgnoticiassantodomingo.net\/index.php\/2020\/08\/22\/ampliacion-y-modificacion-de-alerta-1100-am\/"]}]},{"@type":"ImageObject","inLanguage":"es","@id":"https:\/\/blgnoticiassantodomingo.net\/index.php\/2020\/08\/22\/ampliacion-y-modificacion-de-alerta-1100-am\/#primaryimage","url":"https:\/\/blgnoticiassantodomingo.net\/wp-content\/uploads\/2020\/08\/852bb454-d3f4-435b-899e-b33d05ee9d2b.jpg","contentUrl":"https:\/\/blgnoticiassantodomingo.net\/wp-content\/uploads\/2020\/08\/852bb454-d3f4-435b-899e-b33d05ee9d2b.jpg","width":782,"height":1046},{"@type":"BreadcrumbList","@id":"https:\/\/blgnoticiassantodomingo.net\/index.php\/2020\/08\/22\/ampliacion-y-modificacion-de-alerta-1100-am\/#breadcrumb","itemListElement":[{"@type":"ListItem","position":1,"name":"Portada","item":"https:\/\/blgnoticiassantodomingo.net\/"},{"@type":"ListItem","position":2,"name":"Ampliaci\u00f3n y Modificaci\u00f3n de Alerta 11:00 am"}]},{"@type":"WebSite","@id":"https:\/\/blgnoticiassantodomingo.net\/#website","url":"https:\/\/blgnoticiassantodomingo.net\/","name":"BLG Noticias","description":"Esto es Noticias","publisher":{"@id":"https:\/\/blgnoticiassantodomingo.net\/#organization"},"potentialAction":[{"@type":"SearchAction","target":{"@type":"EntryPoint","urlTemplate":"https:\/\/blgnoticiassantodomingo.net\/?s={search_term_string}"},"query-input":{"@type":"PropertyValueSpecification","valueRequired":true,"valueName":"search_term_string"}}],"inLanguage":"es"},{"@type":"Organization","@id":"https:\/\/blgnoticiassantodomingo.net\/#organization","name":"BLG Noticias","url":"https:\/\/blgnoticiassantodomingo.net\/","logo":{"@type":"ImageObject","inLanguage":"es","@id":"https:\/\/blgnoticiassantodomingo.net\/#\/schema\/logo\/image\/","url":"https:\/\/blgnoticiassantodomingo.net\/wp-content\/uploads\/2023\/12\/Diseno-sin-titulo-3.jpg","contentUrl":"https:\/\/blgnoticiassantodomingo.net\/wp-content\/uploads\/2023\/12\/Diseno-sin-titulo-3.jpg","width":500,"height":500,"caption":"BLG Noticias"},"image":{"@id":"https:\/\/blgnoticiassantodomingo.net\/#\/schema\/logo\/image\/"},"sameAs":["https:\/\/web.facebook.com\/BlgNoticias\/?locale=es_LA&_rdc=1&_rdr","https:\/\/x.com\/BlgNoticias","https:\/\/www.linkedin.com\/in\/brenda-l-santana-aa846279\/"]},{"@type":"Person","@id":"https:\/\/blgnoticiassantodomingo.net\/#\/schema\/person\/e2fc21cf88acc63dbd134be981bff374","name":"Brenda Guerrero","image":{"@type":"ImageObject","inLanguage":"es","@id":"https:\/\/blgnoticiassantodomingo.net\/#\/schema\/person\/image\/","url":"https:\/\/secure.gravatar.com\/avatar\/2f7fc4c3e3655be1580cb684bfd8ab19be702ae20879da1e072021daa02f9b8b?s=96&d=wp_user_avatar&r=g","contentUrl":"https:\/\/secure.gravatar.com\/avatar\/2f7fc4c3e3655be1580cb684bfd8ab19be702ae20879da1e072021daa02f9b8b?s=96&d=wp_user_avatar&r=g","caption":"Brenda Guerrero"},"description":"Periodista","url":"https:\/\/blgnoticiassantodomingo.net\/index.php\/author\/brenda-guerrero\/"}]}},"jetpack_featured_media_url":"https:\/\/blgnoticiassantodomingo.net\/wp-content\/uploads\/2020\/08\/852bb454-d3f4-435b-899e-b33d05ee9d2b.jpg","_links":{"self":[{"href":"https:\/\/blgnoticiassantodomingo.net\/index.php\/wp-json\/wp\/v2\/posts\/16723","targetHints":{"allow":["GET"]}}],"collection":[{"href":"https:\/\/blgnoticiassantodomingo.net\/index.php\/wp-json\/wp\/v2\/posts"}],"about":[{"href":"https:\/\/blgnoticiassantodomingo.net\/index.php\/wp-json\/wp\/v2\/types\/post"}],"author":[{"embeddable":true,"href":"https:\/\/blgnoticiassantodomingo.net\/index.php\/wp-json\/wp\/v2\/users\/2"}],"replies":[{"embeddable":true,"href":"https:\/\/blgnoticiassantodomingo.net\/index.php\/wp-json\/wp\/v2\/comments?post=16723"}],"version-history":[{"count":1,"href":"https:\/\/blgnoticiassantodomingo.net\/index.php\/wp-json\/wp\/v2\/posts\/16723\/revisions"}],"predecessor-version":[{"id":16725,"href":"https:\/\/blgnoticiassantodomingo.net\/index.php\/wp-json\/wp\/v2\/posts\/16723\/revisions\/16725"}],"wp:featuredmedia":[{"embeddable":true,"href":"https:\/\/blgnoticiassantodomingo.net\/index.php\/wp-json\/wp\/v2\/media\/16724"}],"wp:attachment":[{"href":"https:\/\/blgnoticiassantodomingo.net\/index.php\/wp-json\/wp\/v2\/media?parent=16723"}],"wp:term":[{"taxonomy":"category","embeddable":true,"href":"https:\/\/blgnoticiassantodomingo.net\/index.php\/wp-json\/wp\/v2\/categories?post=16723"},{"taxonomy":"post_tag","embeddable":true,"href":"https:\/\/blgnoticiassantodomingo.net\/index.php\/wp-json\/wp\/v2\/tags?post=16723"}],"curies":[{"name":"wp","href":"https:\/\/api.w.org\/{rel}","templated":true}]}}