{"id":16720,"date":"2020-08-22T04:06:00","date_gmt":"2020-08-22T03:06:00","guid":{"rendered":"http:\/\/blgnoticiassantodomingo.net\/?p=16720"},"modified":"2020-08-22T04:06:02","modified_gmt":"2020-08-22T03:06:02","slug":"presidente-abinader-designa-por-decreto-a-mario-lama-como-director-ejecutivo-del-sns","status":"publish","type":"post","link":"https:\/\/blgnoticiassantodomingo.net\/index.php\/2020\/08\/22\/presidente-abinader-designa-por-decreto-a-mario-lama-como-director-ejecutivo-del-sns\/","title":{"rendered":"Presidente Abinader designa por decreto a Mario Lama como director ejecutivo del SNS"},"content":{"rendered":"\n<p><strong><em>Santo Domingo.-\u00a0<\/em><\/strong>Mediante el decreto n\u00famero 378-20, el presidente de la Rep\u00fablica, Luis Abinader, design\u00f3 este viernes al doctor Mario Lama Olivero como director ejecutivo del Servicio Nacional de Salud (SNS).<\/p>\n\n\n\n<p>La designaci\u00f3n se realiz\u00f3 de una terna propuesta por el Ministerio de Salud P\u00fablica y Asistencia Social (MSPAS), previa aprobaci\u00f3n del Consejo Directivo del Servicio Nacional de Salud, seg\u00fan lo establece la Ley n\u00famero 123-15 que crea el SNS.<\/p>\n\n\n\n<p>Se recuerda que el pasado 19 de agosto el Consejo Directivo del SNS sostuvo una reuni\u00f3n extraordinaria y emiti\u00f3 la Resoluci\u00f3n n\u00famero Uno, recomendando al Poder Ejecutivo la terna compuesta por tres candidatos, entre ellos el doctor Lama, quien result\u00f3 seleccionado por el primer mandatario.<\/p>\n\n\n\n<p>El nuevo titular del SNS es egresado de la Escuela de Medicina de la Universidad Iberoamericana (UNIBE), en el 1997 obtuvo el t\u00edtulo en Obstetricia y Ginecolog\u00eda de la Universidad Aut\u00f3noma de Santo Domingo (UASD), del Hospital Central de las FF. AA. y Polic\u00eda Nacional, con la mejor calificaci\u00f3n como residente de primer, segundo y tercer a\u00f1o, desempe\u00f1\u00e1ndose adem\u00e1s como Jefe de Residentes.<\/p>\n\n\n\n<p>Lama tiene un diplomado en Endocrinolog\u00eda de la Reproducci\u00f3n de la Universidad de Alcal\u00e1 y ha realizado numerosos cursos para el manejo de la patolog\u00eda del tracto genital inferior y colposcopia y prevenci\u00f3n del c\u00e1ncer cervicouterino.<\/p>\n","protected":false},"excerpt":{"rendered":"<p>Santo Domingo.-\u00a0Mediante el decreto n\u00famero 378-20, el presidente de la Rep\u00fablica, Luis Abinader, design\u00f3 este viernes al doctor Mario Lama Olivero como director ejecutivo del Servicio Nacional de Salud (SNS). La designaci\u00f3n se realiz\u00f3 de una terna propuesta por el Ministerio de Salud P\u00fablica y Asistencia Social (MSPAS), previa aprobaci\u00f3n del Consejo Directivo del Servicio [&hellip;]<\/p>\n","protected":false},"author":2,"featured_media":16721,"comment_status":"open","ping_status":"open","sticky":false,"template":"","format":"standard","meta":{"footnotes":""},"categories":[220],"tags":[339,1931],"class_list":{"0":"post-16720","1":"post","2":"type-post","3":"status-publish","4":"format-standard","5":"has-post-thumbnail","7":"category-nacionales","8":"tag-mario-lama","9":"tag-servicio-nacional-de-salud"},"yoast_head":"<!-- This site is optimized with the Yoast SEO plugin v24.9 - https:\/\/yoast.com\/wordpress\/plugins\/seo\/ -->\n<title>Presidente Abinader designa por decreto a Mario Lama como director ejecutivo del SNS - BLG Noticias<\/title>\n<meta name=\"robots\" content=\"index, follow, max-snippet:-1, max-image-preview:large, max-video-preview:-1\" \/>\n<link rel=\"canonical\" href=\"https:\/\/blgnoticiassantodomingo.net\/index.php\/2020\/08\/22\/presidente-abinader-designa-por-decreto-a-mario-lama-como-director-ejecutivo-del-sns\/\" \/>\n<meta property=\"og:locale\" content=\"es_ES\" \/>\n<meta property=\"og:type\" content=\"article\" \/>\n<meta property=\"og:title\" content=\"Presidente Abinader designa por decreto a Mario Lama como director ejecutivo del SNS - BLG Noticias\" \/>\n<meta property=\"og:description\" content=\"Santo Domingo.-\u00a0Mediante el decreto n\u00famero 378-20, el presidente de la Rep\u00fablica, Luis Abinader, design\u00f3 este viernes al doctor Mario Lama Olivero como director ejecutivo del Servicio Nacional de Salud (SNS). La designaci\u00f3n se realiz\u00f3 de una terna propuesta por el Ministerio de Salud P\u00fablica y Asistencia Social (MSPAS), previa aprobaci\u00f3n del Consejo Directivo del Servicio [&hellip;]\" \/>\n<meta property=\"og:url\" content=\"https:\/\/blgnoticiassantodomingo.net\/index.php\/2020\/08\/22\/presidente-abinader-designa-por-decreto-a-mario-lama-como-director-ejecutivo-del-sns\/\" \/>\n<meta property=\"og:site_name\" content=\"BLG Noticias\" \/>\n<meta property=\"article:publisher\" content=\"https:\/\/web.facebook.com\/BlgNoticias\/?locale=es_LA&amp;_rdc=1&amp;_rdr\" \/>\n<meta property=\"article:published_time\" content=\"2020-08-22T03:06:00+00:00\" \/>\n<meta property=\"article:modified_time\" content=\"2020-08-22T03:06:02+00:00\" \/>\n<meta property=\"og:image\" content=\"https:\/\/blgnoticiassantodomingo.net\/wp-content\/uploads\/2020\/08\/unnamed-9.jpg\" \/>\n\t<meta property=\"og:image:width\" content=\"1280\" \/>\n\t<meta property=\"og:image:height\" content=\"852\" \/>\n\t<meta property=\"og:image:type\" content=\"image\/jpeg\" \/>\n<meta name=\"author\" content=\"Brenda Guerrero\" \/>\n<meta name=\"twitter:card\" content=\"summary_large_image\" \/>\n<meta name=\"twitter:creator\" content=\"@BlgNoticias\" \/>\n<meta name=\"twitter:site\" content=\"@BlgNoticias\" \/>\n<meta name=\"twitter:label1\" content=\"Escrito por\" \/>\n\t<meta name=\"twitter:data1\" content=\"Brenda Guerrero\" \/>\n\t<meta name=\"twitter:label2\" content=\"Tiempo de lectura\" \/>\n\t<meta name=\"twitter:data2\" content=\"1 minuto\" \/>\n<script type=\"application\/ld+json\" class=\"yoast-schema-graph\">{\"@context\":\"https:\/\/schema.org\",\"@graph\":[{\"@type\":\"Article\",\"@id\":\"https:\/\/blgnoticiassantodomingo.net\/index.php\/2020\/08\/22\/presidente-abinader-designa-por-decreto-a-mario-lama-como-director-ejecutivo-del-sns\/#article\",\"isPartOf\":{\"@id\":\"https:\/\/blgnoticiassantodomingo.net\/index.php\/2020\/08\/22\/presidente-abinader-designa-por-decreto-a-mario-lama-como-director-ejecutivo-del-sns\/\"},\"author\":{\"name\":\"Brenda Guerrero\",\"@id\":\"https:\/\/blgnoticiassantodomingo.net\/#\/schema\/person\/e2fc21cf88acc63dbd134be981bff374\"},\"headline\":\"Presidente Abinader designa por decreto a Mario Lama como director ejecutivo del SNS\",\"datePublished\":\"2020-08-22T03:06:00+00:00\",\"dateModified\":\"2020-08-22T03:06:02+00:00\",\"mainEntityOfPage\":{\"@id\":\"https:\/\/blgnoticiassantodomingo.net\/index.php\/2020\/08\/22\/presidente-abinader-designa-por-decreto-a-mario-lama-como-director-ejecutivo-del-sns\/\"},\"wordCount\":249,\"commentCount\":0,\"publisher\":{\"@id\":\"https:\/\/blgnoticiassantodomingo.net\/#organization\"},\"image\":{\"@id\":\"https:\/\/blgnoticiassantodomingo.net\/index.php\/2020\/08\/22\/presidente-abinader-designa-por-decreto-a-mario-lama-como-director-ejecutivo-del-sns\/#primaryimage\"},\"thumbnailUrl\":\"https:\/\/blgnoticiassantodomingo.net\/wp-content\/uploads\/2020\/08\/unnamed-9.jpg\",\"keywords\":[\"Mario Lama\",\"Servicio Nacional de Salud\"],\"articleSection\":[\"Nacionales\"],\"inLanguage\":\"es\",\"potentialAction\":[{\"@type\":\"CommentAction\",\"name\":\"Comment\",\"target\":[\"https:\/\/blgnoticiassantodomingo.net\/index.php\/2020\/08\/22\/presidente-abinader-designa-por-decreto-a-mario-lama-como-director-ejecutivo-del-sns\/#respond\"]}]},{\"@type\":\"WebPage\",\"@id\":\"https:\/\/blgnoticiassantodomingo.net\/index.php\/2020\/08\/22\/presidente-abinader-designa-por-decreto-a-mario-lama-como-director-ejecutivo-del-sns\/\",\"url\":\"https:\/\/blgnoticiassantodomingo.net\/index.php\/2020\/08\/22\/presidente-abinader-designa-por-decreto-a-mario-lama-como-director-ejecutivo-del-sns\/\",\"name\":\"Presidente Abinader designa por decreto a Mario Lama como director ejecutivo del SNS - BLG Noticias\",\"isPartOf\":{\"@id\":\"https:\/\/blgnoticiassantodomingo.net\/#website\"},\"primaryImageOfPage\":{\"@id\":\"https:\/\/blgnoticiassantodomingo.net\/index.php\/2020\/08\/22\/presidente-abinader-designa-por-decreto-a-mario-lama-como-director-ejecutivo-del-sns\/#primaryimage\"},\"image\":{\"@id\":\"https:\/\/blgnoticiassantodomingo.net\/index.php\/2020\/08\/22\/presidente-abinader-designa-por-decreto-a-mario-lama-como-director-ejecutivo-del-sns\/#primaryimage\"},\"thumbnailUrl\":\"https:\/\/blgnoticiassantodomingo.net\/wp-content\/uploads\/2020\/08\/unnamed-9.jpg\",\"datePublished\":\"2020-08-22T03:06:00+00:00\",\"dateModified\":\"2020-08-22T03:06:02+00:00\",\"breadcrumb\":{\"@id\":\"https:\/\/blgnoticiassantodomingo.net\/index.php\/2020\/08\/22\/presidente-abinader-designa-por-decreto-a-mario-lama-como-director-ejecutivo-del-sns\/#breadcrumb\"},\"inLanguage\":\"es\",\"potentialAction\":[{\"@type\":\"ReadAction\",\"target\":[\"https:\/\/blgnoticiassantodomingo.net\/index.php\/2020\/08\/22\/presidente-abinader-designa-por-decreto-a-mario-lama-como-director-ejecutivo-del-sns\/\"]}]},{\"@type\":\"ImageObject\",\"inLanguage\":\"es\",\"@id\":\"https:\/\/blgnoticiassantodomingo.net\/index.php\/2020\/08\/22\/presidente-abinader-designa-por-decreto-a-mario-lama-como-director-ejecutivo-del-sns\/#primaryimage\",\"url\":\"https:\/\/blgnoticiassantodomingo.net\/wp-content\/uploads\/2020\/08\/unnamed-9.jpg\",\"contentUrl\":\"https:\/\/blgnoticiassantodomingo.net\/wp-content\/uploads\/2020\/08\/unnamed-9.jpg\",\"width\":1280,\"height\":852},{\"@type\":\"BreadcrumbList\",\"@id\":\"https:\/\/blgnoticiassantodomingo.net\/index.php\/2020\/08\/22\/presidente-abinader-designa-por-decreto-a-mario-lama-como-director-ejecutivo-del-sns\/#breadcrumb\",\"itemListElement\":[{\"@type\":\"ListItem\",\"position\":1,\"name\":\"Portada\",\"item\":\"https:\/\/blgnoticiassantodomingo.net\/\"},{\"@type\":\"ListItem\",\"position\":2,\"name\":\"Presidente Abinader designa por decreto a Mario Lama como director ejecutivo del SNS\"}]},{\"@type\":\"WebSite\",\"@id\":\"https:\/\/blgnoticiassantodomingo.net\/#website\",\"url\":\"https:\/\/blgnoticiassantodomingo.net\/\",\"name\":\"BLG Noticias\",\"description\":\"Esto es Noticias\",\"publisher\":{\"@id\":\"https:\/\/blgnoticiassantodomingo.net\/#organization\"},\"potentialAction\":[{\"@type\":\"SearchAction\",\"target\":{\"@type\":\"EntryPoint\",\"urlTemplate\":\"https:\/\/blgnoticiassantodomingo.net\/?s={search_term_string}\"},\"query-input\":{\"@type\":\"PropertyValueSpecification\",\"valueRequired\":true,\"valueName\":\"search_term_string\"}}],\"inLanguage\":\"es\"},{\"@type\":\"Organization\",\"@id\":\"https:\/\/blgnoticiassantodomingo.net\/#organization\",\"name\":\"BLG Noticias\",\"url\":\"https:\/\/blgnoticiassantodomingo.net\/\",\"logo\":{\"@type\":\"ImageObject\",\"inLanguage\":\"es\",\"@id\":\"https:\/\/blgnoticiassantodomingo.net\/#\/schema\/logo\/image\/\",\"url\":\"https:\/\/blgnoticiassantodomingo.net\/wp-content\/uploads\/2023\/12\/Diseno-sin-titulo-3.jpg\",\"contentUrl\":\"https:\/\/blgnoticiassantodomingo.net\/wp-content\/uploads\/2023\/12\/Diseno-sin-titulo-3.jpg\",\"width\":500,\"height\":500,\"caption\":\"BLG Noticias\"},\"image\":{\"@id\":\"https:\/\/blgnoticiassantodomingo.net\/#\/schema\/logo\/image\/\"},\"sameAs\":[\"https:\/\/web.facebook.com\/BlgNoticias\/?locale=es_LA&_rdc=1&_rdr\",\"https:\/\/x.com\/BlgNoticias\",\"https:\/\/www.linkedin.com\/in\/brenda-l-santana-aa846279\/\"]},{\"@type\":\"Person\",\"@id\":\"https:\/\/blgnoticiassantodomingo.net\/#\/schema\/person\/e2fc21cf88acc63dbd134be981bff374\",\"name\":\"Brenda Guerrero\",\"image\":{\"@type\":\"ImageObject\",\"inLanguage\":\"es\",\"@id\":\"https:\/\/blgnoticiassantodomingo.net\/#\/schema\/person\/image\/\",\"url\":\"https:\/\/secure.gravatar.com\/avatar\/2f7fc4c3e3655be1580cb684bfd8ab19be702ae20879da1e072021daa02f9b8b?s=96&d=wp_user_avatar&r=g\",\"contentUrl\":\"https:\/\/secure.gravatar.com\/avatar\/2f7fc4c3e3655be1580cb684bfd8ab19be702ae20879da1e072021daa02f9b8b?s=96&d=wp_user_avatar&r=g\",\"caption\":\"Brenda Guerrero\"},\"description\":\"Periodista\",\"url\":\"https:\/\/blgnoticiassantodomingo.net\/index.php\/author\/brenda-guerrero\/\"}]}<\/script>\n<!-- \/ Yoast SEO plugin. -->","yoast_head_json":{"title":"Presidente Abinader designa por decreto a Mario Lama como director ejecutivo del SNS - BLG Noticias","robots":{"index":"index","follow":"follow","max-snippet":"max-snippet:-1","max-image-preview":"max-image-preview:large","max-video-preview":"max-video-preview:-1"},"canonical":"https:\/\/blgnoticiassantodomingo.net\/index.php\/2020\/08\/22\/presidente-abinader-designa-por-decreto-a-mario-lama-como-director-ejecutivo-del-sns\/","og_locale":"es_ES","og_type":"article","og_title":"Presidente Abinader designa por decreto a Mario Lama como director ejecutivo del SNS - BLG Noticias","og_description":"Santo Domingo.-\u00a0Mediante el decreto n\u00famero 378-20, el presidente de la Rep\u00fablica, Luis Abinader, design\u00f3 este viernes al doctor Mario Lama Olivero como director ejecutivo del Servicio Nacional de Salud (SNS). La designaci\u00f3n se realiz\u00f3 de una terna propuesta por el Ministerio de Salud P\u00fablica y Asistencia Social (MSPAS), previa aprobaci\u00f3n del Consejo Directivo del Servicio [&hellip;]","og_url":"https:\/\/blgnoticiassantodomingo.net\/index.php\/2020\/08\/22\/presidente-abinader-designa-por-decreto-a-mario-lama-como-director-ejecutivo-del-sns\/","og_site_name":"BLG Noticias","article_publisher":"https:\/\/web.facebook.com\/BlgNoticias\/?locale=es_LA&_rdc=1&_rdr","article_published_time":"2020-08-22T03:06:00+00:00","article_modified_time":"2020-08-22T03:06:02+00:00","og_image":[{"width":1280,"height":852,"url":"https:\/\/blgnoticiassantodomingo.net\/wp-content\/uploads\/2020\/08\/unnamed-9.jpg","type":"image\/jpeg"}],"author":"Brenda Guerrero","twitter_card":"summary_large_image","twitter_creator":"@BlgNoticias","twitter_site":"@BlgNoticias","twitter_misc":{"Escrito por":"Brenda Guerrero","Tiempo de lectura":"1 minuto"},"schema":{"@context":"https:\/\/schema.org","@graph":[{"@type":"Article","@id":"https:\/\/blgnoticiassantodomingo.net\/index.php\/2020\/08\/22\/presidente-abinader-designa-por-decreto-a-mario-lama-como-director-ejecutivo-del-sns\/#article","isPartOf":{"@id":"https:\/\/blgnoticiassantodomingo.net\/index.php\/2020\/08\/22\/presidente-abinader-designa-por-decreto-a-mario-lama-como-director-ejecutivo-del-sns\/"},"author":{"name":"Brenda Guerrero","@id":"https:\/\/blgnoticiassantodomingo.net\/#\/schema\/person\/e2fc21cf88acc63dbd134be981bff374"},"headline":"Presidente Abinader designa por decreto a Mario Lama como director ejecutivo del SNS","datePublished":"2020-08-22T03:06:00+00:00","dateModified":"2020-08-22T03:06:02+00:00","mainEntityOfPage":{"@id":"https:\/\/blgnoticiassantodomingo.net\/index.php\/2020\/08\/22\/presidente-abinader-designa-por-decreto-a-mario-lama-como-director-ejecutivo-del-sns\/"},"wordCount":249,"commentCount":0,"publisher":{"@id":"https:\/\/blgnoticiassantodomingo.net\/#organization"},"image":{"@id":"https:\/\/blgnoticiassantodomingo.net\/index.php\/2020\/08\/22\/presidente-abinader-designa-por-decreto-a-mario-lama-como-director-ejecutivo-del-sns\/#primaryimage"},"thumbnailUrl":"https:\/\/blgnoticiassantodomingo.net\/wp-content\/uploads\/2020\/08\/unnamed-9.jpg","keywords":["Mario Lama","Servicio Nacional de Salud"],"articleSection":["Nacionales"],"inLanguage":"es","potentialAction":[{"@type":"CommentAction","name":"Comment","target":["https:\/\/blgnoticiassantodomingo.net\/index.php\/2020\/08\/22\/presidente-abinader-designa-por-decreto-a-mario-lama-como-director-ejecutivo-del-sns\/#respond"]}]},{"@type":"WebPage","@id":"https:\/\/blgnoticiassantodomingo.net\/index.php\/2020\/08\/22\/presidente-abinader-designa-por-decreto-a-mario-lama-como-director-ejecutivo-del-sns\/","url":"https:\/\/blgnoticiassantodomingo.net\/index.php\/2020\/08\/22\/presidente-abinader-designa-por-decreto-a-mario-lama-como-director-ejecutivo-del-sns\/","name":"Presidente Abinader designa por decreto a Mario Lama como director ejecutivo del SNS - BLG Noticias","isPartOf":{"@id":"https:\/\/blgnoticiassantodomingo.net\/#website"},"primaryImageOfPage":{"@id":"https:\/\/blgnoticiassantodomingo.net\/index.php\/2020\/08\/22\/presidente-abinader-designa-por-decreto-a-mario-lama-como-director-ejecutivo-del-sns\/#primaryimage"},"image":{"@id":"https:\/\/blgnoticiassantodomingo.net\/index.php\/2020\/08\/22\/presidente-abinader-designa-por-decreto-a-mario-lama-como-director-ejecutivo-del-sns\/#primaryimage"},"thumbnailUrl":"https:\/\/blgnoticiassantodomingo.net\/wp-content\/uploads\/2020\/08\/unnamed-9.jpg","datePublished":"2020-08-22T03:06:00+00:00","dateModified":"2020-08-22T03:06:02+00:00","breadcrumb":{"@id":"https:\/\/blgnoticiassantodomingo.net\/index.php\/2020\/08\/22\/presidente-abinader-designa-por-decreto-a-mario-lama-como-director-ejecutivo-del-sns\/#breadcrumb"},"inLanguage":"es","potentialAction":[{"@type":"ReadAction","target":["https:\/\/blgnoticiassantodomingo.net\/index.php\/2020\/08\/22\/presidente-abinader-designa-por-decreto-a-mario-lama-como-director-ejecutivo-del-sns\/"]}]},{"@type":"ImageObject","inLanguage":"es","@id":"https:\/\/blgnoticiassantodomingo.net\/index.php\/2020\/08\/22\/presidente-abinader-designa-por-decreto-a-mario-lama-como-director-ejecutivo-del-sns\/#primaryimage","url":"https:\/\/blgnoticiassantodomingo.net\/wp-content\/uploads\/2020\/08\/unnamed-9.jpg","contentUrl":"https:\/\/blgnoticiassantodomingo.net\/wp-content\/uploads\/2020\/08\/unnamed-9.jpg","width":1280,"height":852},{"@type":"BreadcrumbList","@id":"https:\/\/blgnoticiassantodomingo.net\/index.php\/2020\/08\/22\/presidente-abinader-designa-por-decreto-a-mario-lama-como-director-ejecutivo-del-sns\/#breadcrumb","itemListElement":[{"@type":"ListItem","position":1,"name":"Portada","item":"https:\/\/blgnoticiassantodomingo.net\/"},{"@type":"ListItem","position":2,"name":"Presidente Abinader designa por decreto a Mario Lama como director ejecutivo del SNS"}]},{"@type":"WebSite","@id":"https:\/\/blgnoticiassantodomingo.net\/#website","url":"https:\/\/blgnoticiassantodomingo.net\/","name":"BLG Noticias","description":"Esto es Noticias","publisher":{"@id":"https:\/\/blgnoticiassantodomingo.net\/#organization"},"potentialAction":[{"@type":"SearchAction","target":{"@type":"EntryPoint","urlTemplate":"https:\/\/blgnoticiassantodomingo.net\/?s={search_term_string}"},"query-input":{"@type":"PropertyValueSpecification","valueRequired":true,"valueName":"search_term_string"}}],"inLanguage":"es"},{"@type":"Organization","@id":"https:\/\/blgnoticiassantodomingo.net\/#organization","name":"BLG Noticias","url":"https:\/\/blgnoticiassantodomingo.net\/","logo":{"@type":"ImageObject","inLanguage":"es","@id":"https:\/\/blgnoticiassantodomingo.net\/#\/schema\/logo\/image\/","url":"https:\/\/blgnoticiassantodomingo.net\/wp-content\/uploads\/2023\/12\/Diseno-sin-titulo-3.jpg","contentUrl":"https:\/\/blgnoticiassantodomingo.net\/wp-content\/uploads\/2023\/12\/Diseno-sin-titulo-3.jpg","width":500,"height":500,"caption":"BLG Noticias"},"image":{"@id":"https:\/\/blgnoticiassantodomingo.net\/#\/schema\/logo\/image\/"},"sameAs":["https:\/\/web.facebook.com\/BlgNoticias\/?locale=es_LA&_rdc=1&_rdr","https:\/\/x.com\/BlgNoticias","https:\/\/www.linkedin.com\/in\/brenda-l-santana-aa846279\/"]},{"@type":"Person","@id":"https:\/\/blgnoticiassantodomingo.net\/#\/schema\/person\/e2fc21cf88acc63dbd134be981bff374","name":"Brenda Guerrero","image":{"@type":"ImageObject","inLanguage":"es","@id":"https:\/\/blgnoticiassantodomingo.net\/#\/schema\/person\/image\/","url":"https:\/\/secure.gravatar.com\/avatar\/2f7fc4c3e3655be1580cb684bfd8ab19be702ae20879da1e072021daa02f9b8b?s=96&d=wp_user_avatar&r=g","contentUrl":"https:\/\/secure.gravatar.com\/avatar\/2f7fc4c3e3655be1580cb684bfd8ab19be702ae20879da1e072021daa02f9b8b?s=96&d=wp_user_avatar&r=g","caption":"Brenda Guerrero"},"description":"Periodista","url":"https:\/\/blgnoticiassantodomingo.net\/index.php\/author\/brenda-guerrero\/"}]}},"jetpack_featured_media_url":"https:\/\/blgnoticiassantodomingo.net\/wp-content\/uploads\/2020\/08\/unnamed-9.jpg","_links":{"self":[{"href":"https:\/\/blgnoticiassantodomingo.net\/index.php\/wp-json\/wp\/v2\/posts\/16720","targetHints":{"allow":["GET"]}}],"collection":[{"href":"https:\/\/blgnoticiassantodomingo.net\/index.php\/wp-json\/wp\/v2\/posts"}],"about":[{"href":"https:\/\/blgnoticiassantodomingo.net\/index.php\/wp-json\/wp\/v2\/types\/post"}],"author":[{"embeddable":true,"href":"https:\/\/blgnoticiassantodomingo.net\/index.php\/wp-json\/wp\/v2\/users\/2"}],"replies":[{"embeddable":true,"href":"https:\/\/blgnoticiassantodomingo.net\/index.php\/wp-json\/wp\/v2\/comments?post=16720"}],"version-history":[{"count":1,"href":"https:\/\/blgnoticiassantodomingo.net\/index.php\/wp-json\/wp\/v2\/posts\/16720\/revisions"}],"predecessor-version":[{"id":16722,"href":"https:\/\/blgnoticiassantodomingo.net\/index.php\/wp-json\/wp\/v2\/posts\/16720\/revisions\/16722"}],"wp:featuredmedia":[{"embeddable":true,"href":"https:\/\/blgnoticiassantodomingo.net\/index.php\/wp-json\/wp\/v2\/media\/16721"}],"wp:attachment":[{"href":"https:\/\/blgnoticiassantodomingo.net\/index.php\/wp-json\/wp\/v2\/media?parent=16720"}],"wp:term":[{"taxonomy":"category","embeddable":true,"href":"https:\/\/blgnoticiassantodomingo.net\/index.php\/wp-json\/wp\/v2\/categories?post=16720"},{"taxonomy":"post_tag","embeddable":true,"href":"https:\/\/blgnoticiassantodomingo.net\/index.php\/wp-json\/wp\/v2\/tags?post=16720"}],"curies":[{"name":"wp","href":"https:\/\/api.w.org\/{rel}","templated":true}]}}