{"id":1668,"date":"2019-11-11T14:01:38","date_gmt":"2019-11-11T14:01:38","guid":{"rendered":"http:\/\/blgnoticiassantodomingo.net\/?p=1668"},"modified":"2019-11-11T14:01:39","modified_gmt":"2019-11-11T14:01:39","slug":"especialista-advierte-sobre-vertigos-agudos-en-ninos-de-diferentes-edades","status":"publish","type":"post","link":"https:\/\/blgnoticiassantodomingo.net\/index.php\/2019\/11\/11\/especialista-advierte-sobre-vertigos-agudos-en-ninos-de-diferentes-edades\/","title":{"rendered":"Especialista advierte sobre v\u00e9rtigos agudos en ni\u00f1os de diferentes edades"},"content":{"rendered":"\n<p>Aunque no son tan frecuentes como en los adultos, los trastornos del&nbsp; s\u00edndrome vertiginoso agudo o v\u00e9rtigos pueden afectar tambi\u00e9n a los ni\u00f1os de diferentes edades, provoc\u00e1ndoles una sensaci\u00f3n de mareo y desequilibrio que debe ser diagnosticado y tratado por el especialista.<\/p>\n\n\n\n<p>De ah\u00ed la necesidad de prestar atenci\u00f3n al ni\u00f1o cuando le diga a los padres que se siente mareado y con n\u00e1useas, ya que podr\u00eda ser el v\u00e9rtigo que est\u00e1 relacionado con el o\u00eddo.<\/p>\n\n\n\n<p>El llamado de alerta lo hace Claudio Samuel D\u2019Oleo Garc\u00eda, otorrinolaring\u00f3logo, cirujano de cabeza y cuello del Centro de Diagn\u00f3stico Medicina Avanzada y Telemedicina (Cedimat), quien recuerda que el 80% de la poblaci\u00f3n en alg\u00fan momento de su vida puede presentar episodio de v\u00e9rtigo relacionado con el o\u00eddo.<\/p>\n\n\n\n<p>&nbsp;D\u2019Oleo Garc\u00eda explica que en los ni\u00f1os, las&nbsp; patolog\u00edas vertiginosas son muy dificil de determinar el diagn\u00f3stico porque a veces ellos no saben explicar lo que les pasa.<\/p>\n\n\n\n<p>El especialista se\u00f1ala que el v\u00e9rtigo posicional del o\u00eddo se aloja en el o\u00eddo interno, se manifiesta con n\u00e1useas, v\u00f3mitos, sudoraci\u00f3n fr\u00eda, palpitaciones del coraz\u00f3n, sensaci\u00f3n de opresi\u00f3n craneal como que al paciente le aprietan la cabeza con las dos manos.<\/p>\n\n\n\n<p>Tambi\u00e9n explica que el v\u00e9rtigo es una sensaci\u00f3n ilusoria de que las personas o el ambiente que le rodea se mueve y que las personas lo definen como mareo, y que es una patolog\u00eda que hace unos a\u00f1os estaba desprotegida de subespecialistas que lo manejaran, \u201cpero que eso ha ido cambiando, por lo que ya se diagnostica y trata con mayor precisi\u00f3n\u201d.<\/p>\n\n\n\n<p>El otorrinolaring\u00f3logo dice que es importante investigar de d\u00f3nde viene ese v\u00e9rtigo, ya que hay dos tipos de s\u00edndrome vertiginoso agudo.<\/p>\n","protected":false},"excerpt":{"rendered":"<p>Aunque no son tan frecuentes como en los adultos, los trastornos del&nbsp; s\u00edndrome vertiginoso agudo o v\u00e9rtigos pueden afectar tambi\u00e9n a los ni\u00f1os de diferentes edades, provoc\u00e1ndoles una sensaci\u00f3n de mareo y desequilibrio que debe ser diagnosticado y tratado por el especialista. De ah\u00ed la necesidad de prestar atenci\u00f3n al ni\u00f1o cuando le diga a [&hellip;]<\/p>\n","protected":false},"author":2,"featured_media":1669,"comment_status":"open","ping_status":"open","sticky":false,"template":"","format":"standard","meta":{"footnotes":""},"categories":[220],"tags":[],"class_list":{"0":"post-1668","1":"post","2":"type-post","3":"status-publish","4":"format-standard","5":"has-post-thumbnail","7":"category-nacionales"},"yoast_head":"<!-- This site is optimized with the Yoast SEO plugin v24.9 - https:\/\/yoast.com\/wordpress\/plugins\/seo\/ -->\n<title>Especialista advierte sobre v\u00e9rtigos agudos en ni\u00f1os de diferentes edades - BLG Noticias<\/title>\n<meta name=\"robots\" content=\"index, follow, max-snippet:-1, max-image-preview:large, max-video-preview:-1\" \/>\n<link rel=\"canonical\" href=\"https:\/\/blgnoticiassantodomingo.net\/index.php\/2019\/11\/11\/especialista-advierte-sobre-vertigos-agudos-en-ninos-de-diferentes-edades\/\" \/>\n<meta property=\"og:locale\" content=\"es_ES\" \/>\n<meta property=\"og:type\" content=\"article\" \/>\n<meta property=\"og:title\" content=\"Especialista advierte sobre v\u00e9rtigos agudos en ni\u00f1os de diferentes edades - BLG Noticias\" \/>\n<meta property=\"og:description\" content=\"Aunque no son tan frecuentes como en los adultos, los trastornos del&nbsp; s\u00edndrome vertiginoso agudo o v\u00e9rtigos pueden afectar tambi\u00e9n a los ni\u00f1os de diferentes edades, provoc\u00e1ndoles una sensaci\u00f3n de mareo y desequilibrio que debe ser diagnosticado y tratado por el especialista. De ah\u00ed la necesidad de prestar atenci\u00f3n al ni\u00f1o cuando le diga a [&hellip;]\" \/>\n<meta property=\"og:url\" content=\"https:\/\/blgnoticiassantodomingo.net\/index.php\/2019\/11\/11\/especialista-advierte-sobre-vertigos-agudos-en-ninos-de-diferentes-edades\/\" \/>\n<meta property=\"og:site_name\" content=\"BLG Noticias\" \/>\n<meta property=\"article:publisher\" content=\"https:\/\/web.facebook.com\/BlgNoticias\/?locale=es_LA&amp;_rdc=1&amp;_rdr\" \/>\n<meta property=\"article:published_time\" content=\"2019-11-11T14:01:38+00:00\" \/>\n<meta property=\"article:modified_time\" content=\"2019-11-11T14:01:39+00:00\" \/>\n<meta property=\"og:image\" content=\"https:\/\/blgnoticiassantodomingo.net\/wp-content\/uploads\/2019\/11\/especialista-advierte-sobre-vertigos-agudos-en-ninos-de-diferentes-edades.jpeg\" \/>\n\t<meta property=\"og:image:width\" content=\"672\" \/>\n\t<meta property=\"og:image:height\" content=\"460\" \/>\n\t<meta property=\"og:image:type\" content=\"image\/jpeg\" \/>\n<meta name=\"author\" content=\"Brenda Guerrero\" \/>\n<meta name=\"twitter:card\" content=\"summary_large_image\" \/>\n<meta name=\"twitter:creator\" content=\"@BlgNoticias\" \/>\n<meta name=\"twitter:site\" content=\"@BlgNoticias\" \/>\n<meta name=\"twitter:label1\" content=\"Escrito por\" \/>\n\t<meta name=\"twitter:data1\" content=\"Brenda Guerrero\" \/>\n\t<meta name=\"twitter:label2\" content=\"Tiempo de lectura\" \/>\n\t<meta name=\"twitter:data2\" content=\"2 minutos\" \/>\n<script type=\"application\/ld+json\" class=\"yoast-schema-graph\">{\"@context\":\"https:\/\/schema.org\",\"@graph\":[{\"@type\":\"Article\",\"@id\":\"https:\/\/blgnoticiassantodomingo.net\/index.php\/2019\/11\/11\/especialista-advierte-sobre-vertigos-agudos-en-ninos-de-diferentes-edades\/#article\",\"isPartOf\":{\"@id\":\"https:\/\/blgnoticiassantodomingo.net\/index.php\/2019\/11\/11\/especialista-advierte-sobre-vertigos-agudos-en-ninos-de-diferentes-edades\/\"},\"author\":{\"name\":\"Brenda Guerrero\",\"@id\":\"https:\/\/blgnoticiassantodomingo.net\/#\/schema\/person\/e2fc21cf88acc63dbd134be981bff374\"},\"headline\":\"Especialista advierte sobre v\u00e9rtigos agudos en ni\u00f1os de diferentes edades\",\"datePublished\":\"2019-11-11T14:01:38+00:00\",\"dateModified\":\"2019-11-11T14:01:39+00:00\",\"mainEntityOfPage\":{\"@id\":\"https:\/\/blgnoticiassantodomingo.net\/index.php\/2019\/11\/11\/especialista-advierte-sobre-vertigos-agudos-en-ninos-de-diferentes-edades\/\"},\"wordCount\":336,\"commentCount\":0,\"publisher\":{\"@id\":\"https:\/\/blgnoticiassantodomingo.net\/#organization\"},\"image\":{\"@id\":\"https:\/\/blgnoticiassantodomingo.net\/index.php\/2019\/11\/11\/especialista-advierte-sobre-vertigos-agudos-en-ninos-de-diferentes-edades\/#primaryimage\"},\"thumbnailUrl\":\"https:\/\/blgnoticiassantodomingo.net\/wp-content\/uploads\/2019\/11\/especialista-advierte-sobre-vertigos-agudos-en-ninos-de-diferentes-edades.jpeg\",\"articleSection\":[\"Nacionales\"],\"inLanguage\":\"es\",\"potentialAction\":[{\"@type\":\"CommentAction\",\"name\":\"Comment\",\"target\":[\"https:\/\/blgnoticiassantodomingo.net\/index.php\/2019\/11\/11\/especialista-advierte-sobre-vertigos-agudos-en-ninos-de-diferentes-edades\/#respond\"]}]},{\"@type\":\"WebPage\",\"@id\":\"https:\/\/blgnoticiassantodomingo.net\/index.php\/2019\/11\/11\/especialista-advierte-sobre-vertigos-agudos-en-ninos-de-diferentes-edades\/\",\"url\":\"https:\/\/blgnoticiassantodomingo.net\/index.php\/2019\/11\/11\/especialista-advierte-sobre-vertigos-agudos-en-ninos-de-diferentes-edades\/\",\"name\":\"Especialista advierte sobre v\u00e9rtigos agudos en ni\u00f1os de diferentes edades - BLG Noticias\",\"isPartOf\":{\"@id\":\"https:\/\/blgnoticiassantodomingo.net\/#website\"},\"primaryImageOfPage\":{\"@id\":\"https:\/\/blgnoticiassantodomingo.net\/index.php\/2019\/11\/11\/especialista-advierte-sobre-vertigos-agudos-en-ninos-de-diferentes-edades\/#primaryimage\"},\"image\":{\"@id\":\"https:\/\/blgnoticiassantodomingo.net\/index.php\/2019\/11\/11\/especialista-advierte-sobre-vertigos-agudos-en-ninos-de-diferentes-edades\/#primaryimage\"},\"thumbnailUrl\":\"https:\/\/blgnoticiassantodomingo.net\/wp-content\/uploads\/2019\/11\/especialista-advierte-sobre-vertigos-agudos-en-ninos-de-diferentes-edades.jpeg\",\"datePublished\":\"2019-11-11T14:01:38+00:00\",\"dateModified\":\"2019-11-11T14:01:39+00:00\",\"breadcrumb\":{\"@id\":\"https:\/\/blgnoticiassantodomingo.net\/index.php\/2019\/11\/11\/especialista-advierte-sobre-vertigos-agudos-en-ninos-de-diferentes-edades\/#breadcrumb\"},\"inLanguage\":\"es\",\"potentialAction\":[{\"@type\":\"ReadAction\",\"target\":[\"https:\/\/blgnoticiassantodomingo.net\/index.php\/2019\/11\/11\/especialista-advierte-sobre-vertigos-agudos-en-ninos-de-diferentes-edades\/\"]}]},{\"@type\":\"ImageObject\",\"inLanguage\":\"es\",\"@id\":\"https:\/\/blgnoticiassantodomingo.net\/index.php\/2019\/11\/11\/especialista-advierte-sobre-vertigos-agudos-en-ninos-de-diferentes-edades\/#primaryimage\",\"url\":\"https:\/\/blgnoticiassantodomingo.net\/wp-content\/uploads\/2019\/11\/especialista-advierte-sobre-vertigos-agudos-en-ninos-de-diferentes-edades.jpeg\",\"contentUrl\":\"https:\/\/blgnoticiassantodomingo.net\/wp-content\/uploads\/2019\/11\/especialista-advierte-sobre-vertigos-agudos-en-ninos-de-diferentes-edades.jpeg\",\"width\":672,\"height\":460},{\"@type\":\"BreadcrumbList\",\"@id\":\"https:\/\/blgnoticiassantodomingo.net\/index.php\/2019\/11\/11\/especialista-advierte-sobre-vertigos-agudos-en-ninos-de-diferentes-edades\/#breadcrumb\",\"itemListElement\":[{\"@type\":\"ListItem\",\"position\":1,\"name\":\"Portada\",\"item\":\"https:\/\/blgnoticiassantodomingo.net\/\"},{\"@type\":\"ListItem\",\"position\":2,\"name\":\"Especialista advierte sobre v\u00e9rtigos agudos en ni\u00f1os de diferentes edades\"}]},{\"@type\":\"WebSite\",\"@id\":\"https:\/\/blgnoticiassantodomingo.net\/#website\",\"url\":\"https:\/\/blgnoticiassantodomingo.net\/\",\"name\":\"BLG Noticias\",\"description\":\"Esto es Noticias\",\"publisher\":{\"@id\":\"https:\/\/blgnoticiassantodomingo.net\/#organization\"},\"potentialAction\":[{\"@type\":\"SearchAction\",\"target\":{\"@type\":\"EntryPoint\",\"urlTemplate\":\"https:\/\/blgnoticiassantodomingo.net\/?s={search_term_string}\"},\"query-input\":{\"@type\":\"PropertyValueSpecification\",\"valueRequired\":true,\"valueName\":\"search_term_string\"}}],\"inLanguage\":\"es\"},{\"@type\":\"Organization\",\"@id\":\"https:\/\/blgnoticiassantodomingo.net\/#organization\",\"name\":\"BLG Noticias\",\"url\":\"https:\/\/blgnoticiassantodomingo.net\/\",\"logo\":{\"@type\":\"ImageObject\",\"inLanguage\":\"es\",\"@id\":\"https:\/\/blgnoticiassantodomingo.net\/#\/schema\/logo\/image\/\",\"url\":\"https:\/\/blgnoticiassantodomingo.net\/wp-content\/uploads\/2023\/12\/Diseno-sin-titulo-3.jpg\",\"contentUrl\":\"https:\/\/blgnoticiassantodomingo.net\/wp-content\/uploads\/2023\/12\/Diseno-sin-titulo-3.jpg\",\"width\":500,\"height\":500,\"caption\":\"BLG Noticias\"},\"image\":{\"@id\":\"https:\/\/blgnoticiassantodomingo.net\/#\/schema\/logo\/image\/\"},\"sameAs\":[\"https:\/\/web.facebook.com\/BlgNoticias\/?locale=es_LA&_rdc=1&_rdr\",\"https:\/\/x.com\/BlgNoticias\",\"https:\/\/www.linkedin.com\/in\/brenda-l-santana-aa846279\/\"]},{\"@type\":\"Person\",\"@id\":\"https:\/\/blgnoticiassantodomingo.net\/#\/schema\/person\/e2fc21cf88acc63dbd134be981bff374\",\"name\":\"Brenda Guerrero\",\"image\":{\"@type\":\"ImageObject\",\"inLanguage\":\"es\",\"@id\":\"https:\/\/blgnoticiassantodomingo.net\/#\/schema\/person\/image\/\",\"url\":\"https:\/\/secure.gravatar.com\/avatar\/2f7fc4c3e3655be1580cb684bfd8ab19be702ae20879da1e072021daa02f9b8b?s=96&d=wp_user_avatar&r=g\",\"contentUrl\":\"https:\/\/secure.gravatar.com\/avatar\/2f7fc4c3e3655be1580cb684bfd8ab19be702ae20879da1e072021daa02f9b8b?s=96&d=wp_user_avatar&r=g\",\"caption\":\"Brenda Guerrero\"},\"description\":\"Periodista\",\"url\":\"https:\/\/blgnoticiassantodomingo.net\/index.php\/author\/brenda-guerrero\/\"}]}<\/script>\n<!-- \/ Yoast SEO plugin. -->","yoast_head_json":{"title":"Especialista advierte sobre v\u00e9rtigos agudos en ni\u00f1os de diferentes edades - BLG Noticias","robots":{"index":"index","follow":"follow","max-snippet":"max-snippet:-1","max-image-preview":"max-image-preview:large","max-video-preview":"max-video-preview:-1"},"canonical":"https:\/\/blgnoticiassantodomingo.net\/index.php\/2019\/11\/11\/especialista-advierte-sobre-vertigos-agudos-en-ninos-de-diferentes-edades\/","og_locale":"es_ES","og_type":"article","og_title":"Especialista advierte sobre v\u00e9rtigos agudos en ni\u00f1os de diferentes edades - BLG Noticias","og_description":"Aunque no son tan frecuentes como en los adultos, los trastornos del&nbsp; s\u00edndrome vertiginoso agudo o v\u00e9rtigos pueden afectar tambi\u00e9n a los ni\u00f1os de diferentes edades, provoc\u00e1ndoles una sensaci\u00f3n de mareo y desequilibrio que debe ser diagnosticado y tratado por el especialista. De ah\u00ed la necesidad de prestar atenci\u00f3n al ni\u00f1o cuando le diga a [&hellip;]","og_url":"https:\/\/blgnoticiassantodomingo.net\/index.php\/2019\/11\/11\/especialista-advierte-sobre-vertigos-agudos-en-ninos-de-diferentes-edades\/","og_site_name":"BLG Noticias","article_publisher":"https:\/\/web.facebook.com\/BlgNoticias\/?locale=es_LA&_rdc=1&_rdr","article_published_time":"2019-11-11T14:01:38+00:00","article_modified_time":"2019-11-11T14:01:39+00:00","og_image":[{"width":672,"height":460,"url":"https:\/\/blgnoticiassantodomingo.net\/wp-content\/uploads\/2019\/11\/especialista-advierte-sobre-vertigos-agudos-en-ninos-de-diferentes-edades.jpeg","type":"image\/jpeg"}],"author":"Brenda Guerrero","twitter_card":"summary_large_image","twitter_creator":"@BlgNoticias","twitter_site":"@BlgNoticias","twitter_misc":{"Escrito por":"Brenda Guerrero","Tiempo de lectura":"2 minutos"},"schema":{"@context":"https:\/\/schema.org","@graph":[{"@type":"Article","@id":"https:\/\/blgnoticiassantodomingo.net\/index.php\/2019\/11\/11\/especialista-advierte-sobre-vertigos-agudos-en-ninos-de-diferentes-edades\/#article","isPartOf":{"@id":"https:\/\/blgnoticiassantodomingo.net\/index.php\/2019\/11\/11\/especialista-advierte-sobre-vertigos-agudos-en-ninos-de-diferentes-edades\/"},"author":{"name":"Brenda Guerrero","@id":"https:\/\/blgnoticiassantodomingo.net\/#\/schema\/person\/e2fc21cf88acc63dbd134be981bff374"},"headline":"Especialista advierte sobre v\u00e9rtigos agudos en ni\u00f1os de diferentes edades","datePublished":"2019-11-11T14:01:38+00:00","dateModified":"2019-11-11T14:01:39+00:00","mainEntityOfPage":{"@id":"https:\/\/blgnoticiassantodomingo.net\/index.php\/2019\/11\/11\/especialista-advierte-sobre-vertigos-agudos-en-ninos-de-diferentes-edades\/"},"wordCount":336,"commentCount":0,"publisher":{"@id":"https:\/\/blgnoticiassantodomingo.net\/#organization"},"image":{"@id":"https:\/\/blgnoticiassantodomingo.net\/index.php\/2019\/11\/11\/especialista-advierte-sobre-vertigos-agudos-en-ninos-de-diferentes-edades\/#primaryimage"},"thumbnailUrl":"https:\/\/blgnoticiassantodomingo.net\/wp-content\/uploads\/2019\/11\/especialista-advierte-sobre-vertigos-agudos-en-ninos-de-diferentes-edades.jpeg","articleSection":["Nacionales"],"inLanguage":"es","potentialAction":[{"@type":"CommentAction","name":"Comment","target":["https:\/\/blgnoticiassantodomingo.net\/index.php\/2019\/11\/11\/especialista-advierte-sobre-vertigos-agudos-en-ninos-de-diferentes-edades\/#respond"]}]},{"@type":"WebPage","@id":"https:\/\/blgnoticiassantodomingo.net\/index.php\/2019\/11\/11\/especialista-advierte-sobre-vertigos-agudos-en-ninos-de-diferentes-edades\/","url":"https:\/\/blgnoticiassantodomingo.net\/index.php\/2019\/11\/11\/especialista-advierte-sobre-vertigos-agudos-en-ninos-de-diferentes-edades\/","name":"Especialista advierte sobre v\u00e9rtigos agudos en ni\u00f1os de diferentes edades - BLG Noticias","isPartOf":{"@id":"https:\/\/blgnoticiassantodomingo.net\/#website"},"primaryImageOfPage":{"@id":"https:\/\/blgnoticiassantodomingo.net\/index.php\/2019\/11\/11\/especialista-advierte-sobre-vertigos-agudos-en-ninos-de-diferentes-edades\/#primaryimage"},"image":{"@id":"https:\/\/blgnoticiassantodomingo.net\/index.php\/2019\/11\/11\/especialista-advierte-sobre-vertigos-agudos-en-ninos-de-diferentes-edades\/#primaryimage"},"thumbnailUrl":"https:\/\/blgnoticiassantodomingo.net\/wp-content\/uploads\/2019\/11\/especialista-advierte-sobre-vertigos-agudos-en-ninos-de-diferentes-edades.jpeg","datePublished":"2019-11-11T14:01:38+00:00","dateModified":"2019-11-11T14:01:39+00:00","breadcrumb":{"@id":"https:\/\/blgnoticiassantodomingo.net\/index.php\/2019\/11\/11\/especialista-advierte-sobre-vertigos-agudos-en-ninos-de-diferentes-edades\/#breadcrumb"},"inLanguage":"es","potentialAction":[{"@type":"ReadAction","target":["https:\/\/blgnoticiassantodomingo.net\/index.php\/2019\/11\/11\/especialista-advierte-sobre-vertigos-agudos-en-ninos-de-diferentes-edades\/"]}]},{"@type":"ImageObject","inLanguage":"es","@id":"https:\/\/blgnoticiassantodomingo.net\/index.php\/2019\/11\/11\/especialista-advierte-sobre-vertigos-agudos-en-ninos-de-diferentes-edades\/#primaryimage","url":"https:\/\/blgnoticiassantodomingo.net\/wp-content\/uploads\/2019\/11\/especialista-advierte-sobre-vertigos-agudos-en-ninos-de-diferentes-edades.jpeg","contentUrl":"https:\/\/blgnoticiassantodomingo.net\/wp-content\/uploads\/2019\/11\/especialista-advierte-sobre-vertigos-agudos-en-ninos-de-diferentes-edades.jpeg","width":672,"height":460},{"@type":"BreadcrumbList","@id":"https:\/\/blgnoticiassantodomingo.net\/index.php\/2019\/11\/11\/especialista-advierte-sobre-vertigos-agudos-en-ninos-de-diferentes-edades\/#breadcrumb","itemListElement":[{"@type":"ListItem","position":1,"name":"Portada","item":"https:\/\/blgnoticiassantodomingo.net\/"},{"@type":"ListItem","position":2,"name":"Especialista advierte sobre v\u00e9rtigos agudos en ni\u00f1os de diferentes edades"}]},{"@type":"WebSite","@id":"https:\/\/blgnoticiassantodomingo.net\/#website","url":"https:\/\/blgnoticiassantodomingo.net\/","name":"BLG Noticias","description":"Esto es Noticias","publisher":{"@id":"https:\/\/blgnoticiassantodomingo.net\/#organization"},"potentialAction":[{"@type":"SearchAction","target":{"@type":"EntryPoint","urlTemplate":"https:\/\/blgnoticiassantodomingo.net\/?s={search_term_string}"},"query-input":{"@type":"PropertyValueSpecification","valueRequired":true,"valueName":"search_term_string"}}],"inLanguage":"es"},{"@type":"Organization","@id":"https:\/\/blgnoticiassantodomingo.net\/#organization","name":"BLG Noticias","url":"https:\/\/blgnoticiassantodomingo.net\/","logo":{"@type":"ImageObject","inLanguage":"es","@id":"https:\/\/blgnoticiassantodomingo.net\/#\/schema\/logo\/image\/","url":"https:\/\/blgnoticiassantodomingo.net\/wp-content\/uploads\/2023\/12\/Diseno-sin-titulo-3.jpg","contentUrl":"https:\/\/blgnoticiassantodomingo.net\/wp-content\/uploads\/2023\/12\/Diseno-sin-titulo-3.jpg","width":500,"height":500,"caption":"BLG Noticias"},"image":{"@id":"https:\/\/blgnoticiassantodomingo.net\/#\/schema\/logo\/image\/"},"sameAs":["https:\/\/web.facebook.com\/BlgNoticias\/?locale=es_LA&_rdc=1&_rdr","https:\/\/x.com\/BlgNoticias","https:\/\/www.linkedin.com\/in\/brenda-l-santana-aa846279\/"]},{"@type":"Person","@id":"https:\/\/blgnoticiassantodomingo.net\/#\/schema\/person\/e2fc21cf88acc63dbd134be981bff374","name":"Brenda Guerrero","image":{"@type":"ImageObject","inLanguage":"es","@id":"https:\/\/blgnoticiassantodomingo.net\/#\/schema\/person\/image\/","url":"https:\/\/secure.gravatar.com\/avatar\/2f7fc4c3e3655be1580cb684bfd8ab19be702ae20879da1e072021daa02f9b8b?s=96&d=wp_user_avatar&r=g","contentUrl":"https:\/\/secure.gravatar.com\/avatar\/2f7fc4c3e3655be1580cb684bfd8ab19be702ae20879da1e072021daa02f9b8b?s=96&d=wp_user_avatar&r=g","caption":"Brenda Guerrero"},"description":"Periodista","url":"https:\/\/blgnoticiassantodomingo.net\/index.php\/author\/brenda-guerrero\/"}]}},"jetpack_featured_media_url":"https:\/\/blgnoticiassantodomingo.net\/wp-content\/uploads\/2019\/11\/especialista-advierte-sobre-vertigos-agudos-en-ninos-de-diferentes-edades.jpeg","_links":{"self":[{"href":"https:\/\/blgnoticiassantodomingo.net\/index.php\/wp-json\/wp\/v2\/posts\/1668","targetHints":{"allow":["GET"]}}],"collection":[{"href":"https:\/\/blgnoticiassantodomingo.net\/index.php\/wp-json\/wp\/v2\/posts"}],"about":[{"href":"https:\/\/blgnoticiassantodomingo.net\/index.php\/wp-json\/wp\/v2\/types\/post"}],"author":[{"embeddable":true,"href":"https:\/\/blgnoticiassantodomingo.net\/index.php\/wp-json\/wp\/v2\/users\/2"}],"replies":[{"embeddable":true,"href":"https:\/\/blgnoticiassantodomingo.net\/index.php\/wp-json\/wp\/v2\/comments?post=1668"}],"version-history":[{"count":1,"href":"https:\/\/blgnoticiassantodomingo.net\/index.php\/wp-json\/wp\/v2\/posts\/1668\/revisions"}],"predecessor-version":[{"id":1670,"href":"https:\/\/blgnoticiassantodomingo.net\/index.php\/wp-json\/wp\/v2\/posts\/1668\/revisions\/1670"}],"wp:featuredmedia":[{"embeddable":true,"href":"https:\/\/blgnoticiassantodomingo.net\/index.php\/wp-json\/wp\/v2\/media\/1669"}],"wp:attachment":[{"href":"https:\/\/blgnoticiassantodomingo.net\/index.php\/wp-json\/wp\/v2\/media?parent=1668"}],"wp:term":[{"taxonomy":"category","embeddable":true,"href":"https:\/\/blgnoticiassantodomingo.net\/index.php\/wp-json\/wp\/v2\/categories?post=1668"},{"taxonomy":"post_tag","embeddable":true,"href":"https:\/\/blgnoticiassantodomingo.net\/index.php\/wp-json\/wp\/v2\/tags?post=1668"}],"curies":[{"name":"wp","href":"https:\/\/api.w.org\/{rel}","templated":true}]}}