{"id":16651,"date":"2020-08-21T14:56:09","date_gmt":"2020-08-21T13:56:09","guid":{"rendered":"http:\/\/blgnoticiassantodomingo.net\/?p=16651"},"modified":"2020-08-21T14:56:11","modified_gmt":"2020-08-21T13:56:11","slug":"caso-liz-maria-el-panadero-padece-un-trastorno-antisocial-de-personalidad-segun-especialistas","status":"publish","type":"post","link":"https:\/\/blgnoticiassantodomingo.net\/index.php\/2020\/08\/21\/caso-liz-maria-el-panadero-padece-un-trastorno-antisocial-de-personalidad-segun-especialistas\/","title":{"rendered":"Caso Liz Mar\u00eda: \u00abEl Panadero\u00bb padece un trastorno antisocial de personalidad, seg\u00fan especialistas"},"content":{"rendered":"\n<p>Especialista de la conducta humana aseguran que Starlin Francisco Santos (El Panadero), quien confes\u00f3 haber violado y asesinado a la ni\u00f1a Liz Mar\u00eda S\u00e1nchez, padece de un trastorno antisocial de personalidad.<\/p>\n\n\n\n<p>\u00abLa caracteolog\u00eda psicopatolog\u00edca de estos sujetos es lo que el maestro de la psicopatolog\u00eda alemana describi\u00f3 como el mundo del trastorno antisocial de personalidad, el mundo comienza y termina en ellos\u00bb, manifest\u00f3 un especialista del \u00e1rea.<\/p>\n\n\n\n<p>Otra profesional de salud mental se\u00f1al\u00f3 que este tipo de persona tienen una autoestima fr\u00e1gil que en muchas ocasiones les impide establecer una relaci\u00f3n saludables con adultos o con sus iguales.<\/p>\n\n\n\n<figure class=\"wp-block-embed-youtube wp-block-embed is-type-video is-provider-youtube wp-embed-aspect-4-3 wp-has-aspect-ratio\"><div class=\"wp-block-embed__wrapper\">\nhttps:\/\/youtu.be\/GGAzGKPwppY\n<\/div><\/figure>\n\n\n\n<p>Liselot Garc\u00eda, madre de la ni\u00f1a Liz Mar\u00eda S\u00e1nchez, sospecha de algo extra\u00f1o en la desaparici\u00f3n de su hija, diferente a la confesi\u00f3n de Starlin Francisco Santos ante la Polic\u00eda Nacional. \u201cEsto me huele a tr\u00e1fico de personas\u201d, asegur\u00f3 Garc\u00eda ayer tras dict\u00e1rsele 18 meses de prisi\u00f3n preventiva al presunto pederasta.<\/p>\n\n\n\n<p>Santos, conocido como \u201cEl panadero\u201d, explic\u00f3 los detalles de su crimen: estrangul\u00f3 a su v\u00edctima, la introdujo en un saco junto con piedras y la lanz\u00f3 al mar a la altura del kil\u00f3metro 14 1\/2 de la Autopista Las Am\u00e9ricas.<\/p>\n\n\n\n<p>Pero Liselot Garc\u00eda no cree del todo en esa versi\u00f3n. Cree que el imputado negoci\u00f3 con suhija con la intenci\u00f3n de conseguir suficiente dinero como para ayudarse a salir de prisi\u00f3n. \u201cNo le creo nada de lo que dice a la Polic\u00eda\u201d, se\u00f1ala.<\/p>\n\n\n\n<p>Al ver unos videos suyos con la ni\u00f1a en su celular, siente que la ni\u00f1a le dice que est\u00e1 viva.<\/p>\n\n\n\n<p>Starlin Francisco Santos cambi\u00f3 lo que hab\u00eda dicho a las autoridades anteriormente. Ante el juez que conoci\u00f3 la solicitud de media de coerci\u00f3n se declar\u00f3 inocente y dijo que hab\u00eda confesado por amenazas de un polic\u00eda.<\/p>\n\n\n\n<p>La madre de Liz Mar\u00eda explic\u00f3 que ha sido sorpresivo para ella y todos sus vecinos descubrir que Santos hab\u00eda cometido la acci\u00f3n, porque se ten\u00eda como hombre serio. Su esposo le dio trabajo y \u00e9l iba a comer a su propia casa.<\/p>\n\n\n\n<p>Ella cont\u00f3 que un d\u00eda le aconsej\u00f3 a Santos dejar a su hijo jugar con los otros ni\u00f1os, ya que \u00e9l no se lo permit\u00eda, pero \u00e9l le dijo que \u201cno lo tiene acostumbrado a ser como ni\u00f1o\u201d.<\/p>\n","protected":false},"excerpt":{"rendered":"<p>Especialista de la conducta humana aseguran que Starlin Francisco Santos (El Panadero), quien confes\u00f3 haber violado y asesinado a la ni\u00f1a Liz Mar\u00eda S\u00e1nchez, padece de un trastorno antisocial de personalidad. \u00abLa caracteolog\u00eda psicopatolog\u00edca de estos sujetos es lo que el maestro de la psicopatolog\u00eda alemana describi\u00f3 como el mundo del trastorno antisocial de personalidad, [&hellip;]<\/p>\n","protected":false},"author":2,"featured_media":16652,"comment_status":"open","ping_status":"open","sticky":false,"template":"","format":"standard","meta":{"footnotes":""},"categories":[220],"tags":[3199],"class_list":{"0":"post-16651","1":"post","2":"type-post","3":"status-publish","4":"format-standard","5":"has-post-thumbnail","7":"category-nacionales","8":"tag-caso-liz-maria"},"yoast_head":"<!-- This site is optimized with the Yoast SEO plugin v24.9 - https:\/\/yoast.com\/wordpress\/plugins\/seo\/ -->\n<title>Caso Liz Mar\u00eda: \u00abEl Panadero\u00bb padece un trastorno antisocial de personalidad, seg\u00fan especialistas - BLG Noticias<\/title>\n<meta name=\"robots\" content=\"index, follow, max-snippet:-1, max-image-preview:large, max-video-preview:-1\" \/>\n<link rel=\"canonical\" href=\"https:\/\/blgnoticiassantodomingo.net\/index.php\/2020\/08\/21\/caso-liz-maria-el-panadero-padece-un-trastorno-antisocial-de-personalidad-segun-especialistas\/\" \/>\n<meta property=\"og:locale\" content=\"es_ES\" \/>\n<meta property=\"og:type\" content=\"article\" \/>\n<meta property=\"og:title\" content=\"Caso Liz Mar\u00eda: \u00abEl Panadero\u00bb padece un trastorno antisocial de personalidad, seg\u00fan especialistas - BLG Noticias\" \/>\n<meta property=\"og:description\" content=\"Especialista de la conducta humana aseguran que Starlin Francisco Santos (El Panadero), quien confes\u00f3 haber violado y asesinado a la ni\u00f1a Liz Mar\u00eda S\u00e1nchez, padece de un trastorno antisocial de personalidad. \u00abLa caracteolog\u00eda psicopatolog\u00edca de estos sujetos es lo que el maestro de la psicopatolog\u00eda alemana describi\u00f3 como el mundo del trastorno antisocial de personalidad, [&hellip;]\" \/>\n<meta property=\"og:url\" content=\"https:\/\/blgnoticiassantodomingo.net\/index.php\/2020\/08\/21\/caso-liz-maria-el-panadero-padece-un-trastorno-antisocial-de-personalidad-segun-especialistas\/\" \/>\n<meta property=\"og:site_name\" content=\"BLG Noticias\" \/>\n<meta property=\"article:publisher\" content=\"https:\/\/web.facebook.com\/BlgNoticias\/?locale=es_LA&amp;_rdc=1&amp;_rdr\" \/>\n<meta property=\"article:published_time\" content=\"2020-08-21T13:56:09+00:00\" \/>\n<meta property=\"article:modified_time\" content=\"2020-08-21T13:56:11+00:00\" \/>\n<meta property=\"og:image\" content=\"https:\/\/blgnoticiassantodomingo.net\/wp-content\/uploads\/2020\/08\/Nuevos-videos-confirman-El-panadero-realiz\u00f3-varias-paradas-con-el-cuerpo-de-Liz-Mar\u00eda.jpg\" \/>\n\t<meta property=\"og:image:width\" content=\"640\" \/>\n\t<meta property=\"og:image:height\" content=\"417\" \/>\n\t<meta property=\"og:image:type\" content=\"image\/jpeg\" \/>\n<meta name=\"author\" content=\"Brenda Guerrero\" \/>\n<meta name=\"twitter:card\" content=\"summary_large_image\" \/>\n<meta name=\"twitter:creator\" content=\"@BlgNoticias\" \/>\n<meta name=\"twitter:site\" content=\"@BlgNoticias\" \/>\n<meta name=\"twitter:label1\" content=\"Escrito por\" \/>\n\t<meta name=\"twitter:data1\" content=\"Brenda Guerrero\" \/>\n\t<meta name=\"twitter:label2\" content=\"Tiempo de lectura\" \/>\n\t<meta name=\"twitter:data2\" content=\"2 minutos\" \/>\n<script type=\"application\/ld+json\" class=\"yoast-schema-graph\">{\"@context\":\"https:\/\/schema.org\",\"@graph\":[{\"@type\":\"Article\",\"@id\":\"https:\/\/blgnoticiassantodomingo.net\/index.php\/2020\/08\/21\/caso-liz-maria-el-panadero-padece-un-trastorno-antisocial-de-personalidad-segun-especialistas\/#article\",\"isPartOf\":{\"@id\":\"https:\/\/blgnoticiassantodomingo.net\/index.php\/2020\/08\/21\/caso-liz-maria-el-panadero-padece-un-trastorno-antisocial-de-personalidad-segun-especialistas\/\"},\"author\":{\"name\":\"Brenda Guerrero\",\"@id\":\"https:\/\/blgnoticiassantodomingo.net\/#\/schema\/person\/e2fc21cf88acc63dbd134be981bff374\"},\"headline\":\"Caso Liz Mar\u00eda: \u00abEl Panadero\u00bb padece un trastorno antisocial de personalidad, seg\u00fan especialistas\",\"datePublished\":\"2020-08-21T13:56:09+00:00\",\"dateModified\":\"2020-08-21T13:56:11+00:00\",\"mainEntityOfPage\":{\"@id\":\"https:\/\/blgnoticiassantodomingo.net\/index.php\/2020\/08\/21\/caso-liz-maria-el-panadero-padece-un-trastorno-antisocial-de-personalidad-segun-especialistas\/\"},\"wordCount\":429,\"commentCount\":0,\"publisher\":{\"@id\":\"https:\/\/blgnoticiassantodomingo.net\/#organization\"},\"image\":{\"@id\":\"https:\/\/blgnoticiassantodomingo.net\/index.php\/2020\/08\/21\/caso-liz-maria-el-panadero-padece-un-trastorno-antisocial-de-personalidad-segun-especialistas\/#primaryimage\"},\"thumbnailUrl\":\"https:\/\/blgnoticiassantodomingo.net\/wp-content\/uploads\/2020\/08\/Nuevos-videos-confirman-El-panadero-realiz\u00f3-varias-paradas-con-el-cuerpo-de-Liz-Mar\u00eda.jpg\",\"keywords\":[\"Caso Liz Mar\u00eda\"],\"articleSection\":[\"Nacionales\"],\"inLanguage\":\"es\",\"potentialAction\":[{\"@type\":\"CommentAction\",\"name\":\"Comment\",\"target\":[\"https:\/\/blgnoticiassantodomingo.net\/index.php\/2020\/08\/21\/caso-liz-maria-el-panadero-padece-un-trastorno-antisocial-de-personalidad-segun-especialistas\/#respond\"]}]},{\"@type\":\"WebPage\",\"@id\":\"https:\/\/blgnoticiassantodomingo.net\/index.php\/2020\/08\/21\/caso-liz-maria-el-panadero-padece-un-trastorno-antisocial-de-personalidad-segun-especialistas\/\",\"url\":\"https:\/\/blgnoticiassantodomingo.net\/index.php\/2020\/08\/21\/caso-liz-maria-el-panadero-padece-un-trastorno-antisocial-de-personalidad-segun-especialistas\/\",\"name\":\"Caso Liz Mar\u00eda: \u00abEl Panadero\u00bb padece un trastorno antisocial de personalidad, seg\u00fan especialistas - BLG Noticias\",\"isPartOf\":{\"@id\":\"https:\/\/blgnoticiassantodomingo.net\/#website\"},\"primaryImageOfPage\":{\"@id\":\"https:\/\/blgnoticiassantodomingo.net\/index.php\/2020\/08\/21\/caso-liz-maria-el-panadero-padece-un-trastorno-antisocial-de-personalidad-segun-especialistas\/#primaryimage\"},\"image\":{\"@id\":\"https:\/\/blgnoticiassantodomingo.net\/index.php\/2020\/08\/21\/caso-liz-maria-el-panadero-padece-un-trastorno-antisocial-de-personalidad-segun-especialistas\/#primaryimage\"},\"thumbnailUrl\":\"https:\/\/blgnoticiassantodomingo.net\/wp-content\/uploads\/2020\/08\/Nuevos-videos-confirman-El-panadero-realiz\u00f3-varias-paradas-con-el-cuerpo-de-Liz-Mar\u00eda.jpg\",\"datePublished\":\"2020-08-21T13:56:09+00:00\",\"dateModified\":\"2020-08-21T13:56:11+00:00\",\"breadcrumb\":{\"@id\":\"https:\/\/blgnoticiassantodomingo.net\/index.php\/2020\/08\/21\/caso-liz-maria-el-panadero-padece-un-trastorno-antisocial-de-personalidad-segun-especialistas\/#breadcrumb\"},\"inLanguage\":\"es\",\"potentialAction\":[{\"@type\":\"ReadAction\",\"target\":[\"https:\/\/blgnoticiassantodomingo.net\/index.php\/2020\/08\/21\/caso-liz-maria-el-panadero-padece-un-trastorno-antisocial-de-personalidad-segun-especialistas\/\"]}]},{\"@type\":\"ImageObject\",\"inLanguage\":\"es\",\"@id\":\"https:\/\/blgnoticiassantodomingo.net\/index.php\/2020\/08\/21\/caso-liz-maria-el-panadero-padece-un-trastorno-antisocial-de-personalidad-segun-especialistas\/#primaryimage\",\"url\":\"https:\/\/blgnoticiassantodomingo.net\/wp-content\/uploads\/2020\/08\/Nuevos-videos-confirman-El-panadero-realiz\u00f3-varias-paradas-con-el-cuerpo-de-Liz-Mar\u00eda.jpg\",\"contentUrl\":\"https:\/\/blgnoticiassantodomingo.net\/wp-content\/uploads\/2020\/08\/Nuevos-videos-confirman-El-panadero-realiz\u00f3-varias-paradas-con-el-cuerpo-de-Liz-Mar\u00eda.jpg\",\"width\":640,\"height\":417},{\"@type\":\"BreadcrumbList\",\"@id\":\"https:\/\/blgnoticiassantodomingo.net\/index.php\/2020\/08\/21\/caso-liz-maria-el-panadero-padece-un-trastorno-antisocial-de-personalidad-segun-especialistas\/#breadcrumb\",\"itemListElement\":[{\"@type\":\"ListItem\",\"position\":1,\"name\":\"Portada\",\"item\":\"https:\/\/blgnoticiassantodomingo.net\/\"},{\"@type\":\"ListItem\",\"position\":2,\"name\":\"Caso Liz Mar\u00eda: \u00abEl Panadero\u00bb padece un trastorno antisocial de personalidad, seg\u00fan especialistas\"}]},{\"@type\":\"WebSite\",\"@id\":\"https:\/\/blgnoticiassantodomingo.net\/#website\",\"url\":\"https:\/\/blgnoticiassantodomingo.net\/\",\"name\":\"BLG Noticias\",\"description\":\"Esto es Noticias\",\"publisher\":{\"@id\":\"https:\/\/blgnoticiassantodomingo.net\/#organization\"},\"potentialAction\":[{\"@type\":\"SearchAction\",\"target\":{\"@type\":\"EntryPoint\",\"urlTemplate\":\"https:\/\/blgnoticiassantodomingo.net\/?s={search_term_string}\"},\"query-input\":{\"@type\":\"PropertyValueSpecification\",\"valueRequired\":true,\"valueName\":\"search_term_string\"}}],\"inLanguage\":\"es\"},{\"@type\":\"Organization\",\"@id\":\"https:\/\/blgnoticiassantodomingo.net\/#organization\",\"name\":\"BLG Noticias\",\"url\":\"https:\/\/blgnoticiassantodomingo.net\/\",\"logo\":{\"@type\":\"ImageObject\",\"inLanguage\":\"es\",\"@id\":\"https:\/\/blgnoticiassantodomingo.net\/#\/schema\/logo\/image\/\",\"url\":\"https:\/\/blgnoticiassantodomingo.net\/wp-content\/uploads\/2023\/12\/Diseno-sin-titulo-3.jpg\",\"contentUrl\":\"https:\/\/blgnoticiassantodomingo.net\/wp-content\/uploads\/2023\/12\/Diseno-sin-titulo-3.jpg\",\"width\":500,\"height\":500,\"caption\":\"BLG Noticias\"},\"image\":{\"@id\":\"https:\/\/blgnoticiassantodomingo.net\/#\/schema\/logo\/image\/\"},\"sameAs\":[\"https:\/\/web.facebook.com\/BlgNoticias\/?locale=es_LA&_rdc=1&_rdr\",\"https:\/\/x.com\/BlgNoticias\",\"https:\/\/www.linkedin.com\/in\/brenda-l-santana-aa846279\/\"]},{\"@type\":\"Person\",\"@id\":\"https:\/\/blgnoticiassantodomingo.net\/#\/schema\/person\/e2fc21cf88acc63dbd134be981bff374\",\"name\":\"Brenda Guerrero\",\"image\":{\"@type\":\"ImageObject\",\"inLanguage\":\"es\",\"@id\":\"https:\/\/blgnoticiassantodomingo.net\/#\/schema\/person\/image\/\",\"url\":\"https:\/\/secure.gravatar.com\/avatar\/2f7fc4c3e3655be1580cb684bfd8ab19be702ae20879da1e072021daa02f9b8b?s=96&d=wp_user_avatar&r=g\",\"contentUrl\":\"https:\/\/secure.gravatar.com\/avatar\/2f7fc4c3e3655be1580cb684bfd8ab19be702ae20879da1e072021daa02f9b8b?s=96&d=wp_user_avatar&r=g\",\"caption\":\"Brenda Guerrero\"},\"description\":\"Periodista\",\"url\":\"https:\/\/blgnoticiassantodomingo.net\/index.php\/author\/brenda-guerrero\/\"}]}<\/script>\n<!-- \/ Yoast SEO plugin. -->","yoast_head_json":{"title":"Caso Liz Mar\u00eda: \u00abEl Panadero\u00bb padece un trastorno antisocial de personalidad, seg\u00fan especialistas - BLG Noticias","robots":{"index":"index","follow":"follow","max-snippet":"max-snippet:-1","max-image-preview":"max-image-preview:large","max-video-preview":"max-video-preview:-1"},"canonical":"https:\/\/blgnoticiassantodomingo.net\/index.php\/2020\/08\/21\/caso-liz-maria-el-panadero-padece-un-trastorno-antisocial-de-personalidad-segun-especialistas\/","og_locale":"es_ES","og_type":"article","og_title":"Caso Liz Mar\u00eda: \u00abEl Panadero\u00bb padece un trastorno antisocial de personalidad, seg\u00fan especialistas - BLG Noticias","og_description":"Especialista de la conducta humana aseguran que Starlin Francisco Santos (El Panadero), quien confes\u00f3 haber violado y asesinado a la ni\u00f1a Liz Mar\u00eda S\u00e1nchez, padece de un trastorno antisocial de personalidad. \u00abLa caracteolog\u00eda psicopatolog\u00edca de estos sujetos es lo que el maestro de la psicopatolog\u00eda alemana describi\u00f3 como el mundo del trastorno antisocial de personalidad, [&hellip;]","og_url":"https:\/\/blgnoticiassantodomingo.net\/index.php\/2020\/08\/21\/caso-liz-maria-el-panadero-padece-un-trastorno-antisocial-de-personalidad-segun-especialistas\/","og_site_name":"BLG Noticias","article_publisher":"https:\/\/web.facebook.com\/BlgNoticias\/?locale=es_LA&_rdc=1&_rdr","article_published_time":"2020-08-21T13:56:09+00:00","article_modified_time":"2020-08-21T13:56:11+00:00","og_image":[{"width":640,"height":417,"url":"https:\/\/blgnoticiassantodomingo.net\/wp-content\/uploads\/2020\/08\/Nuevos-videos-confirman-El-panadero-realiz\u00f3-varias-paradas-con-el-cuerpo-de-Liz-Mar\u00eda.jpg","type":"image\/jpeg"}],"author":"Brenda Guerrero","twitter_card":"summary_large_image","twitter_creator":"@BlgNoticias","twitter_site":"@BlgNoticias","twitter_misc":{"Escrito por":"Brenda Guerrero","Tiempo de lectura":"2 minutos"},"schema":{"@context":"https:\/\/schema.org","@graph":[{"@type":"Article","@id":"https:\/\/blgnoticiassantodomingo.net\/index.php\/2020\/08\/21\/caso-liz-maria-el-panadero-padece-un-trastorno-antisocial-de-personalidad-segun-especialistas\/#article","isPartOf":{"@id":"https:\/\/blgnoticiassantodomingo.net\/index.php\/2020\/08\/21\/caso-liz-maria-el-panadero-padece-un-trastorno-antisocial-de-personalidad-segun-especialistas\/"},"author":{"name":"Brenda Guerrero","@id":"https:\/\/blgnoticiassantodomingo.net\/#\/schema\/person\/e2fc21cf88acc63dbd134be981bff374"},"headline":"Caso Liz Mar\u00eda: \u00abEl Panadero\u00bb padece un trastorno antisocial de personalidad, seg\u00fan especialistas","datePublished":"2020-08-21T13:56:09+00:00","dateModified":"2020-08-21T13:56:11+00:00","mainEntityOfPage":{"@id":"https:\/\/blgnoticiassantodomingo.net\/index.php\/2020\/08\/21\/caso-liz-maria-el-panadero-padece-un-trastorno-antisocial-de-personalidad-segun-especialistas\/"},"wordCount":429,"commentCount":0,"publisher":{"@id":"https:\/\/blgnoticiassantodomingo.net\/#organization"},"image":{"@id":"https:\/\/blgnoticiassantodomingo.net\/index.php\/2020\/08\/21\/caso-liz-maria-el-panadero-padece-un-trastorno-antisocial-de-personalidad-segun-especialistas\/#primaryimage"},"thumbnailUrl":"https:\/\/blgnoticiassantodomingo.net\/wp-content\/uploads\/2020\/08\/Nuevos-videos-confirman-El-panadero-realiz\u00f3-varias-paradas-con-el-cuerpo-de-Liz-Mar\u00eda.jpg","keywords":["Caso Liz Mar\u00eda"],"articleSection":["Nacionales"],"inLanguage":"es","potentialAction":[{"@type":"CommentAction","name":"Comment","target":["https:\/\/blgnoticiassantodomingo.net\/index.php\/2020\/08\/21\/caso-liz-maria-el-panadero-padece-un-trastorno-antisocial-de-personalidad-segun-especialistas\/#respond"]}]},{"@type":"WebPage","@id":"https:\/\/blgnoticiassantodomingo.net\/index.php\/2020\/08\/21\/caso-liz-maria-el-panadero-padece-un-trastorno-antisocial-de-personalidad-segun-especialistas\/","url":"https:\/\/blgnoticiassantodomingo.net\/index.php\/2020\/08\/21\/caso-liz-maria-el-panadero-padece-un-trastorno-antisocial-de-personalidad-segun-especialistas\/","name":"Caso Liz Mar\u00eda: \u00abEl Panadero\u00bb padece un trastorno antisocial de personalidad, seg\u00fan especialistas - BLG Noticias","isPartOf":{"@id":"https:\/\/blgnoticiassantodomingo.net\/#website"},"primaryImageOfPage":{"@id":"https:\/\/blgnoticiassantodomingo.net\/index.php\/2020\/08\/21\/caso-liz-maria-el-panadero-padece-un-trastorno-antisocial-de-personalidad-segun-especialistas\/#primaryimage"},"image":{"@id":"https:\/\/blgnoticiassantodomingo.net\/index.php\/2020\/08\/21\/caso-liz-maria-el-panadero-padece-un-trastorno-antisocial-de-personalidad-segun-especialistas\/#primaryimage"},"thumbnailUrl":"https:\/\/blgnoticiassantodomingo.net\/wp-content\/uploads\/2020\/08\/Nuevos-videos-confirman-El-panadero-realiz\u00f3-varias-paradas-con-el-cuerpo-de-Liz-Mar\u00eda.jpg","datePublished":"2020-08-21T13:56:09+00:00","dateModified":"2020-08-21T13:56:11+00:00","breadcrumb":{"@id":"https:\/\/blgnoticiassantodomingo.net\/index.php\/2020\/08\/21\/caso-liz-maria-el-panadero-padece-un-trastorno-antisocial-de-personalidad-segun-especialistas\/#breadcrumb"},"inLanguage":"es","potentialAction":[{"@type":"ReadAction","target":["https:\/\/blgnoticiassantodomingo.net\/index.php\/2020\/08\/21\/caso-liz-maria-el-panadero-padece-un-trastorno-antisocial-de-personalidad-segun-especialistas\/"]}]},{"@type":"ImageObject","inLanguage":"es","@id":"https:\/\/blgnoticiassantodomingo.net\/index.php\/2020\/08\/21\/caso-liz-maria-el-panadero-padece-un-trastorno-antisocial-de-personalidad-segun-especialistas\/#primaryimage","url":"https:\/\/blgnoticiassantodomingo.net\/wp-content\/uploads\/2020\/08\/Nuevos-videos-confirman-El-panadero-realiz\u00f3-varias-paradas-con-el-cuerpo-de-Liz-Mar\u00eda.jpg","contentUrl":"https:\/\/blgnoticiassantodomingo.net\/wp-content\/uploads\/2020\/08\/Nuevos-videos-confirman-El-panadero-realiz\u00f3-varias-paradas-con-el-cuerpo-de-Liz-Mar\u00eda.jpg","width":640,"height":417},{"@type":"BreadcrumbList","@id":"https:\/\/blgnoticiassantodomingo.net\/index.php\/2020\/08\/21\/caso-liz-maria-el-panadero-padece-un-trastorno-antisocial-de-personalidad-segun-especialistas\/#breadcrumb","itemListElement":[{"@type":"ListItem","position":1,"name":"Portada","item":"https:\/\/blgnoticiassantodomingo.net\/"},{"@type":"ListItem","position":2,"name":"Caso Liz Mar\u00eda: \u00abEl Panadero\u00bb padece un trastorno antisocial de personalidad, seg\u00fan especialistas"}]},{"@type":"WebSite","@id":"https:\/\/blgnoticiassantodomingo.net\/#website","url":"https:\/\/blgnoticiassantodomingo.net\/","name":"BLG Noticias","description":"Esto es Noticias","publisher":{"@id":"https:\/\/blgnoticiassantodomingo.net\/#organization"},"potentialAction":[{"@type":"SearchAction","target":{"@type":"EntryPoint","urlTemplate":"https:\/\/blgnoticiassantodomingo.net\/?s={search_term_string}"},"query-input":{"@type":"PropertyValueSpecification","valueRequired":true,"valueName":"search_term_string"}}],"inLanguage":"es"},{"@type":"Organization","@id":"https:\/\/blgnoticiassantodomingo.net\/#organization","name":"BLG Noticias","url":"https:\/\/blgnoticiassantodomingo.net\/","logo":{"@type":"ImageObject","inLanguage":"es","@id":"https:\/\/blgnoticiassantodomingo.net\/#\/schema\/logo\/image\/","url":"https:\/\/blgnoticiassantodomingo.net\/wp-content\/uploads\/2023\/12\/Diseno-sin-titulo-3.jpg","contentUrl":"https:\/\/blgnoticiassantodomingo.net\/wp-content\/uploads\/2023\/12\/Diseno-sin-titulo-3.jpg","width":500,"height":500,"caption":"BLG Noticias"},"image":{"@id":"https:\/\/blgnoticiassantodomingo.net\/#\/schema\/logo\/image\/"},"sameAs":["https:\/\/web.facebook.com\/BlgNoticias\/?locale=es_LA&_rdc=1&_rdr","https:\/\/x.com\/BlgNoticias","https:\/\/www.linkedin.com\/in\/brenda-l-santana-aa846279\/"]},{"@type":"Person","@id":"https:\/\/blgnoticiassantodomingo.net\/#\/schema\/person\/e2fc21cf88acc63dbd134be981bff374","name":"Brenda Guerrero","image":{"@type":"ImageObject","inLanguage":"es","@id":"https:\/\/blgnoticiassantodomingo.net\/#\/schema\/person\/image\/","url":"https:\/\/secure.gravatar.com\/avatar\/2f7fc4c3e3655be1580cb684bfd8ab19be702ae20879da1e072021daa02f9b8b?s=96&d=wp_user_avatar&r=g","contentUrl":"https:\/\/secure.gravatar.com\/avatar\/2f7fc4c3e3655be1580cb684bfd8ab19be702ae20879da1e072021daa02f9b8b?s=96&d=wp_user_avatar&r=g","caption":"Brenda Guerrero"},"description":"Periodista","url":"https:\/\/blgnoticiassantodomingo.net\/index.php\/author\/brenda-guerrero\/"}]}},"jetpack_featured_media_url":"https:\/\/blgnoticiassantodomingo.net\/wp-content\/uploads\/2020\/08\/Nuevos-videos-confirman-El-panadero-realiz\u00f3-varias-paradas-con-el-cuerpo-de-Liz-Mar\u00eda.jpg","_links":{"self":[{"href":"https:\/\/blgnoticiassantodomingo.net\/index.php\/wp-json\/wp\/v2\/posts\/16651","targetHints":{"allow":["GET"]}}],"collection":[{"href":"https:\/\/blgnoticiassantodomingo.net\/index.php\/wp-json\/wp\/v2\/posts"}],"about":[{"href":"https:\/\/blgnoticiassantodomingo.net\/index.php\/wp-json\/wp\/v2\/types\/post"}],"author":[{"embeddable":true,"href":"https:\/\/blgnoticiassantodomingo.net\/index.php\/wp-json\/wp\/v2\/users\/2"}],"replies":[{"embeddable":true,"href":"https:\/\/blgnoticiassantodomingo.net\/index.php\/wp-json\/wp\/v2\/comments?post=16651"}],"version-history":[{"count":1,"href":"https:\/\/blgnoticiassantodomingo.net\/index.php\/wp-json\/wp\/v2\/posts\/16651\/revisions"}],"predecessor-version":[{"id":16653,"href":"https:\/\/blgnoticiassantodomingo.net\/index.php\/wp-json\/wp\/v2\/posts\/16651\/revisions\/16653"}],"wp:featuredmedia":[{"embeddable":true,"href":"https:\/\/blgnoticiassantodomingo.net\/index.php\/wp-json\/wp\/v2\/media\/16652"}],"wp:attachment":[{"href":"https:\/\/blgnoticiassantodomingo.net\/index.php\/wp-json\/wp\/v2\/media?parent=16651"}],"wp:term":[{"taxonomy":"category","embeddable":true,"href":"https:\/\/blgnoticiassantodomingo.net\/index.php\/wp-json\/wp\/v2\/categories?post=16651"},{"taxonomy":"post_tag","embeddable":true,"href":"https:\/\/blgnoticiassantodomingo.net\/index.php\/wp-json\/wp\/v2\/tags?post=16651"}],"curies":[{"name":"wp","href":"https:\/\/api.w.org\/{rel}","templated":true}]}}