{"id":1659,"date":"2019-11-11T13:32:15","date_gmt":"2019-11-11T13:32:15","guid":{"rendered":"http:\/\/blgnoticiassantodomingo.net\/?p=1659"},"modified":"2019-11-11T13:32:16","modified_gmt":"2019-11-11T13:32:16","slug":"a-quien-le-corresponde-asumir-el-mando-tras-las-dimisiones-en-bolivia","status":"publish","type":"post","link":"https:\/\/blgnoticiassantodomingo.net\/index.php\/2019\/11\/11\/a-quien-le-corresponde-asumir-el-mando-tras-las-dimisiones-en-bolivia\/","title":{"rendered":"\u00bfA qui\u00e9n le corresponde asumir el mando tras las dimisiones en Bolivia?"},"content":{"rendered":"\n<table class=\"wp-block-table\"><tbody><tr><td><br><\/td><\/tr><\/tbody><\/table>\n\n\n\n<ul class=\"wp-block-list\"><li><a href=\"https:\/\/images2.listindiario.com\/imagen\/2019\/11\/10\/591\/590901\/680x460\/201911110336081\/a-quien-le-corresponde-asumir-el-mando-tras-las-dimisiones-en-bolivia.jpeg\"><\/a><\/li><\/ul>\n\n\n\n<p><strong>EFE<\/strong><\/p>\n\n\n\n<p><strong>La Paz<\/strong><\/p>\n\n\n\n<p>La respuesta al vac\u00edo de poder en el que ha quedado Bolivia tras la anunciada renuncia del presidente Evo Morales, y de las autoridades que podr\u00edan sucederle constitucionalmente, est\u00e1 en manos de la Asamblea Legislativa y tendr\u00e1 que pasar por un acuerdo pol\u00edtico.<\/p>\n\n\n\n<p>Morales y su vicepresidente, \u00c1lvaro Garc\u00eda Linera, anunciaron la tarde del domingo que renunciaban a sus cargos en un video transmitido por el canal estatal, sin que hasta el momento se hayan hecho p\u00fablicas las respectivas cartas de dimisi\u00f3n.<\/p>\n\n\n\n<p>Tambi\u00e9n han renunciado los presidentes del Senado, Adriana Salvatierra, y de la C\u00e1mara de Diputados, V\u00edctor Borda, ambos oficialistas, y los siguientes en la l\u00ednea de sucesi\u00f3n constitucional.<\/p>\n\n\n\n<p>LO QUE PAS\u00d3 EN 2005<\/p>\n\n\n\n<p>Un antecedente de una situaci\u00f3n similar en Bolivia se produjo en 2005, cuando el entonces presidente Carlos Mesa renunci\u00f3 asediado por conflictos sociales.<\/p>\n\n\n\n<p>Mesa hab\u00eda asumido la Presidencia del pa\u00eds en 2003 tras la dimisi\u00f3n de Gonzalo S\u00e1nchez de Lozada en el llamado \u00aboctubre negro\u00bb, una revuelta social en contra de la decisi\u00f3n gubernamental de exportar gas boliviano a Estados Unidos a trav\u00e9s de un puerto chileno.<\/p>\n\n\n\n<p>En medio de la crisis de 2005, renunciaron a su derecho constitucional a suceder a Mesa los entonces presidentes del Senado, Hormando Vaca D\u00edez, y de la C\u00e1mara de Diputados, Mario Coss\u00edo, al no haber un vicepresidente que pudiera asumir en reemplazo del entonces gobernante.<\/p>\n\n\n\n<p>Asumi\u00f3 la Presidencia el titular de la Corte Suprema de Justicia, Eduardo Rodr\u00edguez Veltz\u00e9, en junio de ese a\u00f1o para convocar en diciembre a las primeras elecciones generales que gan\u00f3 Evo Morales.<\/p>\n\n\n\n<p>Esa figura estaba permitida en la Constituci\u00f3n que rigi\u00f3 hasta antes de 2009, pero la Carta Magna promulgada ese a\u00f1o por Morales no la contempla, explic\u00f3 a Efe el abogado constitucionalista Gonzalo Hidalgo.<\/p>\n\n\n\n<p>\u00bfQU\u00c9 DICE LA NUEVA CONSTITUCI\u00d3N?<\/p>\n\n\n\n<p>El art\u00edculo 169 de la nueva Constituci\u00f3n boliviana establece la misma l\u00ednea de sucesi\u00f3n en caso de la renuncia del presidente, vicepresidente, del presidente del Senado hasta el de la C\u00e1mara baja.<\/p>\n\n\n\n<p>\u00abEn este \u00faltimo caso, se convocar\u00e1n nuevas elecciones en el plazo m\u00e1ximo de noventa d\u00edas\u00bb, indica ese art\u00edculo.<\/p>\n\n\n\n<p>\u00abEn caso de ausencia temporal, asumir\u00e1 la Presidencia del Estado quien ejerza la Vicepresidencia, por un periodo que no podr\u00e1 exceder los noventa d\u00edas\u00bb, agrega.<\/p>\n\n\n\n<p>Para Hidalgo, lo m\u00e1s importante ahora es tener una sensatez constitucional, no alejarnos de los principios establecidos en la Constituci\u00f3n.<\/p>\n\n\n\n<p>Por ello, lo que se debe hacer ahora es \u00abesperar primero la aceptaci\u00f3n de la carta de renuncia del presidente\u00bb en la Asamblea Legislativa, que deber\u00e1 analizarla en una sesi\u00f3n.<\/p>\n\n\n\n<p>Hasta el momento no se conoce una renuncia escrita de Morales ni de Garc\u00eda Linera.<\/p>\n\n\n\n<p>POSIBLES SALIDAS<\/p>\n\n\n\n<p>Ante la ausencia de los titulares del Senado y de Diputados, el experto consider\u00f3 que la Comisi\u00f3n Mixta de Constituci\u00f3n de ambas c\u00e1maras debe llamar a una reuni\u00f3n de emergencia y \u00abconseguir c\u00f3mo van a se\u00f1alar ahora una estructura de direcci\u00f3n de la Asamblea Legislativa\u00bb, en ausencia incluso del vicepresidente.<\/p>\n\n\n\n<p>En el Legislativo tiene la mayor\u00eda el partido de Morales, el Movimiento al Socialismo (MAS).<\/p>\n\n\n\n<p>El constitucionalista consider\u00f3 importante que en las pr\u00f3ximas horas pueda darse un acuerdo pol\u00edtico porque, si bien ambas c\u00e1maras est\u00e1n sin presidentes, \u00abs\u00ed hay una representaci\u00f3n pol\u00edtica soberana a trav\u00e9s de los asamble\u00edstas, ellos tienen que tomar una decisi\u00f3n responsable, una decisi\u00f3n constitucional\u00bb.<\/p>\n\n\n\n<p>\u00abVa a ser muy importante la responsabilidad que asuman los pol\u00edticos en la Asamblea Legislativa hasta llegar a un consenso y dar una salida constitucional\u00bb, agreg\u00f3.<\/p>\n\n\n\n<p>BOLIVIA SIN MANDO<\/p>\n\n\n\n<p>Al comienzo de la jornada, Morales hab\u00eda anunciado nuevas elecciones, despu\u00e9s de que horas antes un informe de la Organizaci\u00f3n de Estados Americanos (OEA) advirtiera de graves irregularidades en los comicios generales del pasado 20 de octubre.<\/p>\n\n\n\n<p>Tras una serie de renuncias de parlamentarios y ministros, Morales finalmente emiti\u00f3 un video en el que \u00e9l y Garc\u00eda Linera anunciaban su dimisi\u00f3n, reiterando sus denuncias de un \u00abgolpe de Estado\u00bb en su contra.<\/p>\n\n\n\n<p>En el video, el mandatario consider\u00f3 que la OEA tom\u00f3 una decisi\u00f3n \u00abpol\u00edtica\u00bb y no t\u00e9cnica.<\/p>\n\n\n\n<p>Cuando parec\u00eda que la dimisi\u00f3n de ambos podr\u00eda poner fin a la crisis desatada desde que al d\u00eda siguiente de la votaci\u00f3n comenzaran las sospechas de fraude, los sectores movilizados en contra de Morales resolvieron mantenerse en alerta, en tanto que grupos afines al MAS causan zozobra en ciudades como La Paz y El Alto.<\/p>\n","protected":false},"excerpt":{"rendered":"<p>EFE La Paz La respuesta al vac\u00edo de poder en el que ha quedado Bolivia tras la anunciada renuncia del presidente Evo Morales, y de las autoridades que podr\u00edan sucederle constitucionalmente, est\u00e1 en manos de la Asamblea Legislativa y tendr\u00e1 que pasar por un acuerdo pol\u00edtico. Morales y su vicepresidente, \u00c1lvaro Garc\u00eda Linera, anunciaron la [&hellip;]<\/p>\n","protected":false},"author":2,"featured_media":1660,"comment_status":"open","ping_status":"open","sticky":false,"template":"","format":"standard","meta":{"footnotes":""},"categories":[221],"tags":[],"class_list":{"0":"post-1659","1":"post","2":"type-post","3":"status-publish","4":"format-standard","5":"has-post-thumbnail","7":"category-internacionales"},"yoast_head":"<!-- This site is optimized with the Yoast SEO plugin v24.9 - https:\/\/yoast.com\/wordpress\/plugins\/seo\/ -->\n<title>\u00bfA qui\u00e9n le corresponde asumir el mando tras las dimisiones en Bolivia? - BLG Noticias<\/title>\n<meta name=\"robots\" content=\"index, follow, max-snippet:-1, max-image-preview:large, max-video-preview:-1\" \/>\n<link rel=\"canonical\" href=\"https:\/\/blgnoticiassantodomingo.net\/index.php\/2019\/11\/11\/a-quien-le-corresponde-asumir-el-mando-tras-las-dimisiones-en-bolivia\/\" \/>\n<meta property=\"og:locale\" content=\"es_ES\" \/>\n<meta property=\"og:type\" content=\"article\" \/>\n<meta property=\"og:title\" content=\"\u00bfA qui\u00e9n le corresponde asumir el mando tras las dimisiones en Bolivia? - BLG Noticias\" \/>\n<meta property=\"og:description\" content=\"EFE La Paz La respuesta al vac\u00edo de poder en el que ha quedado Bolivia tras la anunciada renuncia del presidente Evo Morales, y de las autoridades que podr\u00edan sucederle constitucionalmente, est\u00e1 en manos de la Asamblea Legislativa y tendr\u00e1 que pasar por un acuerdo pol\u00edtico. Morales y su vicepresidente, \u00c1lvaro Garc\u00eda Linera, anunciaron la [&hellip;]\" \/>\n<meta property=\"og:url\" content=\"https:\/\/blgnoticiassantodomingo.net\/index.php\/2019\/11\/11\/a-quien-le-corresponde-asumir-el-mando-tras-las-dimisiones-en-bolivia\/\" \/>\n<meta property=\"og:site_name\" content=\"BLG Noticias\" \/>\n<meta property=\"article:publisher\" content=\"https:\/\/web.facebook.com\/BlgNoticias\/?locale=es_LA&amp;_rdc=1&amp;_rdr\" \/>\n<meta property=\"article:published_time\" content=\"2019-11-11T13:32:15+00:00\" \/>\n<meta property=\"article:modified_time\" content=\"2019-11-11T13:32:16+00:00\" \/>\n<meta property=\"og:image\" content=\"https:\/\/blgnoticiassantodomingo.net\/wp-content\/uploads\/2019\/11\/a-quien-le-corresponde-asumir-el-mando-tras-las-dimisiones-en-bolivia.jpeg\" \/>\n\t<meta property=\"og:image:width\" content=\"680\" \/>\n\t<meta property=\"og:image:height\" content=\"381\" \/>\n\t<meta property=\"og:image:type\" content=\"image\/jpeg\" \/>\n<meta name=\"author\" content=\"Brenda Guerrero\" \/>\n<meta name=\"twitter:card\" content=\"summary_large_image\" \/>\n<meta name=\"twitter:creator\" content=\"@BlgNoticias\" \/>\n<meta name=\"twitter:site\" content=\"@BlgNoticias\" \/>\n<meta name=\"twitter:label1\" content=\"Escrito por\" \/>\n\t<meta name=\"twitter:data1\" content=\"Brenda Guerrero\" \/>\n\t<meta name=\"twitter:label2\" content=\"Tiempo de lectura\" \/>\n\t<meta name=\"twitter:data2\" content=\"4 minutos\" \/>\n<script type=\"application\/ld+json\" class=\"yoast-schema-graph\">{\"@context\":\"https:\/\/schema.org\",\"@graph\":[{\"@type\":\"Article\",\"@id\":\"https:\/\/blgnoticiassantodomingo.net\/index.php\/2019\/11\/11\/a-quien-le-corresponde-asumir-el-mando-tras-las-dimisiones-en-bolivia\/#article\",\"isPartOf\":{\"@id\":\"https:\/\/blgnoticiassantodomingo.net\/index.php\/2019\/11\/11\/a-quien-le-corresponde-asumir-el-mando-tras-las-dimisiones-en-bolivia\/\"},\"author\":{\"name\":\"Brenda Guerrero\",\"@id\":\"https:\/\/blgnoticiassantodomingo.net\/#\/schema\/person\/e2fc21cf88acc63dbd134be981bff374\"},\"headline\":\"\u00bfA qui\u00e9n le corresponde asumir el mando tras las dimisiones en Bolivia?\",\"datePublished\":\"2019-11-11T13:32:15+00:00\",\"dateModified\":\"2019-11-11T13:32:16+00:00\",\"mainEntityOfPage\":{\"@id\":\"https:\/\/blgnoticiassantodomingo.net\/index.php\/2019\/11\/11\/a-quien-le-corresponde-asumir-el-mando-tras-las-dimisiones-en-bolivia\/\"},\"wordCount\":801,\"commentCount\":0,\"publisher\":{\"@id\":\"https:\/\/blgnoticiassantodomingo.net\/#organization\"},\"image\":{\"@id\":\"https:\/\/blgnoticiassantodomingo.net\/index.php\/2019\/11\/11\/a-quien-le-corresponde-asumir-el-mando-tras-las-dimisiones-en-bolivia\/#primaryimage\"},\"thumbnailUrl\":\"https:\/\/blgnoticiassantodomingo.net\/wp-content\/uploads\/2019\/11\/a-quien-le-corresponde-asumir-el-mando-tras-las-dimisiones-en-bolivia.jpeg\",\"articleSection\":[\"Internacionales\"],\"inLanguage\":\"es\",\"potentialAction\":[{\"@type\":\"CommentAction\",\"name\":\"Comment\",\"target\":[\"https:\/\/blgnoticiassantodomingo.net\/index.php\/2019\/11\/11\/a-quien-le-corresponde-asumir-el-mando-tras-las-dimisiones-en-bolivia\/#respond\"]}]},{\"@type\":\"WebPage\",\"@id\":\"https:\/\/blgnoticiassantodomingo.net\/index.php\/2019\/11\/11\/a-quien-le-corresponde-asumir-el-mando-tras-las-dimisiones-en-bolivia\/\",\"url\":\"https:\/\/blgnoticiassantodomingo.net\/index.php\/2019\/11\/11\/a-quien-le-corresponde-asumir-el-mando-tras-las-dimisiones-en-bolivia\/\",\"name\":\"\u00bfA qui\u00e9n le corresponde asumir el mando tras las dimisiones en Bolivia? - BLG Noticias\",\"isPartOf\":{\"@id\":\"https:\/\/blgnoticiassantodomingo.net\/#website\"},\"primaryImageOfPage\":{\"@id\":\"https:\/\/blgnoticiassantodomingo.net\/index.php\/2019\/11\/11\/a-quien-le-corresponde-asumir-el-mando-tras-las-dimisiones-en-bolivia\/#primaryimage\"},\"image\":{\"@id\":\"https:\/\/blgnoticiassantodomingo.net\/index.php\/2019\/11\/11\/a-quien-le-corresponde-asumir-el-mando-tras-las-dimisiones-en-bolivia\/#primaryimage\"},\"thumbnailUrl\":\"https:\/\/blgnoticiassantodomingo.net\/wp-content\/uploads\/2019\/11\/a-quien-le-corresponde-asumir-el-mando-tras-las-dimisiones-en-bolivia.jpeg\",\"datePublished\":\"2019-11-11T13:32:15+00:00\",\"dateModified\":\"2019-11-11T13:32:16+00:00\",\"breadcrumb\":{\"@id\":\"https:\/\/blgnoticiassantodomingo.net\/index.php\/2019\/11\/11\/a-quien-le-corresponde-asumir-el-mando-tras-las-dimisiones-en-bolivia\/#breadcrumb\"},\"inLanguage\":\"es\",\"potentialAction\":[{\"@type\":\"ReadAction\",\"target\":[\"https:\/\/blgnoticiassantodomingo.net\/index.php\/2019\/11\/11\/a-quien-le-corresponde-asumir-el-mando-tras-las-dimisiones-en-bolivia\/\"]}]},{\"@type\":\"ImageObject\",\"inLanguage\":\"es\",\"@id\":\"https:\/\/blgnoticiassantodomingo.net\/index.php\/2019\/11\/11\/a-quien-le-corresponde-asumir-el-mando-tras-las-dimisiones-en-bolivia\/#primaryimage\",\"url\":\"https:\/\/blgnoticiassantodomingo.net\/wp-content\/uploads\/2019\/11\/a-quien-le-corresponde-asumir-el-mando-tras-las-dimisiones-en-bolivia.jpeg\",\"contentUrl\":\"https:\/\/blgnoticiassantodomingo.net\/wp-content\/uploads\/2019\/11\/a-quien-le-corresponde-asumir-el-mando-tras-las-dimisiones-en-bolivia.jpeg\",\"width\":680,\"height\":381},{\"@type\":\"BreadcrumbList\",\"@id\":\"https:\/\/blgnoticiassantodomingo.net\/index.php\/2019\/11\/11\/a-quien-le-corresponde-asumir-el-mando-tras-las-dimisiones-en-bolivia\/#breadcrumb\",\"itemListElement\":[{\"@type\":\"ListItem\",\"position\":1,\"name\":\"Portada\",\"item\":\"https:\/\/blgnoticiassantodomingo.net\/\"},{\"@type\":\"ListItem\",\"position\":2,\"name\":\"\u00bfA qui\u00e9n le corresponde asumir el mando tras las dimisiones en Bolivia?\"}]},{\"@type\":\"WebSite\",\"@id\":\"https:\/\/blgnoticiassantodomingo.net\/#website\",\"url\":\"https:\/\/blgnoticiassantodomingo.net\/\",\"name\":\"BLG Noticias\",\"description\":\"Esto es Noticias\",\"publisher\":{\"@id\":\"https:\/\/blgnoticiassantodomingo.net\/#organization\"},\"potentialAction\":[{\"@type\":\"SearchAction\",\"target\":{\"@type\":\"EntryPoint\",\"urlTemplate\":\"https:\/\/blgnoticiassantodomingo.net\/?s={search_term_string}\"},\"query-input\":{\"@type\":\"PropertyValueSpecification\",\"valueRequired\":true,\"valueName\":\"search_term_string\"}}],\"inLanguage\":\"es\"},{\"@type\":\"Organization\",\"@id\":\"https:\/\/blgnoticiassantodomingo.net\/#organization\",\"name\":\"BLG Noticias\",\"url\":\"https:\/\/blgnoticiassantodomingo.net\/\",\"logo\":{\"@type\":\"ImageObject\",\"inLanguage\":\"es\",\"@id\":\"https:\/\/blgnoticiassantodomingo.net\/#\/schema\/logo\/image\/\",\"url\":\"https:\/\/blgnoticiassantodomingo.net\/wp-content\/uploads\/2023\/12\/Diseno-sin-titulo-3.jpg\",\"contentUrl\":\"https:\/\/blgnoticiassantodomingo.net\/wp-content\/uploads\/2023\/12\/Diseno-sin-titulo-3.jpg\",\"width\":500,\"height\":500,\"caption\":\"BLG Noticias\"},\"image\":{\"@id\":\"https:\/\/blgnoticiassantodomingo.net\/#\/schema\/logo\/image\/\"},\"sameAs\":[\"https:\/\/web.facebook.com\/BlgNoticias\/?locale=es_LA&_rdc=1&_rdr\",\"https:\/\/x.com\/BlgNoticias\",\"https:\/\/www.linkedin.com\/in\/brenda-l-santana-aa846279\/\"]},{\"@type\":\"Person\",\"@id\":\"https:\/\/blgnoticiassantodomingo.net\/#\/schema\/person\/e2fc21cf88acc63dbd134be981bff374\",\"name\":\"Brenda Guerrero\",\"image\":{\"@type\":\"ImageObject\",\"inLanguage\":\"es\",\"@id\":\"https:\/\/blgnoticiassantodomingo.net\/#\/schema\/person\/image\/\",\"url\":\"https:\/\/secure.gravatar.com\/avatar\/2f7fc4c3e3655be1580cb684bfd8ab19be702ae20879da1e072021daa02f9b8b?s=96&d=wp_user_avatar&r=g\",\"contentUrl\":\"https:\/\/secure.gravatar.com\/avatar\/2f7fc4c3e3655be1580cb684bfd8ab19be702ae20879da1e072021daa02f9b8b?s=96&d=wp_user_avatar&r=g\",\"caption\":\"Brenda Guerrero\"},\"description\":\"Periodista\",\"url\":\"https:\/\/blgnoticiassantodomingo.net\/index.php\/author\/brenda-guerrero\/\"}]}<\/script>\n<!-- \/ Yoast SEO plugin. -->","yoast_head_json":{"title":"\u00bfA qui\u00e9n le corresponde asumir el mando tras las dimisiones en Bolivia? - BLG Noticias","robots":{"index":"index","follow":"follow","max-snippet":"max-snippet:-1","max-image-preview":"max-image-preview:large","max-video-preview":"max-video-preview:-1"},"canonical":"https:\/\/blgnoticiassantodomingo.net\/index.php\/2019\/11\/11\/a-quien-le-corresponde-asumir-el-mando-tras-las-dimisiones-en-bolivia\/","og_locale":"es_ES","og_type":"article","og_title":"\u00bfA qui\u00e9n le corresponde asumir el mando tras las dimisiones en Bolivia? - BLG Noticias","og_description":"EFE La Paz La respuesta al vac\u00edo de poder en el que ha quedado Bolivia tras la anunciada renuncia del presidente Evo Morales, y de las autoridades que podr\u00edan sucederle constitucionalmente, est\u00e1 en manos de la Asamblea Legislativa y tendr\u00e1 que pasar por un acuerdo pol\u00edtico. Morales y su vicepresidente, \u00c1lvaro Garc\u00eda Linera, anunciaron la [&hellip;]","og_url":"https:\/\/blgnoticiassantodomingo.net\/index.php\/2019\/11\/11\/a-quien-le-corresponde-asumir-el-mando-tras-las-dimisiones-en-bolivia\/","og_site_name":"BLG Noticias","article_publisher":"https:\/\/web.facebook.com\/BlgNoticias\/?locale=es_LA&_rdc=1&_rdr","article_published_time":"2019-11-11T13:32:15+00:00","article_modified_time":"2019-11-11T13:32:16+00:00","og_image":[{"width":680,"height":381,"url":"https:\/\/blgnoticiassantodomingo.net\/wp-content\/uploads\/2019\/11\/a-quien-le-corresponde-asumir-el-mando-tras-las-dimisiones-en-bolivia.jpeg","type":"image\/jpeg"}],"author":"Brenda Guerrero","twitter_card":"summary_large_image","twitter_creator":"@BlgNoticias","twitter_site":"@BlgNoticias","twitter_misc":{"Escrito por":"Brenda Guerrero","Tiempo de lectura":"4 minutos"},"schema":{"@context":"https:\/\/schema.org","@graph":[{"@type":"Article","@id":"https:\/\/blgnoticiassantodomingo.net\/index.php\/2019\/11\/11\/a-quien-le-corresponde-asumir-el-mando-tras-las-dimisiones-en-bolivia\/#article","isPartOf":{"@id":"https:\/\/blgnoticiassantodomingo.net\/index.php\/2019\/11\/11\/a-quien-le-corresponde-asumir-el-mando-tras-las-dimisiones-en-bolivia\/"},"author":{"name":"Brenda Guerrero","@id":"https:\/\/blgnoticiassantodomingo.net\/#\/schema\/person\/e2fc21cf88acc63dbd134be981bff374"},"headline":"\u00bfA qui\u00e9n le corresponde asumir el mando tras las dimisiones en Bolivia?","datePublished":"2019-11-11T13:32:15+00:00","dateModified":"2019-11-11T13:32:16+00:00","mainEntityOfPage":{"@id":"https:\/\/blgnoticiassantodomingo.net\/index.php\/2019\/11\/11\/a-quien-le-corresponde-asumir-el-mando-tras-las-dimisiones-en-bolivia\/"},"wordCount":801,"commentCount":0,"publisher":{"@id":"https:\/\/blgnoticiassantodomingo.net\/#organization"},"image":{"@id":"https:\/\/blgnoticiassantodomingo.net\/index.php\/2019\/11\/11\/a-quien-le-corresponde-asumir-el-mando-tras-las-dimisiones-en-bolivia\/#primaryimage"},"thumbnailUrl":"https:\/\/blgnoticiassantodomingo.net\/wp-content\/uploads\/2019\/11\/a-quien-le-corresponde-asumir-el-mando-tras-las-dimisiones-en-bolivia.jpeg","articleSection":["Internacionales"],"inLanguage":"es","potentialAction":[{"@type":"CommentAction","name":"Comment","target":["https:\/\/blgnoticiassantodomingo.net\/index.php\/2019\/11\/11\/a-quien-le-corresponde-asumir-el-mando-tras-las-dimisiones-en-bolivia\/#respond"]}]},{"@type":"WebPage","@id":"https:\/\/blgnoticiassantodomingo.net\/index.php\/2019\/11\/11\/a-quien-le-corresponde-asumir-el-mando-tras-las-dimisiones-en-bolivia\/","url":"https:\/\/blgnoticiassantodomingo.net\/index.php\/2019\/11\/11\/a-quien-le-corresponde-asumir-el-mando-tras-las-dimisiones-en-bolivia\/","name":"\u00bfA qui\u00e9n le corresponde asumir el mando tras las dimisiones en Bolivia? - BLG Noticias","isPartOf":{"@id":"https:\/\/blgnoticiassantodomingo.net\/#website"},"primaryImageOfPage":{"@id":"https:\/\/blgnoticiassantodomingo.net\/index.php\/2019\/11\/11\/a-quien-le-corresponde-asumir-el-mando-tras-las-dimisiones-en-bolivia\/#primaryimage"},"image":{"@id":"https:\/\/blgnoticiassantodomingo.net\/index.php\/2019\/11\/11\/a-quien-le-corresponde-asumir-el-mando-tras-las-dimisiones-en-bolivia\/#primaryimage"},"thumbnailUrl":"https:\/\/blgnoticiassantodomingo.net\/wp-content\/uploads\/2019\/11\/a-quien-le-corresponde-asumir-el-mando-tras-las-dimisiones-en-bolivia.jpeg","datePublished":"2019-11-11T13:32:15+00:00","dateModified":"2019-11-11T13:32:16+00:00","breadcrumb":{"@id":"https:\/\/blgnoticiassantodomingo.net\/index.php\/2019\/11\/11\/a-quien-le-corresponde-asumir-el-mando-tras-las-dimisiones-en-bolivia\/#breadcrumb"},"inLanguage":"es","potentialAction":[{"@type":"ReadAction","target":["https:\/\/blgnoticiassantodomingo.net\/index.php\/2019\/11\/11\/a-quien-le-corresponde-asumir-el-mando-tras-las-dimisiones-en-bolivia\/"]}]},{"@type":"ImageObject","inLanguage":"es","@id":"https:\/\/blgnoticiassantodomingo.net\/index.php\/2019\/11\/11\/a-quien-le-corresponde-asumir-el-mando-tras-las-dimisiones-en-bolivia\/#primaryimage","url":"https:\/\/blgnoticiassantodomingo.net\/wp-content\/uploads\/2019\/11\/a-quien-le-corresponde-asumir-el-mando-tras-las-dimisiones-en-bolivia.jpeg","contentUrl":"https:\/\/blgnoticiassantodomingo.net\/wp-content\/uploads\/2019\/11\/a-quien-le-corresponde-asumir-el-mando-tras-las-dimisiones-en-bolivia.jpeg","width":680,"height":381},{"@type":"BreadcrumbList","@id":"https:\/\/blgnoticiassantodomingo.net\/index.php\/2019\/11\/11\/a-quien-le-corresponde-asumir-el-mando-tras-las-dimisiones-en-bolivia\/#breadcrumb","itemListElement":[{"@type":"ListItem","position":1,"name":"Portada","item":"https:\/\/blgnoticiassantodomingo.net\/"},{"@type":"ListItem","position":2,"name":"\u00bfA qui\u00e9n le corresponde asumir el mando tras las dimisiones en Bolivia?"}]},{"@type":"WebSite","@id":"https:\/\/blgnoticiassantodomingo.net\/#website","url":"https:\/\/blgnoticiassantodomingo.net\/","name":"BLG Noticias","description":"Esto es Noticias","publisher":{"@id":"https:\/\/blgnoticiassantodomingo.net\/#organization"},"potentialAction":[{"@type":"SearchAction","target":{"@type":"EntryPoint","urlTemplate":"https:\/\/blgnoticiassantodomingo.net\/?s={search_term_string}"},"query-input":{"@type":"PropertyValueSpecification","valueRequired":true,"valueName":"search_term_string"}}],"inLanguage":"es"},{"@type":"Organization","@id":"https:\/\/blgnoticiassantodomingo.net\/#organization","name":"BLG Noticias","url":"https:\/\/blgnoticiassantodomingo.net\/","logo":{"@type":"ImageObject","inLanguage":"es","@id":"https:\/\/blgnoticiassantodomingo.net\/#\/schema\/logo\/image\/","url":"https:\/\/blgnoticiassantodomingo.net\/wp-content\/uploads\/2023\/12\/Diseno-sin-titulo-3.jpg","contentUrl":"https:\/\/blgnoticiassantodomingo.net\/wp-content\/uploads\/2023\/12\/Diseno-sin-titulo-3.jpg","width":500,"height":500,"caption":"BLG Noticias"},"image":{"@id":"https:\/\/blgnoticiassantodomingo.net\/#\/schema\/logo\/image\/"},"sameAs":["https:\/\/web.facebook.com\/BlgNoticias\/?locale=es_LA&_rdc=1&_rdr","https:\/\/x.com\/BlgNoticias","https:\/\/www.linkedin.com\/in\/brenda-l-santana-aa846279\/"]},{"@type":"Person","@id":"https:\/\/blgnoticiassantodomingo.net\/#\/schema\/person\/e2fc21cf88acc63dbd134be981bff374","name":"Brenda Guerrero","image":{"@type":"ImageObject","inLanguage":"es","@id":"https:\/\/blgnoticiassantodomingo.net\/#\/schema\/person\/image\/","url":"https:\/\/secure.gravatar.com\/avatar\/2f7fc4c3e3655be1580cb684bfd8ab19be702ae20879da1e072021daa02f9b8b?s=96&d=wp_user_avatar&r=g","contentUrl":"https:\/\/secure.gravatar.com\/avatar\/2f7fc4c3e3655be1580cb684bfd8ab19be702ae20879da1e072021daa02f9b8b?s=96&d=wp_user_avatar&r=g","caption":"Brenda Guerrero"},"description":"Periodista","url":"https:\/\/blgnoticiassantodomingo.net\/index.php\/author\/brenda-guerrero\/"}]}},"jetpack_featured_media_url":"https:\/\/blgnoticiassantodomingo.net\/wp-content\/uploads\/2019\/11\/a-quien-le-corresponde-asumir-el-mando-tras-las-dimisiones-en-bolivia.jpeg","_links":{"self":[{"href":"https:\/\/blgnoticiassantodomingo.net\/index.php\/wp-json\/wp\/v2\/posts\/1659","targetHints":{"allow":["GET"]}}],"collection":[{"href":"https:\/\/blgnoticiassantodomingo.net\/index.php\/wp-json\/wp\/v2\/posts"}],"about":[{"href":"https:\/\/blgnoticiassantodomingo.net\/index.php\/wp-json\/wp\/v2\/types\/post"}],"author":[{"embeddable":true,"href":"https:\/\/blgnoticiassantodomingo.net\/index.php\/wp-json\/wp\/v2\/users\/2"}],"replies":[{"embeddable":true,"href":"https:\/\/blgnoticiassantodomingo.net\/index.php\/wp-json\/wp\/v2\/comments?post=1659"}],"version-history":[{"count":1,"href":"https:\/\/blgnoticiassantodomingo.net\/index.php\/wp-json\/wp\/v2\/posts\/1659\/revisions"}],"predecessor-version":[{"id":1661,"href":"https:\/\/blgnoticiassantodomingo.net\/index.php\/wp-json\/wp\/v2\/posts\/1659\/revisions\/1661"}],"wp:featuredmedia":[{"embeddable":true,"href":"https:\/\/blgnoticiassantodomingo.net\/index.php\/wp-json\/wp\/v2\/media\/1660"}],"wp:attachment":[{"href":"https:\/\/blgnoticiassantodomingo.net\/index.php\/wp-json\/wp\/v2\/media?parent=1659"}],"wp:term":[{"taxonomy":"category","embeddable":true,"href":"https:\/\/blgnoticiassantodomingo.net\/index.php\/wp-json\/wp\/v2\/categories?post=1659"},{"taxonomy":"post_tag","embeddable":true,"href":"https:\/\/blgnoticiassantodomingo.net\/index.php\/wp-json\/wp\/v2\/tags?post=1659"}],"curies":[{"name":"wp","href":"https:\/\/api.w.org\/{rel}","templated":true}]}}