{"id":1647,"date":"2019-11-11T02:38:31","date_gmt":"2019-11-11T02:38:31","guid":{"rendered":"http:\/\/blgnoticiassantodomingo.net\/?p=1647"},"modified":"2019-11-11T02:38:31","modified_gmt":"2019-11-11T02:38:31","slug":"instagram-probara-ocultar-los-me-gusta-en-eeuu","status":"publish","type":"post","link":"https:\/\/blgnoticiassantodomingo.net\/index.php\/2019\/11\/11\/instagram-probara-ocultar-los-me-gusta-en-eeuu\/","title":{"rendered":"Instagram probar\u00e1 ocultar los \u201cMe gusta\u201d en EEUU"},"content":{"rendered":"\n<p>AFP<\/p>\n\n\n\n<p>Instagram ocultar\u00e1 a una parte de sus usuarios en\u00a0<strong>Estados Unidos<\/strong>\u00a0el n\u00famero de \u201c<strong>Me gusta<\/strong>\u201d recopilados por los contenidos publicados a partir de la pr\u00f3xima semana, tras hacer pruebas similares en otros pa\u00edses para reducir la presi\u00f3n social sobre la red.<\/p>\n\n\n\n<p>\u201cHemos probado la posibilidad de hacer que los&nbsp;<strong>Me gusta<\/strong>&nbsp;sean privados en varios pa\u00edses. Estaremos extendiendo estas pruebas a una peque\u00f1a porci\u00f3n de personas en&nbsp;<strong>Estados Unidos<\/strong>&nbsp;la pr\u00f3xima semana, y no podemos esperar para ver los comentarios\u201d, tuite\u00f3 el viernes&nbsp;<strong>Adam Mosseri<\/strong>, director de la plataforma m\u00f3vil.<\/p>\n\n\n\n<blockquote class=\"wp-block-quote is-layout-flow wp-block-quote-is-layout-flow\"><p><strong>Instagram<\/strong>, popular entre los j\u00f3venes, comenz\u00f3 a enmascarar los \u201cMe gusta\u201d en mayo en Canad\u00e1, y en julio en otros seis pa\u00edses: Australia, Italia, Irlanda, Jap\u00f3n, Brasil y Nueva Zelanda.<\/p><\/blockquote>\n\n\n\n<p>Asegur\u00f3 que con eso se busca reducir el estr\u00e9s en los usuarios, luego de las cr\u00edticas sobre los riesgos de la aplicaci\u00f3n para la&nbsp;<strong>salud mental<\/strong>.<\/p>\n\n\n\n<p>Los usuarios afectados ya no podr\u00e1n ver cu\u00e1ntos \u201cMe gusta\u201d reciben los posts de los dem\u00e1s. Todav\u00eda podr\u00e1n ver la cantidad en sus propias publicaciones, pero haciendo clic en una p\u00e1gina diferente.<\/p>\n\n\n\n<p>Durante las pruebas, la red propiedad del gigante estadounidense&nbsp;<strong>Facebook<\/strong>&nbsp;especific\u00f3 que las herramientas de medici\u00f3n de las empresas que utilizan la plataforma para promocionar sus productos no se vieron afectadas.<\/p>\n","protected":false},"excerpt":{"rendered":"<p>AFP Instagram ocultar\u00e1 a una parte de sus usuarios en\u00a0Estados Unidos\u00a0el n\u00famero de \u201cMe gusta\u201d recopilados por los contenidos publicados a partir de la pr\u00f3xima semana, tras hacer pruebas similares en otros pa\u00edses para reducir la presi\u00f3n social sobre la red. \u201cHemos probado la posibilidad de hacer que los&nbsp;Me gusta&nbsp;sean privados en varios pa\u00edses. Estaremos [&hellip;]<\/p>\n","protected":false},"author":2,"featured_media":1648,"comment_status":"open","ping_status":"open","sticky":false,"template":"","format":"standard","meta":{"footnotes":""},"categories":[220],"tags":[510,508,509],"class_list":{"0":"post-1647","1":"post","2":"type-post","3":"status-publish","4":"format-standard","5":"has-post-thumbnail","7":"category-nacionales","8":"tag-adam-mosseri","9":"tag-instagram","10":"tag-me-gusta"},"yoast_head":"<!-- This site is optimized with the Yoast SEO plugin v24.9 - https:\/\/yoast.com\/wordpress\/plugins\/seo\/ -->\n<title>Instagram probar\u00e1 ocultar los \u201cMe gusta\u201d en EEUU - BLG Noticias<\/title>\n<meta name=\"robots\" content=\"index, follow, max-snippet:-1, max-image-preview:large, max-video-preview:-1\" \/>\n<link rel=\"canonical\" href=\"https:\/\/blgnoticiassantodomingo.net\/index.php\/2019\/11\/11\/instagram-probara-ocultar-los-me-gusta-en-eeuu\/\" \/>\n<meta property=\"og:locale\" content=\"es_ES\" \/>\n<meta property=\"og:type\" content=\"article\" \/>\n<meta property=\"og:title\" content=\"Instagram probar\u00e1 ocultar los \u201cMe gusta\u201d en EEUU - BLG Noticias\" \/>\n<meta property=\"og:description\" content=\"AFP Instagram ocultar\u00e1 a una parte de sus usuarios en\u00a0Estados Unidos\u00a0el n\u00famero de \u201cMe gusta\u201d recopilados por los contenidos publicados a partir de la pr\u00f3xima semana, tras hacer pruebas similares en otros pa\u00edses para reducir la presi\u00f3n social sobre la red. \u201cHemos probado la posibilidad de hacer que los&nbsp;Me gusta&nbsp;sean privados en varios pa\u00edses. Estaremos [&hellip;]\" \/>\n<meta property=\"og:url\" content=\"https:\/\/blgnoticiassantodomingo.net\/index.php\/2019\/11\/11\/instagram-probara-ocultar-los-me-gusta-en-eeuu\/\" \/>\n<meta property=\"og:site_name\" content=\"BLG Noticias\" \/>\n<meta property=\"article:publisher\" content=\"https:\/\/web.facebook.com\/BlgNoticias\/?locale=es_LA&amp;_rdc=1&amp;_rdr\" \/>\n<meta property=\"article:published_time\" content=\"2019-11-11T02:38:31+00:00\" \/>\n<meta property=\"og:image\" content=\"https:\/\/blgnoticiassantodomingo.net\/wp-content\/uploads\/2019\/11\/90315b7e5882455ca32b445cd0dc1c35.jpg\" \/>\n\t<meta property=\"og:image:width\" content=\"847\" \/>\n\t<meta property=\"og:image:height\" content=\"477\" \/>\n\t<meta property=\"og:image:type\" content=\"image\/jpeg\" \/>\n<meta name=\"author\" content=\"Brenda Guerrero\" \/>\n<meta name=\"twitter:card\" content=\"summary_large_image\" \/>\n<meta name=\"twitter:creator\" content=\"@BlgNoticias\" \/>\n<meta name=\"twitter:site\" content=\"@BlgNoticias\" \/>\n<meta name=\"twitter:label1\" content=\"Escrito por\" \/>\n\t<meta name=\"twitter:data1\" content=\"Brenda Guerrero\" \/>\n\t<meta name=\"twitter:label2\" content=\"Tiempo de lectura\" \/>\n\t<meta name=\"twitter:data2\" content=\"1 minuto\" \/>\n<script type=\"application\/ld+json\" class=\"yoast-schema-graph\">{\"@context\":\"https:\/\/schema.org\",\"@graph\":[{\"@type\":\"Article\",\"@id\":\"https:\/\/blgnoticiassantodomingo.net\/index.php\/2019\/11\/11\/instagram-probara-ocultar-los-me-gusta-en-eeuu\/#article\",\"isPartOf\":{\"@id\":\"https:\/\/blgnoticiassantodomingo.net\/index.php\/2019\/11\/11\/instagram-probara-ocultar-los-me-gusta-en-eeuu\/\"},\"author\":{\"name\":\"Brenda Guerrero\",\"@id\":\"https:\/\/blgnoticiassantodomingo.net\/#\/schema\/person\/e2fc21cf88acc63dbd134be981bff374\"},\"headline\":\"Instagram probar\u00e1 ocultar los \u201cMe gusta\u201d en EEUU\",\"datePublished\":\"2019-11-11T02:38:31+00:00\",\"mainEntityOfPage\":{\"@id\":\"https:\/\/blgnoticiassantodomingo.net\/index.php\/2019\/11\/11\/instagram-probara-ocultar-los-me-gusta-en-eeuu\/\"},\"wordCount\":249,\"commentCount\":0,\"publisher\":{\"@id\":\"https:\/\/blgnoticiassantodomingo.net\/#organization\"},\"image\":{\"@id\":\"https:\/\/blgnoticiassantodomingo.net\/index.php\/2019\/11\/11\/instagram-probara-ocultar-los-me-gusta-en-eeuu\/#primaryimage\"},\"thumbnailUrl\":\"https:\/\/blgnoticiassantodomingo.net\/wp-content\/uploads\/2019\/11\/90315b7e5882455ca32b445cd0dc1c35.jpg\",\"keywords\":[\"Adam Mosseri\",\"Instagram\",\"Me Gusta\"],\"articleSection\":[\"Nacionales\"],\"inLanguage\":\"es\",\"potentialAction\":[{\"@type\":\"CommentAction\",\"name\":\"Comment\",\"target\":[\"https:\/\/blgnoticiassantodomingo.net\/index.php\/2019\/11\/11\/instagram-probara-ocultar-los-me-gusta-en-eeuu\/#respond\"]}]},{\"@type\":\"WebPage\",\"@id\":\"https:\/\/blgnoticiassantodomingo.net\/index.php\/2019\/11\/11\/instagram-probara-ocultar-los-me-gusta-en-eeuu\/\",\"url\":\"https:\/\/blgnoticiassantodomingo.net\/index.php\/2019\/11\/11\/instagram-probara-ocultar-los-me-gusta-en-eeuu\/\",\"name\":\"Instagram probar\u00e1 ocultar los \u201cMe gusta\u201d en EEUU - BLG Noticias\",\"isPartOf\":{\"@id\":\"https:\/\/blgnoticiassantodomingo.net\/#website\"},\"primaryImageOfPage\":{\"@id\":\"https:\/\/blgnoticiassantodomingo.net\/index.php\/2019\/11\/11\/instagram-probara-ocultar-los-me-gusta-en-eeuu\/#primaryimage\"},\"image\":{\"@id\":\"https:\/\/blgnoticiassantodomingo.net\/index.php\/2019\/11\/11\/instagram-probara-ocultar-los-me-gusta-en-eeuu\/#primaryimage\"},\"thumbnailUrl\":\"https:\/\/blgnoticiassantodomingo.net\/wp-content\/uploads\/2019\/11\/90315b7e5882455ca32b445cd0dc1c35.jpg\",\"datePublished\":\"2019-11-11T02:38:31+00:00\",\"breadcrumb\":{\"@id\":\"https:\/\/blgnoticiassantodomingo.net\/index.php\/2019\/11\/11\/instagram-probara-ocultar-los-me-gusta-en-eeuu\/#breadcrumb\"},\"inLanguage\":\"es\",\"potentialAction\":[{\"@type\":\"ReadAction\",\"target\":[\"https:\/\/blgnoticiassantodomingo.net\/index.php\/2019\/11\/11\/instagram-probara-ocultar-los-me-gusta-en-eeuu\/\"]}]},{\"@type\":\"ImageObject\",\"inLanguage\":\"es\",\"@id\":\"https:\/\/blgnoticiassantodomingo.net\/index.php\/2019\/11\/11\/instagram-probara-ocultar-los-me-gusta-en-eeuu\/#primaryimage\",\"url\":\"https:\/\/blgnoticiassantodomingo.net\/wp-content\/uploads\/2019\/11\/90315b7e5882455ca32b445cd0dc1c35.jpg\",\"contentUrl\":\"https:\/\/blgnoticiassantodomingo.net\/wp-content\/uploads\/2019\/11\/90315b7e5882455ca32b445cd0dc1c35.jpg\",\"width\":847,\"height\":477},{\"@type\":\"BreadcrumbList\",\"@id\":\"https:\/\/blgnoticiassantodomingo.net\/index.php\/2019\/11\/11\/instagram-probara-ocultar-los-me-gusta-en-eeuu\/#breadcrumb\",\"itemListElement\":[{\"@type\":\"ListItem\",\"position\":1,\"name\":\"Portada\",\"item\":\"https:\/\/blgnoticiassantodomingo.net\/\"},{\"@type\":\"ListItem\",\"position\":2,\"name\":\"Instagram probar\u00e1 ocultar los \u201cMe gusta\u201d en EEUU\"}]},{\"@type\":\"WebSite\",\"@id\":\"https:\/\/blgnoticiassantodomingo.net\/#website\",\"url\":\"https:\/\/blgnoticiassantodomingo.net\/\",\"name\":\"BLG Noticias\",\"description\":\"Esto es Noticias\",\"publisher\":{\"@id\":\"https:\/\/blgnoticiassantodomingo.net\/#organization\"},\"potentialAction\":[{\"@type\":\"SearchAction\",\"target\":{\"@type\":\"EntryPoint\",\"urlTemplate\":\"https:\/\/blgnoticiassantodomingo.net\/?s={search_term_string}\"},\"query-input\":{\"@type\":\"PropertyValueSpecification\",\"valueRequired\":true,\"valueName\":\"search_term_string\"}}],\"inLanguage\":\"es\"},{\"@type\":\"Organization\",\"@id\":\"https:\/\/blgnoticiassantodomingo.net\/#organization\",\"name\":\"BLG Noticias\",\"url\":\"https:\/\/blgnoticiassantodomingo.net\/\",\"logo\":{\"@type\":\"ImageObject\",\"inLanguage\":\"es\",\"@id\":\"https:\/\/blgnoticiassantodomingo.net\/#\/schema\/logo\/image\/\",\"url\":\"https:\/\/blgnoticiassantodomingo.net\/wp-content\/uploads\/2023\/12\/Diseno-sin-titulo-3.jpg\",\"contentUrl\":\"https:\/\/blgnoticiassantodomingo.net\/wp-content\/uploads\/2023\/12\/Diseno-sin-titulo-3.jpg\",\"width\":500,\"height\":500,\"caption\":\"BLG Noticias\"},\"image\":{\"@id\":\"https:\/\/blgnoticiassantodomingo.net\/#\/schema\/logo\/image\/\"},\"sameAs\":[\"https:\/\/web.facebook.com\/BlgNoticias\/?locale=es_LA&_rdc=1&_rdr\",\"https:\/\/x.com\/BlgNoticias\",\"https:\/\/www.linkedin.com\/in\/brenda-l-santana-aa846279\/\"]},{\"@type\":\"Person\",\"@id\":\"https:\/\/blgnoticiassantodomingo.net\/#\/schema\/person\/e2fc21cf88acc63dbd134be981bff374\",\"name\":\"Brenda Guerrero\",\"image\":{\"@type\":\"ImageObject\",\"inLanguage\":\"es\",\"@id\":\"https:\/\/blgnoticiassantodomingo.net\/#\/schema\/person\/image\/\",\"url\":\"https:\/\/secure.gravatar.com\/avatar\/2f7fc4c3e3655be1580cb684bfd8ab19be702ae20879da1e072021daa02f9b8b?s=96&d=wp_user_avatar&r=g\",\"contentUrl\":\"https:\/\/secure.gravatar.com\/avatar\/2f7fc4c3e3655be1580cb684bfd8ab19be702ae20879da1e072021daa02f9b8b?s=96&d=wp_user_avatar&r=g\",\"caption\":\"Brenda Guerrero\"},\"description\":\"Periodista\",\"url\":\"https:\/\/blgnoticiassantodomingo.net\/index.php\/author\/brenda-guerrero\/\"}]}<\/script>\n<!-- \/ Yoast SEO plugin. -->","yoast_head_json":{"title":"Instagram probar\u00e1 ocultar los \u201cMe gusta\u201d en EEUU - BLG Noticias","robots":{"index":"index","follow":"follow","max-snippet":"max-snippet:-1","max-image-preview":"max-image-preview:large","max-video-preview":"max-video-preview:-1"},"canonical":"https:\/\/blgnoticiassantodomingo.net\/index.php\/2019\/11\/11\/instagram-probara-ocultar-los-me-gusta-en-eeuu\/","og_locale":"es_ES","og_type":"article","og_title":"Instagram probar\u00e1 ocultar los \u201cMe gusta\u201d en EEUU - BLG Noticias","og_description":"AFP Instagram ocultar\u00e1 a una parte de sus usuarios en\u00a0Estados Unidos\u00a0el n\u00famero de \u201cMe gusta\u201d recopilados por los contenidos publicados a partir de la pr\u00f3xima semana, tras hacer pruebas similares en otros pa\u00edses para reducir la presi\u00f3n social sobre la red. \u201cHemos probado la posibilidad de hacer que los&nbsp;Me gusta&nbsp;sean privados en varios pa\u00edses. Estaremos [&hellip;]","og_url":"https:\/\/blgnoticiassantodomingo.net\/index.php\/2019\/11\/11\/instagram-probara-ocultar-los-me-gusta-en-eeuu\/","og_site_name":"BLG Noticias","article_publisher":"https:\/\/web.facebook.com\/BlgNoticias\/?locale=es_LA&_rdc=1&_rdr","article_published_time":"2019-11-11T02:38:31+00:00","og_image":[{"width":847,"height":477,"url":"https:\/\/blgnoticiassantodomingo.net\/wp-content\/uploads\/2019\/11\/90315b7e5882455ca32b445cd0dc1c35.jpg","type":"image\/jpeg"}],"author":"Brenda Guerrero","twitter_card":"summary_large_image","twitter_creator":"@BlgNoticias","twitter_site":"@BlgNoticias","twitter_misc":{"Escrito por":"Brenda Guerrero","Tiempo de lectura":"1 minuto"},"schema":{"@context":"https:\/\/schema.org","@graph":[{"@type":"Article","@id":"https:\/\/blgnoticiassantodomingo.net\/index.php\/2019\/11\/11\/instagram-probara-ocultar-los-me-gusta-en-eeuu\/#article","isPartOf":{"@id":"https:\/\/blgnoticiassantodomingo.net\/index.php\/2019\/11\/11\/instagram-probara-ocultar-los-me-gusta-en-eeuu\/"},"author":{"name":"Brenda Guerrero","@id":"https:\/\/blgnoticiassantodomingo.net\/#\/schema\/person\/e2fc21cf88acc63dbd134be981bff374"},"headline":"Instagram probar\u00e1 ocultar los \u201cMe gusta\u201d en EEUU","datePublished":"2019-11-11T02:38:31+00:00","mainEntityOfPage":{"@id":"https:\/\/blgnoticiassantodomingo.net\/index.php\/2019\/11\/11\/instagram-probara-ocultar-los-me-gusta-en-eeuu\/"},"wordCount":249,"commentCount":0,"publisher":{"@id":"https:\/\/blgnoticiassantodomingo.net\/#organization"},"image":{"@id":"https:\/\/blgnoticiassantodomingo.net\/index.php\/2019\/11\/11\/instagram-probara-ocultar-los-me-gusta-en-eeuu\/#primaryimage"},"thumbnailUrl":"https:\/\/blgnoticiassantodomingo.net\/wp-content\/uploads\/2019\/11\/90315b7e5882455ca32b445cd0dc1c35.jpg","keywords":["Adam Mosseri","Instagram","Me Gusta"],"articleSection":["Nacionales"],"inLanguage":"es","potentialAction":[{"@type":"CommentAction","name":"Comment","target":["https:\/\/blgnoticiassantodomingo.net\/index.php\/2019\/11\/11\/instagram-probara-ocultar-los-me-gusta-en-eeuu\/#respond"]}]},{"@type":"WebPage","@id":"https:\/\/blgnoticiassantodomingo.net\/index.php\/2019\/11\/11\/instagram-probara-ocultar-los-me-gusta-en-eeuu\/","url":"https:\/\/blgnoticiassantodomingo.net\/index.php\/2019\/11\/11\/instagram-probara-ocultar-los-me-gusta-en-eeuu\/","name":"Instagram probar\u00e1 ocultar los \u201cMe gusta\u201d en EEUU - BLG Noticias","isPartOf":{"@id":"https:\/\/blgnoticiassantodomingo.net\/#website"},"primaryImageOfPage":{"@id":"https:\/\/blgnoticiassantodomingo.net\/index.php\/2019\/11\/11\/instagram-probara-ocultar-los-me-gusta-en-eeuu\/#primaryimage"},"image":{"@id":"https:\/\/blgnoticiassantodomingo.net\/index.php\/2019\/11\/11\/instagram-probara-ocultar-los-me-gusta-en-eeuu\/#primaryimage"},"thumbnailUrl":"https:\/\/blgnoticiassantodomingo.net\/wp-content\/uploads\/2019\/11\/90315b7e5882455ca32b445cd0dc1c35.jpg","datePublished":"2019-11-11T02:38:31+00:00","breadcrumb":{"@id":"https:\/\/blgnoticiassantodomingo.net\/index.php\/2019\/11\/11\/instagram-probara-ocultar-los-me-gusta-en-eeuu\/#breadcrumb"},"inLanguage":"es","potentialAction":[{"@type":"ReadAction","target":["https:\/\/blgnoticiassantodomingo.net\/index.php\/2019\/11\/11\/instagram-probara-ocultar-los-me-gusta-en-eeuu\/"]}]},{"@type":"ImageObject","inLanguage":"es","@id":"https:\/\/blgnoticiassantodomingo.net\/index.php\/2019\/11\/11\/instagram-probara-ocultar-los-me-gusta-en-eeuu\/#primaryimage","url":"https:\/\/blgnoticiassantodomingo.net\/wp-content\/uploads\/2019\/11\/90315b7e5882455ca32b445cd0dc1c35.jpg","contentUrl":"https:\/\/blgnoticiassantodomingo.net\/wp-content\/uploads\/2019\/11\/90315b7e5882455ca32b445cd0dc1c35.jpg","width":847,"height":477},{"@type":"BreadcrumbList","@id":"https:\/\/blgnoticiassantodomingo.net\/index.php\/2019\/11\/11\/instagram-probara-ocultar-los-me-gusta-en-eeuu\/#breadcrumb","itemListElement":[{"@type":"ListItem","position":1,"name":"Portada","item":"https:\/\/blgnoticiassantodomingo.net\/"},{"@type":"ListItem","position":2,"name":"Instagram probar\u00e1 ocultar los \u201cMe gusta\u201d en EEUU"}]},{"@type":"WebSite","@id":"https:\/\/blgnoticiassantodomingo.net\/#website","url":"https:\/\/blgnoticiassantodomingo.net\/","name":"BLG Noticias","description":"Esto es Noticias","publisher":{"@id":"https:\/\/blgnoticiassantodomingo.net\/#organization"},"potentialAction":[{"@type":"SearchAction","target":{"@type":"EntryPoint","urlTemplate":"https:\/\/blgnoticiassantodomingo.net\/?s={search_term_string}"},"query-input":{"@type":"PropertyValueSpecification","valueRequired":true,"valueName":"search_term_string"}}],"inLanguage":"es"},{"@type":"Organization","@id":"https:\/\/blgnoticiassantodomingo.net\/#organization","name":"BLG Noticias","url":"https:\/\/blgnoticiassantodomingo.net\/","logo":{"@type":"ImageObject","inLanguage":"es","@id":"https:\/\/blgnoticiassantodomingo.net\/#\/schema\/logo\/image\/","url":"https:\/\/blgnoticiassantodomingo.net\/wp-content\/uploads\/2023\/12\/Diseno-sin-titulo-3.jpg","contentUrl":"https:\/\/blgnoticiassantodomingo.net\/wp-content\/uploads\/2023\/12\/Diseno-sin-titulo-3.jpg","width":500,"height":500,"caption":"BLG Noticias"},"image":{"@id":"https:\/\/blgnoticiassantodomingo.net\/#\/schema\/logo\/image\/"},"sameAs":["https:\/\/web.facebook.com\/BlgNoticias\/?locale=es_LA&_rdc=1&_rdr","https:\/\/x.com\/BlgNoticias","https:\/\/www.linkedin.com\/in\/brenda-l-santana-aa846279\/"]},{"@type":"Person","@id":"https:\/\/blgnoticiassantodomingo.net\/#\/schema\/person\/e2fc21cf88acc63dbd134be981bff374","name":"Brenda Guerrero","image":{"@type":"ImageObject","inLanguage":"es","@id":"https:\/\/blgnoticiassantodomingo.net\/#\/schema\/person\/image\/","url":"https:\/\/secure.gravatar.com\/avatar\/2f7fc4c3e3655be1580cb684bfd8ab19be702ae20879da1e072021daa02f9b8b?s=96&d=wp_user_avatar&r=g","contentUrl":"https:\/\/secure.gravatar.com\/avatar\/2f7fc4c3e3655be1580cb684bfd8ab19be702ae20879da1e072021daa02f9b8b?s=96&d=wp_user_avatar&r=g","caption":"Brenda Guerrero"},"description":"Periodista","url":"https:\/\/blgnoticiassantodomingo.net\/index.php\/author\/brenda-guerrero\/"}]}},"jetpack_featured_media_url":"https:\/\/blgnoticiassantodomingo.net\/wp-content\/uploads\/2019\/11\/90315b7e5882455ca32b445cd0dc1c35.jpg","_links":{"self":[{"href":"https:\/\/blgnoticiassantodomingo.net\/index.php\/wp-json\/wp\/v2\/posts\/1647","targetHints":{"allow":["GET"]}}],"collection":[{"href":"https:\/\/blgnoticiassantodomingo.net\/index.php\/wp-json\/wp\/v2\/posts"}],"about":[{"href":"https:\/\/blgnoticiassantodomingo.net\/index.php\/wp-json\/wp\/v2\/types\/post"}],"author":[{"embeddable":true,"href":"https:\/\/blgnoticiassantodomingo.net\/index.php\/wp-json\/wp\/v2\/users\/2"}],"replies":[{"embeddable":true,"href":"https:\/\/blgnoticiassantodomingo.net\/index.php\/wp-json\/wp\/v2\/comments?post=1647"}],"version-history":[{"count":1,"href":"https:\/\/blgnoticiassantodomingo.net\/index.php\/wp-json\/wp\/v2\/posts\/1647\/revisions"}],"predecessor-version":[{"id":1649,"href":"https:\/\/blgnoticiassantodomingo.net\/index.php\/wp-json\/wp\/v2\/posts\/1647\/revisions\/1649"}],"wp:featuredmedia":[{"embeddable":true,"href":"https:\/\/blgnoticiassantodomingo.net\/index.php\/wp-json\/wp\/v2\/media\/1648"}],"wp:attachment":[{"href":"https:\/\/blgnoticiassantodomingo.net\/index.php\/wp-json\/wp\/v2\/media?parent=1647"}],"wp:term":[{"taxonomy":"category","embeddable":true,"href":"https:\/\/blgnoticiassantodomingo.net\/index.php\/wp-json\/wp\/v2\/categories?post=1647"},{"taxonomy":"post_tag","embeddable":true,"href":"https:\/\/blgnoticiassantodomingo.net\/index.php\/wp-json\/wp\/v2\/tags?post=1647"}],"curies":[{"name":"wp","href":"https:\/\/api.w.org\/{rel}","templated":true}]}}