{"id":16123,"date":"2020-08-16T23:43:03","date_gmt":"2020-08-16T22:43:03","guid":{"rendered":"http:\/\/blgnoticiassantodomingo.net\/?p=16123"},"modified":"2020-08-16T23:43:04","modified_gmt":"2020-08-16T22:43:04","slug":"presidente-abinader-designa-por-decreto-a-altos-militares-para-periodo-2020-2024","status":"publish","type":"post","link":"https:\/\/blgnoticiassantodomingo.net\/index.php\/2020\/08\/16\/presidente-abinader-designa-por-decreto-a-altos-militares-para-periodo-2020-2024\/","title":{"rendered":"Presidente Abinader designa por decreto a altos militares para periodo 2020-2024"},"content":{"rendered":"\n<p><em><strong>Santo Domingo.-\u00a0<\/strong><\/em>A trav\u00e9s del decreto n\u00famero 326-20, el presidente Luis Abinader design\u00f3 este domingo a los altos militares que estar\u00e1n a cargo de las diferentes instituciones del orden para el periodo 2020-2024.<\/p>\n\n\n\n<p><em><strong>A continuaci\u00f3n los art\u00edculos con las distintas designaciones:<\/strong><\/em><\/p>\n\n\n\n<p>Art\u00edculo 1.\u201d El General de Brigada V\u00edctor Aecio Mercedes Cepeda (ERD) es ascendido a mayor general y queda designado como viceministro de Asuntos Militares del Ministerio de Defensa.<\/p>\n\n\n\n<p>Art\u00edculo 2.- El Contralmirante Joaqu\u00edn Augusto Pe\u00edgnand Ram\u00edrez (ARD), es ascendido a vicealmirante y queda designado como viceministro de Asuntos Navales y Costeros del Ministerio de Defensa.<\/p>\n\n\n\n<p>Art\u00edculo 3.- El General de Brigada Piloto, Juan Manuel Jim\u00e9nez Garc\u00eda (FARD), es ascendido a mayor general queda designado como viceministro de Asuntos A\u00e9reos y Espaciales del Ministerio de Defensa.<\/p>\n\n\n\n<p>Art\u00edculo 4.- El General de Brigada Julio Ernesto Flor\u00ed\u00e1n P\u00e9rez (ERD), es ascendido a mayor general y queda designado comandante general del Ejercito.<\/p>\n\n\n\n<p>Art\u00edculo 5.\u201d El Contralmirante Ram\u00f3n Gustavo Betances Hern\u00e1ndez (ARD), es ascendido a vicealmirante y queda designado comandante general de la Armada.<\/p>\n\n\n\n<p>Art\u00edculo 6.\u201d El General de Brigada Piloto, Leonel Amilcar Mu\u00f1oz Noboa (FARD), es ascendido a mayor general y queda designado comandante general de la Fuerza A\u00e9rea.<\/p>\n\n\n\n<p>Articulo 7.\u201d El Capit\u00e1n de Navio, Henry Antonio Guzm\u00e1n Taveras (ARD), es ascendido a contralmirante y queda designado sub-comandante general de la Armada.<\/p>\n\n\n\n<p>Art\u00edculo 8.\u201d El Coronel \u00c1ngel Alfredo Camacho Ubiera (ERD), es ascendido a general y queda designado como inspector general del Ejercito.<\/p>\n\n\n\n<p>Articulo 9.\u201d El General de Brigada Germ\u00e1n Francisco Fern\u00e1ndez Liz (ERD), queda designado como sub-comandante general del Ejercito.<\/p>\n\n\n\n<p>Art\u00edculo 10.- El Capit\u00e1n de Navio, Segundo Ventura Garc\u00eda (ARD), es ascendido a contralmirante y queda designado como inspector general de la Armada.<\/p>\n\n\n\n<p>Art\u00edculo 11.\u201d El General de Brigada Edward Ram\u00f3n S\u00e1nchez Gonz\u00e1lez (PN) es ascendido a mayor general, y queda designado como director general de la Polic\u00eda Nacional.<\/p>\n\n\n\n<p>Art\u00edculo 12.- La General de Brigada Teresa Mart\u00ednez Hern\u00e1ndez (PN) queda designada como sub-directora general de la Polic\u00eda Nacional.<\/p>\n\n\n\n<p>Art\u00edculo 13.- El Coronel Ram\u00f3n Antonio Guzm\u00e1n Peralta (PN) es ascendido al rango de general de brigada.<\/p>\n\n\n\n<p>Art\u00edculo 14.- El General Jos\u00e9 Manuel Castillo Castillo (ERD) es ascendido a mayor general, y queda designado como inspector general de las Fuerzas Armadas.<\/p>\n\n\n\n<p>Art\u00edculo 15.- El Coronel Celin Rubio Terrero (ERD) es ascendido a general de brigada, y queda designado jefe del Cuerpo de Seguridad Presidencial.<\/p>\n\n\n\n<p>Art\u00edculo 16.- El Coronel Jimmy Arias Grull\u00f3n (ERD) queda designado como sub-jefe del Cuerpo de Seguridad Presidencial.<\/p>\n\n\n\n<p>Art\u00edculo 17.- El Coronel Guillermo Alejandro Caro Cruz (ERD) es ascendido a general de brigada, y queda designado como comandante del Regimiento Dominicano de la Guardia Presidencial.<\/p>\n\n\n\n<p>Art\u00edculo 18.- El Coronel Carlos Ram\u00f3n Febrillet Rodr\u00edguez (FARD) es ascendido al rango de general de brigada.<\/p>\n\n\n\n<p>Art\u00edculo 19.- El Coronel Carlos Antonio Fern\u00e1ndez Onofre (ERD) es ascendido al rango de general de brigada.<\/p>\n\n\n\n<figure class=\"wp-block-image size-large\"><img decoding=\"async\" width=\"720\" height=\"909\" src=\"https:\/\/blgnoticiassantodomingo.net\/wp-content\/uploads\/2020\/08\/ac47f8e7-e477-4292-af2f-c6fc6d449325.jpg\" alt=\"\" class=\"wp-image-16125\" srcset=\"https:\/\/blgnoticiassantodomingo.net\/wp-content\/uploads\/2020\/08\/ac47f8e7-e477-4292-af2f-c6fc6d449325.jpg 720w, https:\/\/blgnoticiassantodomingo.net\/wp-content\/uploads\/2020\/08\/ac47f8e7-e477-4292-af2f-c6fc6d449325-238x300.jpg 238w\" sizes=\"(max-width: 720px) 100vw, 720px\" \/><\/figure>\n\n\n\n<figure class=\"wp-block-image size-large\"><img decoding=\"async\" width=\"644\" height=\"951\" src=\"https:\/\/blgnoticiassantodomingo.net\/wp-content\/uploads\/2020\/08\/682081ea-c22a-4b73-979c-d2a86b4c83d6.jpg\" alt=\"\" class=\"wp-image-16124\" srcset=\"https:\/\/blgnoticiassantodomingo.net\/wp-content\/uploads\/2020\/08\/682081ea-c22a-4b73-979c-d2a86b4c83d6.jpg 644w, https:\/\/blgnoticiassantodomingo.net\/wp-content\/uploads\/2020\/08\/682081ea-c22a-4b73-979c-d2a86b4c83d6-203x300.jpg 203w\" sizes=\"(max-width: 644px) 100vw, 644px\" \/><\/figure>\n\n\n\n<p>Fuente: Externa <\/p>\n","protected":false},"excerpt":{"rendered":"<p>Santo Domingo.-\u00a0A trav\u00e9s del decreto n\u00famero 326-20, el presidente Luis Abinader design\u00f3 este domingo a los altos militares que estar\u00e1n a cargo de las diferentes instituciones del orden para el periodo 2020-2024. A continuaci\u00f3n los art\u00edculos con las distintas designaciones: Art\u00edculo 1.\u201d El General de Brigada V\u00edctor Aecio Mercedes Cepeda (ERD) es ascendido a mayor [&hellip;]<\/p>\n","protected":false},"author":2,"featured_media":16126,"comment_status":"open","ping_status":"open","sticky":false,"template":"","format":"standard","meta":{"footnotes":""},"categories":[220],"tags":[281,354],"class_list":{"0":"post-16123","1":"post","2":"type-post","3":"status-publish","4":"format-standard","5":"has-post-thumbnail","7":"category-nacionales","8":"tag-decreto","9":"tag-luis-abinader"},"yoast_head":"<!-- This site is optimized with the Yoast SEO plugin v24.9 - https:\/\/yoast.com\/wordpress\/plugins\/seo\/ -->\n<title>Presidente Abinader designa por decreto a altos militares para periodo 2020-2024 - BLG Noticias<\/title>\n<meta name=\"robots\" content=\"index, follow, max-snippet:-1, max-image-preview:large, max-video-preview:-1\" \/>\n<link rel=\"canonical\" href=\"https:\/\/blgnoticiassantodomingo.net\/index.php\/2020\/08\/16\/presidente-abinader-designa-por-decreto-a-altos-militares-para-periodo-2020-2024\/\" \/>\n<meta property=\"og:locale\" content=\"es_ES\" \/>\n<meta property=\"og:type\" content=\"article\" \/>\n<meta property=\"og:title\" content=\"Presidente Abinader designa por decreto a altos militares para periodo 2020-2024 - BLG Noticias\" \/>\n<meta property=\"og:description\" content=\"Santo Domingo.-\u00a0A trav\u00e9s del decreto n\u00famero 326-20, el presidente Luis Abinader design\u00f3 este domingo a los altos militares que estar\u00e1n a cargo de las diferentes instituciones del orden para el periodo 2020-2024. A continuaci\u00f3n los art\u00edculos con las distintas designaciones: Art\u00edculo 1.\u201d El General de Brigada V\u00edctor Aecio Mercedes Cepeda (ERD) es ascendido a mayor [&hellip;]\" \/>\n<meta property=\"og:url\" content=\"https:\/\/blgnoticiassantodomingo.net\/index.php\/2020\/08\/16\/presidente-abinader-designa-por-decreto-a-altos-militares-para-periodo-2020-2024\/\" \/>\n<meta property=\"og:site_name\" content=\"BLG Noticias\" \/>\n<meta property=\"article:publisher\" content=\"https:\/\/web.facebook.com\/BlgNoticias\/?locale=es_LA&amp;_rdc=1&amp;_rdr\" \/>\n<meta property=\"article:published_time\" content=\"2020-08-16T22:43:03+00:00\" \/>\n<meta property=\"article:modified_time\" content=\"2020-08-16T22:43:04+00:00\" \/>\n<meta property=\"og:image\" content=\"https:\/\/blgnoticiassantodomingo.net\/wp-content\/uploads\/2020\/08\/luis-abinader-10_14577459_20200816111552.jpg\" \/>\n\t<meta property=\"og:image:width\" content=\"546\" \/>\n\t<meta property=\"og:image:height\" content=\"350\" \/>\n\t<meta property=\"og:image:type\" content=\"image\/jpeg\" \/>\n<meta name=\"author\" content=\"Brenda Guerrero\" \/>\n<meta name=\"twitter:card\" content=\"summary_large_image\" \/>\n<meta name=\"twitter:creator\" content=\"@BlgNoticias\" \/>\n<meta name=\"twitter:site\" content=\"@BlgNoticias\" \/>\n<meta name=\"twitter:label1\" content=\"Escrito por\" \/>\n\t<meta name=\"twitter:data1\" content=\"Brenda Guerrero\" \/>\n\t<meta name=\"twitter:label2\" content=\"Tiempo de lectura\" \/>\n\t<meta name=\"twitter:data2\" content=\"3 minutos\" \/>\n<script type=\"application\/ld+json\" class=\"yoast-schema-graph\">{\"@context\":\"https:\/\/schema.org\",\"@graph\":[{\"@type\":\"Article\",\"@id\":\"https:\/\/blgnoticiassantodomingo.net\/index.php\/2020\/08\/16\/presidente-abinader-designa-por-decreto-a-altos-militares-para-periodo-2020-2024\/#article\",\"isPartOf\":{\"@id\":\"https:\/\/blgnoticiassantodomingo.net\/index.php\/2020\/08\/16\/presidente-abinader-designa-por-decreto-a-altos-militares-para-periodo-2020-2024\/\"},\"author\":{\"name\":\"Brenda Guerrero\",\"@id\":\"https:\/\/blgnoticiassantodomingo.net\/#\/schema\/person\/e2fc21cf88acc63dbd134be981bff374\"},\"headline\":\"Presidente Abinader designa por decreto a altos militares para periodo 2020-2024\",\"datePublished\":\"2020-08-16T22:43:03+00:00\",\"dateModified\":\"2020-08-16T22:43:04+00:00\",\"mainEntityOfPage\":{\"@id\":\"https:\/\/blgnoticiassantodomingo.net\/index.php\/2020\/08\/16\/presidente-abinader-designa-por-decreto-a-altos-militares-para-periodo-2020-2024\/\"},\"wordCount\":529,\"commentCount\":0,\"publisher\":{\"@id\":\"https:\/\/blgnoticiassantodomingo.net\/#organization\"},\"image\":{\"@id\":\"https:\/\/blgnoticiassantodomingo.net\/index.php\/2020\/08\/16\/presidente-abinader-designa-por-decreto-a-altos-militares-para-periodo-2020-2024\/#primaryimage\"},\"thumbnailUrl\":\"https:\/\/blgnoticiassantodomingo.net\/wp-content\/uploads\/2020\/08\/luis-abinader-10_14577459_20200816111552.jpg\",\"keywords\":[\"Decreto\",\"Luis Abinader\"],\"articleSection\":[\"Nacionales\"],\"inLanguage\":\"es\",\"potentialAction\":[{\"@type\":\"CommentAction\",\"name\":\"Comment\",\"target\":[\"https:\/\/blgnoticiassantodomingo.net\/index.php\/2020\/08\/16\/presidente-abinader-designa-por-decreto-a-altos-militares-para-periodo-2020-2024\/#respond\"]}]},{\"@type\":\"WebPage\",\"@id\":\"https:\/\/blgnoticiassantodomingo.net\/index.php\/2020\/08\/16\/presidente-abinader-designa-por-decreto-a-altos-militares-para-periodo-2020-2024\/\",\"url\":\"https:\/\/blgnoticiassantodomingo.net\/index.php\/2020\/08\/16\/presidente-abinader-designa-por-decreto-a-altos-militares-para-periodo-2020-2024\/\",\"name\":\"Presidente Abinader designa por decreto a altos militares para periodo 2020-2024 - BLG Noticias\",\"isPartOf\":{\"@id\":\"https:\/\/blgnoticiassantodomingo.net\/#website\"},\"primaryImageOfPage\":{\"@id\":\"https:\/\/blgnoticiassantodomingo.net\/index.php\/2020\/08\/16\/presidente-abinader-designa-por-decreto-a-altos-militares-para-periodo-2020-2024\/#primaryimage\"},\"image\":{\"@id\":\"https:\/\/blgnoticiassantodomingo.net\/index.php\/2020\/08\/16\/presidente-abinader-designa-por-decreto-a-altos-militares-para-periodo-2020-2024\/#primaryimage\"},\"thumbnailUrl\":\"https:\/\/blgnoticiassantodomingo.net\/wp-content\/uploads\/2020\/08\/luis-abinader-10_14577459_20200816111552.jpg\",\"datePublished\":\"2020-08-16T22:43:03+00:00\",\"dateModified\":\"2020-08-16T22:43:04+00:00\",\"breadcrumb\":{\"@id\":\"https:\/\/blgnoticiassantodomingo.net\/index.php\/2020\/08\/16\/presidente-abinader-designa-por-decreto-a-altos-militares-para-periodo-2020-2024\/#breadcrumb\"},\"inLanguage\":\"es\",\"potentialAction\":[{\"@type\":\"ReadAction\",\"target\":[\"https:\/\/blgnoticiassantodomingo.net\/index.php\/2020\/08\/16\/presidente-abinader-designa-por-decreto-a-altos-militares-para-periodo-2020-2024\/\"]}]},{\"@type\":\"ImageObject\",\"inLanguage\":\"es\",\"@id\":\"https:\/\/blgnoticiassantodomingo.net\/index.php\/2020\/08\/16\/presidente-abinader-designa-por-decreto-a-altos-militares-para-periodo-2020-2024\/#primaryimage\",\"url\":\"https:\/\/blgnoticiassantodomingo.net\/wp-content\/uploads\/2020\/08\/luis-abinader-10_14577459_20200816111552.jpg\",\"contentUrl\":\"https:\/\/blgnoticiassantodomingo.net\/wp-content\/uploads\/2020\/08\/luis-abinader-10_14577459_20200816111552.jpg\",\"width\":546,\"height\":350},{\"@type\":\"BreadcrumbList\",\"@id\":\"https:\/\/blgnoticiassantodomingo.net\/index.php\/2020\/08\/16\/presidente-abinader-designa-por-decreto-a-altos-militares-para-periodo-2020-2024\/#breadcrumb\",\"itemListElement\":[{\"@type\":\"ListItem\",\"position\":1,\"name\":\"Portada\",\"item\":\"https:\/\/blgnoticiassantodomingo.net\/\"},{\"@type\":\"ListItem\",\"position\":2,\"name\":\"Presidente Abinader designa por decreto a altos militares para periodo 2020-2024\"}]},{\"@type\":\"WebSite\",\"@id\":\"https:\/\/blgnoticiassantodomingo.net\/#website\",\"url\":\"https:\/\/blgnoticiassantodomingo.net\/\",\"name\":\"BLG Noticias\",\"description\":\"Esto es Noticias\",\"publisher\":{\"@id\":\"https:\/\/blgnoticiassantodomingo.net\/#organization\"},\"potentialAction\":[{\"@type\":\"SearchAction\",\"target\":{\"@type\":\"EntryPoint\",\"urlTemplate\":\"https:\/\/blgnoticiassantodomingo.net\/?s={search_term_string}\"},\"query-input\":{\"@type\":\"PropertyValueSpecification\",\"valueRequired\":true,\"valueName\":\"search_term_string\"}}],\"inLanguage\":\"es\"},{\"@type\":\"Organization\",\"@id\":\"https:\/\/blgnoticiassantodomingo.net\/#organization\",\"name\":\"BLG Noticias\",\"url\":\"https:\/\/blgnoticiassantodomingo.net\/\",\"logo\":{\"@type\":\"ImageObject\",\"inLanguage\":\"es\",\"@id\":\"https:\/\/blgnoticiassantodomingo.net\/#\/schema\/logo\/image\/\",\"url\":\"https:\/\/blgnoticiassantodomingo.net\/wp-content\/uploads\/2023\/12\/Diseno-sin-titulo-3.jpg\",\"contentUrl\":\"https:\/\/blgnoticiassantodomingo.net\/wp-content\/uploads\/2023\/12\/Diseno-sin-titulo-3.jpg\",\"width\":500,\"height\":500,\"caption\":\"BLG Noticias\"},\"image\":{\"@id\":\"https:\/\/blgnoticiassantodomingo.net\/#\/schema\/logo\/image\/\"},\"sameAs\":[\"https:\/\/web.facebook.com\/BlgNoticias\/?locale=es_LA&_rdc=1&_rdr\",\"https:\/\/x.com\/BlgNoticias\",\"https:\/\/www.linkedin.com\/in\/brenda-l-santana-aa846279\/\"]},{\"@type\":\"Person\",\"@id\":\"https:\/\/blgnoticiassantodomingo.net\/#\/schema\/person\/e2fc21cf88acc63dbd134be981bff374\",\"name\":\"Brenda Guerrero\",\"image\":{\"@type\":\"ImageObject\",\"inLanguage\":\"es\",\"@id\":\"https:\/\/blgnoticiassantodomingo.net\/#\/schema\/person\/image\/\",\"url\":\"https:\/\/secure.gravatar.com\/avatar\/2f7fc4c3e3655be1580cb684bfd8ab19be702ae20879da1e072021daa02f9b8b?s=96&d=wp_user_avatar&r=g\",\"contentUrl\":\"https:\/\/secure.gravatar.com\/avatar\/2f7fc4c3e3655be1580cb684bfd8ab19be702ae20879da1e072021daa02f9b8b?s=96&d=wp_user_avatar&r=g\",\"caption\":\"Brenda Guerrero\"},\"description\":\"Periodista\",\"url\":\"https:\/\/blgnoticiassantodomingo.net\/index.php\/author\/brenda-guerrero\/\"}]}<\/script>\n<!-- \/ Yoast SEO plugin. -->","yoast_head_json":{"title":"Presidente Abinader designa por decreto a altos militares para periodo 2020-2024 - BLG Noticias","robots":{"index":"index","follow":"follow","max-snippet":"max-snippet:-1","max-image-preview":"max-image-preview:large","max-video-preview":"max-video-preview:-1"},"canonical":"https:\/\/blgnoticiassantodomingo.net\/index.php\/2020\/08\/16\/presidente-abinader-designa-por-decreto-a-altos-militares-para-periodo-2020-2024\/","og_locale":"es_ES","og_type":"article","og_title":"Presidente Abinader designa por decreto a altos militares para periodo 2020-2024 - BLG Noticias","og_description":"Santo Domingo.-\u00a0A trav\u00e9s del decreto n\u00famero 326-20, el presidente Luis Abinader design\u00f3 este domingo a los altos militares que estar\u00e1n a cargo de las diferentes instituciones del orden para el periodo 2020-2024. A continuaci\u00f3n los art\u00edculos con las distintas designaciones: Art\u00edculo 1.\u201d El General de Brigada V\u00edctor Aecio Mercedes Cepeda (ERD) es ascendido a mayor [&hellip;]","og_url":"https:\/\/blgnoticiassantodomingo.net\/index.php\/2020\/08\/16\/presidente-abinader-designa-por-decreto-a-altos-militares-para-periodo-2020-2024\/","og_site_name":"BLG Noticias","article_publisher":"https:\/\/web.facebook.com\/BlgNoticias\/?locale=es_LA&_rdc=1&_rdr","article_published_time":"2020-08-16T22:43:03+00:00","article_modified_time":"2020-08-16T22:43:04+00:00","og_image":[{"width":546,"height":350,"url":"https:\/\/blgnoticiassantodomingo.net\/wp-content\/uploads\/2020\/08\/luis-abinader-10_14577459_20200816111552.jpg","type":"image\/jpeg"}],"author":"Brenda Guerrero","twitter_card":"summary_large_image","twitter_creator":"@BlgNoticias","twitter_site":"@BlgNoticias","twitter_misc":{"Escrito por":"Brenda Guerrero","Tiempo de lectura":"3 minutos"},"schema":{"@context":"https:\/\/schema.org","@graph":[{"@type":"Article","@id":"https:\/\/blgnoticiassantodomingo.net\/index.php\/2020\/08\/16\/presidente-abinader-designa-por-decreto-a-altos-militares-para-periodo-2020-2024\/#article","isPartOf":{"@id":"https:\/\/blgnoticiassantodomingo.net\/index.php\/2020\/08\/16\/presidente-abinader-designa-por-decreto-a-altos-militares-para-periodo-2020-2024\/"},"author":{"name":"Brenda Guerrero","@id":"https:\/\/blgnoticiassantodomingo.net\/#\/schema\/person\/e2fc21cf88acc63dbd134be981bff374"},"headline":"Presidente Abinader designa por decreto a altos militares para periodo 2020-2024","datePublished":"2020-08-16T22:43:03+00:00","dateModified":"2020-08-16T22:43:04+00:00","mainEntityOfPage":{"@id":"https:\/\/blgnoticiassantodomingo.net\/index.php\/2020\/08\/16\/presidente-abinader-designa-por-decreto-a-altos-militares-para-periodo-2020-2024\/"},"wordCount":529,"commentCount":0,"publisher":{"@id":"https:\/\/blgnoticiassantodomingo.net\/#organization"},"image":{"@id":"https:\/\/blgnoticiassantodomingo.net\/index.php\/2020\/08\/16\/presidente-abinader-designa-por-decreto-a-altos-militares-para-periodo-2020-2024\/#primaryimage"},"thumbnailUrl":"https:\/\/blgnoticiassantodomingo.net\/wp-content\/uploads\/2020\/08\/luis-abinader-10_14577459_20200816111552.jpg","keywords":["Decreto","Luis Abinader"],"articleSection":["Nacionales"],"inLanguage":"es","potentialAction":[{"@type":"CommentAction","name":"Comment","target":["https:\/\/blgnoticiassantodomingo.net\/index.php\/2020\/08\/16\/presidente-abinader-designa-por-decreto-a-altos-militares-para-periodo-2020-2024\/#respond"]}]},{"@type":"WebPage","@id":"https:\/\/blgnoticiassantodomingo.net\/index.php\/2020\/08\/16\/presidente-abinader-designa-por-decreto-a-altos-militares-para-periodo-2020-2024\/","url":"https:\/\/blgnoticiassantodomingo.net\/index.php\/2020\/08\/16\/presidente-abinader-designa-por-decreto-a-altos-militares-para-periodo-2020-2024\/","name":"Presidente Abinader designa por decreto a altos militares para periodo 2020-2024 - BLG Noticias","isPartOf":{"@id":"https:\/\/blgnoticiassantodomingo.net\/#website"},"primaryImageOfPage":{"@id":"https:\/\/blgnoticiassantodomingo.net\/index.php\/2020\/08\/16\/presidente-abinader-designa-por-decreto-a-altos-militares-para-periodo-2020-2024\/#primaryimage"},"image":{"@id":"https:\/\/blgnoticiassantodomingo.net\/index.php\/2020\/08\/16\/presidente-abinader-designa-por-decreto-a-altos-militares-para-periodo-2020-2024\/#primaryimage"},"thumbnailUrl":"https:\/\/blgnoticiassantodomingo.net\/wp-content\/uploads\/2020\/08\/luis-abinader-10_14577459_20200816111552.jpg","datePublished":"2020-08-16T22:43:03+00:00","dateModified":"2020-08-16T22:43:04+00:00","breadcrumb":{"@id":"https:\/\/blgnoticiassantodomingo.net\/index.php\/2020\/08\/16\/presidente-abinader-designa-por-decreto-a-altos-militares-para-periodo-2020-2024\/#breadcrumb"},"inLanguage":"es","potentialAction":[{"@type":"ReadAction","target":["https:\/\/blgnoticiassantodomingo.net\/index.php\/2020\/08\/16\/presidente-abinader-designa-por-decreto-a-altos-militares-para-periodo-2020-2024\/"]}]},{"@type":"ImageObject","inLanguage":"es","@id":"https:\/\/blgnoticiassantodomingo.net\/index.php\/2020\/08\/16\/presidente-abinader-designa-por-decreto-a-altos-militares-para-periodo-2020-2024\/#primaryimage","url":"https:\/\/blgnoticiassantodomingo.net\/wp-content\/uploads\/2020\/08\/luis-abinader-10_14577459_20200816111552.jpg","contentUrl":"https:\/\/blgnoticiassantodomingo.net\/wp-content\/uploads\/2020\/08\/luis-abinader-10_14577459_20200816111552.jpg","width":546,"height":350},{"@type":"BreadcrumbList","@id":"https:\/\/blgnoticiassantodomingo.net\/index.php\/2020\/08\/16\/presidente-abinader-designa-por-decreto-a-altos-militares-para-periodo-2020-2024\/#breadcrumb","itemListElement":[{"@type":"ListItem","position":1,"name":"Portada","item":"https:\/\/blgnoticiassantodomingo.net\/"},{"@type":"ListItem","position":2,"name":"Presidente Abinader designa por decreto a altos militares para periodo 2020-2024"}]},{"@type":"WebSite","@id":"https:\/\/blgnoticiassantodomingo.net\/#website","url":"https:\/\/blgnoticiassantodomingo.net\/","name":"BLG Noticias","description":"Esto es Noticias","publisher":{"@id":"https:\/\/blgnoticiassantodomingo.net\/#organization"},"potentialAction":[{"@type":"SearchAction","target":{"@type":"EntryPoint","urlTemplate":"https:\/\/blgnoticiassantodomingo.net\/?s={search_term_string}"},"query-input":{"@type":"PropertyValueSpecification","valueRequired":true,"valueName":"search_term_string"}}],"inLanguage":"es"},{"@type":"Organization","@id":"https:\/\/blgnoticiassantodomingo.net\/#organization","name":"BLG Noticias","url":"https:\/\/blgnoticiassantodomingo.net\/","logo":{"@type":"ImageObject","inLanguage":"es","@id":"https:\/\/blgnoticiassantodomingo.net\/#\/schema\/logo\/image\/","url":"https:\/\/blgnoticiassantodomingo.net\/wp-content\/uploads\/2023\/12\/Diseno-sin-titulo-3.jpg","contentUrl":"https:\/\/blgnoticiassantodomingo.net\/wp-content\/uploads\/2023\/12\/Diseno-sin-titulo-3.jpg","width":500,"height":500,"caption":"BLG Noticias"},"image":{"@id":"https:\/\/blgnoticiassantodomingo.net\/#\/schema\/logo\/image\/"},"sameAs":["https:\/\/web.facebook.com\/BlgNoticias\/?locale=es_LA&_rdc=1&_rdr","https:\/\/x.com\/BlgNoticias","https:\/\/www.linkedin.com\/in\/brenda-l-santana-aa846279\/"]},{"@type":"Person","@id":"https:\/\/blgnoticiassantodomingo.net\/#\/schema\/person\/e2fc21cf88acc63dbd134be981bff374","name":"Brenda Guerrero","image":{"@type":"ImageObject","inLanguage":"es","@id":"https:\/\/blgnoticiassantodomingo.net\/#\/schema\/person\/image\/","url":"https:\/\/secure.gravatar.com\/avatar\/2f7fc4c3e3655be1580cb684bfd8ab19be702ae20879da1e072021daa02f9b8b?s=96&d=wp_user_avatar&r=g","contentUrl":"https:\/\/secure.gravatar.com\/avatar\/2f7fc4c3e3655be1580cb684bfd8ab19be702ae20879da1e072021daa02f9b8b?s=96&d=wp_user_avatar&r=g","caption":"Brenda Guerrero"},"description":"Periodista","url":"https:\/\/blgnoticiassantodomingo.net\/index.php\/author\/brenda-guerrero\/"}]}},"jetpack_featured_media_url":"https:\/\/blgnoticiassantodomingo.net\/wp-content\/uploads\/2020\/08\/luis-abinader-10_14577459_20200816111552.jpg","_links":{"self":[{"href":"https:\/\/blgnoticiassantodomingo.net\/index.php\/wp-json\/wp\/v2\/posts\/16123","targetHints":{"allow":["GET"]}}],"collection":[{"href":"https:\/\/blgnoticiassantodomingo.net\/index.php\/wp-json\/wp\/v2\/posts"}],"about":[{"href":"https:\/\/blgnoticiassantodomingo.net\/index.php\/wp-json\/wp\/v2\/types\/post"}],"author":[{"embeddable":true,"href":"https:\/\/blgnoticiassantodomingo.net\/index.php\/wp-json\/wp\/v2\/users\/2"}],"replies":[{"embeddable":true,"href":"https:\/\/blgnoticiassantodomingo.net\/index.php\/wp-json\/wp\/v2\/comments?post=16123"}],"version-history":[{"count":1,"href":"https:\/\/blgnoticiassantodomingo.net\/index.php\/wp-json\/wp\/v2\/posts\/16123\/revisions"}],"predecessor-version":[{"id":16127,"href":"https:\/\/blgnoticiassantodomingo.net\/index.php\/wp-json\/wp\/v2\/posts\/16123\/revisions\/16127"}],"wp:featuredmedia":[{"embeddable":true,"href":"https:\/\/blgnoticiassantodomingo.net\/index.php\/wp-json\/wp\/v2\/media\/16126"}],"wp:attachment":[{"href":"https:\/\/blgnoticiassantodomingo.net\/index.php\/wp-json\/wp\/v2\/media?parent=16123"}],"wp:term":[{"taxonomy":"category","embeddable":true,"href":"https:\/\/blgnoticiassantodomingo.net\/index.php\/wp-json\/wp\/v2\/categories?post=16123"},{"taxonomy":"post_tag","embeddable":true,"href":"https:\/\/blgnoticiassantodomingo.net\/index.php\/wp-json\/wp\/v2\/tags?post=16123"}],"curies":[{"name":"wp","href":"https:\/\/api.w.org\/{rel}","templated":true}]}}