{"id":15879,"date":"2020-08-13T14:48:13","date_gmt":"2020-08-13T13:48:13","guid":{"rendered":"http:\/\/blgnoticiassantodomingo.net\/?p=15879"},"modified":"2020-08-13T14:48:15","modified_gmt":"2020-08-13T13:48:15","slug":"people-en-espanol-presenta-a-techy-fatule-en-concierto","status":"publish","type":"post","link":"https:\/\/blgnoticiassantodomingo.net\/index.php\/2020\/08\/13\/people-en-espanol-presenta-a-techy-fatule-en-concierto\/","title":{"rendered":"People en Espa\u00f1ol presenta a Techy Fatule en concierto"},"content":{"rendered":"\n<p>Este viernes 14 de agosto la dominicana Techy Fatule ser\u00e1 presentada en concierto por la renombrada revista People en Espa\u00f1ol, v\u00eda las redes sociales del prestigioso medio de comunicaci\u00f3n.<\/p>\n\n\n\n<p>Para este evento la artista ha preparado un repertorio repleto de sus m\u00e1s importantes \u00e9xitos musicales, adem\u00e1s de algunas novedades de lo que viene trabajando para su pr\u00f3xima producci\u00f3n.<\/p>\n\n\n\n<p>Techy, gracias a su propuesta constante, aut\u00e9ntica y sin poses, conquista con fuerza nuevos mercados internacionales, posicion\u00e1ndose en el coraz\u00f3n del p\u00fablico.&nbsp;Sus canciones vienen desde su interior, de experiencias y vivencias con las que puede identificarse cada persona que le escucha.<\/p>\n\n\n\n<p>Este mismo a\u00f1o, Techy qued\u00f3 como una de las seleccionadas por el p\u00fablico para formar parte de la edici\u00f3n \u00abLos 50 m\u00e1s bellos\u00bb, por lo que este concierto es uno de los m\u00e1s esperados, siendo la primera artista dominicana en ser elegida por People en Espa\u00f1ol para un evento de este tipo.<\/p>\n\n\n\n<p>El concierto ac\u00fastico de Techy Fatule por People en Espa\u00f1ol, est\u00e1 pautado para el viernes 14 de agosto a las 5:00 de la tarde hora R.D., donde los m\u00e1s de 9 millones de seguidores de la revista en Instagram, Twitter, Facebook y YouTube, y todo el que se sume, podr\u00e1 disfrutar del contenido exclusivo.<\/p>\n","protected":false},"excerpt":{"rendered":"<p>Este viernes 14 de agosto la dominicana Techy Fatule ser\u00e1 presentada en concierto por la renombrada revista People en Espa\u00f1ol, v\u00eda las redes sociales del prestigioso medio de comunicaci\u00f3n. Para este evento la artista ha preparado un repertorio repleto de sus m\u00e1s importantes \u00e9xitos musicales, adem\u00e1s de algunas novedades de lo que viene trabajando para [&hellip;]<\/p>\n","protected":false},"author":2,"featured_media":15880,"comment_status":"open","ping_status":"open","sticky":false,"template":"","format":"standard","meta":{"footnotes":""},"categories":[222],"tags":[677,2981,2980],"class_list":{"0":"post-15879","1":"post","2":"type-post","3":"status-publish","4":"format-standard","5":"has-post-thumbnail","7":"category-arte-y-espectaculos","8":"tag-concierto","9":"tag-dominicana","10":"tag-techy-fatule"},"yoast_head":"<!-- This site is optimized with the Yoast SEO plugin v24.9 - https:\/\/yoast.com\/wordpress\/plugins\/seo\/ -->\n<title>People en Espa\u00f1ol presenta a Techy Fatule en concierto - BLG Noticias<\/title>\n<meta name=\"robots\" content=\"index, follow, max-snippet:-1, max-image-preview:large, max-video-preview:-1\" \/>\n<link rel=\"canonical\" href=\"https:\/\/blgnoticiassantodomingo.net\/index.php\/2020\/08\/13\/people-en-espanol-presenta-a-techy-fatule-en-concierto\/\" \/>\n<meta property=\"og:locale\" content=\"es_ES\" \/>\n<meta property=\"og:type\" content=\"article\" \/>\n<meta property=\"og:title\" content=\"People en Espa\u00f1ol presenta a Techy Fatule en concierto - BLG Noticias\" \/>\n<meta property=\"og:description\" content=\"Este viernes 14 de agosto la dominicana Techy Fatule ser\u00e1 presentada en concierto por la renombrada revista People en Espa\u00f1ol, v\u00eda las redes sociales del prestigioso medio de comunicaci\u00f3n. Para este evento la artista ha preparado un repertorio repleto de sus m\u00e1s importantes \u00e9xitos musicales, adem\u00e1s de algunas novedades de lo que viene trabajando para [&hellip;]\" \/>\n<meta property=\"og:url\" content=\"https:\/\/blgnoticiassantodomingo.net\/index.php\/2020\/08\/13\/people-en-espanol-presenta-a-techy-fatule-en-concierto\/\" \/>\n<meta property=\"og:site_name\" content=\"BLG Noticias\" \/>\n<meta property=\"article:publisher\" content=\"https:\/\/web.facebook.com\/BlgNoticias\/?locale=es_LA&amp;_rdc=1&amp;_rdr\" \/>\n<meta property=\"article:published_time\" content=\"2020-08-13T13:48:13+00:00\" \/>\n<meta property=\"article:modified_time\" content=\"2020-08-13T13:48:15+00:00\" \/>\n<meta property=\"og:image\" content=\"https:\/\/blgnoticiassantodomingo.net\/wp-content\/uploads\/2020\/08\/thumb_35017_932_582_0_0_crop.jpg\" \/>\n\t<meta property=\"og:image:width\" content=\"932\" \/>\n\t<meta property=\"og:image:height\" content=\"582\" \/>\n\t<meta property=\"og:image:type\" content=\"image\/jpeg\" \/>\n<meta name=\"author\" content=\"Brenda Guerrero\" \/>\n<meta name=\"twitter:card\" content=\"summary_large_image\" \/>\n<meta name=\"twitter:creator\" content=\"@BlgNoticias\" \/>\n<meta name=\"twitter:site\" content=\"@BlgNoticias\" \/>\n<meta name=\"twitter:label1\" content=\"Escrito por\" \/>\n\t<meta name=\"twitter:data1\" content=\"Brenda Guerrero\" \/>\n\t<meta name=\"twitter:label2\" content=\"Tiempo de lectura\" \/>\n\t<meta name=\"twitter:data2\" content=\"1 minuto\" \/>\n<script type=\"application\/ld+json\" class=\"yoast-schema-graph\">{\"@context\":\"https:\/\/schema.org\",\"@graph\":[{\"@type\":\"Article\",\"@id\":\"https:\/\/blgnoticiassantodomingo.net\/index.php\/2020\/08\/13\/people-en-espanol-presenta-a-techy-fatule-en-concierto\/#article\",\"isPartOf\":{\"@id\":\"https:\/\/blgnoticiassantodomingo.net\/index.php\/2020\/08\/13\/people-en-espanol-presenta-a-techy-fatule-en-concierto\/\"},\"author\":{\"name\":\"Brenda Guerrero\",\"@id\":\"https:\/\/blgnoticiassantodomingo.net\/#\/schema\/person\/e2fc21cf88acc63dbd134be981bff374\"},\"headline\":\"People en Espa\u00f1ol presenta a Techy Fatule en concierto\",\"datePublished\":\"2020-08-13T13:48:13+00:00\",\"dateModified\":\"2020-08-13T13:48:15+00:00\",\"mainEntityOfPage\":{\"@id\":\"https:\/\/blgnoticiassantodomingo.net\/index.php\/2020\/08\/13\/people-en-espanol-presenta-a-techy-fatule-en-concierto\/\"},\"wordCount\":233,\"commentCount\":0,\"publisher\":{\"@id\":\"https:\/\/blgnoticiassantodomingo.net\/#organization\"},\"image\":{\"@id\":\"https:\/\/blgnoticiassantodomingo.net\/index.php\/2020\/08\/13\/people-en-espanol-presenta-a-techy-fatule-en-concierto\/#primaryimage\"},\"thumbnailUrl\":\"https:\/\/blgnoticiassantodomingo.net\/wp-content\/uploads\/2020\/08\/thumb_35017_932_582_0_0_crop.jpg\",\"keywords\":[\"Concierto\",\"dominicana\",\"Techy Fatule\"],\"articleSection\":[\"Arte y Espectaculos\"],\"inLanguage\":\"es\",\"potentialAction\":[{\"@type\":\"CommentAction\",\"name\":\"Comment\",\"target\":[\"https:\/\/blgnoticiassantodomingo.net\/index.php\/2020\/08\/13\/people-en-espanol-presenta-a-techy-fatule-en-concierto\/#respond\"]}]},{\"@type\":\"WebPage\",\"@id\":\"https:\/\/blgnoticiassantodomingo.net\/index.php\/2020\/08\/13\/people-en-espanol-presenta-a-techy-fatule-en-concierto\/\",\"url\":\"https:\/\/blgnoticiassantodomingo.net\/index.php\/2020\/08\/13\/people-en-espanol-presenta-a-techy-fatule-en-concierto\/\",\"name\":\"People en Espa\u00f1ol presenta a Techy Fatule en concierto - BLG Noticias\",\"isPartOf\":{\"@id\":\"https:\/\/blgnoticiassantodomingo.net\/#website\"},\"primaryImageOfPage\":{\"@id\":\"https:\/\/blgnoticiassantodomingo.net\/index.php\/2020\/08\/13\/people-en-espanol-presenta-a-techy-fatule-en-concierto\/#primaryimage\"},\"image\":{\"@id\":\"https:\/\/blgnoticiassantodomingo.net\/index.php\/2020\/08\/13\/people-en-espanol-presenta-a-techy-fatule-en-concierto\/#primaryimage\"},\"thumbnailUrl\":\"https:\/\/blgnoticiassantodomingo.net\/wp-content\/uploads\/2020\/08\/thumb_35017_932_582_0_0_crop.jpg\",\"datePublished\":\"2020-08-13T13:48:13+00:00\",\"dateModified\":\"2020-08-13T13:48:15+00:00\",\"breadcrumb\":{\"@id\":\"https:\/\/blgnoticiassantodomingo.net\/index.php\/2020\/08\/13\/people-en-espanol-presenta-a-techy-fatule-en-concierto\/#breadcrumb\"},\"inLanguage\":\"es\",\"potentialAction\":[{\"@type\":\"ReadAction\",\"target\":[\"https:\/\/blgnoticiassantodomingo.net\/index.php\/2020\/08\/13\/people-en-espanol-presenta-a-techy-fatule-en-concierto\/\"]}]},{\"@type\":\"ImageObject\",\"inLanguage\":\"es\",\"@id\":\"https:\/\/blgnoticiassantodomingo.net\/index.php\/2020\/08\/13\/people-en-espanol-presenta-a-techy-fatule-en-concierto\/#primaryimage\",\"url\":\"https:\/\/blgnoticiassantodomingo.net\/wp-content\/uploads\/2020\/08\/thumb_35017_932_582_0_0_crop.jpg\",\"contentUrl\":\"https:\/\/blgnoticiassantodomingo.net\/wp-content\/uploads\/2020\/08\/thumb_35017_932_582_0_0_crop.jpg\",\"width\":932,\"height\":582,\"caption\":\"fuente externa\"},{\"@type\":\"BreadcrumbList\",\"@id\":\"https:\/\/blgnoticiassantodomingo.net\/index.php\/2020\/08\/13\/people-en-espanol-presenta-a-techy-fatule-en-concierto\/#breadcrumb\",\"itemListElement\":[{\"@type\":\"ListItem\",\"position\":1,\"name\":\"Portada\",\"item\":\"https:\/\/blgnoticiassantodomingo.net\/\"},{\"@type\":\"ListItem\",\"position\":2,\"name\":\"People en Espa\u00f1ol presenta a Techy Fatule en concierto\"}]},{\"@type\":\"WebSite\",\"@id\":\"https:\/\/blgnoticiassantodomingo.net\/#website\",\"url\":\"https:\/\/blgnoticiassantodomingo.net\/\",\"name\":\"BLG Noticias\",\"description\":\"Esto es Noticias\",\"publisher\":{\"@id\":\"https:\/\/blgnoticiassantodomingo.net\/#organization\"},\"potentialAction\":[{\"@type\":\"SearchAction\",\"target\":{\"@type\":\"EntryPoint\",\"urlTemplate\":\"https:\/\/blgnoticiassantodomingo.net\/?s={search_term_string}\"},\"query-input\":{\"@type\":\"PropertyValueSpecification\",\"valueRequired\":true,\"valueName\":\"search_term_string\"}}],\"inLanguage\":\"es\"},{\"@type\":\"Organization\",\"@id\":\"https:\/\/blgnoticiassantodomingo.net\/#organization\",\"name\":\"BLG Noticias\",\"url\":\"https:\/\/blgnoticiassantodomingo.net\/\",\"logo\":{\"@type\":\"ImageObject\",\"inLanguage\":\"es\",\"@id\":\"https:\/\/blgnoticiassantodomingo.net\/#\/schema\/logo\/image\/\",\"url\":\"https:\/\/blgnoticiassantodomingo.net\/wp-content\/uploads\/2023\/12\/Diseno-sin-titulo-3.jpg\",\"contentUrl\":\"https:\/\/blgnoticiassantodomingo.net\/wp-content\/uploads\/2023\/12\/Diseno-sin-titulo-3.jpg\",\"width\":500,\"height\":500,\"caption\":\"BLG Noticias\"},\"image\":{\"@id\":\"https:\/\/blgnoticiassantodomingo.net\/#\/schema\/logo\/image\/\"},\"sameAs\":[\"https:\/\/web.facebook.com\/BlgNoticias\/?locale=es_LA&_rdc=1&_rdr\",\"https:\/\/x.com\/BlgNoticias\",\"https:\/\/www.linkedin.com\/in\/brenda-l-santana-aa846279\/\"]},{\"@type\":\"Person\",\"@id\":\"https:\/\/blgnoticiassantodomingo.net\/#\/schema\/person\/e2fc21cf88acc63dbd134be981bff374\",\"name\":\"Brenda Guerrero\",\"image\":{\"@type\":\"ImageObject\",\"inLanguage\":\"es\",\"@id\":\"https:\/\/blgnoticiassantodomingo.net\/#\/schema\/person\/image\/\",\"url\":\"https:\/\/secure.gravatar.com\/avatar\/2f7fc4c3e3655be1580cb684bfd8ab19be702ae20879da1e072021daa02f9b8b?s=96&d=wp_user_avatar&r=g\",\"contentUrl\":\"https:\/\/secure.gravatar.com\/avatar\/2f7fc4c3e3655be1580cb684bfd8ab19be702ae20879da1e072021daa02f9b8b?s=96&d=wp_user_avatar&r=g\",\"caption\":\"Brenda Guerrero\"},\"description\":\"Periodista\",\"url\":\"https:\/\/blgnoticiassantodomingo.net\/index.php\/author\/brenda-guerrero\/\"}]}<\/script>\n<!-- \/ Yoast SEO plugin. -->","yoast_head_json":{"title":"People en Espa\u00f1ol presenta a Techy Fatule en concierto - BLG Noticias","robots":{"index":"index","follow":"follow","max-snippet":"max-snippet:-1","max-image-preview":"max-image-preview:large","max-video-preview":"max-video-preview:-1"},"canonical":"https:\/\/blgnoticiassantodomingo.net\/index.php\/2020\/08\/13\/people-en-espanol-presenta-a-techy-fatule-en-concierto\/","og_locale":"es_ES","og_type":"article","og_title":"People en Espa\u00f1ol presenta a Techy Fatule en concierto - BLG Noticias","og_description":"Este viernes 14 de agosto la dominicana Techy Fatule ser\u00e1 presentada en concierto por la renombrada revista People en Espa\u00f1ol, v\u00eda las redes sociales del prestigioso medio de comunicaci\u00f3n. Para este evento la artista ha preparado un repertorio repleto de sus m\u00e1s importantes \u00e9xitos musicales, adem\u00e1s de algunas novedades de lo que viene trabajando para [&hellip;]","og_url":"https:\/\/blgnoticiassantodomingo.net\/index.php\/2020\/08\/13\/people-en-espanol-presenta-a-techy-fatule-en-concierto\/","og_site_name":"BLG Noticias","article_publisher":"https:\/\/web.facebook.com\/BlgNoticias\/?locale=es_LA&_rdc=1&_rdr","article_published_time":"2020-08-13T13:48:13+00:00","article_modified_time":"2020-08-13T13:48:15+00:00","og_image":[{"width":932,"height":582,"url":"https:\/\/blgnoticiassantodomingo.net\/wp-content\/uploads\/2020\/08\/thumb_35017_932_582_0_0_crop.jpg","type":"image\/jpeg"}],"author":"Brenda Guerrero","twitter_card":"summary_large_image","twitter_creator":"@BlgNoticias","twitter_site":"@BlgNoticias","twitter_misc":{"Escrito por":"Brenda Guerrero","Tiempo de lectura":"1 minuto"},"schema":{"@context":"https:\/\/schema.org","@graph":[{"@type":"Article","@id":"https:\/\/blgnoticiassantodomingo.net\/index.php\/2020\/08\/13\/people-en-espanol-presenta-a-techy-fatule-en-concierto\/#article","isPartOf":{"@id":"https:\/\/blgnoticiassantodomingo.net\/index.php\/2020\/08\/13\/people-en-espanol-presenta-a-techy-fatule-en-concierto\/"},"author":{"name":"Brenda Guerrero","@id":"https:\/\/blgnoticiassantodomingo.net\/#\/schema\/person\/e2fc21cf88acc63dbd134be981bff374"},"headline":"People en Espa\u00f1ol presenta a Techy Fatule en concierto","datePublished":"2020-08-13T13:48:13+00:00","dateModified":"2020-08-13T13:48:15+00:00","mainEntityOfPage":{"@id":"https:\/\/blgnoticiassantodomingo.net\/index.php\/2020\/08\/13\/people-en-espanol-presenta-a-techy-fatule-en-concierto\/"},"wordCount":233,"commentCount":0,"publisher":{"@id":"https:\/\/blgnoticiassantodomingo.net\/#organization"},"image":{"@id":"https:\/\/blgnoticiassantodomingo.net\/index.php\/2020\/08\/13\/people-en-espanol-presenta-a-techy-fatule-en-concierto\/#primaryimage"},"thumbnailUrl":"https:\/\/blgnoticiassantodomingo.net\/wp-content\/uploads\/2020\/08\/thumb_35017_932_582_0_0_crop.jpg","keywords":["Concierto","dominicana","Techy Fatule"],"articleSection":["Arte y Espectaculos"],"inLanguage":"es","potentialAction":[{"@type":"CommentAction","name":"Comment","target":["https:\/\/blgnoticiassantodomingo.net\/index.php\/2020\/08\/13\/people-en-espanol-presenta-a-techy-fatule-en-concierto\/#respond"]}]},{"@type":"WebPage","@id":"https:\/\/blgnoticiassantodomingo.net\/index.php\/2020\/08\/13\/people-en-espanol-presenta-a-techy-fatule-en-concierto\/","url":"https:\/\/blgnoticiassantodomingo.net\/index.php\/2020\/08\/13\/people-en-espanol-presenta-a-techy-fatule-en-concierto\/","name":"People en Espa\u00f1ol presenta a Techy Fatule en concierto - BLG Noticias","isPartOf":{"@id":"https:\/\/blgnoticiassantodomingo.net\/#website"},"primaryImageOfPage":{"@id":"https:\/\/blgnoticiassantodomingo.net\/index.php\/2020\/08\/13\/people-en-espanol-presenta-a-techy-fatule-en-concierto\/#primaryimage"},"image":{"@id":"https:\/\/blgnoticiassantodomingo.net\/index.php\/2020\/08\/13\/people-en-espanol-presenta-a-techy-fatule-en-concierto\/#primaryimage"},"thumbnailUrl":"https:\/\/blgnoticiassantodomingo.net\/wp-content\/uploads\/2020\/08\/thumb_35017_932_582_0_0_crop.jpg","datePublished":"2020-08-13T13:48:13+00:00","dateModified":"2020-08-13T13:48:15+00:00","breadcrumb":{"@id":"https:\/\/blgnoticiassantodomingo.net\/index.php\/2020\/08\/13\/people-en-espanol-presenta-a-techy-fatule-en-concierto\/#breadcrumb"},"inLanguage":"es","potentialAction":[{"@type":"ReadAction","target":["https:\/\/blgnoticiassantodomingo.net\/index.php\/2020\/08\/13\/people-en-espanol-presenta-a-techy-fatule-en-concierto\/"]}]},{"@type":"ImageObject","inLanguage":"es","@id":"https:\/\/blgnoticiassantodomingo.net\/index.php\/2020\/08\/13\/people-en-espanol-presenta-a-techy-fatule-en-concierto\/#primaryimage","url":"https:\/\/blgnoticiassantodomingo.net\/wp-content\/uploads\/2020\/08\/thumb_35017_932_582_0_0_crop.jpg","contentUrl":"https:\/\/blgnoticiassantodomingo.net\/wp-content\/uploads\/2020\/08\/thumb_35017_932_582_0_0_crop.jpg","width":932,"height":582,"caption":"fuente externa"},{"@type":"BreadcrumbList","@id":"https:\/\/blgnoticiassantodomingo.net\/index.php\/2020\/08\/13\/people-en-espanol-presenta-a-techy-fatule-en-concierto\/#breadcrumb","itemListElement":[{"@type":"ListItem","position":1,"name":"Portada","item":"https:\/\/blgnoticiassantodomingo.net\/"},{"@type":"ListItem","position":2,"name":"People en Espa\u00f1ol presenta a Techy Fatule en concierto"}]},{"@type":"WebSite","@id":"https:\/\/blgnoticiassantodomingo.net\/#website","url":"https:\/\/blgnoticiassantodomingo.net\/","name":"BLG Noticias","description":"Esto es Noticias","publisher":{"@id":"https:\/\/blgnoticiassantodomingo.net\/#organization"},"potentialAction":[{"@type":"SearchAction","target":{"@type":"EntryPoint","urlTemplate":"https:\/\/blgnoticiassantodomingo.net\/?s={search_term_string}"},"query-input":{"@type":"PropertyValueSpecification","valueRequired":true,"valueName":"search_term_string"}}],"inLanguage":"es"},{"@type":"Organization","@id":"https:\/\/blgnoticiassantodomingo.net\/#organization","name":"BLG Noticias","url":"https:\/\/blgnoticiassantodomingo.net\/","logo":{"@type":"ImageObject","inLanguage":"es","@id":"https:\/\/blgnoticiassantodomingo.net\/#\/schema\/logo\/image\/","url":"https:\/\/blgnoticiassantodomingo.net\/wp-content\/uploads\/2023\/12\/Diseno-sin-titulo-3.jpg","contentUrl":"https:\/\/blgnoticiassantodomingo.net\/wp-content\/uploads\/2023\/12\/Diseno-sin-titulo-3.jpg","width":500,"height":500,"caption":"BLG Noticias"},"image":{"@id":"https:\/\/blgnoticiassantodomingo.net\/#\/schema\/logo\/image\/"},"sameAs":["https:\/\/web.facebook.com\/BlgNoticias\/?locale=es_LA&_rdc=1&_rdr","https:\/\/x.com\/BlgNoticias","https:\/\/www.linkedin.com\/in\/brenda-l-santana-aa846279\/"]},{"@type":"Person","@id":"https:\/\/blgnoticiassantodomingo.net\/#\/schema\/person\/e2fc21cf88acc63dbd134be981bff374","name":"Brenda Guerrero","image":{"@type":"ImageObject","inLanguage":"es","@id":"https:\/\/blgnoticiassantodomingo.net\/#\/schema\/person\/image\/","url":"https:\/\/secure.gravatar.com\/avatar\/2f7fc4c3e3655be1580cb684bfd8ab19be702ae20879da1e072021daa02f9b8b?s=96&d=wp_user_avatar&r=g","contentUrl":"https:\/\/secure.gravatar.com\/avatar\/2f7fc4c3e3655be1580cb684bfd8ab19be702ae20879da1e072021daa02f9b8b?s=96&d=wp_user_avatar&r=g","caption":"Brenda Guerrero"},"description":"Periodista","url":"https:\/\/blgnoticiassantodomingo.net\/index.php\/author\/brenda-guerrero\/"}]}},"jetpack_featured_media_url":"https:\/\/blgnoticiassantodomingo.net\/wp-content\/uploads\/2020\/08\/thumb_35017_932_582_0_0_crop.jpg","_links":{"self":[{"href":"https:\/\/blgnoticiassantodomingo.net\/index.php\/wp-json\/wp\/v2\/posts\/15879","targetHints":{"allow":["GET"]}}],"collection":[{"href":"https:\/\/blgnoticiassantodomingo.net\/index.php\/wp-json\/wp\/v2\/posts"}],"about":[{"href":"https:\/\/blgnoticiassantodomingo.net\/index.php\/wp-json\/wp\/v2\/types\/post"}],"author":[{"embeddable":true,"href":"https:\/\/blgnoticiassantodomingo.net\/index.php\/wp-json\/wp\/v2\/users\/2"}],"replies":[{"embeddable":true,"href":"https:\/\/blgnoticiassantodomingo.net\/index.php\/wp-json\/wp\/v2\/comments?post=15879"}],"version-history":[{"count":1,"href":"https:\/\/blgnoticiassantodomingo.net\/index.php\/wp-json\/wp\/v2\/posts\/15879\/revisions"}],"predecessor-version":[{"id":15881,"href":"https:\/\/blgnoticiassantodomingo.net\/index.php\/wp-json\/wp\/v2\/posts\/15879\/revisions\/15881"}],"wp:featuredmedia":[{"embeddable":true,"href":"https:\/\/blgnoticiassantodomingo.net\/index.php\/wp-json\/wp\/v2\/media\/15880"}],"wp:attachment":[{"href":"https:\/\/blgnoticiassantodomingo.net\/index.php\/wp-json\/wp\/v2\/media?parent=15879"}],"wp:term":[{"taxonomy":"category","embeddable":true,"href":"https:\/\/blgnoticiassantodomingo.net\/index.php\/wp-json\/wp\/v2\/categories?post=15879"},{"taxonomy":"post_tag","embeddable":true,"href":"https:\/\/blgnoticiassantodomingo.net\/index.php\/wp-json\/wp\/v2\/tags?post=15879"}],"curies":[{"name":"wp","href":"https:\/\/api.w.org\/{rel}","templated":true}]}}