{"id":15467,"date":"2020-08-09T14:25:06","date_gmt":"2020-08-09T13:25:06","guid":{"rendered":"http:\/\/blgnoticiassantodomingo.net\/?p=15467"},"modified":"2020-08-09T14:25:07","modified_gmt":"2020-08-09T13:25:07","slug":"vinculan-un-elevado-consumo-de-arroz-a-un-mayor-riesgo-de-muerte-por-enfermedades-del-corazon","status":"publish","type":"post","link":"https:\/\/blgnoticiassantodomingo.net\/index.php\/2020\/08\/09\/vinculan-un-elevado-consumo-de-arroz-a-un-mayor-riesgo-de-muerte-por-enfermedades-del-corazon\/","title":{"rendered":"Vinculan un elevado consumo de arroz a un mayor riesgo de muerte por enfermedades del coraz\u00f3n"},"content":{"rendered":"\n<h4 class=\"wp-block-heading\">Este impacto negativo del cereal en la salud humana se debe a la presencia de ars\u00e9nico en sus granos.<\/h4>\n\n\n\n<p>Aquellas personas que consumen mucho arroz \u201cdeber\u00edan comerlo de una manera m\u00e1s protectora\u201d, recomienda un\u00a0estudio publicado\u00a0recientemente en la revista Science of The Total Environment. Los autores abordan un problema que no es puramente diet\u00e9tico, sino un peligro qu\u00edmico que han podido asociar con este cereal.<\/p>\n\n\n\n<p>Los cient\u00edficos advierten que el arroz contiene ars\u00e9nico inorg\u00e1nico (iAs), un&nbsp;<strong>semimetal extremadamente t\u00f3xico que<\/strong>, una vez ingerido, se acumula en el cuerpo humano y afecta a distintos sistemas del organismo, espec\u00edficamente al cardiovascular. Su concentraci\u00f3n en los granos var\u00eda, pero la Autoridad Europea de Seguridad Alimentaria ya alert\u00f3 sobre su elevada presencia en un informe del a\u00f1o 2014.<\/p>\n\n\n\n<p>Los investigadores, de la Universidad de M\u00e1nchester y la de Salford (Reino Unido), compararon estos datos con otros disponibles y calcularon cu\u00e1nto ars\u00e9nico llega al organismo humano en distintos grupos de la poblaci\u00f3n brit\u00e1nica (concretamente, de Inglanerra y Gales). Quienes lo inger\u00edan&nbsp;<strong>m\u00e1s de un cierto umbral&nbsp;<\/strong>(0,3 microgramos por persona y d\u00eda), ten\u00edan&nbsp;<strong>mayores tasas de mortalidad<\/strong>&nbsp;por enfermedades cardiovasculares.<\/p>\n\n\n\n<p>Aunque algunas personas pod\u00edan intoxicarse con ars\u00e9nico proveniente\u00a0de<a rel=\"noreferrer noopener\" href=\"https:\/\/actualidad.rt.com\/actualidad\/354033-mapa-avance-arsenico-aguas-subterraneas-peligro-mundial\" target=\"_blank\"> <\/a>otras fuentes, el estudio se enfoc\u00f3 en la inevitable ingesta de ese elemento a trav\u00e9s del arroz. Los investigadores tambi\u00e9n tomaron en consideraci\u00f3n factores como\u00a0<strong>el tabaquismo, la diabetes, la obesidad<\/strong>\u00a0y otros, que tambi\u00e9n influyen en la mortalidad, pero estimaron que estos act\u00faan de forma aparte del cereal.<\/p>\n\n\n\n<h3 class=\"wp-block-heading\">Equilibrio y sustitutos<\/h3>\n\n\n\n<p>Sin embargo, el arroz no es un producto esencialmente nocivo y los autores hablan de un \u201cequilibrio entre los impactos negativos de la exposici\u00f3n al iAs del arroz y los impactos positivos provenientes de exponerse a la fibra, las\u00a0prote\u00ednas\u00a0y una amplia gama de micronutrientes del arroz\u201d. Sin embargo,\u00a0<strong>este equilibrio no es suficiente<\/strong>\u00a0para considerarlo como un producto recomendable.<\/p>\n\n\n\n<p>Concretamente, en Inglaterra y Gales la cuarta parte de los consumidores m\u00e1s aficionados al arroz corren un mayor riesgo de mortalidad cardiovascular frente a la cuarta parte que tiene menores tasas de consumo. Este aumento del riesgo est\u00e1 cifrado en\u00a0<strong>aproximadamente el 6%<\/strong>,\u00a0detall\u00f3\u00a0el profesor de Manchester David Polya, coautor del estudio.<\/p>\n\n\n\n<p>A los aficionados a las dietas ricas en este cereal, los investigadores aconsejan que sustituyan el grano integral por variedades como&nbsp;<strong>el basmati y el arroz pulido<\/strong>, los cuales suelen tener un contenido m\u00e1s bajo de ars\u00e9nico.<\/p>\n\n\n\n<p>Fuente:\u00a0<strong>RT<\/strong><\/p>\n","protected":false},"excerpt":{"rendered":"<p>Este impacto negativo del cereal en la salud humana se debe a la presencia de ars\u00e9nico en sus granos. Aquellas personas que consumen mucho arroz \u201cdeber\u00edan comerlo de una manera m\u00e1s protectora\u201d, recomienda un\u00a0estudio publicado\u00a0recientemente en la revista Science of The Total Environment. Los autores abordan un problema que no es puramente diet\u00e9tico, sino un [&hellip;]<\/p>\n","protected":false},"author":2,"featured_media":15468,"comment_status":"open","ping_status":"open","sticky":false,"template":"","format":"standard","meta":{"footnotes":""},"categories":[224],"tags":[2835,2836,2837],"class_list":{"0":"post-15467","1":"post","2":"type-post","3":"status-publish","4":"format-standard","5":"has-post-thumbnail","7":"category-salud","8":"tag-arroz","9":"tag-corazon","10":"tag-elevado-consumo"},"yoast_head":"<!-- This site is optimized with the Yoast SEO plugin v24.9 - https:\/\/yoast.com\/wordpress\/plugins\/seo\/ -->\n<title>Vinculan un elevado consumo de arroz a un mayor riesgo de muerte por enfermedades del coraz\u00f3n - BLG Noticias<\/title>\n<meta name=\"robots\" content=\"index, follow, max-snippet:-1, max-image-preview:large, max-video-preview:-1\" \/>\n<link rel=\"canonical\" href=\"https:\/\/blgnoticiassantodomingo.net\/index.php\/2020\/08\/09\/vinculan-un-elevado-consumo-de-arroz-a-un-mayor-riesgo-de-muerte-por-enfermedades-del-corazon\/\" \/>\n<meta property=\"og:locale\" content=\"es_ES\" \/>\n<meta property=\"og:type\" content=\"article\" \/>\n<meta property=\"og:title\" content=\"Vinculan un elevado consumo de arroz a un mayor riesgo de muerte por enfermedades del coraz\u00f3n - BLG Noticias\" \/>\n<meta property=\"og:description\" content=\"Este impacto negativo del cereal en la salud humana se debe a la presencia de ars\u00e9nico en sus granos. Aquellas personas que consumen mucho arroz \u201cdeber\u00edan comerlo de una manera m\u00e1s protectora\u201d, recomienda un\u00a0estudio publicado\u00a0recientemente en la revista Science of The Total Environment. Los autores abordan un problema que no es puramente diet\u00e9tico, sino un [&hellip;]\" \/>\n<meta property=\"og:url\" content=\"https:\/\/blgnoticiassantodomingo.net\/index.php\/2020\/08\/09\/vinculan-un-elevado-consumo-de-arroz-a-un-mayor-riesgo-de-muerte-por-enfermedades-del-corazon\/\" \/>\n<meta property=\"og:site_name\" content=\"BLG Noticias\" \/>\n<meta property=\"article:publisher\" content=\"https:\/\/web.facebook.com\/BlgNoticias\/?locale=es_LA&amp;_rdc=1&amp;_rdr\" \/>\n<meta property=\"article:published_time\" content=\"2020-08-09T13:25:06+00:00\" \/>\n<meta property=\"article:modified_time\" content=\"2020-08-09T13:25:07+00:00\" \/>\n<meta property=\"og:image\" content=\"https:\/\/blgnoticiassantodomingo.net\/wp-content\/uploads\/2020\/08\/5f2d445a59bf5b214156c7aa.jpg\" \/>\n\t<meta property=\"og:image:width\" content=\"1104\" \/>\n\t<meta property=\"og:image:height\" content=\"622\" \/>\n\t<meta property=\"og:image:type\" content=\"image\/jpeg\" \/>\n<meta name=\"author\" content=\"Brenda Guerrero\" \/>\n<meta name=\"twitter:card\" content=\"summary_large_image\" \/>\n<meta name=\"twitter:creator\" content=\"@BlgNoticias\" \/>\n<meta name=\"twitter:site\" content=\"@BlgNoticias\" \/>\n<meta name=\"twitter:label1\" content=\"Escrito por\" \/>\n\t<meta name=\"twitter:data1\" content=\"Brenda Guerrero\" \/>\n\t<meta name=\"twitter:label2\" content=\"Tiempo de lectura\" \/>\n\t<meta name=\"twitter:data2\" content=\"2 minutos\" \/>\n<script type=\"application\/ld+json\" class=\"yoast-schema-graph\">{\"@context\":\"https:\/\/schema.org\",\"@graph\":[{\"@type\":\"Article\",\"@id\":\"https:\/\/blgnoticiassantodomingo.net\/index.php\/2020\/08\/09\/vinculan-un-elevado-consumo-de-arroz-a-un-mayor-riesgo-de-muerte-por-enfermedades-del-corazon\/#article\",\"isPartOf\":{\"@id\":\"https:\/\/blgnoticiassantodomingo.net\/index.php\/2020\/08\/09\/vinculan-un-elevado-consumo-de-arroz-a-un-mayor-riesgo-de-muerte-por-enfermedades-del-corazon\/\"},\"author\":{\"name\":\"Brenda Guerrero\",\"@id\":\"https:\/\/blgnoticiassantodomingo.net\/#\/schema\/person\/e2fc21cf88acc63dbd134be981bff374\"},\"headline\":\"Vinculan un elevado consumo de arroz a un mayor riesgo de muerte por enfermedades del coraz\u00f3n\",\"datePublished\":\"2020-08-09T13:25:06+00:00\",\"dateModified\":\"2020-08-09T13:25:07+00:00\",\"mainEntityOfPage\":{\"@id\":\"https:\/\/blgnoticiassantodomingo.net\/index.php\/2020\/08\/09\/vinculan-un-elevado-consumo-de-arroz-a-un-mayor-riesgo-de-muerte-por-enfermedades-del-corazon\/\"},\"wordCount\":454,\"commentCount\":0,\"publisher\":{\"@id\":\"https:\/\/blgnoticiassantodomingo.net\/#organization\"},\"image\":{\"@id\":\"https:\/\/blgnoticiassantodomingo.net\/index.php\/2020\/08\/09\/vinculan-un-elevado-consumo-de-arroz-a-un-mayor-riesgo-de-muerte-por-enfermedades-del-corazon\/#primaryimage\"},\"thumbnailUrl\":\"https:\/\/blgnoticiassantodomingo.net\/wp-content\/uploads\/2020\/08\/5f2d445a59bf5b214156c7aa.jpg\",\"keywords\":[\"Arroz\",\"Corazon\",\"elevado consumo\"],\"articleSection\":[\"Salud\"],\"inLanguage\":\"es\",\"potentialAction\":[{\"@type\":\"CommentAction\",\"name\":\"Comment\",\"target\":[\"https:\/\/blgnoticiassantodomingo.net\/index.php\/2020\/08\/09\/vinculan-un-elevado-consumo-de-arroz-a-un-mayor-riesgo-de-muerte-por-enfermedades-del-corazon\/#respond\"]}]},{\"@type\":\"WebPage\",\"@id\":\"https:\/\/blgnoticiassantodomingo.net\/index.php\/2020\/08\/09\/vinculan-un-elevado-consumo-de-arroz-a-un-mayor-riesgo-de-muerte-por-enfermedades-del-corazon\/\",\"url\":\"https:\/\/blgnoticiassantodomingo.net\/index.php\/2020\/08\/09\/vinculan-un-elevado-consumo-de-arroz-a-un-mayor-riesgo-de-muerte-por-enfermedades-del-corazon\/\",\"name\":\"Vinculan un elevado consumo de arroz a un mayor riesgo de muerte por enfermedades del coraz\u00f3n - BLG Noticias\",\"isPartOf\":{\"@id\":\"https:\/\/blgnoticiassantodomingo.net\/#website\"},\"primaryImageOfPage\":{\"@id\":\"https:\/\/blgnoticiassantodomingo.net\/index.php\/2020\/08\/09\/vinculan-un-elevado-consumo-de-arroz-a-un-mayor-riesgo-de-muerte-por-enfermedades-del-corazon\/#primaryimage\"},\"image\":{\"@id\":\"https:\/\/blgnoticiassantodomingo.net\/index.php\/2020\/08\/09\/vinculan-un-elevado-consumo-de-arroz-a-un-mayor-riesgo-de-muerte-por-enfermedades-del-corazon\/#primaryimage\"},\"thumbnailUrl\":\"https:\/\/blgnoticiassantodomingo.net\/wp-content\/uploads\/2020\/08\/5f2d445a59bf5b214156c7aa.jpg\",\"datePublished\":\"2020-08-09T13:25:06+00:00\",\"dateModified\":\"2020-08-09T13:25:07+00:00\",\"breadcrumb\":{\"@id\":\"https:\/\/blgnoticiassantodomingo.net\/index.php\/2020\/08\/09\/vinculan-un-elevado-consumo-de-arroz-a-un-mayor-riesgo-de-muerte-por-enfermedades-del-corazon\/#breadcrumb\"},\"inLanguage\":\"es\",\"potentialAction\":[{\"@type\":\"ReadAction\",\"target\":[\"https:\/\/blgnoticiassantodomingo.net\/index.php\/2020\/08\/09\/vinculan-un-elevado-consumo-de-arroz-a-un-mayor-riesgo-de-muerte-por-enfermedades-del-corazon\/\"]}]},{\"@type\":\"ImageObject\",\"inLanguage\":\"es\",\"@id\":\"https:\/\/blgnoticiassantodomingo.net\/index.php\/2020\/08\/09\/vinculan-un-elevado-consumo-de-arroz-a-un-mayor-riesgo-de-muerte-por-enfermedades-del-corazon\/#primaryimage\",\"url\":\"https:\/\/blgnoticiassantodomingo.net\/wp-content\/uploads\/2020\/08\/5f2d445a59bf5b214156c7aa.jpg\",\"contentUrl\":\"https:\/\/blgnoticiassantodomingo.net\/wp-content\/uploads\/2020\/08\/5f2d445a59bf5b214156c7aa.jpg\",\"width\":1104,\"height\":622},{\"@type\":\"BreadcrumbList\",\"@id\":\"https:\/\/blgnoticiassantodomingo.net\/index.php\/2020\/08\/09\/vinculan-un-elevado-consumo-de-arroz-a-un-mayor-riesgo-de-muerte-por-enfermedades-del-corazon\/#breadcrumb\",\"itemListElement\":[{\"@type\":\"ListItem\",\"position\":1,\"name\":\"Portada\",\"item\":\"https:\/\/blgnoticiassantodomingo.net\/\"},{\"@type\":\"ListItem\",\"position\":2,\"name\":\"Vinculan un elevado consumo de arroz a un mayor riesgo de muerte por enfermedades del coraz\u00f3n\"}]},{\"@type\":\"WebSite\",\"@id\":\"https:\/\/blgnoticiassantodomingo.net\/#website\",\"url\":\"https:\/\/blgnoticiassantodomingo.net\/\",\"name\":\"BLG Noticias\",\"description\":\"Esto es Noticias\",\"publisher\":{\"@id\":\"https:\/\/blgnoticiassantodomingo.net\/#organization\"},\"potentialAction\":[{\"@type\":\"SearchAction\",\"target\":{\"@type\":\"EntryPoint\",\"urlTemplate\":\"https:\/\/blgnoticiassantodomingo.net\/?s={search_term_string}\"},\"query-input\":{\"@type\":\"PropertyValueSpecification\",\"valueRequired\":true,\"valueName\":\"search_term_string\"}}],\"inLanguage\":\"es\"},{\"@type\":\"Organization\",\"@id\":\"https:\/\/blgnoticiassantodomingo.net\/#organization\",\"name\":\"BLG Noticias\",\"url\":\"https:\/\/blgnoticiassantodomingo.net\/\",\"logo\":{\"@type\":\"ImageObject\",\"inLanguage\":\"es\",\"@id\":\"https:\/\/blgnoticiassantodomingo.net\/#\/schema\/logo\/image\/\",\"url\":\"https:\/\/blgnoticiassantodomingo.net\/wp-content\/uploads\/2023\/12\/Diseno-sin-titulo-3.jpg\",\"contentUrl\":\"https:\/\/blgnoticiassantodomingo.net\/wp-content\/uploads\/2023\/12\/Diseno-sin-titulo-3.jpg\",\"width\":500,\"height\":500,\"caption\":\"BLG Noticias\"},\"image\":{\"@id\":\"https:\/\/blgnoticiassantodomingo.net\/#\/schema\/logo\/image\/\"},\"sameAs\":[\"https:\/\/web.facebook.com\/BlgNoticias\/?locale=es_LA&_rdc=1&_rdr\",\"https:\/\/x.com\/BlgNoticias\",\"https:\/\/www.linkedin.com\/in\/brenda-l-santana-aa846279\/\"]},{\"@type\":\"Person\",\"@id\":\"https:\/\/blgnoticiassantodomingo.net\/#\/schema\/person\/e2fc21cf88acc63dbd134be981bff374\",\"name\":\"Brenda Guerrero\",\"image\":{\"@type\":\"ImageObject\",\"inLanguage\":\"es\",\"@id\":\"https:\/\/blgnoticiassantodomingo.net\/#\/schema\/person\/image\/\",\"url\":\"https:\/\/secure.gravatar.com\/avatar\/2f7fc4c3e3655be1580cb684bfd8ab19be702ae20879da1e072021daa02f9b8b?s=96&d=wp_user_avatar&r=g\",\"contentUrl\":\"https:\/\/secure.gravatar.com\/avatar\/2f7fc4c3e3655be1580cb684bfd8ab19be702ae20879da1e072021daa02f9b8b?s=96&d=wp_user_avatar&r=g\",\"caption\":\"Brenda Guerrero\"},\"description\":\"Periodista\",\"url\":\"https:\/\/blgnoticiassantodomingo.net\/index.php\/author\/brenda-guerrero\/\"}]}<\/script>\n<!-- \/ Yoast SEO plugin. -->","yoast_head_json":{"title":"Vinculan un elevado consumo de arroz a un mayor riesgo de muerte por enfermedades del coraz\u00f3n - BLG Noticias","robots":{"index":"index","follow":"follow","max-snippet":"max-snippet:-1","max-image-preview":"max-image-preview:large","max-video-preview":"max-video-preview:-1"},"canonical":"https:\/\/blgnoticiassantodomingo.net\/index.php\/2020\/08\/09\/vinculan-un-elevado-consumo-de-arroz-a-un-mayor-riesgo-de-muerte-por-enfermedades-del-corazon\/","og_locale":"es_ES","og_type":"article","og_title":"Vinculan un elevado consumo de arroz a un mayor riesgo de muerte por enfermedades del coraz\u00f3n - BLG Noticias","og_description":"Este impacto negativo del cereal en la salud humana se debe a la presencia de ars\u00e9nico en sus granos. Aquellas personas que consumen mucho arroz \u201cdeber\u00edan comerlo de una manera m\u00e1s protectora\u201d, recomienda un\u00a0estudio publicado\u00a0recientemente en la revista Science of The Total Environment. Los autores abordan un problema que no es puramente diet\u00e9tico, sino un [&hellip;]","og_url":"https:\/\/blgnoticiassantodomingo.net\/index.php\/2020\/08\/09\/vinculan-un-elevado-consumo-de-arroz-a-un-mayor-riesgo-de-muerte-por-enfermedades-del-corazon\/","og_site_name":"BLG Noticias","article_publisher":"https:\/\/web.facebook.com\/BlgNoticias\/?locale=es_LA&_rdc=1&_rdr","article_published_time":"2020-08-09T13:25:06+00:00","article_modified_time":"2020-08-09T13:25:07+00:00","og_image":[{"width":1104,"height":622,"url":"https:\/\/blgnoticiassantodomingo.net\/wp-content\/uploads\/2020\/08\/5f2d445a59bf5b214156c7aa.jpg","type":"image\/jpeg"}],"author":"Brenda Guerrero","twitter_card":"summary_large_image","twitter_creator":"@BlgNoticias","twitter_site":"@BlgNoticias","twitter_misc":{"Escrito por":"Brenda Guerrero","Tiempo de lectura":"2 minutos"},"schema":{"@context":"https:\/\/schema.org","@graph":[{"@type":"Article","@id":"https:\/\/blgnoticiassantodomingo.net\/index.php\/2020\/08\/09\/vinculan-un-elevado-consumo-de-arroz-a-un-mayor-riesgo-de-muerte-por-enfermedades-del-corazon\/#article","isPartOf":{"@id":"https:\/\/blgnoticiassantodomingo.net\/index.php\/2020\/08\/09\/vinculan-un-elevado-consumo-de-arroz-a-un-mayor-riesgo-de-muerte-por-enfermedades-del-corazon\/"},"author":{"name":"Brenda Guerrero","@id":"https:\/\/blgnoticiassantodomingo.net\/#\/schema\/person\/e2fc21cf88acc63dbd134be981bff374"},"headline":"Vinculan un elevado consumo de arroz a un mayor riesgo de muerte por enfermedades del coraz\u00f3n","datePublished":"2020-08-09T13:25:06+00:00","dateModified":"2020-08-09T13:25:07+00:00","mainEntityOfPage":{"@id":"https:\/\/blgnoticiassantodomingo.net\/index.php\/2020\/08\/09\/vinculan-un-elevado-consumo-de-arroz-a-un-mayor-riesgo-de-muerte-por-enfermedades-del-corazon\/"},"wordCount":454,"commentCount":0,"publisher":{"@id":"https:\/\/blgnoticiassantodomingo.net\/#organization"},"image":{"@id":"https:\/\/blgnoticiassantodomingo.net\/index.php\/2020\/08\/09\/vinculan-un-elevado-consumo-de-arroz-a-un-mayor-riesgo-de-muerte-por-enfermedades-del-corazon\/#primaryimage"},"thumbnailUrl":"https:\/\/blgnoticiassantodomingo.net\/wp-content\/uploads\/2020\/08\/5f2d445a59bf5b214156c7aa.jpg","keywords":["Arroz","Corazon","elevado consumo"],"articleSection":["Salud"],"inLanguage":"es","potentialAction":[{"@type":"CommentAction","name":"Comment","target":["https:\/\/blgnoticiassantodomingo.net\/index.php\/2020\/08\/09\/vinculan-un-elevado-consumo-de-arroz-a-un-mayor-riesgo-de-muerte-por-enfermedades-del-corazon\/#respond"]}]},{"@type":"WebPage","@id":"https:\/\/blgnoticiassantodomingo.net\/index.php\/2020\/08\/09\/vinculan-un-elevado-consumo-de-arroz-a-un-mayor-riesgo-de-muerte-por-enfermedades-del-corazon\/","url":"https:\/\/blgnoticiassantodomingo.net\/index.php\/2020\/08\/09\/vinculan-un-elevado-consumo-de-arroz-a-un-mayor-riesgo-de-muerte-por-enfermedades-del-corazon\/","name":"Vinculan un elevado consumo de arroz a un mayor riesgo de muerte por enfermedades del coraz\u00f3n - BLG Noticias","isPartOf":{"@id":"https:\/\/blgnoticiassantodomingo.net\/#website"},"primaryImageOfPage":{"@id":"https:\/\/blgnoticiassantodomingo.net\/index.php\/2020\/08\/09\/vinculan-un-elevado-consumo-de-arroz-a-un-mayor-riesgo-de-muerte-por-enfermedades-del-corazon\/#primaryimage"},"image":{"@id":"https:\/\/blgnoticiassantodomingo.net\/index.php\/2020\/08\/09\/vinculan-un-elevado-consumo-de-arroz-a-un-mayor-riesgo-de-muerte-por-enfermedades-del-corazon\/#primaryimage"},"thumbnailUrl":"https:\/\/blgnoticiassantodomingo.net\/wp-content\/uploads\/2020\/08\/5f2d445a59bf5b214156c7aa.jpg","datePublished":"2020-08-09T13:25:06+00:00","dateModified":"2020-08-09T13:25:07+00:00","breadcrumb":{"@id":"https:\/\/blgnoticiassantodomingo.net\/index.php\/2020\/08\/09\/vinculan-un-elevado-consumo-de-arroz-a-un-mayor-riesgo-de-muerte-por-enfermedades-del-corazon\/#breadcrumb"},"inLanguage":"es","potentialAction":[{"@type":"ReadAction","target":["https:\/\/blgnoticiassantodomingo.net\/index.php\/2020\/08\/09\/vinculan-un-elevado-consumo-de-arroz-a-un-mayor-riesgo-de-muerte-por-enfermedades-del-corazon\/"]}]},{"@type":"ImageObject","inLanguage":"es","@id":"https:\/\/blgnoticiassantodomingo.net\/index.php\/2020\/08\/09\/vinculan-un-elevado-consumo-de-arroz-a-un-mayor-riesgo-de-muerte-por-enfermedades-del-corazon\/#primaryimage","url":"https:\/\/blgnoticiassantodomingo.net\/wp-content\/uploads\/2020\/08\/5f2d445a59bf5b214156c7aa.jpg","contentUrl":"https:\/\/blgnoticiassantodomingo.net\/wp-content\/uploads\/2020\/08\/5f2d445a59bf5b214156c7aa.jpg","width":1104,"height":622},{"@type":"BreadcrumbList","@id":"https:\/\/blgnoticiassantodomingo.net\/index.php\/2020\/08\/09\/vinculan-un-elevado-consumo-de-arroz-a-un-mayor-riesgo-de-muerte-por-enfermedades-del-corazon\/#breadcrumb","itemListElement":[{"@type":"ListItem","position":1,"name":"Portada","item":"https:\/\/blgnoticiassantodomingo.net\/"},{"@type":"ListItem","position":2,"name":"Vinculan un elevado consumo de arroz a un mayor riesgo de muerte por enfermedades del coraz\u00f3n"}]},{"@type":"WebSite","@id":"https:\/\/blgnoticiassantodomingo.net\/#website","url":"https:\/\/blgnoticiassantodomingo.net\/","name":"BLG Noticias","description":"Esto es Noticias","publisher":{"@id":"https:\/\/blgnoticiassantodomingo.net\/#organization"},"potentialAction":[{"@type":"SearchAction","target":{"@type":"EntryPoint","urlTemplate":"https:\/\/blgnoticiassantodomingo.net\/?s={search_term_string}"},"query-input":{"@type":"PropertyValueSpecification","valueRequired":true,"valueName":"search_term_string"}}],"inLanguage":"es"},{"@type":"Organization","@id":"https:\/\/blgnoticiassantodomingo.net\/#organization","name":"BLG Noticias","url":"https:\/\/blgnoticiassantodomingo.net\/","logo":{"@type":"ImageObject","inLanguage":"es","@id":"https:\/\/blgnoticiassantodomingo.net\/#\/schema\/logo\/image\/","url":"https:\/\/blgnoticiassantodomingo.net\/wp-content\/uploads\/2023\/12\/Diseno-sin-titulo-3.jpg","contentUrl":"https:\/\/blgnoticiassantodomingo.net\/wp-content\/uploads\/2023\/12\/Diseno-sin-titulo-3.jpg","width":500,"height":500,"caption":"BLG Noticias"},"image":{"@id":"https:\/\/blgnoticiassantodomingo.net\/#\/schema\/logo\/image\/"},"sameAs":["https:\/\/web.facebook.com\/BlgNoticias\/?locale=es_LA&_rdc=1&_rdr","https:\/\/x.com\/BlgNoticias","https:\/\/www.linkedin.com\/in\/brenda-l-santana-aa846279\/"]},{"@type":"Person","@id":"https:\/\/blgnoticiassantodomingo.net\/#\/schema\/person\/e2fc21cf88acc63dbd134be981bff374","name":"Brenda Guerrero","image":{"@type":"ImageObject","inLanguage":"es","@id":"https:\/\/blgnoticiassantodomingo.net\/#\/schema\/person\/image\/","url":"https:\/\/secure.gravatar.com\/avatar\/2f7fc4c3e3655be1580cb684bfd8ab19be702ae20879da1e072021daa02f9b8b?s=96&d=wp_user_avatar&r=g","contentUrl":"https:\/\/secure.gravatar.com\/avatar\/2f7fc4c3e3655be1580cb684bfd8ab19be702ae20879da1e072021daa02f9b8b?s=96&d=wp_user_avatar&r=g","caption":"Brenda Guerrero"},"description":"Periodista","url":"https:\/\/blgnoticiassantodomingo.net\/index.php\/author\/brenda-guerrero\/"}]}},"jetpack_featured_media_url":"https:\/\/blgnoticiassantodomingo.net\/wp-content\/uploads\/2020\/08\/5f2d445a59bf5b214156c7aa.jpg","_links":{"self":[{"href":"https:\/\/blgnoticiassantodomingo.net\/index.php\/wp-json\/wp\/v2\/posts\/15467","targetHints":{"allow":["GET"]}}],"collection":[{"href":"https:\/\/blgnoticiassantodomingo.net\/index.php\/wp-json\/wp\/v2\/posts"}],"about":[{"href":"https:\/\/blgnoticiassantodomingo.net\/index.php\/wp-json\/wp\/v2\/types\/post"}],"author":[{"embeddable":true,"href":"https:\/\/blgnoticiassantodomingo.net\/index.php\/wp-json\/wp\/v2\/users\/2"}],"replies":[{"embeddable":true,"href":"https:\/\/blgnoticiassantodomingo.net\/index.php\/wp-json\/wp\/v2\/comments?post=15467"}],"version-history":[{"count":1,"href":"https:\/\/blgnoticiassantodomingo.net\/index.php\/wp-json\/wp\/v2\/posts\/15467\/revisions"}],"predecessor-version":[{"id":15469,"href":"https:\/\/blgnoticiassantodomingo.net\/index.php\/wp-json\/wp\/v2\/posts\/15467\/revisions\/15469"}],"wp:featuredmedia":[{"embeddable":true,"href":"https:\/\/blgnoticiassantodomingo.net\/index.php\/wp-json\/wp\/v2\/media\/15468"}],"wp:attachment":[{"href":"https:\/\/blgnoticiassantodomingo.net\/index.php\/wp-json\/wp\/v2\/media?parent=15467"}],"wp:term":[{"taxonomy":"category","embeddable":true,"href":"https:\/\/blgnoticiassantodomingo.net\/index.php\/wp-json\/wp\/v2\/categories?post=15467"},{"taxonomy":"post_tag","embeddable":true,"href":"https:\/\/blgnoticiassantodomingo.net\/index.php\/wp-json\/wp\/v2\/tags?post=15467"}],"curies":[{"name":"wp","href":"https:\/\/api.w.org\/{rel}","templated":true}]}}