{"id":14540,"date":"2020-07-29T14:58:55","date_gmt":"2020-07-29T13:58:55","guid":{"rendered":"http:\/\/blgnoticiassantodomingo.net\/?p=14540"},"modified":"2020-07-29T14:58:56","modified_gmt":"2020-07-29T13:58:56","slug":"presidente-danilo-medina-entrega-25-centros-educativos-y-tres-estancias-infantiles-en-siete-provincias-del-sur","status":"publish","type":"post","link":"https:\/\/blgnoticiassantodomingo.net\/index.php\/2020\/07\/29\/presidente-danilo-medina-entrega-25-centros-educativos-y-tres-estancias-infantiles-en-siete-provincias-del-sur\/","title":{"rendered":"Presidente Danilo Medina entrega 25 centros educativos y tres estancias infantiles en siete provincias del Sur"},"content":{"rendered":"\n<p>SAN CRISTOBAL. -El presidente Danilo Medina entreg\u00f3 este martes 25 centros educativos y tres estancias infantiles, edificadas en distintas comunidades de siete provincias de la regi\u00f3n Sur del pa\u00eds, las cuales beneficiar\u00e1n a 10 mil 990 estudiantes.<\/p>\n\n\n\n<p>Las nuevas edificaciones escolares, construidas por el Ministerio de Obras P\u00fablicas y Comunicaciones (MOPC), aportar\u00e1n un total de 344 aulas y espacios docentes nuevos y 19 remozados.<\/p>\n\n\n\n<p>El acto principal, encabezado por el presidente Medina, se realiz\u00f3 en el centro educativo del nivel secundario Profesor Leonel Antonio Mateo Vallejo (Liceo Najayo en Medio), de 23 aulas, ubicada en el municipio de Yaguate, San Crist\u00f3bal.<\/p>\n\n\n\n<p>Desde este mismo escenario, el Mandatario dej\u00f3 en funcionamiento en esta provincia los centros educativos de nivel primario \u201cYogo Yogo\u201d, en la comunidad del mismo nombre, en San Gregorio de Nigua, de 16 aulas; Los Chivos y El Zumbon, en Hatillo, de 24 aulas; Juan Pablo Duarte, en Cambita, Garabito, de 8 aulas, y Felipe Soto, El Puerto, Villa Altagracia, de 9 aulas.<\/p>\n\n\n\n<p>Mientras, 2,450 estudiantes de la provincia de Azua recibir\u00e1n docencia en los centros educativos Azua 2, en la Bombita, con 25 aulas; Profesora Altagracia Mar\u00eda Cabral de Col\u00f3n, de 25 espacios, en Los Jovillos y El Prado, en la comunidad del mismo nombre, con 28 aulas.<\/p>\n\n\n\n<p>Mientras que, en Bahoruco, unos 1,890 alumnos tambi\u00e9n fueron beneficiados con la entrega de las escuelas Ram\u00f3n Mat\u00edas Mella, con 10 aulas; Boca de Cach\u00f3n, con 13 espacios; Rafael Tom\u00e1s Fern\u00e1ndez Dom\u00ednguez, de 10 aulas; Gast\u00f3n Fern\u00e1ndez Deligne, con 15 aulas; Altamira, con 11 salones de clase; y General Francisco Sosa, con 9.<\/p>\n\n\n\n<p>De manera simult\u00e1nea, 665 estudiantes de Barahona recibieron los centros Clara Sosa, de 10 aulas y San Rafael de 11.<\/p>\n\n\n\n<p>Peravia cuenta con dos nuevas escuelas: en Ban\u00ed, la Manuel de Jes\u00fas Perell\u00f3 B\u00e1ez, de 28 salones y en Nizao, la Santos Guillermo Placencio Carmona, de 5 aulas. Estos planteles acoger\u00e1n a 1,120 estudiantes de esta provincia.<\/p>\n\n\n\n<p>Mientras, 315 alumnos de San Jos\u00e9 de Ocoa estrenar\u00e1n la Escuela Primaria La Horma, en Sabana Larga, con 10 salones y el Polit\u00e9cnico Jos\u00e9 N\u00fa\u00f1ez de C\u00e1ceres, con 9 aulas.<\/p>\n\n\n\n<p>En San Juan, cinco planteles quedan a disposici\u00f3n de 2,065 estudiantes. Se trata de las escuelas Marinelys Sosa Ram\u00edrez, con 21 espacios; Los Alejos, con 6; Santa Luc\u00eda, con 11; La Siembra, con 11; y Fidias Montero, con 15.<\/p>\n\n\n\n<p><strong>Estancias infantiles<\/strong><\/p>\n\n\n\n<p>Las estancias infantiles entregadas por el presidente Medina, est\u00e1n ubicadas en Azua y San Jos\u00e9 de Ocoa. En Azua los centros de atenci\u00f3n a la primera infancia est\u00e1n ubicados en los sectores Los Cartones y La Bombita, con espacios disponibles para 226 ni\u00f1os cada una.<\/p>\n\n\n\n<p>Mientras que el tercer centro de atenci\u00f3n integral a la primera infancia, con capacidad para 226 ni\u00f1os est\u00e1 ubicado en Ocoa.<\/p>\n\n\n\n<p>Estas estancias brindar\u00e1n atenciones especializadas a 678 ni\u00f1os de 0 a 5 a\u00f1os de edad e impactar\u00e1n a 580 familias que recibir\u00e1n acompa\u00f1amiento en la crianza, alimentaci\u00f3n y estimulaci\u00f3n temprana de sus ni\u00f1os.<\/p>\n","protected":false},"excerpt":{"rendered":"<p>SAN CRISTOBAL. -El presidente Danilo Medina entreg\u00f3 este martes 25 centros educativos y tres estancias infantiles, edificadas en distintas comunidades de siete provincias de la regi\u00f3n Sur del pa\u00eds, las cuales beneficiar\u00e1n a 10 mil 990 estudiantes. Las nuevas edificaciones escolares, construidas por el Ministerio de Obras P\u00fablicas y Comunicaciones (MOPC), aportar\u00e1n un total de [&hellip;]<\/p>\n","protected":false},"author":2,"featured_media":14541,"comment_status":"open","ping_status":"open","sticky":false,"template":"","format":"standard","meta":{"footnotes":""},"categories":[220],"tags":[2519,597,2520],"class_list":{"0":"post-14540","1":"post","2":"type-post","3":"status-publish","4":"format-standard","5":"has-post-thumbnail","7":"category-nacionales","8":"tag-centros-educativos","9":"tag-danilo-medina","10":"tag-estancias-infantiles"},"yoast_head":"<!-- This site is optimized with the Yoast SEO plugin v24.9 - https:\/\/yoast.com\/wordpress\/plugins\/seo\/ -->\n<title>Presidente Danilo Medina entrega 25 centros educativos y tres estancias infantiles en siete provincias del Sur - BLG Noticias<\/title>\n<meta name=\"robots\" content=\"index, follow, max-snippet:-1, max-image-preview:large, max-video-preview:-1\" \/>\n<link rel=\"canonical\" href=\"https:\/\/blgnoticiassantodomingo.net\/index.php\/2020\/07\/29\/presidente-danilo-medina-entrega-25-centros-educativos-y-tres-estancias-infantiles-en-siete-provincias-del-sur\/\" \/>\n<meta property=\"og:locale\" content=\"es_ES\" \/>\n<meta property=\"og:type\" content=\"article\" \/>\n<meta property=\"og:title\" content=\"Presidente Danilo Medina entrega 25 centros educativos y tres estancias infantiles en siete provincias del Sur - BLG Noticias\" \/>\n<meta property=\"og:description\" content=\"SAN CRISTOBAL. -El presidente Danilo Medina entreg\u00f3 este martes 25 centros educativos y tres estancias infantiles, edificadas en distintas comunidades de siete provincias de la regi\u00f3n Sur del pa\u00eds, las cuales beneficiar\u00e1n a 10 mil 990 estudiantes. Las nuevas edificaciones escolares, construidas por el Ministerio de Obras P\u00fablicas y Comunicaciones (MOPC), aportar\u00e1n un total de [&hellip;]\" \/>\n<meta property=\"og:url\" content=\"https:\/\/blgnoticiassantodomingo.net\/index.php\/2020\/07\/29\/presidente-danilo-medina-entrega-25-centros-educativos-y-tres-estancias-infantiles-en-siete-provincias-del-sur\/\" \/>\n<meta property=\"og:site_name\" content=\"BLG Noticias\" \/>\n<meta property=\"article:publisher\" content=\"https:\/\/web.facebook.com\/BlgNoticias\/?locale=es_LA&amp;_rdc=1&amp;_rdr\" \/>\n<meta property=\"article:published_time\" content=\"2020-07-29T13:58:55+00:00\" \/>\n<meta property=\"article:modified_time\" content=\"2020-07-29T13:58:56+00:00\" \/>\n<meta property=\"og:image\" content=\"https:\/\/blgnoticiassantodomingo.net\/wp-content\/uploads\/2020\/07\/EeFxrpwXgAEVS0P.jpg\" \/>\n\t<meta property=\"og:image:width\" content=\"680\" \/>\n\t<meta property=\"og:image:height\" content=\"454\" \/>\n\t<meta property=\"og:image:type\" content=\"image\/jpeg\" \/>\n<meta name=\"author\" content=\"Brenda Guerrero\" \/>\n<meta name=\"twitter:card\" content=\"summary_large_image\" \/>\n<meta name=\"twitter:creator\" content=\"@BlgNoticias\" \/>\n<meta name=\"twitter:site\" content=\"@BlgNoticias\" \/>\n<meta name=\"twitter:label1\" content=\"Escrito por\" \/>\n\t<meta name=\"twitter:data1\" content=\"Brenda Guerrero\" \/>\n\t<meta name=\"twitter:label2\" content=\"Tiempo de lectura\" \/>\n\t<meta name=\"twitter:data2\" content=\"2 minutos\" \/>\n<script type=\"application\/ld+json\" class=\"yoast-schema-graph\">{\"@context\":\"https:\/\/schema.org\",\"@graph\":[{\"@type\":\"Article\",\"@id\":\"https:\/\/blgnoticiassantodomingo.net\/index.php\/2020\/07\/29\/presidente-danilo-medina-entrega-25-centros-educativos-y-tres-estancias-infantiles-en-siete-provincias-del-sur\/#article\",\"isPartOf\":{\"@id\":\"https:\/\/blgnoticiassantodomingo.net\/index.php\/2020\/07\/29\/presidente-danilo-medina-entrega-25-centros-educativos-y-tres-estancias-infantiles-en-siete-provincias-del-sur\/\"},\"author\":{\"name\":\"Brenda Guerrero\",\"@id\":\"https:\/\/blgnoticiassantodomingo.net\/#\/schema\/person\/e2fc21cf88acc63dbd134be981bff374\"},\"headline\":\"Presidente Danilo Medina entrega 25 centros educativos y tres estancias infantiles en siete provincias del Sur\",\"datePublished\":\"2020-07-29T13:58:55+00:00\",\"dateModified\":\"2020-07-29T13:58:56+00:00\",\"mainEntityOfPage\":{\"@id\":\"https:\/\/blgnoticiassantodomingo.net\/index.php\/2020\/07\/29\/presidente-danilo-medina-entrega-25-centros-educativos-y-tres-estancias-infantiles-en-siete-provincias-del-sur\/\"},\"wordCount\":506,\"commentCount\":0,\"publisher\":{\"@id\":\"https:\/\/blgnoticiassantodomingo.net\/#organization\"},\"image\":{\"@id\":\"https:\/\/blgnoticiassantodomingo.net\/index.php\/2020\/07\/29\/presidente-danilo-medina-entrega-25-centros-educativos-y-tres-estancias-infantiles-en-siete-provincias-del-sur\/#primaryimage\"},\"thumbnailUrl\":\"https:\/\/blgnoticiassantodomingo.net\/wp-content\/uploads\/2020\/07\/EeFxrpwXgAEVS0P.jpg\",\"keywords\":[\"centros educativos\",\"Danilo Medina\",\"estancias infantiles\"],\"articleSection\":[\"Nacionales\"],\"inLanguage\":\"es\",\"potentialAction\":[{\"@type\":\"CommentAction\",\"name\":\"Comment\",\"target\":[\"https:\/\/blgnoticiassantodomingo.net\/index.php\/2020\/07\/29\/presidente-danilo-medina-entrega-25-centros-educativos-y-tres-estancias-infantiles-en-siete-provincias-del-sur\/#respond\"]}]},{\"@type\":\"WebPage\",\"@id\":\"https:\/\/blgnoticiassantodomingo.net\/index.php\/2020\/07\/29\/presidente-danilo-medina-entrega-25-centros-educativos-y-tres-estancias-infantiles-en-siete-provincias-del-sur\/\",\"url\":\"https:\/\/blgnoticiassantodomingo.net\/index.php\/2020\/07\/29\/presidente-danilo-medina-entrega-25-centros-educativos-y-tres-estancias-infantiles-en-siete-provincias-del-sur\/\",\"name\":\"Presidente Danilo Medina entrega 25 centros educativos y tres estancias infantiles en siete provincias del Sur - BLG Noticias\",\"isPartOf\":{\"@id\":\"https:\/\/blgnoticiassantodomingo.net\/#website\"},\"primaryImageOfPage\":{\"@id\":\"https:\/\/blgnoticiassantodomingo.net\/index.php\/2020\/07\/29\/presidente-danilo-medina-entrega-25-centros-educativos-y-tres-estancias-infantiles-en-siete-provincias-del-sur\/#primaryimage\"},\"image\":{\"@id\":\"https:\/\/blgnoticiassantodomingo.net\/index.php\/2020\/07\/29\/presidente-danilo-medina-entrega-25-centros-educativos-y-tres-estancias-infantiles-en-siete-provincias-del-sur\/#primaryimage\"},\"thumbnailUrl\":\"https:\/\/blgnoticiassantodomingo.net\/wp-content\/uploads\/2020\/07\/EeFxrpwXgAEVS0P.jpg\",\"datePublished\":\"2020-07-29T13:58:55+00:00\",\"dateModified\":\"2020-07-29T13:58:56+00:00\",\"breadcrumb\":{\"@id\":\"https:\/\/blgnoticiassantodomingo.net\/index.php\/2020\/07\/29\/presidente-danilo-medina-entrega-25-centros-educativos-y-tres-estancias-infantiles-en-siete-provincias-del-sur\/#breadcrumb\"},\"inLanguage\":\"es\",\"potentialAction\":[{\"@type\":\"ReadAction\",\"target\":[\"https:\/\/blgnoticiassantodomingo.net\/index.php\/2020\/07\/29\/presidente-danilo-medina-entrega-25-centros-educativos-y-tres-estancias-infantiles-en-siete-provincias-del-sur\/\"]}]},{\"@type\":\"ImageObject\",\"inLanguage\":\"es\",\"@id\":\"https:\/\/blgnoticiassantodomingo.net\/index.php\/2020\/07\/29\/presidente-danilo-medina-entrega-25-centros-educativos-y-tres-estancias-infantiles-en-siete-provincias-del-sur\/#primaryimage\",\"url\":\"https:\/\/blgnoticiassantodomingo.net\/wp-content\/uploads\/2020\/07\/EeFxrpwXgAEVS0P.jpg\",\"contentUrl\":\"https:\/\/blgnoticiassantodomingo.net\/wp-content\/uploads\/2020\/07\/EeFxrpwXgAEVS0P.jpg\",\"width\":680,\"height\":454},{\"@type\":\"BreadcrumbList\",\"@id\":\"https:\/\/blgnoticiassantodomingo.net\/index.php\/2020\/07\/29\/presidente-danilo-medina-entrega-25-centros-educativos-y-tres-estancias-infantiles-en-siete-provincias-del-sur\/#breadcrumb\",\"itemListElement\":[{\"@type\":\"ListItem\",\"position\":1,\"name\":\"Portada\",\"item\":\"https:\/\/blgnoticiassantodomingo.net\/\"},{\"@type\":\"ListItem\",\"position\":2,\"name\":\"Presidente Danilo Medina entrega 25 centros educativos y tres estancias infantiles en siete provincias del Sur\"}]},{\"@type\":\"WebSite\",\"@id\":\"https:\/\/blgnoticiassantodomingo.net\/#website\",\"url\":\"https:\/\/blgnoticiassantodomingo.net\/\",\"name\":\"BLG Noticias\",\"description\":\"Esto es Noticias\",\"publisher\":{\"@id\":\"https:\/\/blgnoticiassantodomingo.net\/#organization\"},\"potentialAction\":[{\"@type\":\"SearchAction\",\"target\":{\"@type\":\"EntryPoint\",\"urlTemplate\":\"https:\/\/blgnoticiassantodomingo.net\/?s={search_term_string}\"},\"query-input\":{\"@type\":\"PropertyValueSpecification\",\"valueRequired\":true,\"valueName\":\"search_term_string\"}}],\"inLanguage\":\"es\"},{\"@type\":\"Organization\",\"@id\":\"https:\/\/blgnoticiassantodomingo.net\/#organization\",\"name\":\"BLG Noticias\",\"url\":\"https:\/\/blgnoticiassantodomingo.net\/\",\"logo\":{\"@type\":\"ImageObject\",\"inLanguage\":\"es\",\"@id\":\"https:\/\/blgnoticiassantodomingo.net\/#\/schema\/logo\/image\/\",\"url\":\"https:\/\/blgnoticiassantodomingo.net\/wp-content\/uploads\/2023\/12\/Diseno-sin-titulo-3.jpg\",\"contentUrl\":\"https:\/\/blgnoticiassantodomingo.net\/wp-content\/uploads\/2023\/12\/Diseno-sin-titulo-3.jpg\",\"width\":500,\"height\":500,\"caption\":\"BLG Noticias\"},\"image\":{\"@id\":\"https:\/\/blgnoticiassantodomingo.net\/#\/schema\/logo\/image\/\"},\"sameAs\":[\"https:\/\/web.facebook.com\/BlgNoticias\/?locale=es_LA&_rdc=1&_rdr\",\"https:\/\/x.com\/BlgNoticias\",\"https:\/\/www.linkedin.com\/in\/brenda-l-santana-aa846279\/\"]},{\"@type\":\"Person\",\"@id\":\"https:\/\/blgnoticiassantodomingo.net\/#\/schema\/person\/e2fc21cf88acc63dbd134be981bff374\",\"name\":\"Brenda Guerrero\",\"image\":{\"@type\":\"ImageObject\",\"inLanguage\":\"es\",\"@id\":\"https:\/\/blgnoticiassantodomingo.net\/#\/schema\/person\/image\/\",\"url\":\"https:\/\/secure.gravatar.com\/avatar\/2f7fc4c3e3655be1580cb684bfd8ab19be702ae20879da1e072021daa02f9b8b?s=96&d=wp_user_avatar&r=g\",\"contentUrl\":\"https:\/\/secure.gravatar.com\/avatar\/2f7fc4c3e3655be1580cb684bfd8ab19be702ae20879da1e072021daa02f9b8b?s=96&d=wp_user_avatar&r=g\",\"caption\":\"Brenda Guerrero\"},\"description\":\"Periodista\",\"url\":\"https:\/\/blgnoticiassantodomingo.net\/index.php\/author\/brenda-guerrero\/\"}]}<\/script>\n<!-- \/ Yoast SEO plugin. -->","yoast_head_json":{"title":"Presidente Danilo Medina entrega 25 centros educativos y tres estancias infantiles en siete provincias del Sur - BLG Noticias","robots":{"index":"index","follow":"follow","max-snippet":"max-snippet:-1","max-image-preview":"max-image-preview:large","max-video-preview":"max-video-preview:-1"},"canonical":"https:\/\/blgnoticiassantodomingo.net\/index.php\/2020\/07\/29\/presidente-danilo-medina-entrega-25-centros-educativos-y-tres-estancias-infantiles-en-siete-provincias-del-sur\/","og_locale":"es_ES","og_type":"article","og_title":"Presidente Danilo Medina entrega 25 centros educativos y tres estancias infantiles en siete provincias del Sur - BLG Noticias","og_description":"SAN CRISTOBAL. -El presidente Danilo Medina entreg\u00f3 este martes 25 centros educativos y tres estancias infantiles, edificadas en distintas comunidades de siete provincias de la regi\u00f3n Sur del pa\u00eds, las cuales beneficiar\u00e1n a 10 mil 990 estudiantes. Las nuevas edificaciones escolares, construidas por el Ministerio de Obras P\u00fablicas y Comunicaciones (MOPC), aportar\u00e1n un total de [&hellip;]","og_url":"https:\/\/blgnoticiassantodomingo.net\/index.php\/2020\/07\/29\/presidente-danilo-medina-entrega-25-centros-educativos-y-tres-estancias-infantiles-en-siete-provincias-del-sur\/","og_site_name":"BLG Noticias","article_publisher":"https:\/\/web.facebook.com\/BlgNoticias\/?locale=es_LA&_rdc=1&_rdr","article_published_time":"2020-07-29T13:58:55+00:00","article_modified_time":"2020-07-29T13:58:56+00:00","og_image":[{"width":680,"height":454,"url":"https:\/\/blgnoticiassantodomingo.net\/wp-content\/uploads\/2020\/07\/EeFxrpwXgAEVS0P.jpg","type":"image\/jpeg"}],"author":"Brenda Guerrero","twitter_card":"summary_large_image","twitter_creator":"@BlgNoticias","twitter_site":"@BlgNoticias","twitter_misc":{"Escrito por":"Brenda Guerrero","Tiempo de lectura":"2 minutos"},"schema":{"@context":"https:\/\/schema.org","@graph":[{"@type":"Article","@id":"https:\/\/blgnoticiassantodomingo.net\/index.php\/2020\/07\/29\/presidente-danilo-medina-entrega-25-centros-educativos-y-tres-estancias-infantiles-en-siete-provincias-del-sur\/#article","isPartOf":{"@id":"https:\/\/blgnoticiassantodomingo.net\/index.php\/2020\/07\/29\/presidente-danilo-medina-entrega-25-centros-educativos-y-tres-estancias-infantiles-en-siete-provincias-del-sur\/"},"author":{"name":"Brenda Guerrero","@id":"https:\/\/blgnoticiassantodomingo.net\/#\/schema\/person\/e2fc21cf88acc63dbd134be981bff374"},"headline":"Presidente Danilo Medina entrega 25 centros educativos y tres estancias infantiles en siete provincias del Sur","datePublished":"2020-07-29T13:58:55+00:00","dateModified":"2020-07-29T13:58:56+00:00","mainEntityOfPage":{"@id":"https:\/\/blgnoticiassantodomingo.net\/index.php\/2020\/07\/29\/presidente-danilo-medina-entrega-25-centros-educativos-y-tres-estancias-infantiles-en-siete-provincias-del-sur\/"},"wordCount":506,"commentCount":0,"publisher":{"@id":"https:\/\/blgnoticiassantodomingo.net\/#organization"},"image":{"@id":"https:\/\/blgnoticiassantodomingo.net\/index.php\/2020\/07\/29\/presidente-danilo-medina-entrega-25-centros-educativos-y-tres-estancias-infantiles-en-siete-provincias-del-sur\/#primaryimage"},"thumbnailUrl":"https:\/\/blgnoticiassantodomingo.net\/wp-content\/uploads\/2020\/07\/EeFxrpwXgAEVS0P.jpg","keywords":["centros educativos","Danilo Medina","estancias infantiles"],"articleSection":["Nacionales"],"inLanguage":"es","potentialAction":[{"@type":"CommentAction","name":"Comment","target":["https:\/\/blgnoticiassantodomingo.net\/index.php\/2020\/07\/29\/presidente-danilo-medina-entrega-25-centros-educativos-y-tres-estancias-infantiles-en-siete-provincias-del-sur\/#respond"]}]},{"@type":"WebPage","@id":"https:\/\/blgnoticiassantodomingo.net\/index.php\/2020\/07\/29\/presidente-danilo-medina-entrega-25-centros-educativos-y-tres-estancias-infantiles-en-siete-provincias-del-sur\/","url":"https:\/\/blgnoticiassantodomingo.net\/index.php\/2020\/07\/29\/presidente-danilo-medina-entrega-25-centros-educativos-y-tres-estancias-infantiles-en-siete-provincias-del-sur\/","name":"Presidente Danilo Medina entrega 25 centros educativos y tres estancias infantiles en siete provincias del Sur - BLG Noticias","isPartOf":{"@id":"https:\/\/blgnoticiassantodomingo.net\/#website"},"primaryImageOfPage":{"@id":"https:\/\/blgnoticiassantodomingo.net\/index.php\/2020\/07\/29\/presidente-danilo-medina-entrega-25-centros-educativos-y-tres-estancias-infantiles-en-siete-provincias-del-sur\/#primaryimage"},"image":{"@id":"https:\/\/blgnoticiassantodomingo.net\/index.php\/2020\/07\/29\/presidente-danilo-medina-entrega-25-centros-educativos-y-tres-estancias-infantiles-en-siete-provincias-del-sur\/#primaryimage"},"thumbnailUrl":"https:\/\/blgnoticiassantodomingo.net\/wp-content\/uploads\/2020\/07\/EeFxrpwXgAEVS0P.jpg","datePublished":"2020-07-29T13:58:55+00:00","dateModified":"2020-07-29T13:58:56+00:00","breadcrumb":{"@id":"https:\/\/blgnoticiassantodomingo.net\/index.php\/2020\/07\/29\/presidente-danilo-medina-entrega-25-centros-educativos-y-tres-estancias-infantiles-en-siete-provincias-del-sur\/#breadcrumb"},"inLanguage":"es","potentialAction":[{"@type":"ReadAction","target":["https:\/\/blgnoticiassantodomingo.net\/index.php\/2020\/07\/29\/presidente-danilo-medina-entrega-25-centros-educativos-y-tres-estancias-infantiles-en-siete-provincias-del-sur\/"]}]},{"@type":"ImageObject","inLanguage":"es","@id":"https:\/\/blgnoticiassantodomingo.net\/index.php\/2020\/07\/29\/presidente-danilo-medina-entrega-25-centros-educativos-y-tres-estancias-infantiles-en-siete-provincias-del-sur\/#primaryimage","url":"https:\/\/blgnoticiassantodomingo.net\/wp-content\/uploads\/2020\/07\/EeFxrpwXgAEVS0P.jpg","contentUrl":"https:\/\/blgnoticiassantodomingo.net\/wp-content\/uploads\/2020\/07\/EeFxrpwXgAEVS0P.jpg","width":680,"height":454},{"@type":"BreadcrumbList","@id":"https:\/\/blgnoticiassantodomingo.net\/index.php\/2020\/07\/29\/presidente-danilo-medina-entrega-25-centros-educativos-y-tres-estancias-infantiles-en-siete-provincias-del-sur\/#breadcrumb","itemListElement":[{"@type":"ListItem","position":1,"name":"Portada","item":"https:\/\/blgnoticiassantodomingo.net\/"},{"@type":"ListItem","position":2,"name":"Presidente Danilo Medina entrega 25 centros educativos y tres estancias infantiles en siete provincias del Sur"}]},{"@type":"WebSite","@id":"https:\/\/blgnoticiassantodomingo.net\/#website","url":"https:\/\/blgnoticiassantodomingo.net\/","name":"BLG Noticias","description":"Esto es Noticias","publisher":{"@id":"https:\/\/blgnoticiassantodomingo.net\/#organization"},"potentialAction":[{"@type":"SearchAction","target":{"@type":"EntryPoint","urlTemplate":"https:\/\/blgnoticiassantodomingo.net\/?s={search_term_string}"},"query-input":{"@type":"PropertyValueSpecification","valueRequired":true,"valueName":"search_term_string"}}],"inLanguage":"es"},{"@type":"Organization","@id":"https:\/\/blgnoticiassantodomingo.net\/#organization","name":"BLG Noticias","url":"https:\/\/blgnoticiassantodomingo.net\/","logo":{"@type":"ImageObject","inLanguage":"es","@id":"https:\/\/blgnoticiassantodomingo.net\/#\/schema\/logo\/image\/","url":"https:\/\/blgnoticiassantodomingo.net\/wp-content\/uploads\/2023\/12\/Diseno-sin-titulo-3.jpg","contentUrl":"https:\/\/blgnoticiassantodomingo.net\/wp-content\/uploads\/2023\/12\/Diseno-sin-titulo-3.jpg","width":500,"height":500,"caption":"BLG Noticias"},"image":{"@id":"https:\/\/blgnoticiassantodomingo.net\/#\/schema\/logo\/image\/"},"sameAs":["https:\/\/web.facebook.com\/BlgNoticias\/?locale=es_LA&_rdc=1&_rdr","https:\/\/x.com\/BlgNoticias","https:\/\/www.linkedin.com\/in\/brenda-l-santana-aa846279\/"]},{"@type":"Person","@id":"https:\/\/blgnoticiassantodomingo.net\/#\/schema\/person\/e2fc21cf88acc63dbd134be981bff374","name":"Brenda Guerrero","image":{"@type":"ImageObject","inLanguage":"es","@id":"https:\/\/blgnoticiassantodomingo.net\/#\/schema\/person\/image\/","url":"https:\/\/secure.gravatar.com\/avatar\/2f7fc4c3e3655be1580cb684bfd8ab19be702ae20879da1e072021daa02f9b8b?s=96&d=wp_user_avatar&r=g","contentUrl":"https:\/\/secure.gravatar.com\/avatar\/2f7fc4c3e3655be1580cb684bfd8ab19be702ae20879da1e072021daa02f9b8b?s=96&d=wp_user_avatar&r=g","caption":"Brenda Guerrero"},"description":"Periodista","url":"https:\/\/blgnoticiassantodomingo.net\/index.php\/author\/brenda-guerrero\/"}]}},"jetpack_featured_media_url":"https:\/\/blgnoticiassantodomingo.net\/wp-content\/uploads\/2020\/07\/EeFxrpwXgAEVS0P.jpg","_links":{"self":[{"href":"https:\/\/blgnoticiassantodomingo.net\/index.php\/wp-json\/wp\/v2\/posts\/14540","targetHints":{"allow":["GET"]}}],"collection":[{"href":"https:\/\/blgnoticiassantodomingo.net\/index.php\/wp-json\/wp\/v2\/posts"}],"about":[{"href":"https:\/\/blgnoticiassantodomingo.net\/index.php\/wp-json\/wp\/v2\/types\/post"}],"author":[{"embeddable":true,"href":"https:\/\/blgnoticiassantodomingo.net\/index.php\/wp-json\/wp\/v2\/users\/2"}],"replies":[{"embeddable":true,"href":"https:\/\/blgnoticiassantodomingo.net\/index.php\/wp-json\/wp\/v2\/comments?post=14540"}],"version-history":[{"count":1,"href":"https:\/\/blgnoticiassantodomingo.net\/index.php\/wp-json\/wp\/v2\/posts\/14540\/revisions"}],"predecessor-version":[{"id":14542,"href":"https:\/\/blgnoticiassantodomingo.net\/index.php\/wp-json\/wp\/v2\/posts\/14540\/revisions\/14542"}],"wp:featuredmedia":[{"embeddable":true,"href":"https:\/\/blgnoticiassantodomingo.net\/index.php\/wp-json\/wp\/v2\/media\/14541"}],"wp:attachment":[{"href":"https:\/\/blgnoticiassantodomingo.net\/index.php\/wp-json\/wp\/v2\/media?parent=14540"}],"wp:term":[{"taxonomy":"category","embeddable":true,"href":"https:\/\/blgnoticiassantodomingo.net\/index.php\/wp-json\/wp\/v2\/categories?post=14540"},{"taxonomy":"post_tag","embeddable":true,"href":"https:\/\/blgnoticiassantodomingo.net\/index.php\/wp-json\/wp\/v2\/tags?post=14540"}],"curies":[{"name":"wp","href":"https:\/\/api.w.org\/{rel}","templated":true}]}}