{"id":13800,"date":"2020-07-15T00:53:12","date_gmt":"2020-07-14T23:53:12","guid":{"rendered":"http:\/\/blgnoticiassantodomingo.net\/?p=13800"},"modified":"2020-07-15T00:53:13","modified_gmt":"2020-07-14T23:53:13","slug":"pleno-de-la-jce-realiza-declaracion-de-ganadores-de-las-candidaturas-presidencial-y-vicepresidencial-de-las-elecciones-del-5-de-julio-para-el-periodo-constitucional-2020-2024","status":"publish","type":"post","link":"https:\/\/blgnoticiassantodomingo.net\/index.php\/2020\/07\/15\/pleno-de-la-jce-realiza-declaracion-de-ganadores-de-las-candidaturas-presidencial-y-vicepresidencial-de-las-elecciones-del-5-de-julio-para-el-periodo-constitucional-2020-2024\/","title":{"rendered":"Pleno de la JCE realiza declaraci\u00f3n de ganadores de las candidaturas Presidencial y Vicepresidencial de las Elecciones del 5 de julio para el periodo constitucional 2020-2024"},"content":{"rendered":"\n<p>Santo Domingo.- El Pleno de la Junta Central Electoral (JCE), encabezado por su Presidente, Magistrado Julio C\u00e9sar Casta\u00f1os Guzm\u00e1n,&nbsp;aprob\u00f3&nbsp;este martes&nbsp;la Resoluci\u00f3n No. 66-2020&nbsp;referente a la&nbsp;declaraci\u00f3n de ganadores de las candidaturas Presidencial y Vicepresidencial de las Elecciones Extraordinarias Generales Presidenciales celebradas el 5 de julio del 2020, para el periodo constitucional 2020-2024.<\/p>\n\n\n\n<p>La Resoluci\u00f3n 66-20&nbsp;declar\u00f3 oficialmente a los se\u00f1ores Luis Rodolfo Abinader Corona y Raquel Pe\u00f1a Rodr\u00edguez, Presidente y Vicepresidenta Constitucional de la Rep\u00fablica, respectivamente, electos para el per\u00edodo constitucional que se inicia el 16 de agosto del a\u00f1o 2020, por haber obtenido el Partido Revolucionario Moderno (PRM) y aliados la cantidad de 2,154,866 (52.52%) votos v\u00e1lidos, cantidad superior a la mayor\u00eda absoluta, establecida en la Constituci\u00f3n de la Rep\u00fablica.<\/p>\n\n\n\n<p>Igualmente, orden\u00f3 la expedici\u00f3n de los correspondientes Certificados de Elecci\u00f3n a los candidatos electos se\u00f1ores Luis Rodolfo Abinader Corona como Presidente Constitucional de la Rep\u00fablica y Raquel Pe\u00f1a Rodr\u00edguez, como&nbsp;Vicepresidenta de la Rep\u00fablica,&nbsp;de conformidad con lo establecido en el numeral 18 del art\u00edculo 18 de la Ley Org\u00e1nica de&nbsp;R\u00e9gimen Electoral No.15-19. En adici\u00f3n, orden\u00f3 la remisi\u00f3n de los Duplicados de los Certificados de Elecci\u00f3n, as\u00ed como de los Resultados Electorales Definitivos, al Presidente del Senado de la Rep\u00fablica, en su calidad de Presidente de la Asamblea Nacional, para que dicho \u00f3rgano proceda a la proclamaci\u00f3n de los candidatos ganadores como Presidente y Vicepresidente de la Rep\u00fablica, tal y como lo disponen los numerales 2 y 3 del art\u00edculo 120 de la Constituci\u00f3n de la Rep\u00fablica<\/p>\n\n\n\n<p>La&nbsp;Resoluci\u00f3n indic\u00f3&nbsp;que en la Relaci\u00f3n General Definitiva del C\u00f3mputo Electoral, de fecha 9 de julio del a\u00f1o 2020, correspondiente al Nivel Presidencial, se recoge el total de los votos v\u00e1lidos emitidos en los diecisiete mil cien (17,100) colegios electorales que atribuyen el orden de posiciones a las candidaturas admitidas para el referido proceso electoral,&nbsp;cuyos resultados son los siguientes:<\/p>\n\n\n\n<figure class=\"wp-block-table\"><table><tbody><tr><td><strong>Agrupaci\u00f3n Pol\u00edtica y\/o Alianza<\/strong><\/td><td><strong>Votos obtenidos<\/strong><\/td><td><strong>Porcentaje<\/strong><\/td><\/tr><tr><td><strong>Partido de la Liberaci\u00f3n Dominicana y Aliados<\/strong><\/td><td><strong>1,537,0<\/strong><strong>78<\/strong><\/td><td><strong>37.46%<\/strong><\/td><\/tr><tr><td>Partido de la Liberaci\u00f3n Dominicana<\/td><td>1,352,842<\/td><td>&nbsp;<\/td><\/tr><tr><td>Partido Revolucionario Dominicano<\/td><td>97,655<\/td><td>&nbsp;<\/td><\/tr><tr><td>Partido Movimiento Democr\u00e1tico Alternativo<\/td><td>22,286<\/td><td>&nbsp;<\/td><\/tr><tr><td>Partido C\u00edvico Renovador<\/td><td>24,626<\/td><td>&nbsp;<\/td><\/tr><tr><td>Partido Uni\u00f3n Dem\u00f3crata Cristiana<\/td><td>10,769<\/td><td>&nbsp;<\/td><\/tr><tr><td>Partido Popular Cristiano<\/td><td>12,060<\/td><td>&nbsp;<\/td><\/tr><tr><td>Partido de Acci\u00f3n Liberal<\/td><td>9,379<\/td><td>&nbsp;<\/td><\/tr><tr><td>Partido Dem\u00f3crata Popular<\/td><td>4,001<\/td><td>&nbsp;<\/td><\/tr><tr><td>Partido Revolucionario Independiente<\/td><td>3,460<\/td><td>&nbsp;<\/td><\/tr><tr><td><strong>Partido Revolucionario&nbsp;<\/strong><strong>Moderno&nbsp;<\/strong><strong>y Aliados<\/strong><\/td><td><strong>2,154,8<\/strong><strong>6<\/strong><strong>6<\/strong><\/td><td><strong>52.5<\/strong><strong>2<\/strong><strong>%<\/strong><\/td><\/tr><tr><td>Partido Revolucionario Moderno<\/td><td>1,998,407<\/td><td>&nbsp;<\/td><\/tr><tr><td>Frente Amplio<\/td><td>27,270<\/td><td>&nbsp;<\/td><\/tr><tr><td>Partido Humanista Dominicano<\/td><td>29,231<\/td><td>&nbsp;<\/td><\/tr><tr><td>Partido Dominicanos por el Cambio<\/td><td>31,511<\/td><td>&nbsp;<\/td><\/tr><tr><td>Partido Revolucionario Social Dem\u00f3crata<\/td><td>26,166<\/td><td>&nbsp;<\/td><\/tr><tr><td>Alianza Por la Democracia<\/td><td>15,664<\/td><td>&nbsp;<\/td><\/tr><tr><td>Partido Pa\u00eds Posible<\/td><td>26,617<\/td><td>&nbsp;<\/td><\/tr><tr><td><strong>Partido Reformista Social Cristiano y Aliados<\/strong><\/td><td><strong>365,2<\/strong><strong>26<\/strong><\/td><td><strong>8.90%<\/strong><\/td><\/tr><tr><td>Partido Reformista Social Cristiano<\/td><td>73,913<\/td><td>&nbsp;<\/td><\/tr><tr><td>Bloque Institucional Social Dem\u00f3crata<\/td><td>16,571<\/td><td>&nbsp;<\/td><\/tr><tr><td>Partido de Unidad Nacional<\/td><td>19,973<\/td><td>&nbsp;<\/td><\/tr><tr><td>Partido Quisqueyano Dem\u00f3crata Cristiano<\/td><td>13,133<\/td><td>&nbsp;<\/td><\/tr><tr><td>Fuerza Nacional Progresista<\/td><td>8,098<\/td><td>&nbsp;<\/td><\/tr><tr><td>Partido Fuerza del Pueblo<\/td><td>233,538<\/td><td>&nbsp;<\/td><\/tr><tr><td><strong>Alianza Pa\u00eds<\/strong><\/td><td><strong>39,458<\/strong><\/td><td><strong>0.96%<\/strong><\/td><\/tr><tr><td><strong>Partido Dem\u00f3crata Institucional<\/strong><\/td><td><strong>3,48<\/strong><strong>4<\/strong><\/td><td><strong>0.08%<\/strong><\/td><\/tr><tr><td><strong>Partido Nacional&nbsp;<\/strong><strong>Voluntad Ciudadana<\/strong><\/td><td><strong>3,2<\/strong><strong>50<\/strong><\/td><td><strong>0.08%<\/strong><\/td><\/tr><\/tbody><\/table><\/figure>\n\n\n\n<p>Dichos resultados fueron presentados por el Pleno de la JCE a los representantes de los partidos politicos, en un acto celebrado hoy en horas de la tarde en el auditorio de la Junta Central Electoral para esos fines. Igualmente, fue informado que para el d\u00eda de&nbsp;ma\u00f1ana 15 de julio&nbsp;ser\u00e1n entregados&nbsp;los certificados que corresponden tanto al Presidente electo como a la Vicepresidenta electa.<\/p>\n\n\n\n<p>El&nbsp;Pleno de la JCE estuvo encabezado&nbsp;por su Presidente, Magistrado Julio C\u00e9sar Casta\u00f1os Guzm\u00e1n, e integrada por los&nbsp;miembros titulares Magistrados Roberto Salad\u00edn Selin, Carmen Imbert Brugal, Rosario Graciano de los Santos y Henry Mej\u00eda Oviedo, todos asistidos por el Secretario General, doctor Ram\u00f3n Hilario Espi\u00f1eira Ceballos.<\/p>\n","protected":false},"excerpt":{"rendered":"<p>Santo Domingo.- El Pleno de la Junta Central Electoral (JCE), encabezado por su Presidente, Magistrado Julio C\u00e9sar Casta\u00f1os Guzm\u00e1n,&nbsp;aprob\u00f3&nbsp;este martes&nbsp;la Resoluci\u00f3n No. 66-2020&nbsp;referente a la&nbsp;declaraci\u00f3n de ganadores de las candidaturas Presidencial y Vicepresidencial de las Elecciones Extraordinarias Generales Presidenciales celebradas el 5 de julio del 2020, para el periodo constitucional 2020-2024. La Resoluci\u00f3n 66-20&nbsp;declar\u00f3 oficialmente [&hellip;]<\/p>\n","protected":false},"author":2,"featured_media":13801,"comment_status":"open","ping_status":"open","sticky":false,"template":"","format":"standard","meta":{"footnotes":""},"categories":[220],"tags":[354,1192,1439,1440],"class_list":{"0":"post-13800","1":"post","2":"type-post","3":"status-publish","4":"format-standard","5":"has-post-thumbnail","7":"category-nacionales","8":"tag-luis-abinader","9":"tag-presidente","10":"tag-raquel-pena","11":"tag-vicepresidenta"},"yoast_head":"<!-- This site is optimized with the Yoast SEO plugin v24.9 - https:\/\/yoast.com\/wordpress\/plugins\/seo\/ -->\n<title>Pleno de la JCE realiza declaraci\u00f3n de ganadores de las candidaturas Presidencial y Vicepresidencial de las Elecciones del 5 de julio para el periodo constitucional 2020-2024 - BLG Noticias<\/title>\n<meta name=\"robots\" content=\"index, follow, max-snippet:-1, max-image-preview:large, max-video-preview:-1\" \/>\n<link rel=\"canonical\" href=\"https:\/\/blgnoticiassantodomingo.net\/index.php\/2020\/07\/15\/pleno-de-la-jce-realiza-declaracion-de-ganadores-de-las-candidaturas-presidencial-y-vicepresidencial-de-las-elecciones-del-5-de-julio-para-el-periodo-constitucional-2020-2024\/\" \/>\n<meta property=\"og:locale\" content=\"es_ES\" \/>\n<meta property=\"og:type\" content=\"article\" \/>\n<meta property=\"og:title\" content=\"Pleno de la JCE realiza declaraci\u00f3n de ganadores de las candidaturas Presidencial y Vicepresidencial de las Elecciones del 5 de julio para el periodo constitucional 2020-2024 - BLG Noticias\" \/>\n<meta property=\"og:description\" content=\"Santo Domingo.- El Pleno de la Junta Central Electoral (JCE), encabezado por su Presidente, Magistrado Julio C\u00e9sar Casta\u00f1os Guzm\u00e1n,&nbsp;aprob\u00f3&nbsp;este martes&nbsp;la Resoluci\u00f3n No. 66-2020&nbsp;referente a la&nbsp;declaraci\u00f3n de ganadores de las candidaturas Presidencial y Vicepresidencial de las Elecciones Extraordinarias Generales Presidenciales celebradas el 5 de julio del 2020, para el periodo constitucional 2020-2024. La Resoluci\u00f3n 66-20&nbsp;declar\u00f3 oficialmente [&hellip;]\" \/>\n<meta property=\"og:url\" content=\"https:\/\/blgnoticiassantodomingo.net\/index.php\/2020\/07\/15\/pleno-de-la-jce-realiza-declaracion-de-ganadores-de-las-candidaturas-presidencial-y-vicepresidencial-de-las-elecciones-del-5-de-julio-para-el-periodo-constitucional-2020-2024\/\" \/>\n<meta property=\"og:site_name\" content=\"BLG Noticias\" \/>\n<meta property=\"article:publisher\" content=\"https:\/\/web.facebook.com\/BlgNoticias\/?locale=es_LA&amp;_rdc=1&amp;_rdr\" \/>\n<meta property=\"article:published_time\" content=\"2020-07-14T23:53:12+00:00\" \/>\n<meta property=\"article:modified_time\" content=\"2020-07-14T23:53:13+00:00\" \/>\n<meta property=\"og:image\" content=\"https:\/\/blgnoticiassantodomingo.net\/wp-content\/uploads\/2020\/07\/798D42C5-3CB0-41B7-A691-5BC3309C5835.jpeg\" \/>\n\t<meta property=\"og:image:width\" content=\"1080\" \/>\n\t<meta property=\"og:image:height\" content=\"1077\" \/>\n\t<meta property=\"og:image:type\" content=\"image\/jpeg\" \/>\n<meta name=\"author\" content=\"Brenda Guerrero\" \/>\n<meta name=\"twitter:card\" content=\"summary_large_image\" \/>\n<meta name=\"twitter:creator\" content=\"@BlgNoticias\" \/>\n<meta name=\"twitter:site\" content=\"@BlgNoticias\" \/>\n<meta name=\"twitter:label1\" content=\"Escrito por\" \/>\n\t<meta name=\"twitter:data1\" content=\"Brenda Guerrero\" \/>\n\t<meta name=\"twitter:label2\" content=\"Tiempo de lectura\" \/>\n\t<meta name=\"twitter:data2\" content=\"3 minutos\" \/>\n<script type=\"application\/ld+json\" class=\"yoast-schema-graph\">{\"@context\":\"https:\/\/schema.org\",\"@graph\":[{\"@type\":\"Article\",\"@id\":\"https:\/\/blgnoticiassantodomingo.net\/index.php\/2020\/07\/15\/pleno-de-la-jce-realiza-declaracion-de-ganadores-de-las-candidaturas-presidencial-y-vicepresidencial-de-las-elecciones-del-5-de-julio-para-el-periodo-constitucional-2020-2024\/#article\",\"isPartOf\":{\"@id\":\"https:\/\/blgnoticiassantodomingo.net\/index.php\/2020\/07\/15\/pleno-de-la-jce-realiza-declaracion-de-ganadores-de-las-candidaturas-presidencial-y-vicepresidencial-de-las-elecciones-del-5-de-julio-para-el-periodo-constitucional-2020-2024\/\"},\"author\":{\"name\":\"Brenda Guerrero\",\"@id\":\"https:\/\/blgnoticiassantodomingo.net\/#\/schema\/person\/e2fc21cf88acc63dbd134be981bff374\"},\"headline\":\"Pleno de la JCE realiza declaraci\u00f3n de ganadores de las candidaturas Presidencial y Vicepresidencial de las Elecciones del 5 de julio para el periodo constitucional 2020-2024\",\"datePublished\":\"2020-07-14T23:53:12+00:00\",\"dateModified\":\"2020-07-14T23:53:13+00:00\",\"mainEntityOfPage\":{\"@id\":\"https:\/\/blgnoticiassantodomingo.net\/index.php\/2020\/07\/15\/pleno-de-la-jce-realiza-declaracion-de-ganadores-de-las-candidaturas-presidencial-y-vicepresidencial-de-las-elecciones-del-5-de-julio-para-el-periodo-constitucional-2020-2024\/\"},\"wordCount\":663,\"commentCount\":0,\"publisher\":{\"@id\":\"https:\/\/blgnoticiassantodomingo.net\/#organization\"},\"image\":{\"@id\":\"https:\/\/blgnoticiassantodomingo.net\/index.php\/2020\/07\/15\/pleno-de-la-jce-realiza-declaracion-de-ganadores-de-las-candidaturas-presidencial-y-vicepresidencial-de-las-elecciones-del-5-de-julio-para-el-periodo-constitucional-2020-2024\/#primaryimage\"},\"thumbnailUrl\":\"https:\/\/blgnoticiassantodomingo.net\/wp-content\/uploads\/2020\/07\/798D42C5-3CB0-41B7-A691-5BC3309C5835.jpeg\",\"keywords\":[\"Luis Abinader\",\"Presidente\",\"Raquel Pe\u00f1a\",\"Vicepresidenta\"],\"articleSection\":[\"Nacionales\"],\"inLanguage\":\"es\",\"potentialAction\":[{\"@type\":\"CommentAction\",\"name\":\"Comment\",\"target\":[\"https:\/\/blgnoticiassantodomingo.net\/index.php\/2020\/07\/15\/pleno-de-la-jce-realiza-declaracion-de-ganadores-de-las-candidaturas-presidencial-y-vicepresidencial-de-las-elecciones-del-5-de-julio-para-el-periodo-constitucional-2020-2024\/#respond\"]}]},{\"@type\":\"WebPage\",\"@id\":\"https:\/\/blgnoticiassantodomingo.net\/index.php\/2020\/07\/15\/pleno-de-la-jce-realiza-declaracion-de-ganadores-de-las-candidaturas-presidencial-y-vicepresidencial-de-las-elecciones-del-5-de-julio-para-el-periodo-constitucional-2020-2024\/\",\"url\":\"https:\/\/blgnoticiassantodomingo.net\/index.php\/2020\/07\/15\/pleno-de-la-jce-realiza-declaracion-de-ganadores-de-las-candidaturas-presidencial-y-vicepresidencial-de-las-elecciones-del-5-de-julio-para-el-periodo-constitucional-2020-2024\/\",\"name\":\"Pleno de la JCE realiza declaraci\u00f3n de ganadores de las candidaturas Presidencial y Vicepresidencial de las Elecciones del 5 de julio para el periodo constitucional 2020-2024 - BLG Noticias\",\"isPartOf\":{\"@id\":\"https:\/\/blgnoticiassantodomingo.net\/#website\"},\"primaryImageOfPage\":{\"@id\":\"https:\/\/blgnoticiassantodomingo.net\/index.php\/2020\/07\/15\/pleno-de-la-jce-realiza-declaracion-de-ganadores-de-las-candidaturas-presidencial-y-vicepresidencial-de-las-elecciones-del-5-de-julio-para-el-periodo-constitucional-2020-2024\/#primaryimage\"},\"image\":{\"@id\":\"https:\/\/blgnoticiassantodomingo.net\/index.php\/2020\/07\/15\/pleno-de-la-jce-realiza-declaracion-de-ganadores-de-las-candidaturas-presidencial-y-vicepresidencial-de-las-elecciones-del-5-de-julio-para-el-periodo-constitucional-2020-2024\/#primaryimage\"},\"thumbnailUrl\":\"https:\/\/blgnoticiassantodomingo.net\/wp-content\/uploads\/2020\/07\/798D42C5-3CB0-41B7-A691-5BC3309C5835.jpeg\",\"datePublished\":\"2020-07-14T23:53:12+00:00\",\"dateModified\":\"2020-07-14T23:53:13+00:00\",\"breadcrumb\":{\"@id\":\"https:\/\/blgnoticiassantodomingo.net\/index.php\/2020\/07\/15\/pleno-de-la-jce-realiza-declaracion-de-ganadores-de-las-candidaturas-presidencial-y-vicepresidencial-de-las-elecciones-del-5-de-julio-para-el-periodo-constitucional-2020-2024\/#breadcrumb\"},\"inLanguage\":\"es\",\"potentialAction\":[{\"@type\":\"ReadAction\",\"target\":[\"https:\/\/blgnoticiassantodomingo.net\/index.php\/2020\/07\/15\/pleno-de-la-jce-realiza-declaracion-de-ganadores-de-las-candidaturas-presidencial-y-vicepresidencial-de-las-elecciones-del-5-de-julio-para-el-periodo-constitucional-2020-2024\/\"]}]},{\"@type\":\"ImageObject\",\"inLanguage\":\"es\",\"@id\":\"https:\/\/blgnoticiassantodomingo.net\/index.php\/2020\/07\/15\/pleno-de-la-jce-realiza-declaracion-de-ganadores-de-las-candidaturas-presidencial-y-vicepresidencial-de-las-elecciones-del-5-de-julio-para-el-periodo-constitucional-2020-2024\/#primaryimage\",\"url\":\"https:\/\/blgnoticiassantodomingo.net\/wp-content\/uploads\/2020\/07\/798D42C5-3CB0-41B7-A691-5BC3309C5835.jpeg\",\"contentUrl\":\"https:\/\/blgnoticiassantodomingo.net\/wp-content\/uploads\/2020\/07\/798D42C5-3CB0-41B7-A691-5BC3309C5835.jpeg\",\"width\":1080,\"height\":1077},{\"@type\":\"BreadcrumbList\",\"@id\":\"https:\/\/blgnoticiassantodomingo.net\/index.php\/2020\/07\/15\/pleno-de-la-jce-realiza-declaracion-de-ganadores-de-las-candidaturas-presidencial-y-vicepresidencial-de-las-elecciones-del-5-de-julio-para-el-periodo-constitucional-2020-2024\/#breadcrumb\",\"itemListElement\":[{\"@type\":\"ListItem\",\"position\":1,\"name\":\"Portada\",\"item\":\"https:\/\/blgnoticiassantodomingo.net\/\"},{\"@type\":\"ListItem\",\"position\":2,\"name\":\"Pleno de la JCE realiza declaraci\u00f3n de ganadores de las candidaturas Presidencial y Vicepresidencial de las Elecciones del 5 de julio para el periodo constitucional 2020-2024\"}]},{\"@type\":\"WebSite\",\"@id\":\"https:\/\/blgnoticiassantodomingo.net\/#website\",\"url\":\"https:\/\/blgnoticiassantodomingo.net\/\",\"name\":\"BLG Noticias\",\"description\":\"Esto es Noticias\",\"publisher\":{\"@id\":\"https:\/\/blgnoticiassantodomingo.net\/#organization\"},\"potentialAction\":[{\"@type\":\"SearchAction\",\"target\":{\"@type\":\"EntryPoint\",\"urlTemplate\":\"https:\/\/blgnoticiassantodomingo.net\/?s={search_term_string}\"},\"query-input\":{\"@type\":\"PropertyValueSpecification\",\"valueRequired\":true,\"valueName\":\"search_term_string\"}}],\"inLanguage\":\"es\"},{\"@type\":\"Organization\",\"@id\":\"https:\/\/blgnoticiassantodomingo.net\/#organization\",\"name\":\"BLG Noticias\",\"url\":\"https:\/\/blgnoticiassantodomingo.net\/\",\"logo\":{\"@type\":\"ImageObject\",\"inLanguage\":\"es\",\"@id\":\"https:\/\/blgnoticiassantodomingo.net\/#\/schema\/logo\/image\/\",\"url\":\"https:\/\/blgnoticiassantodomingo.net\/wp-content\/uploads\/2023\/12\/Diseno-sin-titulo-3.jpg\",\"contentUrl\":\"https:\/\/blgnoticiassantodomingo.net\/wp-content\/uploads\/2023\/12\/Diseno-sin-titulo-3.jpg\",\"width\":500,\"height\":500,\"caption\":\"BLG Noticias\"},\"image\":{\"@id\":\"https:\/\/blgnoticiassantodomingo.net\/#\/schema\/logo\/image\/\"},\"sameAs\":[\"https:\/\/web.facebook.com\/BlgNoticias\/?locale=es_LA&_rdc=1&_rdr\",\"https:\/\/x.com\/BlgNoticias\",\"https:\/\/www.linkedin.com\/in\/brenda-l-santana-aa846279\/\"]},{\"@type\":\"Person\",\"@id\":\"https:\/\/blgnoticiassantodomingo.net\/#\/schema\/person\/e2fc21cf88acc63dbd134be981bff374\",\"name\":\"Brenda Guerrero\",\"image\":{\"@type\":\"ImageObject\",\"inLanguage\":\"es\",\"@id\":\"https:\/\/blgnoticiassantodomingo.net\/#\/schema\/person\/image\/\",\"url\":\"https:\/\/secure.gravatar.com\/avatar\/2f7fc4c3e3655be1580cb684bfd8ab19be702ae20879da1e072021daa02f9b8b?s=96&d=wp_user_avatar&r=g\",\"contentUrl\":\"https:\/\/secure.gravatar.com\/avatar\/2f7fc4c3e3655be1580cb684bfd8ab19be702ae20879da1e072021daa02f9b8b?s=96&d=wp_user_avatar&r=g\",\"caption\":\"Brenda Guerrero\"},\"description\":\"Periodista\",\"url\":\"https:\/\/blgnoticiassantodomingo.net\/index.php\/author\/brenda-guerrero\/\"}]}<\/script>\n<!-- \/ Yoast SEO plugin. -->","yoast_head_json":{"title":"Pleno de la JCE realiza declaraci\u00f3n de ganadores de las candidaturas Presidencial y Vicepresidencial de las Elecciones del 5 de julio para el periodo constitucional 2020-2024 - BLG Noticias","robots":{"index":"index","follow":"follow","max-snippet":"max-snippet:-1","max-image-preview":"max-image-preview:large","max-video-preview":"max-video-preview:-1"},"canonical":"https:\/\/blgnoticiassantodomingo.net\/index.php\/2020\/07\/15\/pleno-de-la-jce-realiza-declaracion-de-ganadores-de-las-candidaturas-presidencial-y-vicepresidencial-de-las-elecciones-del-5-de-julio-para-el-periodo-constitucional-2020-2024\/","og_locale":"es_ES","og_type":"article","og_title":"Pleno de la JCE realiza declaraci\u00f3n de ganadores de las candidaturas Presidencial y Vicepresidencial de las Elecciones del 5 de julio para el periodo constitucional 2020-2024 - BLG Noticias","og_description":"Santo Domingo.- El Pleno de la Junta Central Electoral (JCE), encabezado por su Presidente, Magistrado Julio C\u00e9sar Casta\u00f1os Guzm\u00e1n,&nbsp;aprob\u00f3&nbsp;este martes&nbsp;la Resoluci\u00f3n No. 66-2020&nbsp;referente a la&nbsp;declaraci\u00f3n de ganadores de las candidaturas Presidencial y Vicepresidencial de las Elecciones Extraordinarias Generales Presidenciales celebradas el 5 de julio del 2020, para el periodo constitucional 2020-2024. La Resoluci\u00f3n 66-20&nbsp;declar\u00f3 oficialmente [&hellip;]","og_url":"https:\/\/blgnoticiassantodomingo.net\/index.php\/2020\/07\/15\/pleno-de-la-jce-realiza-declaracion-de-ganadores-de-las-candidaturas-presidencial-y-vicepresidencial-de-las-elecciones-del-5-de-julio-para-el-periodo-constitucional-2020-2024\/","og_site_name":"BLG Noticias","article_publisher":"https:\/\/web.facebook.com\/BlgNoticias\/?locale=es_LA&_rdc=1&_rdr","article_published_time":"2020-07-14T23:53:12+00:00","article_modified_time":"2020-07-14T23:53:13+00:00","og_image":[{"width":1080,"height":1077,"url":"https:\/\/blgnoticiassantodomingo.net\/wp-content\/uploads\/2020\/07\/798D42C5-3CB0-41B7-A691-5BC3309C5835.jpeg","type":"image\/jpeg"}],"author":"Brenda Guerrero","twitter_card":"summary_large_image","twitter_creator":"@BlgNoticias","twitter_site":"@BlgNoticias","twitter_misc":{"Escrito por":"Brenda Guerrero","Tiempo de lectura":"3 minutos"},"schema":{"@context":"https:\/\/schema.org","@graph":[{"@type":"Article","@id":"https:\/\/blgnoticiassantodomingo.net\/index.php\/2020\/07\/15\/pleno-de-la-jce-realiza-declaracion-de-ganadores-de-las-candidaturas-presidencial-y-vicepresidencial-de-las-elecciones-del-5-de-julio-para-el-periodo-constitucional-2020-2024\/#article","isPartOf":{"@id":"https:\/\/blgnoticiassantodomingo.net\/index.php\/2020\/07\/15\/pleno-de-la-jce-realiza-declaracion-de-ganadores-de-las-candidaturas-presidencial-y-vicepresidencial-de-las-elecciones-del-5-de-julio-para-el-periodo-constitucional-2020-2024\/"},"author":{"name":"Brenda Guerrero","@id":"https:\/\/blgnoticiassantodomingo.net\/#\/schema\/person\/e2fc21cf88acc63dbd134be981bff374"},"headline":"Pleno de la JCE realiza declaraci\u00f3n de ganadores de las candidaturas Presidencial y Vicepresidencial de las Elecciones del 5 de julio para el periodo constitucional 2020-2024","datePublished":"2020-07-14T23:53:12+00:00","dateModified":"2020-07-14T23:53:13+00:00","mainEntityOfPage":{"@id":"https:\/\/blgnoticiassantodomingo.net\/index.php\/2020\/07\/15\/pleno-de-la-jce-realiza-declaracion-de-ganadores-de-las-candidaturas-presidencial-y-vicepresidencial-de-las-elecciones-del-5-de-julio-para-el-periodo-constitucional-2020-2024\/"},"wordCount":663,"commentCount":0,"publisher":{"@id":"https:\/\/blgnoticiassantodomingo.net\/#organization"},"image":{"@id":"https:\/\/blgnoticiassantodomingo.net\/index.php\/2020\/07\/15\/pleno-de-la-jce-realiza-declaracion-de-ganadores-de-las-candidaturas-presidencial-y-vicepresidencial-de-las-elecciones-del-5-de-julio-para-el-periodo-constitucional-2020-2024\/#primaryimage"},"thumbnailUrl":"https:\/\/blgnoticiassantodomingo.net\/wp-content\/uploads\/2020\/07\/798D42C5-3CB0-41B7-A691-5BC3309C5835.jpeg","keywords":["Luis Abinader","Presidente","Raquel Pe\u00f1a","Vicepresidenta"],"articleSection":["Nacionales"],"inLanguage":"es","potentialAction":[{"@type":"CommentAction","name":"Comment","target":["https:\/\/blgnoticiassantodomingo.net\/index.php\/2020\/07\/15\/pleno-de-la-jce-realiza-declaracion-de-ganadores-de-las-candidaturas-presidencial-y-vicepresidencial-de-las-elecciones-del-5-de-julio-para-el-periodo-constitucional-2020-2024\/#respond"]}]},{"@type":"WebPage","@id":"https:\/\/blgnoticiassantodomingo.net\/index.php\/2020\/07\/15\/pleno-de-la-jce-realiza-declaracion-de-ganadores-de-las-candidaturas-presidencial-y-vicepresidencial-de-las-elecciones-del-5-de-julio-para-el-periodo-constitucional-2020-2024\/","url":"https:\/\/blgnoticiassantodomingo.net\/index.php\/2020\/07\/15\/pleno-de-la-jce-realiza-declaracion-de-ganadores-de-las-candidaturas-presidencial-y-vicepresidencial-de-las-elecciones-del-5-de-julio-para-el-periodo-constitucional-2020-2024\/","name":"Pleno de la JCE realiza declaraci\u00f3n de ganadores de las candidaturas Presidencial y Vicepresidencial de las Elecciones del 5 de julio para el periodo constitucional 2020-2024 - BLG Noticias","isPartOf":{"@id":"https:\/\/blgnoticiassantodomingo.net\/#website"},"primaryImageOfPage":{"@id":"https:\/\/blgnoticiassantodomingo.net\/index.php\/2020\/07\/15\/pleno-de-la-jce-realiza-declaracion-de-ganadores-de-las-candidaturas-presidencial-y-vicepresidencial-de-las-elecciones-del-5-de-julio-para-el-periodo-constitucional-2020-2024\/#primaryimage"},"image":{"@id":"https:\/\/blgnoticiassantodomingo.net\/index.php\/2020\/07\/15\/pleno-de-la-jce-realiza-declaracion-de-ganadores-de-las-candidaturas-presidencial-y-vicepresidencial-de-las-elecciones-del-5-de-julio-para-el-periodo-constitucional-2020-2024\/#primaryimage"},"thumbnailUrl":"https:\/\/blgnoticiassantodomingo.net\/wp-content\/uploads\/2020\/07\/798D42C5-3CB0-41B7-A691-5BC3309C5835.jpeg","datePublished":"2020-07-14T23:53:12+00:00","dateModified":"2020-07-14T23:53:13+00:00","breadcrumb":{"@id":"https:\/\/blgnoticiassantodomingo.net\/index.php\/2020\/07\/15\/pleno-de-la-jce-realiza-declaracion-de-ganadores-de-las-candidaturas-presidencial-y-vicepresidencial-de-las-elecciones-del-5-de-julio-para-el-periodo-constitucional-2020-2024\/#breadcrumb"},"inLanguage":"es","potentialAction":[{"@type":"ReadAction","target":["https:\/\/blgnoticiassantodomingo.net\/index.php\/2020\/07\/15\/pleno-de-la-jce-realiza-declaracion-de-ganadores-de-las-candidaturas-presidencial-y-vicepresidencial-de-las-elecciones-del-5-de-julio-para-el-periodo-constitucional-2020-2024\/"]}]},{"@type":"ImageObject","inLanguage":"es","@id":"https:\/\/blgnoticiassantodomingo.net\/index.php\/2020\/07\/15\/pleno-de-la-jce-realiza-declaracion-de-ganadores-de-las-candidaturas-presidencial-y-vicepresidencial-de-las-elecciones-del-5-de-julio-para-el-periodo-constitucional-2020-2024\/#primaryimage","url":"https:\/\/blgnoticiassantodomingo.net\/wp-content\/uploads\/2020\/07\/798D42C5-3CB0-41B7-A691-5BC3309C5835.jpeg","contentUrl":"https:\/\/blgnoticiassantodomingo.net\/wp-content\/uploads\/2020\/07\/798D42C5-3CB0-41B7-A691-5BC3309C5835.jpeg","width":1080,"height":1077},{"@type":"BreadcrumbList","@id":"https:\/\/blgnoticiassantodomingo.net\/index.php\/2020\/07\/15\/pleno-de-la-jce-realiza-declaracion-de-ganadores-de-las-candidaturas-presidencial-y-vicepresidencial-de-las-elecciones-del-5-de-julio-para-el-periodo-constitucional-2020-2024\/#breadcrumb","itemListElement":[{"@type":"ListItem","position":1,"name":"Portada","item":"https:\/\/blgnoticiassantodomingo.net\/"},{"@type":"ListItem","position":2,"name":"Pleno de la JCE realiza declaraci\u00f3n de ganadores de las candidaturas Presidencial y Vicepresidencial de las Elecciones del 5 de julio para el periodo constitucional 2020-2024"}]},{"@type":"WebSite","@id":"https:\/\/blgnoticiassantodomingo.net\/#website","url":"https:\/\/blgnoticiassantodomingo.net\/","name":"BLG Noticias","description":"Esto es Noticias","publisher":{"@id":"https:\/\/blgnoticiassantodomingo.net\/#organization"},"potentialAction":[{"@type":"SearchAction","target":{"@type":"EntryPoint","urlTemplate":"https:\/\/blgnoticiassantodomingo.net\/?s={search_term_string}"},"query-input":{"@type":"PropertyValueSpecification","valueRequired":true,"valueName":"search_term_string"}}],"inLanguage":"es"},{"@type":"Organization","@id":"https:\/\/blgnoticiassantodomingo.net\/#organization","name":"BLG Noticias","url":"https:\/\/blgnoticiassantodomingo.net\/","logo":{"@type":"ImageObject","inLanguage":"es","@id":"https:\/\/blgnoticiassantodomingo.net\/#\/schema\/logo\/image\/","url":"https:\/\/blgnoticiassantodomingo.net\/wp-content\/uploads\/2023\/12\/Diseno-sin-titulo-3.jpg","contentUrl":"https:\/\/blgnoticiassantodomingo.net\/wp-content\/uploads\/2023\/12\/Diseno-sin-titulo-3.jpg","width":500,"height":500,"caption":"BLG Noticias"},"image":{"@id":"https:\/\/blgnoticiassantodomingo.net\/#\/schema\/logo\/image\/"},"sameAs":["https:\/\/web.facebook.com\/BlgNoticias\/?locale=es_LA&_rdc=1&_rdr","https:\/\/x.com\/BlgNoticias","https:\/\/www.linkedin.com\/in\/brenda-l-santana-aa846279\/"]},{"@type":"Person","@id":"https:\/\/blgnoticiassantodomingo.net\/#\/schema\/person\/e2fc21cf88acc63dbd134be981bff374","name":"Brenda Guerrero","image":{"@type":"ImageObject","inLanguage":"es","@id":"https:\/\/blgnoticiassantodomingo.net\/#\/schema\/person\/image\/","url":"https:\/\/secure.gravatar.com\/avatar\/2f7fc4c3e3655be1580cb684bfd8ab19be702ae20879da1e072021daa02f9b8b?s=96&d=wp_user_avatar&r=g","contentUrl":"https:\/\/secure.gravatar.com\/avatar\/2f7fc4c3e3655be1580cb684bfd8ab19be702ae20879da1e072021daa02f9b8b?s=96&d=wp_user_avatar&r=g","caption":"Brenda Guerrero"},"description":"Periodista","url":"https:\/\/blgnoticiassantodomingo.net\/index.php\/author\/brenda-guerrero\/"}]}},"jetpack_featured_media_url":"https:\/\/blgnoticiassantodomingo.net\/wp-content\/uploads\/2020\/07\/798D42C5-3CB0-41B7-A691-5BC3309C5835.jpeg","_links":{"self":[{"href":"https:\/\/blgnoticiassantodomingo.net\/index.php\/wp-json\/wp\/v2\/posts\/13800","targetHints":{"allow":["GET"]}}],"collection":[{"href":"https:\/\/blgnoticiassantodomingo.net\/index.php\/wp-json\/wp\/v2\/posts"}],"about":[{"href":"https:\/\/blgnoticiassantodomingo.net\/index.php\/wp-json\/wp\/v2\/types\/post"}],"author":[{"embeddable":true,"href":"https:\/\/blgnoticiassantodomingo.net\/index.php\/wp-json\/wp\/v2\/users\/2"}],"replies":[{"embeddable":true,"href":"https:\/\/blgnoticiassantodomingo.net\/index.php\/wp-json\/wp\/v2\/comments?post=13800"}],"version-history":[{"count":1,"href":"https:\/\/blgnoticiassantodomingo.net\/index.php\/wp-json\/wp\/v2\/posts\/13800\/revisions"}],"predecessor-version":[{"id":13802,"href":"https:\/\/blgnoticiassantodomingo.net\/index.php\/wp-json\/wp\/v2\/posts\/13800\/revisions\/13802"}],"wp:featuredmedia":[{"embeddable":true,"href":"https:\/\/blgnoticiassantodomingo.net\/index.php\/wp-json\/wp\/v2\/media\/13801"}],"wp:attachment":[{"href":"https:\/\/blgnoticiassantodomingo.net\/index.php\/wp-json\/wp\/v2\/media?parent=13800"}],"wp:term":[{"taxonomy":"category","embeddable":true,"href":"https:\/\/blgnoticiassantodomingo.net\/index.php\/wp-json\/wp\/v2\/categories?post=13800"},{"taxonomy":"post_tag","embeddable":true,"href":"https:\/\/blgnoticiassantodomingo.net\/index.php\/wp-json\/wp\/v2\/tags?post=13800"}],"curies":[{"name":"wp","href":"https:\/\/api.w.org\/{rel}","templated":true}]}}