{"id":11776,"date":"2020-06-04T03:31:17","date_gmt":"2020-06-04T02:31:17","guid":{"rendered":"http:\/\/blgnoticiassantodomingo.net\/?p=11776"},"modified":"2020-06-04T03:31:18","modified_gmt":"2020-06-04T02:31:18","slug":"historiadora-sang-ben-diserta-sobre-migracion-en-el-caribe","status":"publish","type":"post","link":"https:\/\/blgnoticiassantodomingo.net\/index.php\/2020\/06\/04\/historiadora-sang-ben-diserta-sobre-migracion-en-el-caribe\/","title":{"rendered":"Historiadora Sang Ben diserta sobre migraci\u00f3n en el Caribe"},"content":{"rendered":"\n<p><strong>Santo Domingo, R.D.-<\/strong> En el marco del programa de conferencias virtuales Geopol\u00edtika Global, la historiadora dominicana <strong>Mu \u2013 Kien Adriana Sang Ben<\/strong> participar\u00e1 con la ponencia <strong>El Caribe es migraci\u00f3n: el caso de los chinos.<\/strong><\/p>\n\n\n\n<p>En su disertaci\u00f3n mostrar\u00e1 la migraci\u00f3n china a la Rep\u00fablica Dominicana durante finales del siglo XIX, enfoc\u00e1ndose en los primeros migrantes chinos que vinieron a Saman\u00e1, durante el periodo de la Anexi\u00f3n a Espa\u00f1a. El encuentro tendr\u00e1 lugar el pr\u00f3ximo jueves 04 de junio a las 6:00 p. m., por la plataforma Zoom. Adem\u00e1s, ser\u00e1 transmitido en vivo por el canal de YouTube del programa: <a href=\"https:\/\/www.youtube.com\/channel\/UC2y0jfiiZzAG69nQcXg4S4g\">Geopol\u00edtika Global.<\/a><\/p>\n\n\n\n<p>La doctora <strong>Sang, <\/strong>por varios a\u00f1os ha estado dedicada a la docencia y a labores administrativas: en el Instituto Tecnol\u00f3gico de Santo Domingo (INTEC) fue directora ejecutiva de la Oficina de Desarrollo y Oficial de Comunicaci\u00f3n e Informaci\u00f3n del Programa de las Naciones Unidas para el Desarrollo (PNUD) en Rep\u00fablica Dominicana; y en la Pontificia Universidad Cat\u00f3lica Madre y Maestra (PUCMM), Campus de Santo Domingo, ha sido directora ejecutiva del Proyecto para el Apoyo a Iniciativas Democr\u00e1ticas auspiciado por la Agencia Internacional de los Estados Unidos para el Desarrollo Internacional (USAID).<\/p>\n\n\n\n<p>En el a\u00f1o 2000, obtuvo el Premio Nacional de Did\u00e1ctica con su obra<strong> \u201cHistoria dominicana: ayer y hoy\u201d<\/strong> (1999), y en el 2001 el Premio Nacional de Historia con <strong>\u201cLa pol\u00edtica exterior dominicana 1844-1961\u201d<\/strong> Tomos I, II y III (2000), con la colaboraci\u00f3n de Walter Cordero y Neicy Zeller.\u00a0 Otras obras destacadas: <strong>Ulises Heureaux. Biograf\u00eda de un dictador<\/strong> (1987); <strong>Buenaventura B\u00e1ez, el caudillo del sur<\/strong>, 1844-1879 (1992); <strong>Una utop\u00eda inconclusa. Espaillat y el liberalismo dominicano del siglo XIX<\/strong> (1997); <strong>El siglo XX dominicano<\/strong> (1999) de la que es coautora junto a Frank Moya Pons, Soledad \u00c1lvarez y Juan Daniel Balc\u00e1cer; <strong>La pol\u00edtica exterior dominicana<\/strong>, 1961-1974, Tomos I y II (2002) y; <strong>\u00a1Yo soy Minerva!<\/strong> (2004), premiada como la mejor obra de teatro del a\u00f1o 2003.<\/p>\n\n\n\n<p>Es miembro de n\u00famero y expresidenta de la Junta Directiva 2016-2019 de la Academia Dominicana de la Historia. Ha presentado ponencias en seminarios y congresos hist\u00f3ricos, adem\u00e1s de disertar m\u00faltiples conferencias en todo el \u00e1mbito nacional y en urbes extranjeras.&nbsp;<\/p>\n\n\n\n<p>En los \u00faltimos a\u00f1os, con su visi\u00f3n de futuro y siguiendo los criterios de su alma mater la PUCMM, salt\u00f3 de sus reflexiones hist\u00f3ricas nacionales a las internacionales, centrando su esfuerzo en estudiar y conocer la regi\u00f3n del Caribe.<\/p>\n\n\n\n<p>En su labor acad\u00e9mica, ha levantado a un equipo de investigadores altamente cualificados y unos programas de posgrado en la Madre y Maestra, dentro de ellos el doctorado en Historia del Caribe y la Maestr\u00eda en Estudios Caribe\u00f1os, concentrando sus esfuerzos de producci\u00f3n cient\u00edfica en la historia y la cultura de la regi\u00f3n Caribe.<\/p>\n\n\n\n<p>El programa de conferencias virtuales <strong>Geopol\u00edtika Global<\/strong> es una producci\u00f3n del Centro de Pensamiento en Diplomacia y Geopol\u00edtica Global, instituci\u00f3n formada por estudiosos de las Relaciones Internacionales.<\/p>\n\n\n\n<p>Estamos en todas las redes sociales (FB, Twitter e Instagram) como @GeopolitikaGlobal y nuestro correo electr\u00f3nico es <a href=\"mailto:GeopolitikaGlobal@gmail.com\">GeopolitikaGlobal@gmail.com<\/a><\/p>\n","protected":false},"excerpt":{"rendered":"<p>Santo Domingo, R.D.- En el marco del programa de conferencias virtuales Geopol\u00edtika Global, la historiadora dominicana Mu \u2013 Kien Adriana Sang Ben participar\u00e1 con la ponencia El Caribe es migraci\u00f3n: el caso de los chinos. En su disertaci\u00f3n mostrar\u00e1 la migraci\u00f3n china a la Rep\u00fablica Dominicana durante finales del siglo XIX, enfoc\u00e1ndose en los primeros [&hellip;]<\/p>\n","protected":false},"author":2,"featured_media":11777,"comment_status":"open","ping_status":"open","sticky":false,"template":"","format":"standard","meta":{"footnotes":""},"categories":[220],"tags":[2074,2073,2072],"class_list":{"0":"post-11776","1":"post","2":"type-post","3":"status-publish","4":"format-standard","5":"has-post-thumbnail","7":"category-nacionales","8":"tag-el-caribe-es-migracion-el-caso-de-los-chinos","9":"tag-historiadora","10":"tag-sang-ben"},"yoast_head":"<!-- This site is optimized with the Yoast SEO plugin v24.9 - https:\/\/yoast.com\/wordpress\/plugins\/seo\/ -->\n<title>Historiadora Sang Ben diserta sobre migraci\u00f3n en el Caribe - BLG Noticias<\/title>\n<meta name=\"robots\" content=\"index, follow, max-snippet:-1, max-image-preview:large, max-video-preview:-1\" \/>\n<link rel=\"canonical\" href=\"https:\/\/blgnoticiassantodomingo.net\/index.php\/2020\/06\/04\/historiadora-sang-ben-diserta-sobre-migracion-en-el-caribe\/\" \/>\n<meta property=\"og:locale\" content=\"es_ES\" \/>\n<meta property=\"og:type\" content=\"article\" \/>\n<meta property=\"og:title\" content=\"Historiadora Sang Ben diserta sobre migraci\u00f3n en el Caribe - BLG Noticias\" \/>\n<meta property=\"og:description\" content=\"Santo Domingo, R.D.- En el marco del programa de conferencias virtuales Geopol\u00edtika Global, la historiadora dominicana Mu \u2013 Kien Adriana Sang Ben participar\u00e1 con la ponencia El Caribe es migraci\u00f3n: el caso de los chinos. En su disertaci\u00f3n mostrar\u00e1 la migraci\u00f3n china a la Rep\u00fablica Dominicana durante finales del siglo XIX, enfoc\u00e1ndose en los primeros [&hellip;]\" \/>\n<meta property=\"og:url\" content=\"https:\/\/blgnoticiassantodomingo.net\/index.php\/2020\/06\/04\/historiadora-sang-ben-diserta-sobre-migracion-en-el-caribe\/\" \/>\n<meta property=\"og:site_name\" content=\"BLG Noticias\" \/>\n<meta property=\"article:publisher\" content=\"https:\/\/web.facebook.com\/BlgNoticias\/?locale=es_LA&amp;_rdc=1&amp;_rdr\" \/>\n<meta property=\"article:published_time\" content=\"2020-06-04T02:31:17+00:00\" \/>\n<meta property=\"article:modified_time\" content=\"2020-06-04T02:31:18+00:00\" \/>\n<meta property=\"og:image\" content=\"https:\/\/blgnoticiassantodomingo.net\/wp-content\/uploads\/2020\/06\/unnamed.jpg\" \/>\n\t<meta property=\"og:image:width\" content=\"918\" \/>\n\t<meta property=\"og:image:height\" content=\"1280\" \/>\n\t<meta property=\"og:image:type\" content=\"image\/jpeg\" \/>\n<meta name=\"author\" content=\"Brenda Guerrero\" \/>\n<meta name=\"twitter:card\" content=\"summary_large_image\" \/>\n<meta name=\"twitter:creator\" content=\"@BlgNoticias\" \/>\n<meta name=\"twitter:site\" content=\"@BlgNoticias\" \/>\n<meta name=\"twitter:label1\" content=\"Escrito por\" \/>\n\t<meta name=\"twitter:data1\" content=\"Brenda Guerrero\" \/>\n\t<meta name=\"twitter:label2\" content=\"Tiempo de lectura\" \/>\n\t<meta name=\"twitter:data2\" content=\"3 minutos\" \/>\n<script type=\"application\/ld+json\" class=\"yoast-schema-graph\">{\"@context\":\"https:\/\/schema.org\",\"@graph\":[{\"@type\":\"Article\",\"@id\":\"https:\/\/blgnoticiassantodomingo.net\/index.php\/2020\/06\/04\/historiadora-sang-ben-diserta-sobre-migracion-en-el-caribe\/#article\",\"isPartOf\":{\"@id\":\"https:\/\/blgnoticiassantodomingo.net\/index.php\/2020\/06\/04\/historiadora-sang-ben-diserta-sobre-migracion-en-el-caribe\/\"},\"author\":{\"name\":\"Brenda Guerrero\",\"@id\":\"https:\/\/blgnoticiassantodomingo.net\/#\/schema\/person\/e2fc21cf88acc63dbd134be981bff374\"},\"headline\":\"Historiadora Sang Ben diserta sobre migraci\u00f3n en el Caribe\",\"datePublished\":\"2020-06-04T02:31:17+00:00\",\"dateModified\":\"2020-06-04T02:31:18+00:00\",\"mainEntityOfPage\":{\"@id\":\"https:\/\/blgnoticiassantodomingo.net\/index.php\/2020\/06\/04\/historiadora-sang-ben-diserta-sobre-migracion-en-el-caribe\/\"},\"wordCount\":544,\"commentCount\":0,\"publisher\":{\"@id\":\"https:\/\/blgnoticiassantodomingo.net\/#organization\"},\"image\":{\"@id\":\"https:\/\/blgnoticiassantodomingo.net\/index.php\/2020\/06\/04\/historiadora-sang-ben-diserta-sobre-migracion-en-el-caribe\/#primaryimage\"},\"thumbnailUrl\":\"https:\/\/blgnoticiassantodomingo.net\/wp-content\/uploads\/2020\/06\/unnamed.jpg\",\"keywords\":[\"El Caribe es migraci\u00f3n: el caso de los chinos\",\"Historiadora\",\"Sang Ben\"],\"articleSection\":[\"Nacionales\"],\"inLanguage\":\"es\",\"potentialAction\":[{\"@type\":\"CommentAction\",\"name\":\"Comment\",\"target\":[\"https:\/\/blgnoticiassantodomingo.net\/index.php\/2020\/06\/04\/historiadora-sang-ben-diserta-sobre-migracion-en-el-caribe\/#respond\"]}]},{\"@type\":\"WebPage\",\"@id\":\"https:\/\/blgnoticiassantodomingo.net\/index.php\/2020\/06\/04\/historiadora-sang-ben-diserta-sobre-migracion-en-el-caribe\/\",\"url\":\"https:\/\/blgnoticiassantodomingo.net\/index.php\/2020\/06\/04\/historiadora-sang-ben-diserta-sobre-migracion-en-el-caribe\/\",\"name\":\"Historiadora Sang Ben diserta sobre migraci\u00f3n en el Caribe - BLG Noticias\",\"isPartOf\":{\"@id\":\"https:\/\/blgnoticiassantodomingo.net\/#website\"},\"primaryImageOfPage\":{\"@id\":\"https:\/\/blgnoticiassantodomingo.net\/index.php\/2020\/06\/04\/historiadora-sang-ben-diserta-sobre-migracion-en-el-caribe\/#primaryimage\"},\"image\":{\"@id\":\"https:\/\/blgnoticiassantodomingo.net\/index.php\/2020\/06\/04\/historiadora-sang-ben-diserta-sobre-migracion-en-el-caribe\/#primaryimage\"},\"thumbnailUrl\":\"https:\/\/blgnoticiassantodomingo.net\/wp-content\/uploads\/2020\/06\/unnamed.jpg\",\"datePublished\":\"2020-06-04T02:31:17+00:00\",\"dateModified\":\"2020-06-04T02:31:18+00:00\",\"breadcrumb\":{\"@id\":\"https:\/\/blgnoticiassantodomingo.net\/index.php\/2020\/06\/04\/historiadora-sang-ben-diserta-sobre-migracion-en-el-caribe\/#breadcrumb\"},\"inLanguage\":\"es\",\"potentialAction\":[{\"@type\":\"ReadAction\",\"target\":[\"https:\/\/blgnoticiassantodomingo.net\/index.php\/2020\/06\/04\/historiadora-sang-ben-diserta-sobre-migracion-en-el-caribe\/\"]}]},{\"@type\":\"ImageObject\",\"inLanguage\":\"es\",\"@id\":\"https:\/\/blgnoticiassantodomingo.net\/index.php\/2020\/06\/04\/historiadora-sang-ben-diserta-sobre-migracion-en-el-caribe\/#primaryimage\",\"url\":\"https:\/\/blgnoticiassantodomingo.net\/wp-content\/uploads\/2020\/06\/unnamed.jpg\",\"contentUrl\":\"https:\/\/blgnoticiassantodomingo.net\/wp-content\/uploads\/2020\/06\/unnamed.jpg\",\"width\":918,\"height\":1280},{\"@type\":\"BreadcrumbList\",\"@id\":\"https:\/\/blgnoticiassantodomingo.net\/index.php\/2020\/06\/04\/historiadora-sang-ben-diserta-sobre-migracion-en-el-caribe\/#breadcrumb\",\"itemListElement\":[{\"@type\":\"ListItem\",\"position\":1,\"name\":\"Portada\",\"item\":\"https:\/\/blgnoticiassantodomingo.net\/\"},{\"@type\":\"ListItem\",\"position\":2,\"name\":\"Historiadora Sang Ben diserta sobre migraci\u00f3n en el Caribe\"}]},{\"@type\":\"WebSite\",\"@id\":\"https:\/\/blgnoticiassantodomingo.net\/#website\",\"url\":\"https:\/\/blgnoticiassantodomingo.net\/\",\"name\":\"BLG Noticias\",\"description\":\"Esto es Noticias\",\"publisher\":{\"@id\":\"https:\/\/blgnoticiassantodomingo.net\/#organization\"},\"potentialAction\":[{\"@type\":\"SearchAction\",\"target\":{\"@type\":\"EntryPoint\",\"urlTemplate\":\"https:\/\/blgnoticiassantodomingo.net\/?s={search_term_string}\"},\"query-input\":{\"@type\":\"PropertyValueSpecification\",\"valueRequired\":true,\"valueName\":\"search_term_string\"}}],\"inLanguage\":\"es\"},{\"@type\":\"Organization\",\"@id\":\"https:\/\/blgnoticiassantodomingo.net\/#organization\",\"name\":\"BLG Noticias\",\"url\":\"https:\/\/blgnoticiassantodomingo.net\/\",\"logo\":{\"@type\":\"ImageObject\",\"inLanguage\":\"es\",\"@id\":\"https:\/\/blgnoticiassantodomingo.net\/#\/schema\/logo\/image\/\",\"url\":\"https:\/\/blgnoticiassantodomingo.net\/wp-content\/uploads\/2023\/12\/Diseno-sin-titulo-3.jpg\",\"contentUrl\":\"https:\/\/blgnoticiassantodomingo.net\/wp-content\/uploads\/2023\/12\/Diseno-sin-titulo-3.jpg\",\"width\":500,\"height\":500,\"caption\":\"BLG Noticias\"},\"image\":{\"@id\":\"https:\/\/blgnoticiassantodomingo.net\/#\/schema\/logo\/image\/\"},\"sameAs\":[\"https:\/\/web.facebook.com\/BlgNoticias\/?locale=es_LA&_rdc=1&_rdr\",\"https:\/\/x.com\/BlgNoticias\",\"https:\/\/www.linkedin.com\/in\/brenda-l-santana-aa846279\/\"]},{\"@type\":\"Person\",\"@id\":\"https:\/\/blgnoticiassantodomingo.net\/#\/schema\/person\/e2fc21cf88acc63dbd134be981bff374\",\"name\":\"Brenda Guerrero\",\"image\":{\"@type\":\"ImageObject\",\"inLanguage\":\"es\",\"@id\":\"https:\/\/blgnoticiassantodomingo.net\/#\/schema\/person\/image\/\",\"url\":\"https:\/\/secure.gravatar.com\/avatar\/2f7fc4c3e3655be1580cb684bfd8ab19be702ae20879da1e072021daa02f9b8b?s=96&d=wp_user_avatar&r=g\",\"contentUrl\":\"https:\/\/secure.gravatar.com\/avatar\/2f7fc4c3e3655be1580cb684bfd8ab19be702ae20879da1e072021daa02f9b8b?s=96&d=wp_user_avatar&r=g\",\"caption\":\"Brenda Guerrero\"},\"description\":\"Periodista\",\"url\":\"https:\/\/blgnoticiassantodomingo.net\/index.php\/author\/brenda-guerrero\/\"}]}<\/script>\n<!-- \/ Yoast SEO plugin. -->","yoast_head_json":{"title":"Historiadora Sang Ben diserta sobre migraci\u00f3n en el Caribe - BLG Noticias","robots":{"index":"index","follow":"follow","max-snippet":"max-snippet:-1","max-image-preview":"max-image-preview:large","max-video-preview":"max-video-preview:-1"},"canonical":"https:\/\/blgnoticiassantodomingo.net\/index.php\/2020\/06\/04\/historiadora-sang-ben-diserta-sobre-migracion-en-el-caribe\/","og_locale":"es_ES","og_type":"article","og_title":"Historiadora Sang Ben diserta sobre migraci\u00f3n en el Caribe - BLG Noticias","og_description":"Santo Domingo, R.D.- En el marco del programa de conferencias virtuales Geopol\u00edtika Global, la historiadora dominicana Mu \u2013 Kien Adriana Sang Ben participar\u00e1 con la ponencia El Caribe es migraci\u00f3n: el caso de los chinos. En su disertaci\u00f3n mostrar\u00e1 la migraci\u00f3n china a la Rep\u00fablica Dominicana durante finales del siglo XIX, enfoc\u00e1ndose en los primeros [&hellip;]","og_url":"https:\/\/blgnoticiassantodomingo.net\/index.php\/2020\/06\/04\/historiadora-sang-ben-diserta-sobre-migracion-en-el-caribe\/","og_site_name":"BLG Noticias","article_publisher":"https:\/\/web.facebook.com\/BlgNoticias\/?locale=es_LA&_rdc=1&_rdr","article_published_time":"2020-06-04T02:31:17+00:00","article_modified_time":"2020-06-04T02:31:18+00:00","og_image":[{"width":918,"height":1280,"url":"https:\/\/blgnoticiassantodomingo.net\/wp-content\/uploads\/2020\/06\/unnamed.jpg","type":"image\/jpeg"}],"author":"Brenda Guerrero","twitter_card":"summary_large_image","twitter_creator":"@BlgNoticias","twitter_site":"@BlgNoticias","twitter_misc":{"Escrito por":"Brenda Guerrero","Tiempo de lectura":"3 minutos"},"schema":{"@context":"https:\/\/schema.org","@graph":[{"@type":"Article","@id":"https:\/\/blgnoticiassantodomingo.net\/index.php\/2020\/06\/04\/historiadora-sang-ben-diserta-sobre-migracion-en-el-caribe\/#article","isPartOf":{"@id":"https:\/\/blgnoticiassantodomingo.net\/index.php\/2020\/06\/04\/historiadora-sang-ben-diserta-sobre-migracion-en-el-caribe\/"},"author":{"name":"Brenda Guerrero","@id":"https:\/\/blgnoticiassantodomingo.net\/#\/schema\/person\/e2fc21cf88acc63dbd134be981bff374"},"headline":"Historiadora Sang Ben diserta sobre migraci\u00f3n en el Caribe","datePublished":"2020-06-04T02:31:17+00:00","dateModified":"2020-06-04T02:31:18+00:00","mainEntityOfPage":{"@id":"https:\/\/blgnoticiassantodomingo.net\/index.php\/2020\/06\/04\/historiadora-sang-ben-diserta-sobre-migracion-en-el-caribe\/"},"wordCount":544,"commentCount":0,"publisher":{"@id":"https:\/\/blgnoticiassantodomingo.net\/#organization"},"image":{"@id":"https:\/\/blgnoticiassantodomingo.net\/index.php\/2020\/06\/04\/historiadora-sang-ben-diserta-sobre-migracion-en-el-caribe\/#primaryimage"},"thumbnailUrl":"https:\/\/blgnoticiassantodomingo.net\/wp-content\/uploads\/2020\/06\/unnamed.jpg","keywords":["El Caribe es migraci\u00f3n: el caso de los chinos","Historiadora","Sang Ben"],"articleSection":["Nacionales"],"inLanguage":"es","potentialAction":[{"@type":"CommentAction","name":"Comment","target":["https:\/\/blgnoticiassantodomingo.net\/index.php\/2020\/06\/04\/historiadora-sang-ben-diserta-sobre-migracion-en-el-caribe\/#respond"]}]},{"@type":"WebPage","@id":"https:\/\/blgnoticiassantodomingo.net\/index.php\/2020\/06\/04\/historiadora-sang-ben-diserta-sobre-migracion-en-el-caribe\/","url":"https:\/\/blgnoticiassantodomingo.net\/index.php\/2020\/06\/04\/historiadora-sang-ben-diserta-sobre-migracion-en-el-caribe\/","name":"Historiadora Sang Ben diserta sobre migraci\u00f3n en el Caribe - BLG Noticias","isPartOf":{"@id":"https:\/\/blgnoticiassantodomingo.net\/#website"},"primaryImageOfPage":{"@id":"https:\/\/blgnoticiassantodomingo.net\/index.php\/2020\/06\/04\/historiadora-sang-ben-diserta-sobre-migracion-en-el-caribe\/#primaryimage"},"image":{"@id":"https:\/\/blgnoticiassantodomingo.net\/index.php\/2020\/06\/04\/historiadora-sang-ben-diserta-sobre-migracion-en-el-caribe\/#primaryimage"},"thumbnailUrl":"https:\/\/blgnoticiassantodomingo.net\/wp-content\/uploads\/2020\/06\/unnamed.jpg","datePublished":"2020-06-04T02:31:17+00:00","dateModified":"2020-06-04T02:31:18+00:00","breadcrumb":{"@id":"https:\/\/blgnoticiassantodomingo.net\/index.php\/2020\/06\/04\/historiadora-sang-ben-diserta-sobre-migracion-en-el-caribe\/#breadcrumb"},"inLanguage":"es","potentialAction":[{"@type":"ReadAction","target":["https:\/\/blgnoticiassantodomingo.net\/index.php\/2020\/06\/04\/historiadora-sang-ben-diserta-sobre-migracion-en-el-caribe\/"]}]},{"@type":"ImageObject","inLanguage":"es","@id":"https:\/\/blgnoticiassantodomingo.net\/index.php\/2020\/06\/04\/historiadora-sang-ben-diserta-sobre-migracion-en-el-caribe\/#primaryimage","url":"https:\/\/blgnoticiassantodomingo.net\/wp-content\/uploads\/2020\/06\/unnamed.jpg","contentUrl":"https:\/\/blgnoticiassantodomingo.net\/wp-content\/uploads\/2020\/06\/unnamed.jpg","width":918,"height":1280},{"@type":"BreadcrumbList","@id":"https:\/\/blgnoticiassantodomingo.net\/index.php\/2020\/06\/04\/historiadora-sang-ben-diserta-sobre-migracion-en-el-caribe\/#breadcrumb","itemListElement":[{"@type":"ListItem","position":1,"name":"Portada","item":"https:\/\/blgnoticiassantodomingo.net\/"},{"@type":"ListItem","position":2,"name":"Historiadora Sang Ben diserta sobre migraci\u00f3n en el Caribe"}]},{"@type":"WebSite","@id":"https:\/\/blgnoticiassantodomingo.net\/#website","url":"https:\/\/blgnoticiassantodomingo.net\/","name":"BLG Noticias","description":"Esto es Noticias","publisher":{"@id":"https:\/\/blgnoticiassantodomingo.net\/#organization"},"potentialAction":[{"@type":"SearchAction","target":{"@type":"EntryPoint","urlTemplate":"https:\/\/blgnoticiassantodomingo.net\/?s={search_term_string}"},"query-input":{"@type":"PropertyValueSpecification","valueRequired":true,"valueName":"search_term_string"}}],"inLanguage":"es"},{"@type":"Organization","@id":"https:\/\/blgnoticiassantodomingo.net\/#organization","name":"BLG Noticias","url":"https:\/\/blgnoticiassantodomingo.net\/","logo":{"@type":"ImageObject","inLanguage":"es","@id":"https:\/\/blgnoticiassantodomingo.net\/#\/schema\/logo\/image\/","url":"https:\/\/blgnoticiassantodomingo.net\/wp-content\/uploads\/2023\/12\/Diseno-sin-titulo-3.jpg","contentUrl":"https:\/\/blgnoticiassantodomingo.net\/wp-content\/uploads\/2023\/12\/Diseno-sin-titulo-3.jpg","width":500,"height":500,"caption":"BLG Noticias"},"image":{"@id":"https:\/\/blgnoticiassantodomingo.net\/#\/schema\/logo\/image\/"},"sameAs":["https:\/\/web.facebook.com\/BlgNoticias\/?locale=es_LA&_rdc=1&_rdr","https:\/\/x.com\/BlgNoticias","https:\/\/www.linkedin.com\/in\/brenda-l-santana-aa846279\/"]},{"@type":"Person","@id":"https:\/\/blgnoticiassantodomingo.net\/#\/schema\/person\/e2fc21cf88acc63dbd134be981bff374","name":"Brenda Guerrero","image":{"@type":"ImageObject","inLanguage":"es","@id":"https:\/\/blgnoticiassantodomingo.net\/#\/schema\/person\/image\/","url":"https:\/\/secure.gravatar.com\/avatar\/2f7fc4c3e3655be1580cb684bfd8ab19be702ae20879da1e072021daa02f9b8b?s=96&d=wp_user_avatar&r=g","contentUrl":"https:\/\/secure.gravatar.com\/avatar\/2f7fc4c3e3655be1580cb684bfd8ab19be702ae20879da1e072021daa02f9b8b?s=96&d=wp_user_avatar&r=g","caption":"Brenda Guerrero"},"description":"Periodista","url":"https:\/\/blgnoticiassantodomingo.net\/index.php\/author\/brenda-guerrero\/"}]}},"jetpack_featured_media_url":"https:\/\/blgnoticiassantodomingo.net\/wp-content\/uploads\/2020\/06\/unnamed.jpg","_links":{"self":[{"href":"https:\/\/blgnoticiassantodomingo.net\/index.php\/wp-json\/wp\/v2\/posts\/11776","targetHints":{"allow":["GET"]}}],"collection":[{"href":"https:\/\/blgnoticiassantodomingo.net\/index.php\/wp-json\/wp\/v2\/posts"}],"about":[{"href":"https:\/\/blgnoticiassantodomingo.net\/index.php\/wp-json\/wp\/v2\/types\/post"}],"author":[{"embeddable":true,"href":"https:\/\/blgnoticiassantodomingo.net\/index.php\/wp-json\/wp\/v2\/users\/2"}],"replies":[{"embeddable":true,"href":"https:\/\/blgnoticiassantodomingo.net\/index.php\/wp-json\/wp\/v2\/comments?post=11776"}],"version-history":[{"count":1,"href":"https:\/\/blgnoticiassantodomingo.net\/index.php\/wp-json\/wp\/v2\/posts\/11776\/revisions"}],"predecessor-version":[{"id":11778,"href":"https:\/\/blgnoticiassantodomingo.net\/index.php\/wp-json\/wp\/v2\/posts\/11776\/revisions\/11778"}],"wp:featuredmedia":[{"embeddable":true,"href":"https:\/\/blgnoticiassantodomingo.net\/index.php\/wp-json\/wp\/v2\/media\/11777"}],"wp:attachment":[{"href":"https:\/\/blgnoticiassantodomingo.net\/index.php\/wp-json\/wp\/v2\/media?parent=11776"}],"wp:term":[{"taxonomy":"category","embeddable":true,"href":"https:\/\/blgnoticiassantodomingo.net\/index.php\/wp-json\/wp\/v2\/categories?post=11776"},{"taxonomy":"post_tag","embeddable":true,"href":"https:\/\/blgnoticiassantodomingo.net\/index.php\/wp-json\/wp\/v2\/tags?post=11776"}],"curies":[{"name":"wp","href":"https:\/\/api.w.org\/{rel}","templated":true}]}}