{"id":11743,"date":"2020-06-03T16:33:27","date_gmt":"2020-06-03T15:33:27","guid":{"rendered":"http:\/\/blgnoticiassantodomingo.net\/?p=11743"},"modified":"2020-06-03T16:33:28","modified_gmt":"2020-06-03T15:33:28","slug":"ministro-turismo-dice-rd-es-usada-como-ejemplo-por-otros-paises-en-manejo-del-covid-19","status":"publish","type":"post","link":"https:\/\/blgnoticiassantodomingo.net\/index.php\/2020\/06\/03\/ministro-turismo-dice-rd-es-usada-como-ejemplo-por-otros-paises-en-manejo-del-covid-19\/","title":{"rendered":"Ministro Turismo dice RD es usada como \u201cejemplo\u201d por otros pa\u00edses en manejo del COVID-19"},"content":{"rendered":"\n<p>El ministro de Turismo, Francisco Javier Garc\u00eda, asegur\u00f3 este mi\u00e9rcoles que la Rep\u00fablica Dominicana es utilizada como \u201cejemplo\u201d para otras naciones en el manejo del coronavirus.<\/p>\n\n\n\n<p>Javier Garc\u00eda enfatiz\u00f3 que aproximadamente el 70 % de las camas disponibles para el internamiento de pacientes con COVID-19 no han sido utilizadas, gracias a que el sistema de salud no ha colapsado.<\/p>\n\n\n\n<p>El 70 % de las camas disponibles para enfrentar el COVID-19, no hemos tenido que utilizarlas. Nosotros somos un pa\u00eds que est\u00e1 siendo usado como ejemplo en lo que tiene que ver con el manejo que le han dado las autoridades al COVID-19\u201d, afirm\u00f3.<\/p>\n\n\n\n<p>Al ser entrevistado en <strong>El Gobierno de la Ma\u00f1ana<\/strong>, Francisco Javier Garc\u00eda record\u00f3 que pese a eso, la Rep\u00fablica Dominicana no puede \u201cbajar la guardia\u201d en la toma de decisiones para enfrentar la pandemia que, seg\u00fan estudios a afectado a m\u00e1s de seis millones de personas en el mundo.<\/p>\n\n\n\n<p><strong>Apertura del turismo<\/strong><\/p>\n\n\n\n<p>En cuanto a la apertura del turismo, el funcionario asegur\u00f3 que el pa\u00eds se encuentra en una fase de desarrollo de la pandemia, por lo que en la actualidad no se pueden ofrecer pron\u00f3sticos de cu\u00e1ndo se abrir\u00e1 la denominada industria sin chimenea.<\/p>\n\n\n\n<p>Dijo que se han elaborado los protocolos de seguridad para una posible apertura, los cuales ya est\u00e1n siendo evaluados por el Ministerio de Salud P\u00fablica, aunque aclar\u00f3 que es la Comisi\u00f3n de Alto Nivel la que tiene la \u00faltima palabra en esa direcci\u00f3n.\u00a0<\/p>\n\n\n\n<p><strong>Las encuestas<\/strong><\/p>\n\n\n\n<p>El tambi\u00e9n miembro del Comit\u00e9 Pol\u00edtico (CP) del Partido de la Liberaci\u00f3n Dominicana (PLD) indic\u00f3 que cuando le ha tocado ser jefe de campa\u00f1a se ha mostrado opuesto a que en las encuestas que manejan se enga\u00f1e al electorado, asegurando que se le ha dicho al votante la realidad del posicionamiento.<\/p>\n\n\n\n<p>Sus declaraciones responden al cuestionamiento que han tenido las firmas encuestadoras de los \u00faltimos d\u00edas, donde el candidato presidencial del PLD, Gonzalo Castillo, ha experimentado un ascenso en la preferencia del electorado.<\/p>\n\n\n\n<p>POR . Wilkin Andujar<\/p>\n","protected":false},"excerpt":{"rendered":"<p>El ministro de Turismo, Francisco Javier Garc\u00eda, asegur\u00f3 este mi\u00e9rcoles que la Rep\u00fablica Dominicana es utilizada como \u201cejemplo\u201d para otras naciones en el manejo del coronavirus. Javier Garc\u00eda enfatiz\u00f3 que aproximadamente el 70 % de las camas disponibles para el internamiento de pacientes con COVID-19 no han sido utilizadas, gracias a que el sistema de [&hellip;]<\/p>\n","protected":false},"author":2,"featured_media":11744,"comment_status":"open","ping_status":"open","sticky":false,"template":"","format":"standard","meta":{"footnotes":""},"categories":[220],"tags":[1480],"class_list":{"0":"post-11743","1":"post","2":"type-post","3":"status-publish","4":"format-standard","5":"has-post-thumbnail","7":"category-nacionales","8":"tag-covid-19"},"yoast_head":"<!-- This site is optimized with the Yoast SEO plugin v24.9 - https:\/\/yoast.com\/wordpress\/plugins\/seo\/ -->\n<title>Ministro Turismo dice RD es usada como \u201cejemplo\u201d por otros pa\u00edses en manejo del COVID-19 - BLG Noticias<\/title>\n<meta name=\"robots\" content=\"index, follow, max-snippet:-1, max-image-preview:large, max-video-preview:-1\" \/>\n<link rel=\"canonical\" href=\"https:\/\/blgnoticiassantodomingo.net\/index.php\/2020\/06\/03\/ministro-turismo-dice-rd-es-usada-como-ejemplo-por-otros-paises-en-manejo-del-covid-19\/\" \/>\n<meta property=\"og:locale\" content=\"es_ES\" \/>\n<meta property=\"og:type\" content=\"article\" \/>\n<meta property=\"og:title\" content=\"Ministro Turismo dice RD es usada como \u201cejemplo\u201d por otros pa\u00edses en manejo del COVID-19 - BLG Noticias\" \/>\n<meta property=\"og:description\" content=\"El ministro de Turismo, Francisco Javier Garc\u00eda, asegur\u00f3 este mi\u00e9rcoles que la Rep\u00fablica Dominicana es utilizada como \u201cejemplo\u201d para otras naciones en el manejo del coronavirus. Javier Garc\u00eda enfatiz\u00f3 que aproximadamente el 70 % de las camas disponibles para el internamiento de pacientes con COVID-19 no han sido utilizadas, gracias a que el sistema de [&hellip;]\" \/>\n<meta property=\"og:url\" content=\"https:\/\/blgnoticiassantodomingo.net\/index.php\/2020\/06\/03\/ministro-turismo-dice-rd-es-usada-como-ejemplo-por-otros-paises-en-manejo-del-covid-19\/\" \/>\n<meta property=\"og:site_name\" content=\"BLG Noticias\" \/>\n<meta property=\"article:publisher\" content=\"https:\/\/web.facebook.com\/BlgNoticias\/?locale=es_LA&amp;_rdc=1&amp;_rdr\" \/>\n<meta property=\"article:published_time\" content=\"2020-06-03T15:33:27+00:00\" \/>\n<meta property=\"article:modified_time\" content=\"2020-06-03T15:33:28+00:00\" \/>\n<meta property=\"og:image\" content=\"https:\/\/blgnoticiassantodomingo.net\/wp-content\/uploads\/2020\/06\/francisco-javier-garcia-foto-2-kelvin-de-la-cruz-1024x683-1.jpg\" \/>\n\t<meta property=\"og:image:width\" content=\"1024\" \/>\n\t<meta property=\"og:image:height\" content=\"683\" \/>\n\t<meta property=\"og:image:type\" content=\"image\/jpeg\" \/>\n<meta name=\"author\" content=\"Brenda Guerrero\" \/>\n<meta name=\"twitter:card\" content=\"summary_large_image\" \/>\n<meta name=\"twitter:creator\" content=\"@BlgNoticias\" \/>\n<meta name=\"twitter:site\" content=\"@BlgNoticias\" \/>\n<meta name=\"twitter:label1\" content=\"Escrito por\" \/>\n\t<meta name=\"twitter:data1\" content=\"Brenda Guerrero\" \/>\n\t<meta name=\"twitter:label2\" content=\"Tiempo de lectura\" \/>\n\t<meta name=\"twitter:data2\" content=\"2 minutos\" \/>\n<script type=\"application\/ld+json\" class=\"yoast-schema-graph\">{\"@context\":\"https:\/\/schema.org\",\"@graph\":[{\"@type\":\"Article\",\"@id\":\"https:\/\/blgnoticiassantodomingo.net\/index.php\/2020\/06\/03\/ministro-turismo-dice-rd-es-usada-como-ejemplo-por-otros-paises-en-manejo-del-covid-19\/#article\",\"isPartOf\":{\"@id\":\"https:\/\/blgnoticiassantodomingo.net\/index.php\/2020\/06\/03\/ministro-turismo-dice-rd-es-usada-como-ejemplo-por-otros-paises-en-manejo-del-covid-19\/\"},\"author\":{\"name\":\"Brenda Guerrero\",\"@id\":\"https:\/\/blgnoticiassantodomingo.net\/#\/schema\/person\/e2fc21cf88acc63dbd134be981bff374\"},\"headline\":\"Ministro Turismo dice RD es usada como \u201cejemplo\u201d por otros pa\u00edses en manejo del COVID-19\",\"datePublished\":\"2020-06-03T15:33:27+00:00\",\"dateModified\":\"2020-06-03T15:33:28+00:00\",\"mainEntityOfPage\":{\"@id\":\"https:\/\/blgnoticiassantodomingo.net\/index.php\/2020\/06\/03\/ministro-turismo-dice-rd-es-usada-como-ejemplo-por-otros-paises-en-manejo-del-covid-19\/\"},\"wordCount\":364,\"commentCount\":0,\"publisher\":{\"@id\":\"https:\/\/blgnoticiassantodomingo.net\/#organization\"},\"image\":{\"@id\":\"https:\/\/blgnoticiassantodomingo.net\/index.php\/2020\/06\/03\/ministro-turismo-dice-rd-es-usada-como-ejemplo-por-otros-paises-en-manejo-del-covid-19\/#primaryimage\"},\"thumbnailUrl\":\"https:\/\/blgnoticiassantodomingo.net\/wp-content\/uploads\/2020\/06\/francisco-javier-garcia-foto-2-kelvin-de-la-cruz-1024x683-1.jpg\",\"keywords\":[\"COVID-19\"],\"articleSection\":[\"Nacionales\"],\"inLanguage\":\"es\",\"potentialAction\":[{\"@type\":\"CommentAction\",\"name\":\"Comment\",\"target\":[\"https:\/\/blgnoticiassantodomingo.net\/index.php\/2020\/06\/03\/ministro-turismo-dice-rd-es-usada-como-ejemplo-por-otros-paises-en-manejo-del-covid-19\/#respond\"]}]},{\"@type\":\"WebPage\",\"@id\":\"https:\/\/blgnoticiassantodomingo.net\/index.php\/2020\/06\/03\/ministro-turismo-dice-rd-es-usada-como-ejemplo-por-otros-paises-en-manejo-del-covid-19\/\",\"url\":\"https:\/\/blgnoticiassantodomingo.net\/index.php\/2020\/06\/03\/ministro-turismo-dice-rd-es-usada-como-ejemplo-por-otros-paises-en-manejo-del-covid-19\/\",\"name\":\"Ministro Turismo dice RD es usada como \u201cejemplo\u201d por otros pa\u00edses en manejo del COVID-19 - BLG Noticias\",\"isPartOf\":{\"@id\":\"https:\/\/blgnoticiassantodomingo.net\/#website\"},\"primaryImageOfPage\":{\"@id\":\"https:\/\/blgnoticiassantodomingo.net\/index.php\/2020\/06\/03\/ministro-turismo-dice-rd-es-usada-como-ejemplo-por-otros-paises-en-manejo-del-covid-19\/#primaryimage\"},\"image\":{\"@id\":\"https:\/\/blgnoticiassantodomingo.net\/index.php\/2020\/06\/03\/ministro-turismo-dice-rd-es-usada-como-ejemplo-por-otros-paises-en-manejo-del-covid-19\/#primaryimage\"},\"thumbnailUrl\":\"https:\/\/blgnoticiassantodomingo.net\/wp-content\/uploads\/2020\/06\/francisco-javier-garcia-foto-2-kelvin-de-la-cruz-1024x683-1.jpg\",\"datePublished\":\"2020-06-03T15:33:27+00:00\",\"dateModified\":\"2020-06-03T15:33:28+00:00\",\"breadcrumb\":{\"@id\":\"https:\/\/blgnoticiassantodomingo.net\/index.php\/2020\/06\/03\/ministro-turismo-dice-rd-es-usada-como-ejemplo-por-otros-paises-en-manejo-del-covid-19\/#breadcrumb\"},\"inLanguage\":\"es\",\"potentialAction\":[{\"@type\":\"ReadAction\",\"target\":[\"https:\/\/blgnoticiassantodomingo.net\/index.php\/2020\/06\/03\/ministro-turismo-dice-rd-es-usada-como-ejemplo-por-otros-paises-en-manejo-del-covid-19\/\"]}]},{\"@type\":\"ImageObject\",\"inLanguage\":\"es\",\"@id\":\"https:\/\/blgnoticiassantodomingo.net\/index.php\/2020\/06\/03\/ministro-turismo-dice-rd-es-usada-como-ejemplo-por-otros-paises-en-manejo-del-covid-19\/#primaryimage\",\"url\":\"https:\/\/blgnoticiassantodomingo.net\/wp-content\/uploads\/2020\/06\/francisco-javier-garcia-foto-2-kelvin-de-la-cruz-1024x683-1.jpg\",\"contentUrl\":\"https:\/\/blgnoticiassantodomingo.net\/wp-content\/uploads\/2020\/06\/francisco-javier-garcia-foto-2-kelvin-de-la-cruz-1024x683-1.jpg\",\"width\":1024,\"height\":683},{\"@type\":\"BreadcrumbList\",\"@id\":\"https:\/\/blgnoticiassantodomingo.net\/index.php\/2020\/06\/03\/ministro-turismo-dice-rd-es-usada-como-ejemplo-por-otros-paises-en-manejo-del-covid-19\/#breadcrumb\",\"itemListElement\":[{\"@type\":\"ListItem\",\"position\":1,\"name\":\"Portada\",\"item\":\"https:\/\/blgnoticiassantodomingo.net\/\"},{\"@type\":\"ListItem\",\"position\":2,\"name\":\"Ministro Turismo dice RD es usada como \u201cejemplo\u201d por otros pa\u00edses en manejo del COVID-19\"}]},{\"@type\":\"WebSite\",\"@id\":\"https:\/\/blgnoticiassantodomingo.net\/#website\",\"url\":\"https:\/\/blgnoticiassantodomingo.net\/\",\"name\":\"BLG Noticias\",\"description\":\"Esto es Noticias\",\"publisher\":{\"@id\":\"https:\/\/blgnoticiassantodomingo.net\/#organization\"},\"potentialAction\":[{\"@type\":\"SearchAction\",\"target\":{\"@type\":\"EntryPoint\",\"urlTemplate\":\"https:\/\/blgnoticiassantodomingo.net\/?s={search_term_string}\"},\"query-input\":{\"@type\":\"PropertyValueSpecification\",\"valueRequired\":true,\"valueName\":\"search_term_string\"}}],\"inLanguage\":\"es\"},{\"@type\":\"Organization\",\"@id\":\"https:\/\/blgnoticiassantodomingo.net\/#organization\",\"name\":\"BLG Noticias\",\"url\":\"https:\/\/blgnoticiassantodomingo.net\/\",\"logo\":{\"@type\":\"ImageObject\",\"inLanguage\":\"es\",\"@id\":\"https:\/\/blgnoticiassantodomingo.net\/#\/schema\/logo\/image\/\",\"url\":\"https:\/\/blgnoticiassantodomingo.net\/wp-content\/uploads\/2023\/12\/Diseno-sin-titulo-3.jpg\",\"contentUrl\":\"https:\/\/blgnoticiassantodomingo.net\/wp-content\/uploads\/2023\/12\/Diseno-sin-titulo-3.jpg\",\"width\":500,\"height\":500,\"caption\":\"BLG Noticias\"},\"image\":{\"@id\":\"https:\/\/blgnoticiassantodomingo.net\/#\/schema\/logo\/image\/\"},\"sameAs\":[\"https:\/\/web.facebook.com\/BlgNoticias\/?locale=es_LA&_rdc=1&_rdr\",\"https:\/\/x.com\/BlgNoticias\",\"https:\/\/www.linkedin.com\/in\/brenda-l-santana-aa846279\/\"]},{\"@type\":\"Person\",\"@id\":\"https:\/\/blgnoticiassantodomingo.net\/#\/schema\/person\/e2fc21cf88acc63dbd134be981bff374\",\"name\":\"Brenda Guerrero\",\"image\":{\"@type\":\"ImageObject\",\"inLanguage\":\"es\",\"@id\":\"https:\/\/blgnoticiassantodomingo.net\/#\/schema\/person\/image\/\",\"url\":\"https:\/\/secure.gravatar.com\/avatar\/2f7fc4c3e3655be1580cb684bfd8ab19be702ae20879da1e072021daa02f9b8b?s=96&d=wp_user_avatar&r=g\",\"contentUrl\":\"https:\/\/secure.gravatar.com\/avatar\/2f7fc4c3e3655be1580cb684bfd8ab19be702ae20879da1e072021daa02f9b8b?s=96&d=wp_user_avatar&r=g\",\"caption\":\"Brenda Guerrero\"},\"description\":\"Periodista\",\"url\":\"https:\/\/blgnoticiassantodomingo.net\/index.php\/author\/brenda-guerrero\/\"}]}<\/script>\n<!-- \/ Yoast SEO plugin. -->","yoast_head_json":{"title":"Ministro Turismo dice RD es usada como \u201cejemplo\u201d por otros pa\u00edses en manejo del COVID-19 - BLG Noticias","robots":{"index":"index","follow":"follow","max-snippet":"max-snippet:-1","max-image-preview":"max-image-preview:large","max-video-preview":"max-video-preview:-1"},"canonical":"https:\/\/blgnoticiassantodomingo.net\/index.php\/2020\/06\/03\/ministro-turismo-dice-rd-es-usada-como-ejemplo-por-otros-paises-en-manejo-del-covid-19\/","og_locale":"es_ES","og_type":"article","og_title":"Ministro Turismo dice RD es usada como \u201cejemplo\u201d por otros pa\u00edses en manejo del COVID-19 - BLG Noticias","og_description":"El ministro de Turismo, Francisco Javier Garc\u00eda, asegur\u00f3 este mi\u00e9rcoles que la Rep\u00fablica Dominicana es utilizada como \u201cejemplo\u201d para otras naciones en el manejo del coronavirus. Javier Garc\u00eda enfatiz\u00f3 que aproximadamente el 70 % de las camas disponibles para el internamiento de pacientes con COVID-19 no han sido utilizadas, gracias a que el sistema de [&hellip;]","og_url":"https:\/\/blgnoticiassantodomingo.net\/index.php\/2020\/06\/03\/ministro-turismo-dice-rd-es-usada-como-ejemplo-por-otros-paises-en-manejo-del-covid-19\/","og_site_name":"BLG Noticias","article_publisher":"https:\/\/web.facebook.com\/BlgNoticias\/?locale=es_LA&_rdc=1&_rdr","article_published_time":"2020-06-03T15:33:27+00:00","article_modified_time":"2020-06-03T15:33:28+00:00","og_image":[{"width":1024,"height":683,"url":"https:\/\/blgnoticiassantodomingo.net\/wp-content\/uploads\/2020\/06\/francisco-javier-garcia-foto-2-kelvin-de-la-cruz-1024x683-1.jpg","type":"image\/jpeg"}],"author":"Brenda Guerrero","twitter_card":"summary_large_image","twitter_creator":"@BlgNoticias","twitter_site":"@BlgNoticias","twitter_misc":{"Escrito por":"Brenda Guerrero","Tiempo de lectura":"2 minutos"},"schema":{"@context":"https:\/\/schema.org","@graph":[{"@type":"Article","@id":"https:\/\/blgnoticiassantodomingo.net\/index.php\/2020\/06\/03\/ministro-turismo-dice-rd-es-usada-como-ejemplo-por-otros-paises-en-manejo-del-covid-19\/#article","isPartOf":{"@id":"https:\/\/blgnoticiassantodomingo.net\/index.php\/2020\/06\/03\/ministro-turismo-dice-rd-es-usada-como-ejemplo-por-otros-paises-en-manejo-del-covid-19\/"},"author":{"name":"Brenda Guerrero","@id":"https:\/\/blgnoticiassantodomingo.net\/#\/schema\/person\/e2fc21cf88acc63dbd134be981bff374"},"headline":"Ministro Turismo dice RD es usada como \u201cejemplo\u201d por otros pa\u00edses en manejo del COVID-19","datePublished":"2020-06-03T15:33:27+00:00","dateModified":"2020-06-03T15:33:28+00:00","mainEntityOfPage":{"@id":"https:\/\/blgnoticiassantodomingo.net\/index.php\/2020\/06\/03\/ministro-turismo-dice-rd-es-usada-como-ejemplo-por-otros-paises-en-manejo-del-covid-19\/"},"wordCount":364,"commentCount":0,"publisher":{"@id":"https:\/\/blgnoticiassantodomingo.net\/#organization"},"image":{"@id":"https:\/\/blgnoticiassantodomingo.net\/index.php\/2020\/06\/03\/ministro-turismo-dice-rd-es-usada-como-ejemplo-por-otros-paises-en-manejo-del-covid-19\/#primaryimage"},"thumbnailUrl":"https:\/\/blgnoticiassantodomingo.net\/wp-content\/uploads\/2020\/06\/francisco-javier-garcia-foto-2-kelvin-de-la-cruz-1024x683-1.jpg","keywords":["COVID-19"],"articleSection":["Nacionales"],"inLanguage":"es","potentialAction":[{"@type":"CommentAction","name":"Comment","target":["https:\/\/blgnoticiassantodomingo.net\/index.php\/2020\/06\/03\/ministro-turismo-dice-rd-es-usada-como-ejemplo-por-otros-paises-en-manejo-del-covid-19\/#respond"]}]},{"@type":"WebPage","@id":"https:\/\/blgnoticiassantodomingo.net\/index.php\/2020\/06\/03\/ministro-turismo-dice-rd-es-usada-como-ejemplo-por-otros-paises-en-manejo-del-covid-19\/","url":"https:\/\/blgnoticiassantodomingo.net\/index.php\/2020\/06\/03\/ministro-turismo-dice-rd-es-usada-como-ejemplo-por-otros-paises-en-manejo-del-covid-19\/","name":"Ministro Turismo dice RD es usada como \u201cejemplo\u201d por otros pa\u00edses en manejo del COVID-19 - BLG Noticias","isPartOf":{"@id":"https:\/\/blgnoticiassantodomingo.net\/#website"},"primaryImageOfPage":{"@id":"https:\/\/blgnoticiassantodomingo.net\/index.php\/2020\/06\/03\/ministro-turismo-dice-rd-es-usada-como-ejemplo-por-otros-paises-en-manejo-del-covid-19\/#primaryimage"},"image":{"@id":"https:\/\/blgnoticiassantodomingo.net\/index.php\/2020\/06\/03\/ministro-turismo-dice-rd-es-usada-como-ejemplo-por-otros-paises-en-manejo-del-covid-19\/#primaryimage"},"thumbnailUrl":"https:\/\/blgnoticiassantodomingo.net\/wp-content\/uploads\/2020\/06\/francisco-javier-garcia-foto-2-kelvin-de-la-cruz-1024x683-1.jpg","datePublished":"2020-06-03T15:33:27+00:00","dateModified":"2020-06-03T15:33:28+00:00","breadcrumb":{"@id":"https:\/\/blgnoticiassantodomingo.net\/index.php\/2020\/06\/03\/ministro-turismo-dice-rd-es-usada-como-ejemplo-por-otros-paises-en-manejo-del-covid-19\/#breadcrumb"},"inLanguage":"es","potentialAction":[{"@type":"ReadAction","target":["https:\/\/blgnoticiassantodomingo.net\/index.php\/2020\/06\/03\/ministro-turismo-dice-rd-es-usada-como-ejemplo-por-otros-paises-en-manejo-del-covid-19\/"]}]},{"@type":"ImageObject","inLanguage":"es","@id":"https:\/\/blgnoticiassantodomingo.net\/index.php\/2020\/06\/03\/ministro-turismo-dice-rd-es-usada-como-ejemplo-por-otros-paises-en-manejo-del-covid-19\/#primaryimage","url":"https:\/\/blgnoticiassantodomingo.net\/wp-content\/uploads\/2020\/06\/francisco-javier-garcia-foto-2-kelvin-de-la-cruz-1024x683-1.jpg","contentUrl":"https:\/\/blgnoticiassantodomingo.net\/wp-content\/uploads\/2020\/06\/francisco-javier-garcia-foto-2-kelvin-de-la-cruz-1024x683-1.jpg","width":1024,"height":683},{"@type":"BreadcrumbList","@id":"https:\/\/blgnoticiassantodomingo.net\/index.php\/2020\/06\/03\/ministro-turismo-dice-rd-es-usada-como-ejemplo-por-otros-paises-en-manejo-del-covid-19\/#breadcrumb","itemListElement":[{"@type":"ListItem","position":1,"name":"Portada","item":"https:\/\/blgnoticiassantodomingo.net\/"},{"@type":"ListItem","position":2,"name":"Ministro Turismo dice RD es usada como \u201cejemplo\u201d por otros pa\u00edses en manejo del COVID-19"}]},{"@type":"WebSite","@id":"https:\/\/blgnoticiassantodomingo.net\/#website","url":"https:\/\/blgnoticiassantodomingo.net\/","name":"BLG Noticias","description":"Esto es Noticias","publisher":{"@id":"https:\/\/blgnoticiassantodomingo.net\/#organization"},"potentialAction":[{"@type":"SearchAction","target":{"@type":"EntryPoint","urlTemplate":"https:\/\/blgnoticiassantodomingo.net\/?s={search_term_string}"},"query-input":{"@type":"PropertyValueSpecification","valueRequired":true,"valueName":"search_term_string"}}],"inLanguage":"es"},{"@type":"Organization","@id":"https:\/\/blgnoticiassantodomingo.net\/#organization","name":"BLG Noticias","url":"https:\/\/blgnoticiassantodomingo.net\/","logo":{"@type":"ImageObject","inLanguage":"es","@id":"https:\/\/blgnoticiassantodomingo.net\/#\/schema\/logo\/image\/","url":"https:\/\/blgnoticiassantodomingo.net\/wp-content\/uploads\/2023\/12\/Diseno-sin-titulo-3.jpg","contentUrl":"https:\/\/blgnoticiassantodomingo.net\/wp-content\/uploads\/2023\/12\/Diseno-sin-titulo-3.jpg","width":500,"height":500,"caption":"BLG Noticias"},"image":{"@id":"https:\/\/blgnoticiassantodomingo.net\/#\/schema\/logo\/image\/"},"sameAs":["https:\/\/web.facebook.com\/BlgNoticias\/?locale=es_LA&_rdc=1&_rdr","https:\/\/x.com\/BlgNoticias","https:\/\/www.linkedin.com\/in\/brenda-l-santana-aa846279\/"]},{"@type":"Person","@id":"https:\/\/blgnoticiassantodomingo.net\/#\/schema\/person\/e2fc21cf88acc63dbd134be981bff374","name":"Brenda Guerrero","image":{"@type":"ImageObject","inLanguage":"es","@id":"https:\/\/blgnoticiassantodomingo.net\/#\/schema\/person\/image\/","url":"https:\/\/secure.gravatar.com\/avatar\/2f7fc4c3e3655be1580cb684bfd8ab19be702ae20879da1e072021daa02f9b8b?s=96&d=wp_user_avatar&r=g","contentUrl":"https:\/\/secure.gravatar.com\/avatar\/2f7fc4c3e3655be1580cb684bfd8ab19be702ae20879da1e072021daa02f9b8b?s=96&d=wp_user_avatar&r=g","caption":"Brenda Guerrero"},"description":"Periodista","url":"https:\/\/blgnoticiassantodomingo.net\/index.php\/author\/brenda-guerrero\/"}]}},"jetpack_featured_media_url":"https:\/\/blgnoticiassantodomingo.net\/wp-content\/uploads\/2020\/06\/francisco-javier-garcia-foto-2-kelvin-de-la-cruz-1024x683-1.jpg","_links":{"self":[{"href":"https:\/\/blgnoticiassantodomingo.net\/index.php\/wp-json\/wp\/v2\/posts\/11743","targetHints":{"allow":["GET"]}}],"collection":[{"href":"https:\/\/blgnoticiassantodomingo.net\/index.php\/wp-json\/wp\/v2\/posts"}],"about":[{"href":"https:\/\/blgnoticiassantodomingo.net\/index.php\/wp-json\/wp\/v2\/types\/post"}],"author":[{"embeddable":true,"href":"https:\/\/blgnoticiassantodomingo.net\/index.php\/wp-json\/wp\/v2\/users\/2"}],"replies":[{"embeddable":true,"href":"https:\/\/blgnoticiassantodomingo.net\/index.php\/wp-json\/wp\/v2\/comments?post=11743"}],"version-history":[{"count":1,"href":"https:\/\/blgnoticiassantodomingo.net\/index.php\/wp-json\/wp\/v2\/posts\/11743\/revisions"}],"predecessor-version":[{"id":11745,"href":"https:\/\/blgnoticiassantodomingo.net\/index.php\/wp-json\/wp\/v2\/posts\/11743\/revisions\/11745"}],"wp:featuredmedia":[{"embeddable":true,"href":"https:\/\/blgnoticiassantodomingo.net\/index.php\/wp-json\/wp\/v2\/media\/11744"}],"wp:attachment":[{"href":"https:\/\/blgnoticiassantodomingo.net\/index.php\/wp-json\/wp\/v2\/media?parent=11743"}],"wp:term":[{"taxonomy":"category","embeddable":true,"href":"https:\/\/blgnoticiassantodomingo.net\/index.php\/wp-json\/wp\/v2\/categories?post=11743"},{"taxonomy":"post_tag","embeddable":true,"href":"https:\/\/blgnoticiassantodomingo.net\/index.php\/wp-json\/wp\/v2\/tags?post=11743"}],"curies":[{"name":"wp","href":"https:\/\/api.w.org\/{rel}","templated":true}]}}