{"id":11740,"date":"2020-06-03T16:10:34","date_gmt":"2020-06-03T15:10:34","guid":{"rendered":"http:\/\/blgnoticiassantodomingo.net\/?p=11740"},"modified":"2020-06-03T16:10:36","modified_gmt":"2020-06-03T15:10:36","slug":"biden-se-alza-con-la-victoria-en-las-primarias-democratas-de-eeuu-en-siete-estados-mas","status":"publish","type":"post","link":"https:\/\/blgnoticiassantodomingo.net\/index.php\/2020\/06\/03\/biden-se-alza-con-la-victoria-en-las-primarias-democratas-de-eeuu-en-siete-estados-mas\/","title":{"rendered":"Biden se alza con la victoria en las primarias dem\u00f3cratas de EEUU en siete estados m\u00e1s"},"content":{"rendered":"\n<p>El exvicepresidente de Estados Unidos Joe Biden se ha alzado este martes con la victoria en las primarias para decidir el candidato dem\u00f3crata a la Casa Blanca en Indiana, Maryland, Montana, Nuevo M\u00e9xico, Pensilvania, Rhode Island y Dakota del Sur, los siete estados que celebraban la votaci\u00f3n, seg\u00fan las proyecciones de la cadena de televisi\u00f3n CNN.<\/p>\n\n\n\n<p>En concreto, Biden, el \u00fanico dem\u00f3crata que permanece en la carrera hacia la Casa Blanca, ha obtenido el 76 por ciento de los votos en Indiana; el 85,2 por ciento en Maryland; el 75 por ciento en Montana; el 86,2 por ciento de los apoyos en Nuevo M\u00e9xico; el 77,2 por ciento en Pensilvania; el 61,4 por ciento en Rhode Island; y el 77,6 por ciento en Dakota del Sur.<\/p>\n\n\n\n<p>A\u00fan faltan por conocer los resultados de la capital de Estados Unidos, Washington, donde tambi\u00e9n se han celebrado primarias dem\u00f3cratas este martes, una jornada en la que el voto por correo ha sido mucho m\u00e1s frecuente que en ocasiones anteriores, debido a la pandemia del coronavirus, que ha dejado en el pa\u00eds norteamericano m\u00e1s de 1,8 millones de casos y m\u00e1s de 106.000 muertes.<\/p>\n\n\n\n<p>A pesar de haber abandonado la carrera presidencial a principios de este mes, el senador por Vermont Bernie Sanders, que ha manifestado su apoyo a Biden, a\u00fan figuraba en la papeleta para votar en estos territorios.<\/p>\n\n\n\n<p>El candidato presidencial del Partido Dem\u00f3crata se nominar\u00e1 en la Convenci\u00f3n Nacional Dem\u00f3crata, que se ha pospuesto hasta agosto por la pandemia de la COVID-19.<\/p>\n\n\n\n<p>Se necesitan 1.991 delegados para obtener la nominaci\u00f3n, que presumiblemente conseguir\u00e1 Biden. El exvicepresidente tiene, hasta el momento, 1.880 delegados. Sanders, por su parte, contabiliza 1.017.<\/p>\n\n\n\n<p>Biden se enfrentar\u00e1 en las elecciones estadounidenses previstas para el 3 de noviembre al actual presidente de Estados Unidos, Donald Trump, que luchar\u00e1 por la reelecci\u00f3n por el lado republicano.<\/p>\n","protected":false},"excerpt":{"rendered":"<p>El exvicepresidente de Estados Unidos Joe Biden se ha alzado este martes con la victoria en las primarias para decidir el candidato dem\u00f3crata a la Casa Blanca en Indiana, Maryland, Montana, Nuevo M\u00e9xico, Pensilvania, Rhode Island y Dakota del Sur, los siete estados que celebraban la votaci\u00f3n, seg\u00fan las proyecciones de la cadena de televisi\u00f3n [&hellip;]<\/p>\n","protected":false},"author":2,"featured_media":11741,"comment_status":"open","ping_status":"open","sticky":false,"template":"","format":"standard","meta":{"footnotes":""},"categories":[221],"tags":[1197,1480,1093],"class_list":{"0":"post-11740","1":"post","2":"type-post","3":"status-publish","4":"format-standard","5":"has-post-thumbnail","7":"category-internacionales","8":"tag-coronavirus","9":"tag-covid-19","10":"tag-ee-uu"},"yoast_head":"<!-- This site is optimized with the Yoast SEO plugin v24.9 - https:\/\/yoast.com\/wordpress\/plugins\/seo\/ -->\n<title>Biden se alza con la victoria en las primarias dem\u00f3cratas de EEUU en siete estados m\u00e1s - BLG Noticias<\/title>\n<meta name=\"robots\" content=\"index, follow, max-snippet:-1, max-image-preview:large, max-video-preview:-1\" \/>\n<link rel=\"canonical\" href=\"https:\/\/blgnoticiassantodomingo.net\/index.php\/2020\/06\/03\/biden-se-alza-con-la-victoria-en-las-primarias-democratas-de-eeuu-en-siete-estados-mas\/\" \/>\n<meta property=\"og:locale\" content=\"es_ES\" \/>\n<meta property=\"og:type\" content=\"article\" \/>\n<meta property=\"og:title\" content=\"Biden se alza con la victoria en las primarias dem\u00f3cratas de EEUU en siete estados m\u00e1s - BLG Noticias\" \/>\n<meta property=\"og:description\" content=\"El exvicepresidente de Estados Unidos Joe Biden se ha alzado este martes con la victoria en las primarias para decidir el candidato dem\u00f3crata a la Casa Blanca en Indiana, Maryland, Montana, Nuevo M\u00e9xico, Pensilvania, Rhode Island y Dakota del Sur, los siete estados que celebraban la votaci\u00f3n, seg\u00fan las proyecciones de la cadena de televisi\u00f3n [&hellip;]\" \/>\n<meta property=\"og:url\" content=\"https:\/\/blgnoticiassantodomingo.net\/index.php\/2020\/06\/03\/biden-se-alza-con-la-victoria-en-las-primarias-democratas-de-eeuu-en-siete-estados-mas\/\" \/>\n<meta property=\"og:site_name\" content=\"BLG Noticias\" \/>\n<meta property=\"article:publisher\" content=\"https:\/\/web.facebook.com\/BlgNoticias\/?locale=es_LA&amp;_rdc=1&amp;_rdr\" \/>\n<meta property=\"article:published_time\" content=\"2020-06-03T15:10:34+00:00\" \/>\n<meta property=\"article:modified_time\" content=\"2020-06-03T15:10:36+00:00\" \/>\n<meta property=\"og:image\" content=\"https:\/\/blgnoticiassantodomingo.net\/wp-content\/uploads\/2020\/06\/202006031323291.jpeg\" \/>\n\t<meta property=\"og:image:width\" content=\"680\" \/>\n\t<meta property=\"og:image:height\" content=\"382\" \/>\n\t<meta property=\"og:image:type\" content=\"image\/jpeg\" \/>\n<meta name=\"author\" content=\"Brenda Guerrero\" \/>\n<meta name=\"twitter:card\" content=\"summary_large_image\" \/>\n<meta name=\"twitter:creator\" content=\"@BlgNoticias\" \/>\n<meta name=\"twitter:site\" content=\"@BlgNoticias\" \/>\n<meta name=\"twitter:label1\" content=\"Escrito por\" \/>\n\t<meta name=\"twitter:data1\" content=\"Brenda Guerrero\" \/>\n\t<meta name=\"twitter:label2\" content=\"Tiempo de lectura\" \/>\n\t<meta name=\"twitter:data2\" content=\"2 minutos\" \/>\n<script type=\"application\/ld+json\" class=\"yoast-schema-graph\">{\"@context\":\"https:\/\/schema.org\",\"@graph\":[{\"@type\":\"Article\",\"@id\":\"https:\/\/blgnoticiassantodomingo.net\/index.php\/2020\/06\/03\/biden-se-alza-con-la-victoria-en-las-primarias-democratas-de-eeuu-en-siete-estados-mas\/#article\",\"isPartOf\":{\"@id\":\"https:\/\/blgnoticiassantodomingo.net\/index.php\/2020\/06\/03\/biden-se-alza-con-la-victoria-en-las-primarias-democratas-de-eeuu-en-siete-estados-mas\/\"},\"author\":{\"name\":\"Brenda Guerrero\",\"@id\":\"https:\/\/blgnoticiassantodomingo.net\/#\/schema\/person\/e2fc21cf88acc63dbd134be981bff374\"},\"headline\":\"Biden se alza con la victoria en las primarias dem\u00f3cratas de EEUU en siete estados m\u00e1s\",\"datePublished\":\"2020-06-03T15:10:34+00:00\",\"dateModified\":\"2020-06-03T15:10:36+00:00\",\"mainEntityOfPage\":{\"@id\":\"https:\/\/blgnoticiassantodomingo.net\/index.php\/2020\/06\/03\/biden-se-alza-con-la-victoria-en-las-primarias-democratas-de-eeuu-en-siete-estados-mas\/\"},\"wordCount\":332,\"commentCount\":0,\"publisher\":{\"@id\":\"https:\/\/blgnoticiassantodomingo.net\/#organization\"},\"image\":{\"@id\":\"https:\/\/blgnoticiassantodomingo.net\/index.php\/2020\/06\/03\/biden-se-alza-con-la-victoria-en-las-primarias-democratas-de-eeuu-en-siete-estados-mas\/#primaryimage\"},\"thumbnailUrl\":\"https:\/\/blgnoticiassantodomingo.net\/wp-content\/uploads\/2020\/06\/202006031323291.jpeg\",\"keywords\":[\"Coronavirus\",\"COVID-19\",\"EE.UU\"],\"articleSection\":[\"Internacionales\"],\"inLanguage\":\"es\",\"potentialAction\":[{\"@type\":\"CommentAction\",\"name\":\"Comment\",\"target\":[\"https:\/\/blgnoticiassantodomingo.net\/index.php\/2020\/06\/03\/biden-se-alza-con-la-victoria-en-las-primarias-democratas-de-eeuu-en-siete-estados-mas\/#respond\"]}]},{\"@type\":\"WebPage\",\"@id\":\"https:\/\/blgnoticiassantodomingo.net\/index.php\/2020\/06\/03\/biden-se-alza-con-la-victoria-en-las-primarias-democratas-de-eeuu-en-siete-estados-mas\/\",\"url\":\"https:\/\/blgnoticiassantodomingo.net\/index.php\/2020\/06\/03\/biden-se-alza-con-la-victoria-en-las-primarias-democratas-de-eeuu-en-siete-estados-mas\/\",\"name\":\"Biden se alza con la victoria en las primarias dem\u00f3cratas de EEUU en siete estados m\u00e1s - BLG Noticias\",\"isPartOf\":{\"@id\":\"https:\/\/blgnoticiassantodomingo.net\/#website\"},\"primaryImageOfPage\":{\"@id\":\"https:\/\/blgnoticiassantodomingo.net\/index.php\/2020\/06\/03\/biden-se-alza-con-la-victoria-en-las-primarias-democratas-de-eeuu-en-siete-estados-mas\/#primaryimage\"},\"image\":{\"@id\":\"https:\/\/blgnoticiassantodomingo.net\/index.php\/2020\/06\/03\/biden-se-alza-con-la-victoria-en-las-primarias-democratas-de-eeuu-en-siete-estados-mas\/#primaryimage\"},\"thumbnailUrl\":\"https:\/\/blgnoticiassantodomingo.net\/wp-content\/uploads\/2020\/06\/202006031323291.jpeg\",\"datePublished\":\"2020-06-03T15:10:34+00:00\",\"dateModified\":\"2020-06-03T15:10:36+00:00\",\"breadcrumb\":{\"@id\":\"https:\/\/blgnoticiassantodomingo.net\/index.php\/2020\/06\/03\/biden-se-alza-con-la-victoria-en-las-primarias-democratas-de-eeuu-en-siete-estados-mas\/#breadcrumb\"},\"inLanguage\":\"es\",\"potentialAction\":[{\"@type\":\"ReadAction\",\"target\":[\"https:\/\/blgnoticiassantodomingo.net\/index.php\/2020\/06\/03\/biden-se-alza-con-la-victoria-en-las-primarias-democratas-de-eeuu-en-siete-estados-mas\/\"]}]},{\"@type\":\"ImageObject\",\"inLanguage\":\"es\",\"@id\":\"https:\/\/blgnoticiassantodomingo.net\/index.php\/2020\/06\/03\/biden-se-alza-con-la-victoria-en-las-primarias-democratas-de-eeuu-en-siete-estados-mas\/#primaryimage\",\"url\":\"https:\/\/blgnoticiassantodomingo.net\/wp-content\/uploads\/2020\/06\/202006031323291.jpeg\",\"contentUrl\":\"https:\/\/blgnoticiassantodomingo.net\/wp-content\/uploads\/2020\/06\/202006031323291.jpeg\",\"width\":680,\"height\":382},{\"@type\":\"BreadcrumbList\",\"@id\":\"https:\/\/blgnoticiassantodomingo.net\/index.php\/2020\/06\/03\/biden-se-alza-con-la-victoria-en-las-primarias-democratas-de-eeuu-en-siete-estados-mas\/#breadcrumb\",\"itemListElement\":[{\"@type\":\"ListItem\",\"position\":1,\"name\":\"Portada\",\"item\":\"https:\/\/blgnoticiassantodomingo.net\/\"},{\"@type\":\"ListItem\",\"position\":2,\"name\":\"Biden se alza con la victoria en las primarias dem\u00f3cratas de EEUU en siete estados m\u00e1s\"}]},{\"@type\":\"WebSite\",\"@id\":\"https:\/\/blgnoticiassantodomingo.net\/#website\",\"url\":\"https:\/\/blgnoticiassantodomingo.net\/\",\"name\":\"BLG Noticias\",\"description\":\"Esto es Noticias\",\"publisher\":{\"@id\":\"https:\/\/blgnoticiassantodomingo.net\/#organization\"},\"potentialAction\":[{\"@type\":\"SearchAction\",\"target\":{\"@type\":\"EntryPoint\",\"urlTemplate\":\"https:\/\/blgnoticiassantodomingo.net\/?s={search_term_string}\"},\"query-input\":{\"@type\":\"PropertyValueSpecification\",\"valueRequired\":true,\"valueName\":\"search_term_string\"}}],\"inLanguage\":\"es\"},{\"@type\":\"Organization\",\"@id\":\"https:\/\/blgnoticiassantodomingo.net\/#organization\",\"name\":\"BLG Noticias\",\"url\":\"https:\/\/blgnoticiassantodomingo.net\/\",\"logo\":{\"@type\":\"ImageObject\",\"inLanguage\":\"es\",\"@id\":\"https:\/\/blgnoticiassantodomingo.net\/#\/schema\/logo\/image\/\",\"url\":\"https:\/\/blgnoticiassantodomingo.net\/wp-content\/uploads\/2023\/12\/Diseno-sin-titulo-3.jpg\",\"contentUrl\":\"https:\/\/blgnoticiassantodomingo.net\/wp-content\/uploads\/2023\/12\/Diseno-sin-titulo-3.jpg\",\"width\":500,\"height\":500,\"caption\":\"BLG Noticias\"},\"image\":{\"@id\":\"https:\/\/blgnoticiassantodomingo.net\/#\/schema\/logo\/image\/\"},\"sameAs\":[\"https:\/\/web.facebook.com\/BlgNoticias\/?locale=es_LA&_rdc=1&_rdr\",\"https:\/\/x.com\/BlgNoticias\",\"https:\/\/www.linkedin.com\/in\/brenda-l-santana-aa846279\/\"]},{\"@type\":\"Person\",\"@id\":\"https:\/\/blgnoticiassantodomingo.net\/#\/schema\/person\/e2fc21cf88acc63dbd134be981bff374\",\"name\":\"Brenda Guerrero\",\"image\":{\"@type\":\"ImageObject\",\"inLanguage\":\"es\",\"@id\":\"https:\/\/blgnoticiassantodomingo.net\/#\/schema\/person\/image\/\",\"url\":\"https:\/\/secure.gravatar.com\/avatar\/2f7fc4c3e3655be1580cb684bfd8ab19be702ae20879da1e072021daa02f9b8b?s=96&d=wp_user_avatar&r=g\",\"contentUrl\":\"https:\/\/secure.gravatar.com\/avatar\/2f7fc4c3e3655be1580cb684bfd8ab19be702ae20879da1e072021daa02f9b8b?s=96&d=wp_user_avatar&r=g\",\"caption\":\"Brenda Guerrero\"},\"description\":\"Periodista\",\"url\":\"https:\/\/blgnoticiassantodomingo.net\/index.php\/author\/brenda-guerrero\/\"}]}<\/script>\n<!-- \/ Yoast SEO plugin. -->","yoast_head_json":{"title":"Biden se alza con la victoria en las primarias dem\u00f3cratas de EEUU en siete estados m\u00e1s - BLG Noticias","robots":{"index":"index","follow":"follow","max-snippet":"max-snippet:-1","max-image-preview":"max-image-preview:large","max-video-preview":"max-video-preview:-1"},"canonical":"https:\/\/blgnoticiassantodomingo.net\/index.php\/2020\/06\/03\/biden-se-alza-con-la-victoria-en-las-primarias-democratas-de-eeuu-en-siete-estados-mas\/","og_locale":"es_ES","og_type":"article","og_title":"Biden se alza con la victoria en las primarias dem\u00f3cratas de EEUU en siete estados m\u00e1s - BLG Noticias","og_description":"El exvicepresidente de Estados Unidos Joe Biden se ha alzado este martes con la victoria en las primarias para decidir el candidato dem\u00f3crata a la Casa Blanca en Indiana, Maryland, Montana, Nuevo M\u00e9xico, Pensilvania, Rhode Island y Dakota del Sur, los siete estados que celebraban la votaci\u00f3n, seg\u00fan las proyecciones de la cadena de televisi\u00f3n [&hellip;]","og_url":"https:\/\/blgnoticiassantodomingo.net\/index.php\/2020\/06\/03\/biden-se-alza-con-la-victoria-en-las-primarias-democratas-de-eeuu-en-siete-estados-mas\/","og_site_name":"BLG Noticias","article_publisher":"https:\/\/web.facebook.com\/BlgNoticias\/?locale=es_LA&_rdc=1&_rdr","article_published_time":"2020-06-03T15:10:34+00:00","article_modified_time":"2020-06-03T15:10:36+00:00","og_image":[{"width":680,"height":382,"url":"https:\/\/blgnoticiassantodomingo.net\/wp-content\/uploads\/2020\/06\/202006031323291.jpeg","type":"image\/jpeg"}],"author":"Brenda Guerrero","twitter_card":"summary_large_image","twitter_creator":"@BlgNoticias","twitter_site":"@BlgNoticias","twitter_misc":{"Escrito por":"Brenda Guerrero","Tiempo de lectura":"2 minutos"},"schema":{"@context":"https:\/\/schema.org","@graph":[{"@type":"Article","@id":"https:\/\/blgnoticiassantodomingo.net\/index.php\/2020\/06\/03\/biden-se-alza-con-la-victoria-en-las-primarias-democratas-de-eeuu-en-siete-estados-mas\/#article","isPartOf":{"@id":"https:\/\/blgnoticiassantodomingo.net\/index.php\/2020\/06\/03\/biden-se-alza-con-la-victoria-en-las-primarias-democratas-de-eeuu-en-siete-estados-mas\/"},"author":{"name":"Brenda Guerrero","@id":"https:\/\/blgnoticiassantodomingo.net\/#\/schema\/person\/e2fc21cf88acc63dbd134be981bff374"},"headline":"Biden se alza con la victoria en las primarias dem\u00f3cratas de EEUU en siete estados m\u00e1s","datePublished":"2020-06-03T15:10:34+00:00","dateModified":"2020-06-03T15:10:36+00:00","mainEntityOfPage":{"@id":"https:\/\/blgnoticiassantodomingo.net\/index.php\/2020\/06\/03\/biden-se-alza-con-la-victoria-en-las-primarias-democratas-de-eeuu-en-siete-estados-mas\/"},"wordCount":332,"commentCount":0,"publisher":{"@id":"https:\/\/blgnoticiassantodomingo.net\/#organization"},"image":{"@id":"https:\/\/blgnoticiassantodomingo.net\/index.php\/2020\/06\/03\/biden-se-alza-con-la-victoria-en-las-primarias-democratas-de-eeuu-en-siete-estados-mas\/#primaryimage"},"thumbnailUrl":"https:\/\/blgnoticiassantodomingo.net\/wp-content\/uploads\/2020\/06\/202006031323291.jpeg","keywords":["Coronavirus","COVID-19","EE.UU"],"articleSection":["Internacionales"],"inLanguage":"es","potentialAction":[{"@type":"CommentAction","name":"Comment","target":["https:\/\/blgnoticiassantodomingo.net\/index.php\/2020\/06\/03\/biden-se-alza-con-la-victoria-en-las-primarias-democratas-de-eeuu-en-siete-estados-mas\/#respond"]}]},{"@type":"WebPage","@id":"https:\/\/blgnoticiassantodomingo.net\/index.php\/2020\/06\/03\/biden-se-alza-con-la-victoria-en-las-primarias-democratas-de-eeuu-en-siete-estados-mas\/","url":"https:\/\/blgnoticiassantodomingo.net\/index.php\/2020\/06\/03\/biden-se-alza-con-la-victoria-en-las-primarias-democratas-de-eeuu-en-siete-estados-mas\/","name":"Biden se alza con la victoria en las primarias dem\u00f3cratas de EEUU en siete estados m\u00e1s - BLG Noticias","isPartOf":{"@id":"https:\/\/blgnoticiassantodomingo.net\/#website"},"primaryImageOfPage":{"@id":"https:\/\/blgnoticiassantodomingo.net\/index.php\/2020\/06\/03\/biden-se-alza-con-la-victoria-en-las-primarias-democratas-de-eeuu-en-siete-estados-mas\/#primaryimage"},"image":{"@id":"https:\/\/blgnoticiassantodomingo.net\/index.php\/2020\/06\/03\/biden-se-alza-con-la-victoria-en-las-primarias-democratas-de-eeuu-en-siete-estados-mas\/#primaryimage"},"thumbnailUrl":"https:\/\/blgnoticiassantodomingo.net\/wp-content\/uploads\/2020\/06\/202006031323291.jpeg","datePublished":"2020-06-03T15:10:34+00:00","dateModified":"2020-06-03T15:10:36+00:00","breadcrumb":{"@id":"https:\/\/blgnoticiassantodomingo.net\/index.php\/2020\/06\/03\/biden-se-alza-con-la-victoria-en-las-primarias-democratas-de-eeuu-en-siete-estados-mas\/#breadcrumb"},"inLanguage":"es","potentialAction":[{"@type":"ReadAction","target":["https:\/\/blgnoticiassantodomingo.net\/index.php\/2020\/06\/03\/biden-se-alza-con-la-victoria-en-las-primarias-democratas-de-eeuu-en-siete-estados-mas\/"]}]},{"@type":"ImageObject","inLanguage":"es","@id":"https:\/\/blgnoticiassantodomingo.net\/index.php\/2020\/06\/03\/biden-se-alza-con-la-victoria-en-las-primarias-democratas-de-eeuu-en-siete-estados-mas\/#primaryimage","url":"https:\/\/blgnoticiassantodomingo.net\/wp-content\/uploads\/2020\/06\/202006031323291.jpeg","contentUrl":"https:\/\/blgnoticiassantodomingo.net\/wp-content\/uploads\/2020\/06\/202006031323291.jpeg","width":680,"height":382},{"@type":"BreadcrumbList","@id":"https:\/\/blgnoticiassantodomingo.net\/index.php\/2020\/06\/03\/biden-se-alza-con-la-victoria-en-las-primarias-democratas-de-eeuu-en-siete-estados-mas\/#breadcrumb","itemListElement":[{"@type":"ListItem","position":1,"name":"Portada","item":"https:\/\/blgnoticiassantodomingo.net\/"},{"@type":"ListItem","position":2,"name":"Biden se alza con la victoria en las primarias dem\u00f3cratas de EEUU en siete estados m\u00e1s"}]},{"@type":"WebSite","@id":"https:\/\/blgnoticiassantodomingo.net\/#website","url":"https:\/\/blgnoticiassantodomingo.net\/","name":"BLG Noticias","description":"Esto es Noticias","publisher":{"@id":"https:\/\/blgnoticiassantodomingo.net\/#organization"},"potentialAction":[{"@type":"SearchAction","target":{"@type":"EntryPoint","urlTemplate":"https:\/\/blgnoticiassantodomingo.net\/?s={search_term_string}"},"query-input":{"@type":"PropertyValueSpecification","valueRequired":true,"valueName":"search_term_string"}}],"inLanguage":"es"},{"@type":"Organization","@id":"https:\/\/blgnoticiassantodomingo.net\/#organization","name":"BLG Noticias","url":"https:\/\/blgnoticiassantodomingo.net\/","logo":{"@type":"ImageObject","inLanguage":"es","@id":"https:\/\/blgnoticiassantodomingo.net\/#\/schema\/logo\/image\/","url":"https:\/\/blgnoticiassantodomingo.net\/wp-content\/uploads\/2023\/12\/Diseno-sin-titulo-3.jpg","contentUrl":"https:\/\/blgnoticiassantodomingo.net\/wp-content\/uploads\/2023\/12\/Diseno-sin-titulo-3.jpg","width":500,"height":500,"caption":"BLG Noticias"},"image":{"@id":"https:\/\/blgnoticiassantodomingo.net\/#\/schema\/logo\/image\/"},"sameAs":["https:\/\/web.facebook.com\/BlgNoticias\/?locale=es_LA&_rdc=1&_rdr","https:\/\/x.com\/BlgNoticias","https:\/\/www.linkedin.com\/in\/brenda-l-santana-aa846279\/"]},{"@type":"Person","@id":"https:\/\/blgnoticiassantodomingo.net\/#\/schema\/person\/e2fc21cf88acc63dbd134be981bff374","name":"Brenda Guerrero","image":{"@type":"ImageObject","inLanguage":"es","@id":"https:\/\/blgnoticiassantodomingo.net\/#\/schema\/person\/image\/","url":"https:\/\/secure.gravatar.com\/avatar\/2f7fc4c3e3655be1580cb684bfd8ab19be702ae20879da1e072021daa02f9b8b?s=96&d=wp_user_avatar&r=g","contentUrl":"https:\/\/secure.gravatar.com\/avatar\/2f7fc4c3e3655be1580cb684bfd8ab19be702ae20879da1e072021daa02f9b8b?s=96&d=wp_user_avatar&r=g","caption":"Brenda Guerrero"},"description":"Periodista","url":"https:\/\/blgnoticiassantodomingo.net\/index.php\/author\/brenda-guerrero\/"}]}},"jetpack_featured_media_url":"https:\/\/blgnoticiassantodomingo.net\/wp-content\/uploads\/2020\/06\/202006031323291.jpeg","_links":{"self":[{"href":"https:\/\/blgnoticiassantodomingo.net\/index.php\/wp-json\/wp\/v2\/posts\/11740","targetHints":{"allow":["GET"]}}],"collection":[{"href":"https:\/\/blgnoticiassantodomingo.net\/index.php\/wp-json\/wp\/v2\/posts"}],"about":[{"href":"https:\/\/blgnoticiassantodomingo.net\/index.php\/wp-json\/wp\/v2\/types\/post"}],"author":[{"embeddable":true,"href":"https:\/\/blgnoticiassantodomingo.net\/index.php\/wp-json\/wp\/v2\/users\/2"}],"replies":[{"embeddable":true,"href":"https:\/\/blgnoticiassantodomingo.net\/index.php\/wp-json\/wp\/v2\/comments?post=11740"}],"version-history":[{"count":1,"href":"https:\/\/blgnoticiassantodomingo.net\/index.php\/wp-json\/wp\/v2\/posts\/11740\/revisions"}],"predecessor-version":[{"id":11742,"href":"https:\/\/blgnoticiassantodomingo.net\/index.php\/wp-json\/wp\/v2\/posts\/11740\/revisions\/11742"}],"wp:featuredmedia":[{"embeddable":true,"href":"https:\/\/blgnoticiassantodomingo.net\/index.php\/wp-json\/wp\/v2\/media\/11741"}],"wp:attachment":[{"href":"https:\/\/blgnoticiassantodomingo.net\/index.php\/wp-json\/wp\/v2\/media?parent=11740"}],"wp:term":[{"taxonomy":"category","embeddable":true,"href":"https:\/\/blgnoticiassantodomingo.net\/index.php\/wp-json\/wp\/v2\/categories?post=11740"},{"taxonomy":"post_tag","embeddable":true,"href":"https:\/\/blgnoticiassantodomingo.net\/index.php\/wp-json\/wp\/v2\/tags?post=11740"}],"curies":[{"name":"wp","href":"https:\/\/api.w.org\/{rel}","templated":true}]}}