{"id":11727,"date":"2020-06-03T02:56:10","date_gmt":"2020-06-03T01:56:10","guid":{"rendered":"http:\/\/blgnoticiassantodomingo.net\/?p=11727"},"modified":"2020-06-03T02:56:11","modified_gmt":"2020-06-03T01:56:11","slug":"alocucion-textual-y-visual-gustavo-montalvo-gobierno-continua-la-desescalada-y-entra-manana-2da-fase-reapertura-economica","status":"publish","type":"post","link":"https:\/\/blgnoticiassantodomingo.net\/index.php\/2020\/06\/03\/alocucion-textual-y-visual-gustavo-montalvo-gobierno-continua-la-desescalada-y-entra-manana-2da-fase-reapertura-economica\/","title":{"rendered":"(Alocuci\u00f3n textual y visual) Gustavo Montalvo Gobierno contin\u00faa la desescalada y entra ma\u00f1ana 2da fase reapertura econ\u00f3mica"},"content":{"rendered":"\n<p><\/p>\n\n\n\n<p>Gustavo Montalvo<br>Comisi\u00f3n de Alto Nivel para la prevenci\u00f3n y el control del coronavirus<\/p>\n\n\n\n<p>Pueblo dominicano,<\/p>\n\n\n\n<p>Despu\u00e9s de casi 3 meses de haberse presentado el primer caso en el pa\u00eds, vale la pena detenerse a pensar en lo que hemos logrado y c\u00f3mo nos ha ido con esta pandemia, que ha sido uno de los mayores retos que ha enfrentado la humanidad en d\u00e9cadas recientes.<\/p>\n\n\n\n<p>En cuanto al contagio, debo se\u00f1alar que el gobierno oportunamente adopt\u00f3 medidas de distanciamiento social y cierre de fronteras para disminuir el ritmo al cual se propaga el virus, logrando lo que se conoce como \u201caplanar la curva\u201d.<\/p>\n\n\n\n<p>En este sentido, hoy nuevamente, tras la aprobaci\u00f3n del Congreso Nacional, el presidente ha decretado 12 d\u00edas m\u00e1s de Estado de Emergencia.<\/p>\n\n\n\n<p>A su vez, tambi\u00e9n emiti\u00f3 el decreto 188-20 para extender el per\u00edodo del toque de queda, que permanecer\u00e1 como hasta ahora, de lunes a s\u00e1bados de 7 PM a 5 AM, y los domingos de 5 PM a 5 AM.<\/p>\n\n\n\n<p>Gracias a estas restricciones que se est\u00e1n adoptando por el Estado de Emergencia, y gracias al sacrificio de los millones de personas que nos apoyan manteniendo el distanciamiento social y las medidas de higiene, hoy podemos mostrar una de las menores tasas de contagio de la regi\u00f3n.<\/p>\n\n\n\n<p>El contagio se mide con el n\u00famero b\u00e1sico de reproducci\u00f3n, o Rt, que mide cu\u00e1ntas personas contagia una persona infectada. Para este virus muchos entienden que este indicador anda cercano a 2.5, es decir, que cada persona contagiada infecta 2.5 personas m\u00e1s.<\/p>\n\n\n\n<p>En nuestro pa\u00eds, actualmente este n\u00famero b\u00e1sico de reproducci\u00f3n ronda el 1.2 seg\u00fan estimaciones de expertos locales e internacionales, con lo cual hemos reducido a m\u00e1s de la mitad el ritmo de contagio natural del virus.<\/p>\n\n\n\n<p>Usando una base de datos del Banco Central de Chile que estima el n\u00famero b\u00e1sico de reproducci\u00f3n para los distintos pa\u00edses, Rep\u00fablica Dominicana es el segundo pa\u00eds de Am\u00e9rica Latina que m\u00e1s ha reducido el ritmo de crecimiento del n\u00famero de contagiados, solamente superado por Ecuador.<\/p>\n\n\n\n<p>Insisto, esto es un reconocimiento al sacrificio, la paciencia y disciplina de las familias dominicanas. Su esfuerzo ha valido la pena, tanto as\u00ed que, al d\u00eda de hoy, solo se est\u00e1n usando un 20% del total de camas disponibles.<\/p>\n\n\n\n<p>Esto quiere decir que el sistema de salud tiene 4 de cada 5 camas habilitadas para usarse si aumenta en el n\u00famero de casos.<\/p>\n\n\n\n<p>En la red p\u00fablica tenemos disponibles 2,595 camas habilitadas para pacientes de COVID-19 y en la privada m\u00e1s de 430.<\/p>\n\n\n\n<p>En los centros de aislamiento tambi\u00e9n tenemos capacidad para 4,011 personas m\u00e1s, en caso de ser necesario su uso.<\/p>\n\n\n\n<p>Por su parte, tambi\u00e9n tenemos m\u00e1s de 150 camas en unidades de cuidados intensivos (UCI) con ventiladores disponibles, pues al d\u00eda de hoy solo estamos usando un tercio de la capacidad instalada y habilitada para COVID 19.<\/p>\n\n\n\n<p>De todas formas, seguimos trabajando intensamente para aumentar la cantidad, y en las pr\u00f3ximas semanas se instalar\u00e1n decenas de nuevos ventiladores.<\/p>\n\n\n\n<p>En lo que respecta al manejo de los casos positivos de COVID 19, la tasa de letalidad est\u00e1 ahora en 2.86%, tambi\u00e9n una de las m\u00e1s bajas de la regi\u00f3n.<\/p>\n\n\n\n<p>Obviamente, nuestro anhelo es que no fallezca nadie, pero sabemos que la tasa mundial de fatalidad ronda cerca de 6%. Incluso, pa\u00edses de altos ingresos muestran tasas de letalidad muy superiores a la dominicana.<\/p>\n\n\n\n<p>Por todo esto, como todos saben, hace dos semanas empezamos una desescalada en 5 fases, para ir recuperando la normalidad poco a poco y lograr una convivencia segura con el virus.<\/p>\n\n\n\n<p>El d\u00eda de hoy dado que la tasa de contagio se ha aplanado y las tasas de letalidad est\u00e1n relativamente bajas, hemos decidido continuar con nuestra estrategia de desescalada, entrando este mi\u00e9rcoles a la etapa 2.<\/p>\n\n\n\n<p>Estimados compatriotas,<\/p>\n\n\n\n<p>En esta nueva fase, las microempresas de entre 1 y 10 empleados, podr\u00e1n trabajar con la totalidad de sus colaboradores.<\/p>\n\n\n\n<p>Por su lado, las empresas peque\u00f1as, que tienen entre 11 y 50 empleados, podr\u00e1n incorporar el 75% de sus trabajadores, mientras que las empresas medianas y grandes podr\u00e1n trabajar con el 50% del personal.<\/p>\n\n\n\n<p>Por supuesto, estos porcentajes aplican a los sectores que anteriormente no ten\u00edan permiso para laborar, puesto que desde los inicios se permiti\u00f3 operaci\u00f3n de agricultura, industria de manufactura, zonas francas, miner\u00eda, comercio esencial, salud, con un porcentaje prudente de trabajadores.<\/p>\n\n\n\n<p>Recordamos que ahora podr\u00e1n seguir abiertos las tiendas de los centros comerciales, pero permanecer\u00e1n cerradas las \u00e1reas de alimentos, juegos y establecimientos de recreaci\u00f3n a fin de evitar el aglomeramiento de personas.<\/p>\n\n\n\n<p>Como se hab\u00eda anunciado para esta segunda fase, a partir de esta semana y \u00fanicamente los domingos, las iglesias podr\u00e1n abrir sus puertas con un porcentaje reducido de personas.<\/p>\n\n\n\n<p>Siempre con un m\u00ednimo de 2 metros de distancia entre cada persona, y siguiendo los protocolos que se estar\u00e1n publicando.<\/p>\n\n\n\n<p>En el caso de las iglesias adventistas y otras que celebren sus cultos los s\u00e1bados, se permite que inicien, con un servicio religioso por semana.<\/p>\n\n\n\n<p>Por otro lado, los autobuses y minibuses del transporte interurbano podr\u00e1n iniciar operaciones a partir de este mi\u00e9rcoles, usando un m\u00e1ximo de 60% de los asientos, siempre con distanciamiento entre los pasajeros y siguiendo los protocolos correspondientes.<\/p>\n\n\n\n<p>Sobre los permisos de circulaci\u00f3n de personas en horario de toque de queda, quiero aclarar que esta excepci\u00f3n solo aplica a empleados de empresas que por su objeto deben laborar las 24 horas, o que su trabajo durante la noche sea absolutamente necesario.<\/p>\n\n\n\n<p>Estos permisos tambi\u00e9n han sido otorgados a personal diplom\u00e1tico y consular, autoridades civiles y funcionarios p\u00fablicos cuyas labores requieran trabajar m\u00e1s all\u00e1 del horario permitido.<\/p>\n\n\n\n<p>Debo reiterar que el transporte de carga, mercanc\u00edas y combustible puede transitar sin necesidad de portar un permiso.<\/p>\n\n\n\n<p>Los trabajadores que necesiten solicitar un permiso deben hacerlo a trav\u00e9s de su empresa en la p\u00e1gina coronavirusrd.gob.do, y que deben ingresar con el RNC y c\u00f3digo CLASS que usan para reportar a la seguridad social.<\/p>\n\n\n\n<p>Una vez realizada la solicitud, si es aprobada se le env\u00eda un link con los permisos para cada empleado solicitado, en un tiempo promedio de un d\u00eda posterior a la solicitud.<\/p>\n\n\n\n<p>Estimados conciudadanos,<\/p>\n\n\n\n<p>Les recordamos que ser\u00e1 a partir de la fase 3, que inicia el 17 de junio, que las iglesias podr\u00e1n hacer cultos tres veces por semana.<\/p>\n\n\n\n<p>Y ser\u00e1 hasta la cuarta fase, que inicia en julio, cuando se podr\u00e1n reactivar los aeropuertos, los restaurantes, los gimnasios, en fin, las actividades donde pueda aglomerarse un gran n\u00famero de personas.<\/p>\n\n\n\n<p>Al respecto, es necesario recordar que, en el momento actual, todavia no se pueden llevar a cabo reuniones sociales sin condiciones de distanciamiento f\u00edsico, incluso antes del toque de queda.<\/p>\n\n\n\n<p>Como todos hemos podido observar, se est\u00e1 produciendo un peligroso relajamiento de las precauciones en varios puntos del pa\u00eds.<\/p>\n\n\n\n<p>Por eso, se hace necesario advertir, nuevamente, de la importancia de estas medidas, porque el virus no ha desaparecido.<\/p>\n\n\n\n<p>Corremos el riesgo de que el \u00e9xito que hemos logrado hasta ahora, de controlar el Covid-19, nos lleve a perderle el miedo y olvidar su potencial de letalidad.<\/p>\n\n\n\n<p>Y lo cierto es que la experiencia internacional ya nos muestra las consecuencias que eso puede traer. Muchos pa\u00edses se han visto en la obligaci\u00f3n de dar marcha atr\u00e1s a las medidas de apertura por repuntes de contagio.<\/p>\n\n\n\n<p>Aprendamos tambi\u00e9n de ellos a ser precavidos para evitar pasos hacia atr\u00e1s.<\/p>\n\n\n\n<p>No es el momento de relajarse, es el momento de convivir responsablemente con el Covid-19.<\/p>\n\n\n\n<p>Solo as\u00ed podremos llevar a cabo la fase dos con \u00e9xito y avanzar hacia las siguientes fases con buen ritmo.<\/p>\n\n\n\n<p>Solo as\u00ed evitaremos perder el terreno ganado con tanto esfuerzo en las \u00faltimas semanas y tener que volver a adoptar medidas m\u00e1s duras.<\/p>\n\n\n\n<p>S\u00f3lo desde esa responsabilidad compartida logramos ese equilibrio necesario para maximizar tanto la salud de nuestra poblaci\u00f3n, como la r\u00e1pida recuperaci\u00f3n de nuestra econom\u00eda y nuestro bienestar social.<\/p>\n\n\n\n<p>Eso implica, para todos, el uso de la mascarilla en espacios p\u00fablicos, as\u00ed como mantener las medidas de higiene y distancia social.<\/p>\n\n\n\n<p>Vamos por buen camino, ahora el reto es no desviarnos del mismo.<\/p>\n\n\n\n<p>Y en este momento quiero dar m\u00e9rito a todos los que han luchado para que lleguemos aqu\u00ed.<\/p>\n\n\n\n<p>A los miles de m\u00e9dicos, enfermeras, bioanalistas y personal de los centros de salud que son nuestros verdaderos h\u00e9roes, que han trabajado sin descanso dando lo mejor de s\u00ed para salvar la mayor cantidad de vidas.<\/p>\n\n\n\n<p>Tambi\u00e9n a los polic\u00edas, militares y personal del orden p\u00fablico, y a todos los sectores productivos que han mantenido al pa\u00eds en funcionamiento.<br>Les damos las gracias a todos y todas.<\/p>\n\n\n\n<p>Pero m\u00e1s que hacerles llegar nuestro agradecimiento solo con palabras, quisiera pedirle a la gran familia dominicana que mostremos nuestra gratitud con hechos. Cuid\u00e1ndonos y cuidando de los dem\u00e1s.<\/p>\n\n\n\n<p>Sigamos protegiendo activamente nuestras vidas y las de nuestros seres queridos. Recordemos en todo momento que el virus est\u00e1 en la calle y que nadie es inmune. Cientos de miles de persona en todo el mundo han fallecido y siguen infect\u00e1ndose.<\/p>\n\n\n\n<p>No lo tomemos a chercha, una mascarilla mal puesta, un tumulto, un contacto, pueden llevar a la enfermedad a nuestra casa.<\/p>\n\n\n\n<p>No sumemos m\u00e1s trabajo al que d\u00eda a d\u00eda tiene nuestro personal de salud.<\/p>\n\n\n\n<p>Respetemos el trabajo de las fuerzas del orden.<\/p>\n\n\n\n<p>La pandemia no ha desaparecido, sigue entre nosotros.<\/p>\n\n\n\n<p>Sigamos haciendo las cosas de la manera ejemplar en que las hemos hecho hasta ahora, actuemos con responsabilidad y solidaridad.<\/p>\n\n\n\n<p>Porque solo juntos, solo si cada uno de nosotros pone de su parte, podremos superar por completo esta pandemia.<\/p>\n\n\n\n<p>Muchas gracias, buenas noches.<\/p>\n\n\n\n<figure class=\"wp-block-embed-youtube wp-block-embed is-type-video is-provider-youtube wp-embed-aspect-16-9 wp-has-aspect-ratio\"><div class=\"wp-block-embed__wrapper\">\n<iframe loading=\"lazy\" title=\"Gobierno anuncia entrada a fase 2 desescalada a partir de ma\u00f1ana\" width=\"696\" height=\"392\" src=\"https:\/\/www.youtube.com\/embed\/5X7oNRV1fXQ?feature=oembed&#038;enablejsapi=1\" frameborder=\"0\" allow=\"accelerometer; autoplay; clipboard-write; encrypted-media; gyroscope; picture-in-picture; web-share\" referrerpolicy=\"strict-origin-when-cross-origin\" allowfullscreen><\/iframe>\n<\/div><\/figure>\n","protected":false},"excerpt":{"rendered":"<p>Gustavo MontalvoComisi\u00f3n de Alto Nivel para la prevenci\u00f3n y el control del coronavirus Pueblo dominicano, Despu\u00e9s de casi 3 meses de haberse presentado el primer caso en el pa\u00eds, vale la pena detenerse a pensar en lo que hemos logrado y c\u00f3mo nos ha ido con esta pandemia, que ha sido uno de los mayores [&hellip;]<\/p>\n","protected":false},"author":2,"featured_media":8799,"comment_status":"open","ping_status":"open","sticky":false,"template":"","format":"standard","meta":{"footnotes":""},"categories":[220],"tags":[2064,1479,2063],"class_list":{"0":"post-11727","1":"post","2":"type-post","3":"status-publish","4":"format-standard","5":"has-post-thumbnail","7":"category-nacionales","8":"tag-desescalada","9":"tag-estado-de-emergencia","10":"tag-seguda-fase"},"yoast_head":"<!-- This site is optimized with the Yoast SEO plugin v24.9 - https:\/\/yoast.com\/wordpress\/plugins\/seo\/ -->\n<title>(Alocuci\u00f3n textual y visual) Gustavo Montalvo Gobierno contin\u00faa la desescalada y entra ma\u00f1ana 2da fase reapertura econ\u00f3mica - BLG Noticias<\/title>\n<meta name=\"robots\" content=\"index, follow, max-snippet:-1, max-image-preview:large, max-video-preview:-1\" \/>\n<link rel=\"canonical\" href=\"https:\/\/blgnoticiassantodomingo.net\/index.php\/2020\/06\/03\/alocucion-textual-y-visual-gustavo-montalvo-gobierno-continua-la-desescalada-y-entra-manana-2da-fase-reapertura-economica\/\" \/>\n<meta property=\"og:locale\" content=\"es_ES\" \/>\n<meta property=\"og:type\" content=\"article\" \/>\n<meta property=\"og:title\" content=\"(Alocuci\u00f3n textual y visual) Gustavo Montalvo Gobierno contin\u00faa la desescalada y entra ma\u00f1ana 2da fase reapertura econ\u00f3mica - BLG Noticias\" \/>\n<meta property=\"og:description\" content=\"Gustavo MontalvoComisi\u00f3n de Alto Nivel para la prevenci\u00f3n y el control del coronavirus Pueblo dominicano, Despu\u00e9s de casi 3 meses de haberse presentado el primer caso en el pa\u00eds, vale la pena detenerse a pensar en lo que hemos logrado y c\u00f3mo nos ha ido con esta pandemia, que ha sido uno de los mayores [&hellip;]\" \/>\n<meta property=\"og:url\" content=\"https:\/\/blgnoticiassantodomingo.net\/index.php\/2020\/06\/03\/alocucion-textual-y-visual-gustavo-montalvo-gobierno-continua-la-desescalada-y-entra-manana-2da-fase-reapertura-economica\/\" \/>\n<meta property=\"og:site_name\" content=\"BLG Noticias\" \/>\n<meta property=\"article:publisher\" content=\"https:\/\/web.facebook.com\/BlgNoticias\/?locale=es_LA&amp;_rdc=1&amp;_rdr\" \/>\n<meta property=\"article:published_time\" content=\"2020-06-03T01:56:10+00:00\" \/>\n<meta property=\"article:modified_time\" content=\"2020-06-03T01:56:11+00:00\" \/>\n<meta property=\"og:image\" content=\"https:\/\/blgnoticiassantodomingo.net\/wp-content\/uploads\/2020\/04\/montalvo-1-1024x682.jpg\" \/>\n\t<meta property=\"og:image:width\" content=\"1024\" \/>\n\t<meta property=\"og:image:height\" content=\"682\" \/>\n\t<meta property=\"og:image:type\" content=\"image\/jpeg\" \/>\n<meta name=\"author\" content=\"Brenda Guerrero\" \/>\n<meta name=\"twitter:card\" content=\"summary_large_image\" \/>\n<meta name=\"twitter:creator\" content=\"@BlgNoticias\" \/>\n<meta name=\"twitter:site\" content=\"@BlgNoticias\" \/>\n<meta name=\"twitter:label1\" content=\"Escrito por\" \/>\n\t<meta name=\"twitter:data1\" content=\"Brenda Guerrero\" \/>\n\t<meta name=\"twitter:label2\" content=\"Tiempo de lectura\" \/>\n\t<meta name=\"twitter:data2\" content=\"8 minutos\" \/>\n<script type=\"application\/ld+json\" class=\"yoast-schema-graph\">{\"@context\":\"https:\/\/schema.org\",\"@graph\":[{\"@type\":\"Article\",\"@id\":\"https:\/\/blgnoticiassantodomingo.net\/index.php\/2020\/06\/03\/alocucion-textual-y-visual-gustavo-montalvo-gobierno-continua-la-desescalada-y-entra-manana-2da-fase-reapertura-economica\/#article\",\"isPartOf\":{\"@id\":\"https:\/\/blgnoticiassantodomingo.net\/index.php\/2020\/06\/03\/alocucion-textual-y-visual-gustavo-montalvo-gobierno-continua-la-desescalada-y-entra-manana-2da-fase-reapertura-economica\/\"},\"author\":{\"name\":\"Brenda Guerrero\",\"@id\":\"https:\/\/blgnoticiassantodomingo.net\/#\/schema\/person\/e2fc21cf88acc63dbd134be981bff374\"},\"headline\":\"(Alocuci\u00f3n textual y visual) Gustavo Montalvo Gobierno contin\u00faa la desescalada y entra ma\u00f1ana 2da fase reapertura econ\u00f3mica\",\"datePublished\":\"2020-06-03T01:56:10+00:00\",\"dateModified\":\"2020-06-03T01:56:11+00:00\",\"mainEntityOfPage\":{\"@id\":\"https:\/\/blgnoticiassantodomingo.net\/index.php\/2020\/06\/03\/alocucion-textual-y-visual-gustavo-montalvo-gobierno-continua-la-desescalada-y-entra-manana-2da-fase-reapertura-economica\/\"},\"wordCount\":1703,\"commentCount\":0,\"publisher\":{\"@id\":\"https:\/\/blgnoticiassantodomingo.net\/#organization\"},\"image\":{\"@id\":\"https:\/\/blgnoticiassantodomingo.net\/index.php\/2020\/06\/03\/alocucion-textual-y-visual-gustavo-montalvo-gobierno-continua-la-desescalada-y-entra-manana-2da-fase-reapertura-economica\/#primaryimage\"},\"thumbnailUrl\":\"https:\/\/blgnoticiassantodomingo.net\/wp-content\/uploads\/2020\/04\/montalvo-1-1024x682.jpg\",\"keywords\":[\"Desescalada\",\"Estado de Emergencia\",\"Seguda Fase\"],\"articleSection\":[\"Nacionales\"],\"inLanguage\":\"es\",\"potentialAction\":[{\"@type\":\"CommentAction\",\"name\":\"Comment\",\"target\":[\"https:\/\/blgnoticiassantodomingo.net\/index.php\/2020\/06\/03\/alocucion-textual-y-visual-gustavo-montalvo-gobierno-continua-la-desescalada-y-entra-manana-2da-fase-reapertura-economica\/#respond\"]}]},{\"@type\":\"WebPage\",\"@id\":\"https:\/\/blgnoticiassantodomingo.net\/index.php\/2020\/06\/03\/alocucion-textual-y-visual-gustavo-montalvo-gobierno-continua-la-desescalada-y-entra-manana-2da-fase-reapertura-economica\/\",\"url\":\"https:\/\/blgnoticiassantodomingo.net\/index.php\/2020\/06\/03\/alocucion-textual-y-visual-gustavo-montalvo-gobierno-continua-la-desescalada-y-entra-manana-2da-fase-reapertura-economica\/\",\"name\":\"(Alocuci\u00f3n textual y visual) Gustavo Montalvo Gobierno contin\u00faa la desescalada y entra ma\u00f1ana 2da fase reapertura econ\u00f3mica - BLG Noticias\",\"isPartOf\":{\"@id\":\"https:\/\/blgnoticiassantodomingo.net\/#website\"},\"primaryImageOfPage\":{\"@id\":\"https:\/\/blgnoticiassantodomingo.net\/index.php\/2020\/06\/03\/alocucion-textual-y-visual-gustavo-montalvo-gobierno-continua-la-desescalada-y-entra-manana-2da-fase-reapertura-economica\/#primaryimage\"},\"image\":{\"@id\":\"https:\/\/blgnoticiassantodomingo.net\/index.php\/2020\/06\/03\/alocucion-textual-y-visual-gustavo-montalvo-gobierno-continua-la-desescalada-y-entra-manana-2da-fase-reapertura-economica\/#primaryimage\"},\"thumbnailUrl\":\"https:\/\/blgnoticiassantodomingo.net\/wp-content\/uploads\/2020\/04\/montalvo-1-1024x682.jpg\",\"datePublished\":\"2020-06-03T01:56:10+00:00\",\"dateModified\":\"2020-06-03T01:56:11+00:00\",\"breadcrumb\":{\"@id\":\"https:\/\/blgnoticiassantodomingo.net\/index.php\/2020\/06\/03\/alocucion-textual-y-visual-gustavo-montalvo-gobierno-continua-la-desescalada-y-entra-manana-2da-fase-reapertura-economica\/#breadcrumb\"},\"inLanguage\":\"es\",\"potentialAction\":[{\"@type\":\"ReadAction\",\"target\":[\"https:\/\/blgnoticiassantodomingo.net\/index.php\/2020\/06\/03\/alocucion-textual-y-visual-gustavo-montalvo-gobierno-continua-la-desescalada-y-entra-manana-2da-fase-reapertura-economica\/\"]}]},{\"@type\":\"ImageObject\",\"inLanguage\":\"es\",\"@id\":\"https:\/\/blgnoticiassantodomingo.net\/index.php\/2020\/06\/03\/alocucion-textual-y-visual-gustavo-montalvo-gobierno-continua-la-desescalada-y-entra-manana-2da-fase-reapertura-economica\/#primaryimage\",\"url\":\"https:\/\/blgnoticiassantodomingo.net\/wp-content\/uploads\/2020\/04\/montalvo-1-1024x682.jpg\",\"contentUrl\":\"https:\/\/blgnoticiassantodomingo.net\/wp-content\/uploads\/2020\/04\/montalvo-1-1024x682.jpg\",\"width\":1024,\"height\":682},{\"@type\":\"BreadcrumbList\",\"@id\":\"https:\/\/blgnoticiassantodomingo.net\/index.php\/2020\/06\/03\/alocucion-textual-y-visual-gustavo-montalvo-gobierno-continua-la-desescalada-y-entra-manana-2da-fase-reapertura-economica\/#breadcrumb\",\"itemListElement\":[{\"@type\":\"ListItem\",\"position\":1,\"name\":\"Portada\",\"item\":\"https:\/\/blgnoticiassantodomingo.net\/\"},{\"@type\":\"ListItem\",\"position\":2,\"name\":\"(Alocuci\u00f3n textual y visual) Gustavo Montalvo Gobierno contin\u00faa la desescalada y entra ma\u00f1ana 2da fase reapertura econ\u00f3mica\"}]},{\"@type\":\"WebSite\",\"@id\":\"https:\/\/blgnoticiassantodomingo.net\/#website\",\"url\":\"https:\/\/blgnoticiassantodomingo.net\/\",\"name\":\"BLG Noticias\",\"description\":\"Esto es Noticias\",\"publisher\":{\"@id\":\"https:\/\/blgnoticiassantodomingo.net\/#organization\"},\"potentialAction\":[{\"@type\":\"SearchAction\",\"target\":{\"@type\":\"EntryPoint\",\"urlTemplate\":\"https:\/\/blgnoticiassantodomingo.net\/?s={search_term_string}\"},\"query-input\":{\"@type\":\"PropertyValueSpecification\",\"valueRequired\":true,\"valueName\":\"search_term_string\"}}],\"inLanguage\":\"es\"},{\"@type\":\"Organization\",\"@id\":\"https:\/\/blgnoticiassantodomingo.net\/#organization\",\"name\":\"BLG Noticias\",\"url\":\"https:\/\/blgnoticiassantodomingo.net\/\",\"logo\":{\"@type\":\"ImageObject\",\"inLanguage\":\"es\",\"@id\":\"https:\/\/blgnoticiassantodomingo.net\/#\/schema\/logo\/image\/\",\"url\":\"https:\/\/blgnoticiassantodomingo.net\/wp-content\/uploads\/2023\/12\/Diseno-sin-titulo-3.jpg\",\"contentUrl\":\"https:\/\/blgnoticiassantodomingo.net\/wp-content\/uploads\/2023\/12\/Diseno-sin-titulo-3.jpg\",\"width\":500,\"height\":500,\"caption\":\"BLG Noticias\"},\"image\":{\"@id\":\"https:\/\/blgnoticiassantodomingo.net\/#\/schema\/logo\/image\/\"},\"sameAs\":[\"https:\/\/web.facebook.com\/BlgNoticias\/?locale=es_LA&_rdc=1&_rdr\",\"https:\/\/x.com\/BlgNoticias\",\"https:\/\/www.linkedin.com\/in\/brenda-l-santana-aa846279\/\"]},{\"@type\":\"Person\",\"@id\":\"https:\/\/blgnoticiassantodomingo.net\/#\/schema\/person\/e2fc21cf88acc63dbd134be981bff374\",\"name\":\"Brenda Guerrero\",\"image\":{\"@type\":\"ImageObject\",\"inLanguage\":\"es\",\"@id\":\"https:\/\/blgnoticiassantodomingo.net\/#\/schema\/person\/image\/\",\"url\":\"https:\/\/secure.gravatar.com\/avatar\/2f7fc4c3e3655be1580cb684bfd8ab19be702ae20879da1e072021daa02f9b8b?s=96&d=wp_user_avatar&r=g\",\"contentUrl\":\"https:\/\/secure.gravatar.com\/avatar\/2f7fc4c3e3655be1580cb684bfd8ab19be702ae20879da1e072021daa02f9b8b?s=96&d=wp_user_avatar&r=g\",\"caption\":\"Brenda Guerrero\"},\"description\":\"Periodista\",\"url\":\"https:\/\/blgnoticiassantodomingo.net\/index.php\/author\/brenda-guerrero\/\"}]}<\/script>\n<!-- \/ Yoast SEO plugin. -->","yoast_head_json":{"title":"(Alocuci\u00f3n textual y visual) Gustavo Montalvo Gobierno contin\u00faa la desescalada y entra ma\u00f1ana 2da fase reapertura econ\u00f3mica - BLG Noticias","robots":{"index":"index","follow":"follow","max-snippet":"max-snippet:-1","max-image-preview":"max-image-preview:large","max-video-preview":"max-video-preview:-1"},"canonical":"https:\/\/blgnoticiassantodomingo.net\/index.php\/2020\/06\/03\/alocucion-textual-y-visual-gustavo-montalvo-gobierno-continua-la-desescalada-y-entra-manana-2da-fase-reapertura-economica\/","og_locale":"es_ES","og_type":"article","og_title":"(Alocuci\u00f3n textual y visual) Gustavo Montalvo Gobierno contin\u00faa la desescalada y entra ma\u00f1ana 2da fase reapertura econ\u00f3mica - BLG Noticias","og_description":"Gustavo MontalvoComisi\u00f3n de Alto Nivel para la prevenci\u00f3n y el control del coronavirus Pueblo dominicano, Despu\u00e9s de casi 3 meses de haberse presentado el primer caso en el pa\u00eds, vale la pena detenerse a pensar en lo que hemos logrado y c\u00f3mo nos ha ido con esta pandemia, que ha sido uno de los mayores [&hellip;]","og_url":"https:\/\/blgnoticiassantodomingo.net\/index.php\/2020\/06\/03\/alocucion-textual-y-visual-gustavo-montalvo-gobierno-continua-la-desescalada-y-entra-manana-2da-fase-reapertura-economica\/","og_site_name":"BLG Noticias","article_publisher":"https:\/\/web.facebook.com\/BlgNoticias\/?locale=es_LA&_rdc=1&_rdr","article_published_time":"2020-06-03T01:56:10+00:00","article_modified_time":"2020-06-03T01:56:11+00:00","og_image":[{"width":1024,"height":682,"url":"https:\/\/blgnoticiassantodomingo.net\/wp-content\/uploads\/2020\/04\/montalvo-1-1024x682.jpg","type":"image\/jpeg"}],"author":"Brenda Guerrero","twitter_card":"summary_large_image","twitter_creator":"@BlgNoticias","twitter_site":"@BlgNoticias","twitter_misc":{"Escrito por":"Brenda Guerrero","Tiempo de lectura":"8 minutos"},"schema":{"@context":"https:\/\/schema.org","@graph":[{"@type":"Article","@id":"https:\/\/blgnoticiassantodomingo.net\/index.php\/2020\/06\/03\/alocucion-textual-y-visual-gustavo-montalvo-gobierno-continua-la-desescalada-y-entra-manana-2da-fase-reapertura-economica\/#article","isPartOf":{"@id":"https:\/\/blgnoticiassantodomingo.net\/index.php\/2020\/06\/03\/alocucion-textual-y-visual-gustavo-montalvo-gobierno-continua-la-desescalada-y-entra-manana-2da-fase-reapertura-economica\/"},"author":{"name":"Brenda Guerrero","@id":"https:\/\/blgnoticiassantodomingo.net\/#\/schema\/person\/e2fc21cf88acc63dbd134be981bff374"},"headline":"(Alocuci\u00f3n textual y visual) Gustavo Montalvo Gobierno contin\u00faa la desescalada y entra ma\u00f1ana 2da fase reapertura econ\u00f3mica","datePublished":"2020-06-03T01:56:10+00:00","dateModified":"2020-06-03T01:56:11+00:00","mainEntityOfPage":{"@id":"https:\/\/blgnoticiassantodomingo.net\/index.php\/2020\/06\/03\/alocucion-textual-y-visual-gustavo-montalvo-gobierno-continua-la-desescalada-y-entra-manana-2da-fase-reapertura-economica\/"},"wordCount":1703,"commentCount":0,"publisher":{"@id":"https:\/\/blgnoticiassantodomingo.net\/#organization"},"image":{"@id":"https:\/\/blgnoticiassantodomingo.net\/index.php\/2020\/06\/03\/alocucion-textual-y-visual-gustavo-montalvo-gobierno-continua-la-desescalada-y-entra-manana-2da-fase-reapertura-economica\/#primaryimage"},"thumbnailUrl":"https:\/\/blgnoticiassantodomingo.net\/wp-content\/uploads\/2020\/04\/montalvo-1-1024x682.jpg","keywords":["Desescalada","Estado de Emergencia","Seguda Fase"],"articleSection":["Nacionales"],"inLanguage":"es","potentialAction":[{"@type":"CommentAction","name":"Comment","target":["https:\/\/blgnoticiassantodomingo.net\/index.php\/2020\/06\/03\/alocucion-textual-y-visual-gustavo-montalvo-gobierno-continua-la-desescalada-y-entra-manana-2da-fase-reapertura-economica\/#respond"]}]},{"@type":"WebPage","@id":"https:\/\/blgnoticiassantodomingo.net\/index.php\/2020\/06\/03\/alocucion-textual-y-visual-gustavo-montalvo-gobierno-continua-la-desescalada-y-entra-manana-2da-fase-reapertura-economica\/","url":"https:\/\/blgnoticiassantodomingo.net\/index.php\/2020\/06\/03\/alocucion-textual-y-visual-gustavo-montalvo-gobierno-continua-la-desescalada-y-entra-manana-2da-fase-reapertura-economica\/","name":"(Alocuci\u00f3n textual y visual) Gustavo Montalvo Gobierno contin\u00faa la desescalada y entra ma\u00f1ana 2da fase reapertura econ\u00f3mica - BLG Noticias","isPartOf":{"@id":"https:\/\/blgnoticiassantodomingo.net\/#website"},"primaryImageOfPage":{"@id":"https:\/\/blgnoticiassantodomingo.net\/index.php\/2020\/06\/03\/alocucion-textual-y-visual-gustavo-montalvo-gobierno-continua-la-desescalada-y-entra-manana-2da-fase-reapertura-economica\/#primaryimage"},"image":{"@id":"https:\/\/blgnoticiassantodomingo.net\/index.php\/2020\/06\/03\/alocucion-textual-y-visual-gustavo-montalvo-gobierno-continua-la-desescalada-y-entra-manana-2da-fase-reapertura-economica\/#primaryimage"},"thumbnailUrl":"https:\/\/blgnoticiassantodomingo.net\/wp-content\/uploads\/2020\/04\/montalvo-1-1024x682.jpg","datePublished":"2020-06-03T01:56:10+00:00","dateModified":"2020-06-03T01:56:11+00:00","breadcrumb":{"@id":"https:\/\/blgnoticiassantodomingo.net\/index.php\/2020\/06\/03\/alocucion-textual-y-visual-gustavo-montalvo-gobierno-continua-la-desescalada-y-entra-manana-2da-fase-reapertura-economica\/#breadcrumb"},"inLanguage":"es","potentialAction":[{"@type":"ReadAction","target":["https:\/\/blgnoticiassantodomingo.net\/index.php\/2020\/06\/03\/alocucion-textual-y-visual-gustavo-montalvo-gobierno-continua-la-desescalada-y-entra-manana-2da-fase-reapertura-economica\/"]}]},{"@type":"ImageObject","inLanguage":"es","@id":"https:\/\/blgnoticiassantodomingo.net\/index.php\/2020\/06\/03\/alocucion-textual-y-visual-gustavo-montalvo-gobierno-continua-la-desescalada-y-entra-manana-2da-fase-reapertura-economica\/#primaryimage","url":"https:\/\/blgnoticiassantodomingo.net\/wp-content\/uploads\/2020\/04\/montalvo-1-1024x682.jpg","contentUrl":"https:\/\/blgnoticiassantodomingo.net\/wp-content\/uploads\/2020\/04\/montalvo-1-1024x682.jpg","width":1024,"height":682},{"@type":"BreadcrumbList","@id":"https:\/\/blgnoticiassantodomingo.net\/index.php\/2020\/06\/03\/alocucion-textual-y-visual-gustavo-montalvo-gobierno-continua-la-desescalada-y-entra-manana-2da-fase-reapertura-economica\/#breadcrumb","itemListElement":[{"@type":"ListItem","position":1,"name":"Portada","item":"https:\/\/blgnoticiassantodomingo.net\/"},{"@type":"ListItem","position":2,"name":"(Alocuci\u00f3n textual y visual) Gustavo Montalvo Gobierno contin\u00faa la desescalada y entra ma\u00f1ana 2da fase reapertura econ\u00f3mica"}]},{"@type":"WebSite","@id":"https:\/\/blgnoticiassantodomingo.net\/#website","url":"https:\/\/blgnoticiassantodomingo.net\/","name":"BLG Noticias","description":"Esto es Noticias","publisher":{"@id":"https:\/\/blgnoticiassantodomingo.net\/#organization"},"potentialAction":[{"@type":"SearchAction","target":{"@type":"EntryPoint","urlTemplate":"https:\/\/blgnoticiassantodomingo.net\/?s={search_term_string}"},"query-input":{"@type":"PropertyValueSpecification","valueRequired":true,"valueName":"search_term_string"}}],"inLanguage":"es"},{"@type":"Organization","@id":"https:\/\/blgnoticiassantodomingo.net\/#organization","name":"BLG Noticias","url":"https:\/\/blgnoticiassantodomingo.net\/","logo":{"@type":"ImageObject","inLanguage":"es","@id":"https:\/\/blgnoticiassantodomingo.net\/#\/schema\/logo\/image\/","url":"https:\/\/blgnoticiassantodomingo.net\/wp-content\/uploads\/2023\/12\/Diseno-sin-titulo-3.jpg","contentUrl":"https:\/\/blgnoticiassantodomingo.net\/wp-content\/uploads\/2023\/12\/Diseno-sin-titulo-3.jpg","width":500,"height":500,"caption":"BLG Noticias"},"image":{"@id":"https:\/\/blgnoticiassantodomingo.net\/#\/schema\/logo\/image\/"},"sameAs":["https:\/\/web.facebook.com\/BlgNoticias\/?locale=es_LA&_rdc=1&_rdr","https:\/\/x.com\/BlgNoticias","https:\/\/www.linkedin.com\/in\/brenda-l-santana-aa846279\/"]},{"@type":"Person","@id":"https:\/\/blgnoticiassantodomingo.net\/#\/schema\/person\/e2fc21cf88acc63dbd134be981bff374","name":"Brenda Guerrero","image":{"@type":"ImageObject","inLanguage":"es","@id":"https:\/\/blgnoticiassantodomingo.net\/#\/schema\/person\/image\/","url":"https:\/\/secure.gravatar.com\/avatar\/2f7fc4c3e3655be1580cb684bfd8ab19be702ae20879da1e072021daa02f9b8b?s=96&d=wp_user_avatar&r=g","contentUrl":"https:\/\/secure.gravatar.com\/avatar\/2f7fc4c3e3655be1580cb684bfd8ab19be702ae20879da1e072021daa02f9b8b?s=96&d=wp_user_avatar&r=g","caption":"Brenda Guerrero"},"description":"Periodista","url":"https:\/\/blgnoticiassantodomingo.net\/index.php\/author\/brenda-guerrero\/"}]}},"jetpack_featured_media_url":"https:\/\/blgnoticiassantodomingo.net\/wp-content\/uploads\/2020\/04\/montalvo-1-1024x682.jpg","_links":{"self":[{"href":"https:\/\/blgnoticiassantodomingo.net\/index.php\/wp-json\/wp\/v2\/posts\/11727","targetHints":{"allow":["GET"]}}],"collection":[{"href":"https:\/\/blgnoticiassantodomingo.net\/index.php\/wp-json\/wp\/v2\/posts"}],"about":[{"href":"https:\/\/blgnoticiassantodomingo.net\/index.php\/wp-json\/wp\/v2\/types\/post"}],"author":[{"embeddable":true,"href":"https:\/\/blgnoticiassantodomingo.net\/index.php\/wp-json\/wp\/v2\/users\/2"}],"replies":[{"embeddable":true,"href":"https:\/\/blgnoticiassantodomingo.net\/index.php\/wp-json\/wp\/v2\/comments?post=11727"}],"version-history":[{"count":1,"href":"https:\/\/blgnoticiassantodomingo.net\/index.php\/wp-json\/wp\/v2\/posts\/11727\/revisions"}],"predecessor-version":[{"id":11728,"href":"https:\/\/blgnoticiassantodomingo.net\/index.php\/wp-json\/wp\/v2\/posts\/11727\/revisions\/11728"}],"wp:featuredmedia":[{"embeddable":true,"href":"https:\/\/blgnoticiassantodomingo.net\/index.php\/wp-json\/wp\/v2\/media\/8799"}],"wp:attachment":[{"href":"https:\/\/blgnoticiassantodomingo.net\/index.php\/wp-json\/wp\/v2\/media?parent=11727"}],"wp:term":[{"taxonomy":"category","embeddable":true,"href":"https:\/\/blgnoticiassantodomingo.net\/index.php\/wp-json\/wp\/v2\/categories?post=11727"},{"taxonomy":"post_tag","embeddable":true,"href":"https:\/\/blgnoticiassantodomingo.net\/index.php\/wp-json\/wp\/v2\/tags?post=11727"}],"curies":[{"name":"wp","href":"https:\/\/api.w.org\/{rel}","templated":true}]}}