{"id":11725,"date":"2020-06-03T02:39:42","date_gmt":"2020-06-03T01:39:42","guid":{"rendered":"http:\/\/blgnoticiassantodomingo.net\/?p=11725"},"modified":"2020-06-03T02:39:43","modified_gmt":"2020-06-03T01:39:43","slug":"jce-presenta-cronograma-de-fechas-claves-de-elecciones-extraordinarias-en-el-exterior-del-5-de-julio-de-2020","status":"publish","type":"post","link":"https:\/\/blgnoticiassantodomingo.net\/index.php\/2020\/06\/03\/jce-presenta-cronograma-de-fechas-claves-de-elecciones-extraordinarias-en-el-exterior-del-5-de-julio-de-2020\/","title":{"rendered":"JCE presenta Cronograma de fechas claves de Elecciones Extraordinarias en el exterior del 5 de julio de 2020"},"content":{"rendered":"\n<p>Santo Domingo.- La Junta Central Electoral (JCE) present\u00f3 este martes a los partidos pol\u00edticos el Cronograma de fechas claves de las Elecciones Extraordinarias en el exterior del 5 de julio de 2020, el cual fue aprobado por el Pleno de la JCE en la sesi\u00f3n administrativa de fecha 29 de mayo de 2020, mediante el Acta No. 39-2020.<\/p>\n\n\n\n<p><strong>Actividades establecidas en el Cronograma de fechas claves:<\/strong><\/p>\n\n\n\n<figure class=\"wp-block-table\"><table><tbody><tr><td><strong>No.<\/strong><\/td><td><strong>Actividad<\/strong><\/td><td><strong>Fecha<\/strong><\/td><\/tr><tr><td>1<\/td><td>Talleres virtuales a instructores del exterior.<\/td><td>5 de junio de 2020 (Actualizada)<\/td><\/tr><tr><td>2<\/td><td>Talleres virtuales a aspirantes de Colegios Exterior.<\/td><td>9 de junio de 2020 (Actualizada)<\/td><\/tr><tr><td>3<\/td><td>Actas finales con Recintos del Exterior (confirmaci\u00f3n formal aprobaci\u00f3n locales).<\/td><td>Hasta 5 de junio de 2020<\/td><\/tr><tr><td>4<\/td><td>Publicaci\u00f3n WEB Verif\u00edcate en el Exterior.&nbsp;<\/td><td>Desde 6 de junio de 2020<\/td><\/tr><tr><td>5<\/td><td>Preparaci\u00f3n e impresi\u00f3n padr\u00f3n f\u00edsico del Exterior.<\/td><td>Del 6 al 10 de junio de 2020<\/td><\/tr><tr><td>6<\/td><td>Entrenamiento C\u00f3mputo Electoral del Exterior.<\/td><td>Inicio15 de junio de 2020<\/td><\/tr><tr><td>7<\/td><td>Reforzamiento a presidentes y secretarios de Colegios del Exterior.<\/td><td>Del 25 de junio al 3 de julio de 2020<\/td><\/tr><tr><td>8<\/td><td>Preparaci\u00f3n del kit de log\u00edstica exterior.<\/td><td>Del 18 al 20 de junio de 2020<\/td><\/tr><tr><td>9<\/td><td>Despacho y recibo Kit Electoral del Exterior (Empresa DHL).<\/td><td>Del 21 al 28 de junio de 2020<\/td><\/tr><tr><td>10<\/td><td>Nombramiento y Credenciales a Funcionarios Colegios Electorales Exterior.<\/td><td>Del 28 al 30 de junio de 2020<\/td><\/tr><tr><td>11<\/td><td>Entrega de Kit Electoral a miembros de Colegios del Exterior (en locales de OCLEEs, en casos que aplique).<\/td><td>Del 1 al 3 de julio de 2020<\/td><\/tr><tr><td>12<\/td><td>Entrega de Kit Electoral a miembros de colegios del exterior (en recintos de votaci\u00f3n, en los casos que aplique).<\/td><td>Del 4 al 5 de julio de 2020<\/td><\/tr><tr><td>13<\/td><td>Elecciones Extraordinarias Generales<\/td><td>5 de julio de 2020<\/td><\/tr><\/tbody><\/table><\/figure>\n\n\n\n<p>Igualmente, durante la reuni\u00f3n fue presentado el segundo informe que recibi\u00f3 la JCE sobre las gestiones de Canciller\u00eda para fines de obtener las autorizaciones y permisos correspondientes del voto de los dominicanos, de fecha 01 de junio de 2020; y la relaci\u00f3n de electores por circunscripciones y por las Oficinas de Coordinaci\u00f3n de Log\u00edstica Electoral del Exterior (OCLEE), al corte del 30 de mayo de 2020, seg\u00fan la aprobaci\u00f3n de los Estados anfitriones.<\/p>\n\n\n\n<p>Por la Junta Central Electoral estuvieron presentes Mario N\u00fa\u00f1ez, Director Nacional de Elecciones; Gilberto Cruz Herasme, Director del Voto Dominicano en el Exterior; y Johnny River, Subdirector de Inform\u00e1tica.<\/p>\n","protected":false},"excerpt":{"rendered":"<p>Santo Domingo.- La Junta Central Electoral (JCE) present\u00f3 este martes a los partidos pol\u00edticos el Cronograma de fechas claves de las Elecciones Extraordinarias en el exterior del 5 de julio de 2020, el cual fue aprobado por el Pleno de la JCE en la sesi\u00f3n administrativa de fecha 29 de mayo de 2020, mediante el [&hellip;]<\/p>\n","protected":false},"author":2,"featured_media":11723,"comment_status":"open","ping_status":"open","sticky":false,"template":"","format":"standard","meta":{"footnotes":""},"categories":[220],"tags":[1094,1463,238],"class_list":{"0":"post-11725","1":"post","2":"type-post","3":"status-publish","4":"format-standard","5":"has-post-thumbnail","7":"category-nacionales","8":"tag-calendario-electoral","9":"tag-elecciones-presidenciales","10":"tag-voto-automatizado"},"yoast_head":"<!-- This site is optimized with the Yoast SEO plugin v24.9 - https:\/\/yoast.com\/wordpress\/plugins\/seo\/ -->\n<title>JCE presenta Cronograma de fechas claves de Elecciones Extraordinarias en el exterior del 5 de julio de 2020 - BLG Noticias<\/title>\n<meta name=\"robots\" content=\"index, follow, max-snippet:-1, max-image-preview:large, max-video-preview:-1\" \/>\n<link rel=\"canonical\" href=\"https:\/\/blgnoticiassantodomingo.net\/index.php\/2020\/06\/03\/jce-presenta-cronograma-de-fechas-claves-de-elecciones-extraordinarias-en-el-exterior-del-5-de-julio-de-2020\/\" \/>\n<meta property=\"og:locale\" content=\"es_ES\" \/>\n<meta property=\"og:type\" content=\"article\" \/>\n<meta property=\"og:title\" content=\"JCE presenta Cronograma de fechas claves de Elecciones Extraordinarias en el exterior del 5 de julio de 2020 - BLG Noticias\" \/>\n<meta property=\"og:description\" content=\"Santo Domingo.- La Junta Central Electoral (JCE) present\u00f3 este martes a los partidos pol\u00edticos el Cronograma de fechas claves de las Elecciones Extraordinarias en el exterior del 5 de julio de 2020, el cual fue aprobado por el Pleno de la JCE en la sesi\u00f3n administrativa de fecha 29 de mayo de 2020, mediante el [&hellip;]\" \/>\n<meta property=\"og:url\" content=\"https:\/\/blgnoticiassantodomingo.net\/index.php\/2020\/06\/03\/jce-presenta-cronograma-de-fechas-claves-de-elecciones-extraordinarias-en-el-exterior-del-5-de-julio-de-2020\/\" \/>\n<meta property=\"og:site_name\" content=\"BLG Noticias\" \/>\n<meta property=\"article:publisher\" content=\"https:\/\/web.facebook.com\/BlgNoticias\/?locale=es_LA&amp;_rdc=1&amp;_rdr\" \/>\n<meta property=\"article:published_time\" content=\"2020-06-03T01:39:42+00:00\" \/>\n<meta property=\"article:modified_time\" content=\"2020-06-03T01:39:43+00:00\" \/>\n<meta property=\"og:image\" content=\"https:\/\/blgnoticiassantodomingo.net\/wp-content\/uploads\/2020\/06\/junta_12187270_20190907185905.jpg\" \/>\n\t<meta property=\"og:image:width\" content=\"541\" \/>\n\t<meta property=\"og:image:height\" content=\"350\" \/>\n\t<meta property=\"og:image:type\" content=\"image\/jpeg\" \/>\n<meta name=\"author\" content=\"Brenda Guerrero\" \/>\n<meta name=\"twitter:card\" content=\"summary_large_image\" \/>\n<meta name=\"twitter:creator\" content=\"@BlgNoticias\" \/>\n<meta name=\"twitter:site\" content=\"@BlgNoticias\" \/>\n<meta name=\"twitter:label1\" content=\"Escrito por\" \/>\n\t<meta name=\"twitter:data1\" content=\"Brenda Guerrero\" \/>\n\t<meta name=\"twitter:label2\" content=\"Tiempo de lectura\" \/>\n\t<meta name=\"twitter:data2\" content=\"2 minutos\" \/>\n<script type=\"application\/ld+json\" class=\"yoast-schema-graph\">{\"@context\":\"https:\/\/schema.org\",\"@graph\":[{\"@type\":\"Article\",\"@id\":\"https:\/\/blgnoticiassantodomingo.net\/index.php\/2020\/06\/03\/jce-presenta-cronograma-de-fechas-claves-de-elecciones-extraordinarias-en-el-exterior-del-5-de-julio-de-2020\/#article\",\"isPartOf\":{\"@id\":\"https:\/\/blgnoticiassantodomingo.net\/index.php\/2020\/06\/03\/jce-presenta-cronograma-de-fechas-claves-de-elecciones-extraordinarias-en-el-exterior-del-5-de-julio-de-2020\/\"},\"author\":{\"name\":\"Brenda Guerrero\",\"@id\":\"https:\/\/blgnoticiassantodomingo.net\/#\/schema\/person\/e2fc21cf88acc63dbd134be981bff374\"},\"headline\":\"JCE presenta Cronograma de fechas claves de Elecciones Extraordinarias en el exterior del 5 de julio de 2020\",\"datePublished\":\"2020-06-03T01:39:42+00:00\",\"dateModified\":\"2020-06-03T01:39:43+00:00\",\"mainEntityOfPage\":{\"@id\":\"https:\/\/blgnoticiassantodomingo.net\/index.php\/2020\/06\/03\/jce-presenta-cronograma-de-fechas-claves-de-elecciones-extraordinarias-en-el-exterior-del-5-de-julio-de-2020\/\"},\"wordCount\":377,\"commentCount\":0,\"publisher\":{\"@id\":\"https:\/\/blgnoticiassantodomingo.net\/#organization\"},\"image\":{\"@id\":\"https:\/\/blgnoticiassantodomingo.net\/index.php\/2020\/06\/03\/jce-presenta-cronograma-de-fechas-claves-de-elecciones-extraordinarias-en-el-exterior-del-5-de-julio-de-2020\/#primaryimage\"},\"thumbnailUrl\":\"https:\/\/blgnoticiassantodomingo.net\/wp-content\/uploads\/2020\/06\/junta_12187270_20190907185905.jpg\",\"keywords\":[\"calendario electoral\",\"Elecciones Presidenciales\",\"Voto Automatizado\"],\"articleSection\":[\"Nacionales\"],\"inLanguage\":\"es\",\"potentialAction\":[{\"@type\":\"CommentAction\",\"name\":\"Comment\",\"target\":[\"https:\/\/blgnoticiassantodomingo.net\/index.php\/2020\/06\/03\/jce-presenta-cronograma-de-fechas-claves-de-elecciones-extraordinarias-en-el-exterior-del-5-de-julio-de-2020\/#respond\"]}]},{\"@type\":\"WebPage\",\"@id\":\"https:\/\/blgnoticiassantodomingo.net\/index.php\/2020\/06\/03\/jce-presenta-cronograma-de-fechas-claves-de-elecciones-extraordinarias-en-el-exterior-del-5-de-julio-de-2020\/\",\"url\":\"https:\/\/blgnoticiassantodomingo.net\/index.php\/2020\/06\/03\/jce-presenta-cronograma-de-fechas-claves-de-elecciones-extraordinarias-en-el-exterior-del-5-de-julio-de-2020\/\",\"name\":\"JCE presenta Cronograma de fechas claves de Elecciones Extraordinarias en el exterior del 5 de julio de 2020 - BLG Noticias\",\"isPartOf\":{\"@id\":\"https:\/\/blgnoticiassantodomingo.net\/#website\"},\"primaryImageOfPage\":{\"@id\":\"https:\/\/blgnoticiassantodomingo.net\/index.php\/2020\/06\/03\/jce-presenta-cronograma-de-fechas-claves-de-elecciones-extraordinarias-en-el-exterior-del-5-de-julio-de-2020\/#primaryimage\"},\"image\":{\"@id\":\"https:\/\/blgnoticiassantodomingo.net\/index.php\/2020\/06\/03\/jce-presenta-cronograma-de-fechas-claves-de-elecciones-extraordinarias-en-el-exterior-del-5-de-julio-de-2020\/#primaryimage\"},\"thumbnailUrl\":\"https:\/\/blgnoticiassantodomingo.net\/wp-content\/uploads\/2020\/06\/junta_12187270_20190907185905.jpg\",\"datePublished\":\"2020-06-03T01:39:42+00:00\",\"dateModified\":\"2020-06-03T01:39:43+00:00\",\"breadcrumb\":{\"@id\":\"https:\/\/blgnoticiassantodomingo.net\/index.php\/2020\/06\/03\/jce-presenta-cronograma-de-fechas-claves-de-elecciones-extraordinarias-en-el-exterior-del-5-de-julio-de-2020\/#breadcrumb\"},\"inLanguage\":\"es\",\"potentialAction\":[{\"@type\":\"ReadAction\",\"target\":[\"https:\/\/blgnoticiassantodomingo.net\/index.php\/2020\/06\/03\/jce-presenta-cronograma-de-fechas-claves-de-elecciones-extraordinarias-en-el-exterior-del-5-de-julio-de-2020\/\"]}]},{\"@type\":\"ImageObject\",\"inLanguage\":\"es\",\"@id\":\"https:\/\/blgnoticiassantodomingo.net\/index.php\/2020\/06\/03\/jce-presenta-cronograma-de-fechas-claves-de-elecciones-extraordinarias-en-el-exterior-del-5-de-julio-de-2020\/#primaryimage\",\"url\":\"https:\/\/blgnoticiassantodomingo.net\/wp-content\/uploads\/2020\/06\/junta_12187270_20190907185905.jpg\",\"contentUrl\":\"https:\/\/blgnoticiassantodomingo.net\/wp-content\/uploads\/2020\/06\/junta_12187270_20190907185905.jpg\",\"width\":541,\"height\":350},{\"@type\":\"BreadcrumbList\",\"@id\":\"https:\/\/blgnoticiassantodomingo.net\/index.php\/2020\/06\/03\/jce-presenta-cronograma-de-fechas-claves-de-elecciones-extraordinarias-en-el-exterior-del-5-de-julio-de-2020\/#breadcrumb\",\"itemListElement\":[{\"@type\":\"ListItem\",\"position\":1,\"name\":\"Portada\",\"item\":\"https:\/\/blgnoticiassantodomingo.net\/\"},{\"@type\":\"ListItem\",\"position\":2,\"name\":\"JCE presenta Cronograma de fechas claves de Elecciones Extraordinarias en el exterior del 5 de julio de 2020\"}]},{\"@type\":\"WebSite\",\"@id\":\"https:\/\/blgnoticiassantodomingo.net\/#website\",\"url\":\"https:\/\/blgnoticiassantodomingo.net\/\",\"name\":\"BLG Noticias\",\"description\":\"Esto es Noticias\",\"publisher\":{\"@id\":\"https:\/\/blgnoticiassantodomingo.net\/#organization\"},\"potentialAction\":[{\"@type\":\"SearchAction\",\"target\":{\"@type\":\"EntryPoint\",\"urlTemplate\":\"https:\/\/blgnoticiassantodomingo.net\/?s={search_term_string}\"},\"query-input\":{\"@type\":\"PropertyValueSpecification\",\"valueRequired\":true,\"valueName\":\"search_term_string\"}}],\"inLanguage\":\"es\"},{\"@type\":\"Organization\",\"@id\":\"https:\/\/blgnoticiassantodomingo.net\/#organization\",\"name\":\"BLG Noticias\",\"url\":\"https:\/\/blgnoticiassantodomingo.net\/\",\"logo\":{\"@type\":\"ImageObject\",\"inLanguage\":\"es\",\"@id\":\"https:\/\/blgnoticiassantodomingo.net\/#\/schema\/logo\/image\/\",\"url\":\"https:\/\/blgnoticiassantodomingo.net\/wp-content\/uploads\/2023\/12\/Diseno-sin-titulo-3.jpg\",\"contentUrl\":\"https:\/\/blgnoticiassantodomingo.net\/wp-content\/uploads\/2023\/12\/Diseno-sin-titulo-3.jpg\",\"width\":500,\"height\":500,\"caption\":\"BLG Noticias\"},\"image\":{\"@id\":\"https:\/\/blgnoticiassantodomingo.net\/#\/schema\/logo\/image\/\"},\"sameAs\":[\"https:\/\/web.facebook.com\/BlgNoticias\/?locale=es_LA&_rdc=1&_rdr\",\"https:\/\/x.com\/BlgNoticias\",\"https:\/\/www.linkedin.com\/in\/brenda-l-santana-aa846279\/\"]},{\"@type\":\"Person\",\"@id\":\"https:\/\/blgnoticiassantodomingo.net\/#\/schema\/person\/e2fc21cf88acc63dbd134be981bff374\",\"name\":\"Brenda Guerrero\",\"image\":{\"@type\":\"ImageObject\",\"inLanguage\":\"es\",\"@id\":\"https:\/\/blgnoticiassantodomingo.net\/#\/schema\/person\/image\/\",\"url\":\"https:\/\/secure.gravatar.com\/avatar\/2f7fc4c3e3655be1580cb684bfd8ab19be702ae20879da1e072021daa02f9b8b?s=96&d=wp_user_avatar&r=g\",\"contentUrl\":\"https:\/\/secure.gravatar.com\/avatar\/2f7fc4c3e3655be1580cb684bfd8ab19be702ae20879da1e072021daa02f9b8b?s=96&d=wp_user_avatar&r=g\",\"caption\":\"Brenda Guerrero\"},\"description\":\"Periodista\",\"url\":\"https:\/\/blgnoticiassantodomingo.net\/index.php\/author\/brenda-guerrero\/\"}]}<\/script>\n<!-- \/ Yoast SEO plugin. -->","yoast_head_json":{"title":"JCE presenta Cronograma de fechas claves de Elecciones Extraordinarias en el exterior del 5 de julio de 2020 - BLG Noticias","robots":{"index":"index","follow":"follow","max-snippet":"max-snippet:-1","max-image-preview":"max-image-preview:large","max-video-preview":"max-video-preview:-1"},"canonical":"https:\/\/blgnoticiassantodomingo.net\/index.php\/2020\/06\/03\/jce-presenta-cronograma-de-fechas-claves-de-elecciones-extraordinarias-en-el-exterior-del-5-de-julio-de-2020\/","og_locale":"es_ES","og_type":"article","og_title":"JCE presenta Cronograma de fechas claves de Elecciones Extraordinarias en el exterior del 5 de julio de 2020 - BLG Noticias","og_description":"Santo Domingo.- La Junta Central Electoral (JCE) present\u00f3 este martes a los partidos pol\u00edticos el Cronograma de fechas claves de las Elecciones Extraordinarias en el exterior del 5 de julio de 2020, el cual fue aprobado por el Pleno de la JCE en la sesi\u00f3n administrativa de fecha 29 de mayo de 2020, mediante el [&hellip;]","og_url":"https:\/\/blgnoticiassantodomingo.net\/index.php\/2020\/06\/03\/jce-presenta-cronograma-de-fechas-claves-de-elecciones-extraordinarias-en-el-exterior-del-5-de-julio-de-2020\/","og_site_name":"BLG Noticias","article_publisher":"https:\/\/web.facebook.com\/BlgNoticias\/?locale=es_LA&_rdc=1&_rdr","article_published_time":"2020-06-03T01:39:42+00:00","article_modified_time":"2020-06-03T01:39:43+00:00","og_image":[{"width":541,"height":350,"url":"https:\/\/blgnoticiassantodomingo.net\/wp-content\/uploads\/2020\/06\/junta_12187270_20190907185905.jpg","type":"image\/jpeg"}],"author":"Brenda Guerrero","twitter_card":"summary_large_image","twitter_creator":"@BlgNoticias","twitter_site":"@BlgNoticias","twitter_misc":{"Escrito por":"Brenda Guerrero","Tiempo de lectura":"2 minutos"},"schema":{"@context":"https:\/\/schema.org","@graph":[{"@type":"Article","@id":"https:\/\/blgnoticiassantodomingo.net\/index.php\/2020\/06\/03\/jce-presenta-cronograma-de-fechas-claves-de-elecciones-extraordinarias-en-el-exterior-del-5-de-julio-de-2020\/#article","isPartOf":{"@id":"https:\/\/blgnoticiassantodomingo.net\/index.php\/2020\/06\/03\/jce-presenta-cronograma-de-fechas-claves-de-elecciones-extraordinarias-en-el-exterior-del-5-de-julio-de-2020\/"},"author":{"name":"Brenda Guerrero","@id":"https:\/\/blgnoticiassantodomingo.net\/#\/schema\/person\/e2fc21cf88acc63dbd134be981bff374"},"headline":"JCE presenta Cronograma de fechas claves de Elecciones Extraordinarias en el exterior del 5 de julio de 2020","datePublished":"2020-06-03T01:39:42+00:00","dateModified":"2020-06-03T01:39:43+00:00","mainEntityOfPage":{"@id":"https:\/\/blgnoticiassantodomingo.net\/index.php\/2020\/06\/03\/jce-presenta-cronograma-de-fechas-claves-de-elecciones-extraordinarias-en-el-exterior-del-5-de-julio-de-2020\/"},"wordCount":377,"commentCount":0,"publisher":{"@id":"https:\/\/blgnoticiassantodomingo.net\/#organization"},"image":{"@id":"https:\/\/blgnoticiassantodomingo.net\/index.php\/2020\/06\/03\/jce-presenta-cronograma-de-fechas-claves-de-elecciones-extraordinarias-en-el-exterior-del-5-de-julio-de-2020\/#primaryimage"},"thumbnailUrl":"https:\/\/blgnoticiassantodomingo.net\/wp-content\/uploads\/2020\/06\/junta_12187270_20190907185905.jpg","keywords":["calendario electoral","Elecciones Presidenciales","Voto Automatizado"],"articleSection":["Nacionales"],"inLanguage":"es","potentialAction":[{"@type":"CommentAction","name":"Comment","target":["https:\/\/blgnoticiassantodomingo.net\/index.php\/2020\/06\/03\/jce-presenta-cronograma-de-fechas-claves-de-elecciones-extraordinarias-en-el-exterior-del-5-de-julio-de-2020\/#respond"]}]},{"@type":"WebPage","@id":"https:\/\/blgnoticiassantodomingo.net\/index.php\/2020\/06\/03\/jce-presenta-cronograma-de-fechas-claves-de-elecciones-extraordinarias-en-el-exterior-del-5-de-julio-de-2020\/","url":"https:\/\/blgnoticiassantodomingo.net\/index.php\/2020\/06\/03\/jce-presenta-cronograma-de-fechas-claves-de-elecciones-extraordinarias-en-el-exterior-del-5-de-julio-de-2020\/","name":"JCE presenta Cronograma de fechas claves de Elecciones Extraordinarias en el exterior del 5 de julio de 2020 - BLG Noticias","isPartOf":{"@id":"https:\/\/blgnoticiassantodomingo.net\/#website"},"primaryImageOfPage":{"@id":"https:\/\/blgnoticiassantodomingo.net\/index.php\/2020\/06\/03\/jce-presenta-cronograma-de-fechas-claves-de-elecciones-extraordinarias-en-el-exterior-del-5-de-julio-de-2020\/#primaryimage"},"image":{"@id":"https:\/\/blgnoticiassantodomingo.net\/index.php\/2020\/06\/03\/jce-presenta-cronograma-de-fechas-claves-de-elecciones-extraordinarias-en-el-exterior-del-5-de-julio-de-2020\/#primaryimage"},"thumbnailUrl":"https:\/\/blgnoticiassantodomingo.net\/wp-content\/uploads\/2020\/06\/junta_12187270_20190907185905.jpg","datePublished":"2020-06-03T01:39:42+00:00","dateModified":"2020-06-03T01:39:43+00:00","breadcrumb":{"@id":"https:\/\/blgnoticiassantodomingo.net\/index.php\/2020\/06\/03\/jce-presenta-cronograma-de-fechas-claves-de-elecciones-extraordinarias-en-el-exterior-del-5-de-julio-de-2020\/#breadcrumb"},"inLanguage":"es","potentialAction":[{"@type":"ReadAction","target":["https:\/\/blgnoticiassantodomingo.net\/index.php\/2020\/06\/03\/jce-presenta-cronograma-de-fechas-claves-de-elecciones-extraordinarias-en-el-exterior-del-5-de-julio-de-2020\/"]}]},{"@type":"ImageObject","inLanguage":"es","@id":"https:\/\/blgnoticiassantodomingo.net\/index.php\/2020\/06\/03\/jce-presenta-cronograma-de-fechas-claves-de-elecciones-extraordinarias-en-el-exterior-del-5-de-julio-de-2020\/#primaryimage","url":"https:\/\/blgnoticiassantodomingo.net\/wp-content\/uploads\/2020\/06\/junta_12187270_20190907185905.jpg","contentUrl":"https:\/\/blgnoticiassantodomingo.net\/wp-content\/uploads\/2020\/06\/junta_12187270_20190907185905.jpg","width":541,"height":350},{"@type":"BreadcrumbList","@id":"https:\/\/blgnoticiassantodomingo.net\/index.php\/2020\/06\/03\/jce-presenta-cronograma-de-fechas-claves-de-elecciones-extraordinarias-en-el-exterior-del-5-de-julio-de-2020\/#breadcrumb","itemListElement":[{"@type":"ListItem","position":1,"name":"Portada","item":"https:\/\/blgnoticiassantodomingo.net\/"},{"@type":"ListItem","position":2,"name":"JCE presenta Cronograma de fechas claves de Elecciones Extraordinarias en el exterior del 5 de julio de 2020"}]},{"@type":"WebSite","@id":"https:\/\/blgnoticiassantodomingo.net\/#website","url":"https:\/\/blgnoticiassantodomingo.net\/","name":"BLG Noticias","description":"Esto es Noticias","publisher":{"@id":"https:\/\/blgnoticiassantodomingo.net\/#organization"},"potentialAction":[{"@type":"SearchAction","target":{"@type":"EntryPoint","urlTemplate":"https:\/\/blgnoticiassantodomingo.net\/?s={search_term_string}"},"query-input":{"@type":"PropertyValueSpecification","valueRequired":true,"valueName":"search_term_string"}}],"inLanguage":"es"},{"@type":"Organization","@id":"https:\/\/blgnoticiassantodomingo.net\/#organization","name":"BLG Noticias","url":"https:\/\/blgnoticiassantodomingo.net\/","logo":{"@type":"ImageObject","inLanguage":"es","@id":"https:\/\/blgnoticiassantodomingo.net\/#\/schema\/logo\/image\/","url":"https:\/\/blgnoticiassantodomingo.net\/wp-content\/uploads\/2023\/12\/Diseno-sin-titulo-3.jpg","contentUrl":"https:\/\/blgnoticiassantodomingo.net\/wp-content\/uploads\/2023\/12\/Diseno-sin-titulo-3.jpg","width":500,"height":500,"caption":"BLG Noticias"},"image":{"@id":"https:\/\/blgnoticiassantodomingo.net\/#\/schema\/logo\/image\/"},"sameAs":["https:\/\/web.facebook.com\/BlgNoticias\/?locale=es_LA&_rdc=1&_rdr","https:\/\/x.com\/BlgNoticias","https:\/\/www.linkedin.com\/in\/brenda-l-santana-aa846279\/"]},{"@type":"Person","@id":"https:\/\/blgnoticiassantodomingo.net\/#\/schema\/person\/e2fc21cf88acc63dbd134be981bff374","name":"Brenda Guerrero","image":{"@type":"ImageObject","inLanguage":"es","@id":"https:\/\/blgnoticiassantodomingo.net\/#\/schema\/person\/image\/","url":"https:\/\/secure.gravatar.com\/avatar\/2f7fc4c3e3655be1580cb684bfd8ab19be702ae20879da1e072021daa02f9b8b?s=96&d=wp_user_avatar&r=g","contentUrl":"https:\/\/secure.gravatar.com\/avatar\/2f7fc4c3e3655be1580cb684bfd8ab19be702ae20879da1e072021daa02f9b8b?s=96&d=wp_user_avatar&r=g","caption":"Brenda Guerrero"},"description":"Periodista","url":"https:\/\/blgnoticiassantodomingo.net\/index.php\/author\/brenda-guerrero\/"}]}},"jetpack_featured_media_url":"https:\/\/blgnoticiassantodomingo.net\/wp-content\/uploads\/2020\/06\/junta_12187270_20190907185905.jpg","_links":{"self":[{"href":"https:\/\/blgnoticiassantodomingo.net\/index.php\/wp-json\/wp\/v2\/posts\/11725","targetHints":{"allow":["GET"]}}],"collection":[{"href":"https:\/\/blgnoticiassantodomingo.net\/index.php\/wp-json\/wp\/v2\/posts"}],"about":[{"href":"https:\/\/blgnoticiassantodomingo.net\/index.php\/wp-json\/wp\/v2\/types\/post"}],"author":[{"embeddable":true,"href":"https:\/\/blgnoticiassantodomingo.net\/index.php\/wp-json\/wp\/v2\/users\/2"}],"replies":[{"embeddable":true,"href":"https:\/\/blgnoticiassantodomingo.net\/index.php\/wp-json\/wp\/v2\/comments?post=11725"}],"version-history":[{"count":1,"href":"https:\/\/blgnoticiassantodomingo.net\/index.php\/wp-json\/wp\/v2\/posts\/11725\/revisions"}],"predecessor-version":[{"id":11726,"href":"https:\/\/blgnoticiassantodomingo.net\/index.php\/wp-json\/wp\/v2\/posts\/11725\/revisions\/11726"}],"wp:featuredmedia":[{"embeddable":true,"href":"https:\/\/blgnoticiassantodomingo.net\/index.php\/wp-json\/wp\/v2\/media\/11723"}],"wp:attachment":[{"href":"https:\/\/blgnoticiassantodomingo.net\/index.php\/wp-json\/wp\/v2\/media?parent=11725"}],"wp:term":[{"taxonomy":"category","embeddable":true,"href":"https:\/\/blgnoticiassantodomingo.net\/index.php\/wp-json\/wp\/v2\/categories?post=11725"},{"taxonomy":"post_tag","embeddable":true,"href":"https:\/\/blgnoticiassantodomingo.net\/index.php\/wp-json\/wp\/v2\/tags?post=11725"}],"curies":[{"name":"wp","href":"https:\/\/api.w.org\/{rel}","templated":true}]}}