{"id":11661,"date":"2020-06-01T21:12:57","date_gmt":"2020-06-01T20:12:57","guid":{"rendered":"http:\/\/blgnoticiassantodomingo.net\/?p=11661"},"modified":"2020-06-01T21:12:59","modified_gmt":"2020-06-01T20:12:59","slug":"senado-aprueba-resolucion-prorroga-por-12-dias-mas-estado-de-emergencia-para-enfrentar-propagacion-del-covid-19","status":"publish","type":"post","link":"https:\/\/blgnoticiassantodomingo.net\/index.php\/2020\/06\/01\/senado-aprueba-resolucion-prorroga-por-12-dias-mas-estado-de-emergencia-para-enfrentar-propagacion-del-covid-19\/","title":{"rendered":"Senado aprueba Resoluci\u00f3n pr\u00f3rroga por 12 d\u00edas m\u00e1s estado de emergencia para enfrentar propagaci\u00f3n del COVID-19"},"content":{"rendered":"\n<p><strong>Santo Domingo<\/strong>.-&nbsp;El Senado aprob\u00f3 este lunes la Resoluci\u00f3n que autoriza al Presidente de la Rep\u00fablica extender por un plazo de 12 d\u00edas&nbsp;m\u00e1s el estado de emergencia en todo el territorio nacional, en el Decreto presidencial No. 134-20 el 19 de marzo del a\u00f1o en curso.<\/p>\n\n\n\n<p>Esta resoluci\u00f3n fue sancionada con el voto de 17 senadores presentes en la sesi\u00f3n.<\/p>\n\n\n\n<p>El mandatario solicit\u00f3&nbsp;la pr\u00f3rroga del estado de excepci\u00f3n previsto en el art\u00edculo 265 de la Constituci\u00f3n y en el art\u00edculo 10 de la Ley No. 21-18 declarado mediante del Decreto No.134-20, ambas del 19 de marzo del a\u00f1o en curso con base a la autorizaci\u00f3n otorgada por el Congreso Nacional a trav\u00e9s de la Resoluci\u00f3n No. 62-20 y 63-20 de la misma fecha para enfrentar el brote de Coronavirus.&nbsp;<\/p>\n\n\n\n<figure class=\"wp-block-image size-large\"><img decoding=\"async\" width=\"1024\" height=\"666\" src=\"https:\/\/blgnoticiassantodomingo.net\/wp-content\/uploads\/2020\/06\/828C30BD-95C1-418F-BEB6-8D493F26B0B1-1024x666.jpeg\" alt=\"\" class=\"wp-image-11664\" srcset=\"https:\/\/blgnoticiassantodomingo.net\/wp-content\/uploads\/2020\/06\/828C30BD-95C1-418F-BEB6-8D493F26B0B1-1024x666.jpeg 1024w, https:\/\/blgnoticiassantodomingo.net\/wp-content\/uploads\/2020\/06\/828C30BD-95C1-418F-BEB6-8D493F26B0B1-300x195.jpeg 300w, https:\/\/blgnoticiassantodomingo.net\/wp-content\/uploads\/2020\/06\/828C30BD-95C1-418F-BEB6-8D493F26B0B1-768x500.jpeg 768w, https:\/\/blgnoticiassantodomingo.net\/wp-content\/uploads\/2020\/06\/828C30BD-95C1-418F-BEB6-8D493F26B0B1.jpeg 1242w\" sizes=\"(max-width: 1024px) 100vw, 1024px\" \/><\/figure>\n\n\n\n<p>El presidente de la Comisi\u00f3n Bicameral del Senado que da&nbsp;seguimiento al estado de emergencia, Luis Ren\u00e9 Cana\u00e1n, agot\u00f3 un turno en la sesi\u00f3n para dar lectura al quinto informe enviado por el Poder Ejecutivo al Senado, en cumplimiento con lo establecido por la Constituci\u00f3n.<\/p>\n\n\n\n<p>En la carta enviada por el Presidente de la Republica, Danilo Medina, se detalla&nbsp;que ante la evoluci\u00f3n favorable de la primera fase,&nbsp;el 3 de junio se dar\u00e1 inicio a la segunda fase de desescalada de las cuatro previstas inicialmente por el Gobierno.<\/p>\n\n\n\n<p>Indica que por el momento en esta fase se contempla \u00fanicamente el regreso al trabajo, porque a\u00fan no se han materializado las condiciones para hablar de una fecha de reapertura para las actividades&nbsp;&nbsp;que involucran&nbsp;&nbsp;alta densidad de personas.<\/p>\n\n\n\n<p>\u201cEn esta fase podr\u00e1n regresar al trabajo el cien por ciento de los empleados de las micro empresas, el 75 por ciento del personal&nbsp;&nbsp;de las peque\u00f1as, y el cincuenta por ciento de los empleados de las medianas y grandes empresas, adicion\u00e1ndose, adem\u00e1s, juego de azar, excepto casinos,&nbsp;&nbsp;y transporte colectivo privados\u201d.<\/p>\n\n\n\n<p>En el \u00e1mbito educativo se estableci\u00f3 que los centros educativos continuar\u00e1n cerrados, por el momento el Consejo Nacional&nbsp;de Educaci\u00f3n dictamin\u00f3 que el lunes 24 de agosto del 2020 iniciar\u00e1&nbsp;&nbsp;el a\u00f1o escolar 2020-2021, siguiendo&nbsp;&nbsp;un protocolo de Salud P\u00fablica.<\/p>\n\n\n\n<p>Entre las medidas econ\u00f3micas destacan, la de decisi\u00f3n de la Comisi\u00f3n para Asuntos Sociales, de continuar brindando la asistencia al mismo ritmo, continuar\u00e1n&nbsp;activos durante el mes de julio los programas \u201cQu\u00e9date en casa\u201d y \u201cFase\u2019\u2019.<\/p>\n\n\n\n<p>Seg\u00fan el informe, con los programas \u201cFase\u201d y \u201cQu\u00e9date en casa\u2019\u2019 se han apoyado a m\u00e1s de 2.3 millones de hogares dominicanos.<\/p>\n\n\n\n<p>El presidente Danilo Medina solicit\u00f3 &nbsp;al Congreso Nacional la pr\u00f3rroga por 25 d\u00edas, la cual fue acogida por el Senado de la Rep\u00fablica, y modificada por la C\u00e1mara de Diputados, que s\u00f3lo aprob\u00f3&nbsp;&nbsp;12 d\u00edas m\u00e1s de pr\u00f3rroga.<\/p>\n\n\n\n<p><strong>Otros proyectos<\/strong><strong><\/strong><\/p>\n\n\n\n<p>Los senadores aprobaron en primera lectura el&nbsp;proyecto de Ley de Agua; iniciativa que seg\u00fan el presidente de la Comisi\u00f3n&nbsp;&nbsp;Bicameral que tiene a su cargo el estudio del referido proyecto Ley, senador F\u00e9lix Nova,&nbsp;&nbsp;consta de 144 art\u00edculos.<\/p>\n\n\n\n<p>\u201cAll\u00ed est\u00e1 contemplado todo el tema de gobernanza y rector\u00eda referente al recurso&nbsp;agua. Siempre el gran problema que tuvimos fue el tema de c\u00f3mo ponernos de acuerdo sobre la gobernanza\u2019\u2019, dijo el senador F\u00e9lix Nova.<\/p>\n\n\n\n<p>Tambi\u00e9n, fue aprobado en primera lectura el convenio de cr\u00e9dito numero&nbsp;&nbsp;1062 03M suscrito por la Rep\u00fablica Dominicana y la Agencia Francesa de Desarrollo para el financiamiento del proyecto de aumento de capacidad de transporte de la l\u00ednea uno del&nbsp;&nbsp;Metro de Santo Domingo por un monto de 44 millones novecientos&nbsp;&nbsp;76 mil novecientos 62 euros.<\/p>\n","protected":false},"excerpt":{"rendered":"<p>Santo Domingo.-&nbsp;El Senado aprob\u00f3 este lunes la Resoluci\u00f3n que autoriza al Presidente de la Rep\u00fablica extender por un plazo de 12 d\u00edas&nbsp;m\u00e1s el estado de emergencia en todo el territorio nacional, en el Decreto presidencial No. 134-20 el 19 de marzo del a\u00f1o en curso. Esta resoluci\u00f3n fue sancionada con el voto de 17 senadores [&hellip;]<\/p>\n","protected":false},"author":2,"featured_media":11663,"comment_status":"open","ping_status":"open","sticky":false,"template":"","format":"standard","meta":{"footnotes":""},"categories":[220],"tags":[1479,294],"class_list":{"0":"post-11661","1":"post","2":"type-post","3":"status-publish","4":"format-standard","5":"has-post-thumbnail","7":"category-nacionales","8":"tag-estado-de-emergencia","9":"tag-senado-de-la-republica"},"yoast_head":"<!-- This site is optimized with the Yoast SEO plugin v24.9 - https:\/\/yoast.com\/wordpress\/plugins\/seo\/ -->\n<title>Senado aprueba Resoluci\u00f3n pr\u00f3rroga por 12 d\u00edas m\u00e1s estado de emergencia para enfrentar propagaci\u00f3n del COVID-19 - BLG Noticias<\/title>\n<meta name=\"robots\" content=\"index, follow, max-snippet:-1, max-image-preview:large, max-video-preview:-1\" \/>\n<link rel=\"canonical\" href=\"https:\/\/blgnoticiassantodomingo.net\/index.php\/2020\/06\/01\/senado-aprueba-resolucion-prorroga-por-12-dias-mas-estado-de-emergencia-para-enfrentar-propagacion-del-covid-19\/\" \/>\n<meta property=\"og:locale\" content=\"es_ES\" \/>\n<meta property=\"og:type\" content=\"article\" \/>\n<meta property=\"og:title\" content=\"Senado aprueba Resoluci\u00f3n pr\u00f3rroga por 12 d\u00edas m\u00e1s estado de emergencia para enfrentar propagaci\u00f3n del COVID-19 - BLG Noticias\" \/>\n<meta property=\"og:description\" content=\"Santo Domingo.-&nbsp;El Senado aprob\u00f3 este lunes la Resoluci\u00f3n que autoriza al Presidente de la Rep\u00fablica extender por un plazo de 12 d\u00edas&nbsp;m\u00e1s el estado de emergencia en todo el territorio nacional, en el Decreto presidencial No. 134-20 el 19 de marzo del a\u00f1o en curso. Esta resoluci\u00f3n fue sancionada con el voto de 17 senadores [&hellip;]\" \/>\n<meta property=\"og:url\" content=\"https:\/\/blgnoticiassantodomingo.net\/index.php\/2020\/06\/01\/senado-aprueba-resolucion-prorroga-por-12-dias-mas-estado-de-emergencia-para-enfrentar-propagacion-del-covid-19\/\" \/>\n<meta property=\"og:site_name\" content=\"BLG Noticias\" \/>\n<meta property=\"article:publisher\" content=\"https:\/\/web.facebook.com\/BlgNoticias\/?locale=es_LA&amp;_rdc=1&amp;_rdr\" \/>\n<meta property=\"article:published_time\" content=\"2020-06-01T20:12:57+00:00\" \/>\n<meta property=\"article:modified_time\" content=\"2020-06-01T20:12:59+00:00\" \/>\n<meta property=\"og:image\" content=\"https:\/\/blgnoticiassantodomingo.net\/wp-content\/uploads\/2020\/06\/38856F87-2E12-46A5-918A-13C3D185DD22.jpeg\" \/>\n\t<meta property=\"og:image:width\" content=\"1242\" \/>\n\t<meta property=\"og:image:height\" content=\"803\" \/>\n\t<meta property=\"og:image:type\" content=\"image\/jpeg\" \/>\n<meta name=\"author\" content=\"Brenda Guerrero\" \/>\n<meta name=\"twitter:card\" content=\"summary_large_image\" \/>\n<meta name=\"twitter:creator\" content=\"@BlgNoticias\" \/>\n<meta name=\"twitter:site\" content=\"@BlgNoticias\" \/>\n<meta name=\"twitter:label1\" content=\"Escrito por\" \/>\n\t<meta name=\"twitter:data1\" content=\"Brenda Guerrero\" \/>\n\t<meta name=\"twitter:label2\" content=\"Tiempo de lectura\" \/>\n\t<meta name=\"twitter:data2\" content=\"3 minutos\" \/>\n<script type=\"application\/ld+json\" class=\"yoast-schema-graph\">{\"@context\":\"https:\/\/schema.org\",\"@graph\":[{\"@type\":\"Article\",\"@id\":\"https:\/\/blgnoticiassantodomingo.net\/index.php\/2020\/06\/01\/senado-aprueba-resolucion-prorroga-por-12-dias-mas-estado-de-emergencia-para-enfrentar-propagacion-del-covid-19\/#article\",\"isPartOf\":{\"@id\":\"https:\/\/blgnoticiassantodomingo.net\/index.php\/2020\/06\/01\/senado-aprueba-resolucion-prorroga-por-12-dias-mas-estado-de-emergencia-para-enfrentar-propagacion-del-covid-19\/\"},\"author\":{\"name\":\"Brenda Guerrero\",\"@id\":\"https:\/\/blgnoticiassantodomingo.net\/#\/schema\/person\/e2fc21cf88acc63dbd134be981bff374\"},\"headline\":\"Senado aprueba Resoluci\u00f3n pr\u00f3rroga por 12 d\u00edas m\u00e1s estado de emergencia para enfrentar propagaci\u00f3n del COVID-19\",\"datePublished\":\"2020-06-01T20:12:57+00:00\",\"dateModified\":\"2020-06-01T20:12:59+00:00\",\"mainEntityOfPage\":{\"@id\":\"https:\/\/blgnoticiassantodomingo.net\/index.php\/2020\/06\/01\/senado-aprueba-resolucion-prorroga-por-12-dias-mas-estado-de-emergencia-para-enfrentar-propagacion-del-covid-19\/\"},\"wordCount\":677,\"commentCount\":0,\"publisher\":{\"@id\":\"https:\/\/blgnoticiassantodomingo.net\/#organization\"},\"image\":{\"@id\":\"https:\/\/blgnoticiassantodomingo.net\/index.php\/2020\/06\/01\/senado-aprueba-resolucion-prorroga-por-12-dias-mas-estado-de-emergencia-para-enfrentar-propagacion-del-covid-19\/#primaryimage\"},\"thumbnailUrl\":\"https:\/\/blgnoticiassantodomingo.net\/wp-content\/uploads\/2020\/06\/38856F87-2E12-46A5-918A-13C3D185DD22.jpeg\",\"keywords\":[\"Estado de Emergencia\",\"Senado de la Republica\"],\"articleSection\":[\"Nacionales\"],\"inLanguage\":\"es\",\"potentialAction\":[{\"@type\":\"CommentAction\",\"name\":\"Comment\",\"target\":[\"https:\/\/blgnoticiassantodomingo.net\/index.php\/2020\/06\/01\/senado-aprueba-resolucion-prorroga-por-12-dias-mas-estado-de-emergencia-para-enfrentar-propagacion-del-covid-19\/#respond\"]}]},{\"@type\":\"WebPage\",\"@id\":\"https:\/\/blgnoticiassantodomingo.net\/index.php\/2020\/06\/01\/senado-aprueba-resolucion-prorroga-por-12-dias-mas-estado-de-emergencia-para-enfrentar-propagacion-del-covid-19\/\",\"url\":\"https:\/\/blgnoticiassantodomingo.net\/index.php\/2020\/06\/01\/senado-aprueba-resolucion-prorroga-por-12-dias-mas-estado-de-emergencia-para-enfrentar-propagacion-del-covid-19\/\",\"name\":\"Senado aprueba Resoluci\u00f3n pr\u00f3rroga por 12 d\u00edas m\u00e1s estado de emergencia para enfrentar propagaci\u00f3n del COVID-19 - BLG Noticias\",\"isPartOf\":{\"@id\":\"https:\/\/blgnoticiassantodomingo.net\/#website\"},\"primaryImageOfPage\":{\"@id\":\"https:\/\/blgnoticiassantodomingo.net\/index.php\/2020\/06\/01\/senado-aprueba-resolucion-prorroga-por-12-dias-mas-estado-de-emergencia-para-enfrentar-propagacion-del-covid-19\/#primaryimage\"},\"image\":{\"@id\":\"https:\/\/blgnoticiassantodomingo.net\/index.php\/2020\/06\/01\/senado-aprueba-resolucion-prorroga-por-12-dias-mas-estado-de-emergencia-para-enfrentar-propagacion-del-covid-19\/#primaryimage\"},\"thumbnailUrl\":\"https:\/\/blgnoticiassantodomingo.net\/wp-content\/uploads\/2020\/06\/38856F87-2E12-46A5-918A-13C3D185DD22.jpeg\",\"datePublished\":\"2020-06-01T20:12:57+00:00\",\"dateModified\":\"2020-06-01T20:12:59+00:00\",\"breadcrumb\":{\"@id\":\"https:\/\/blgnoticiassantodomingo.net\/index.php\/2020\/06\/01\/senado-aprueba-resolucion-prorroga-por-12-dias-mas-estado-de-emergencia-para-enfrentar-propagacion-del-covid-19\/#breadcrumb\"},\"inLanguage\":\"es\",\"potentialAction\":[{\"@type\":\"ReadAction\",\"target\":[\"https:\/\/blgnoticiassantodomingo.net\/index.php\/2020\/06\/01\/senado-aprueba-resolucion-prorroga-por-12-dias-mas-estado-de-emergencia-para-enfrentar-propagacion-del-covid-19\/\"]}]},{\"@type\":\"ImageObject\",\"inLanguage\":\"es\",\"@id\":\"https:\/\/blgnoticiassantodomingo.net\/index.php\/2020\/06\/01\/senado-aprueba-resolucion-prorroga-por-12-dias-mas-estado-de-emergencia-para-enfrentar-propagacion-del-covid-19\/#primaryimage\",\"url\":\"https:\/\/blgnoticiassantodomingo.net\/wp-content\/uploads\/2020\/06\/38856F87-2E12-46A5-918A-13C3D185DD22.jpeg\",\"contentUrl\":\"https:\/\/blgnoticiassantodomingo.net\/wp-content\/uploads\/2020\/06\/38856F87-2E12-46A5-918A-13C3D185DD22.jpeg\",\"width\":1242,\"height\":803},{\"@type\":\"BreadcrumbList\",\"@id\":\"https:\/\/blgnoticiassantodomingo.net\/index.php\/2020\/06\/01\/senado-aprueba-resolucion-prorroga-por-12-dias-mas-estado-de-emergencia-para-enfrentar-propagacion-del-covid-19\/#breadcrumb\",\"itemListElement\":[{\"@type\":\"ListItem\",\"position\":1,\"name\":\"Portada\",\"item\":\"https:\/\/blgnoticiassantodomingo.net\/\"},{\"@type\":\"ListItem\",\"position\":2,\"name\":\"Senado aprueba Resoluci\u00f3n pr\u00f3rroga por 12 d\u00edas m\u00e1s estado de emergencia para enfrentar propagaci\u00f3n del COVID-19\"}]},{\"@type\":\"WebSite\",\"@id\":\"https:\/\/blgnoticiassantodomingo.net\/#website\",\"url\":\"https:\/\/blgnoticiassantodomingo.net\/\",\"name\":\"BLG Noticias\",\"description\":\"Esto es Noticias\",\"publisher\":{\"@id\":\"https:\/\/blgnoticiassantodomingo.net\/#organization\"},\"potentialAction\":[{\"@type\":\"SearchAction\",\"target\":{\"@type\":\"EntryPoint\",\"urlTemplate\":\"https:\/\/blgnoticiassantodomingo.net\/?s={search_term_string}\"},\"query-input\":{\"@type\":\"PropertyValueSpecification\",\"valueRequired\":true,\"valueName\":\"search_term_string\"}}],\"inLanguage\":\"es\"},{\"@type\":\"Organization\",\"@id\":\"https:\/\/blgnoticiassantodomingo.net\/#organization\",\"name\":\"BLG Noticias\",\"url\":\"https:\/\/blgnoticiassantodomingo.net\/\",\"logo\":{\"@type\":\"ImageObject\",\"inLanguage\":\"es\",\"@id\":\"https:\/\/blgnoticiassantodomingo.net\/#\/schema\/logo\/image\/\",\"url\":\"https:\/\/blgnoticiassantodomingo.net\/wp-content\/uploads\/2023\/12\/Diseno-sin-titulo-3.jpg\",\"contentUrl\":\"https:\/\/blgnoticiassantodomingo.net\/wp-content\/uploads\/2023\/12\/Diseno-sin-titulo-3.jpg\",\"width\":500,\"height\":500,\"caption\":\"BLG Noticias\"},\"image\":{\"@id\":\"https:\/\/blgnoticiassantodomingo.net\/#\/schema\/logo\/image\/\"},\"sameAs\":[\"https:\/\/web.facebook.com\/BlgNoticias\/?locale=es_LA&_rdc=1&_rdr\",\"https:\/\/x.com\/BlgNoticias\",\"https:\/\/www.linkedin.com\/in\/brenda-l-santana-aa846279\/\"]},{\"@type\":\"Person\",\"@id\":\"https:\/\/blgnoticiassantodomingo.net\/#\/schema\/person\/e2fc21cf88acc63dbd134be981bff374\",\"name\":\"Brenda Guerrero\",\"image\":{\"@type\":\"ImageObject\",\"inLanguage\":\"es\",\"@id\":\"https:\/\/blgnoticiassantodomingo.net\/#\/schema\/person\/image\/\",\"url\":\"https:\/\/secure.gravatar.com\/avatar\/2f7fc4c3e3655be1580cb684bfd8ab19be702ae20879da1e072021daa02f9b8b?s=96&d=wp_user_avatar&r=g\",\"contentUrl\":\"https:\/\/secure.gravatar.com\/avatar\/2f7fc4c3e3655be1580cb684bfd8ab19be702ae20879da1e072021daa02f9b8b?s=96&d=wp_user_avatar&r=g\",\"caption\":\"Brenda Guerrero\"},\"description\":\"Periodista\",\"url\":\"https:\/\/blgnoticiassantodomingo.net\/index.php\/author\/brenda-guerrero\/\"}]}<\/script>\n<!-- \/ Yoast SEO plugin. -->","yoast_head_json":{"title":"Senado aprueba Resoluci\u00f3n pr\u00f3rroga por 12 d\u00edas m\u00e1s estado de emergencia para enfrentar propagaci\u00f3n del COVID-19 - BLG Noticias","robots":{"index":"index","follow":"follow","max-snippet":"max-snippet:-1","max-image-preview":"max-image-preview:large","max-video-preview":"max-video-preview:-1"},"canonical":"https:\/\/blgnoticiassantodomingo.net\/index.php\/2020\/06\/01\/senado-aprueba-resolucion-prorroga-por-12-dias-mas-estado-de-emergencia-para-enfrentar-propagacion-del-covid-19\/","og_locale":"es_ES","og_type":"article","og_title":"Senado aprueba Resoluci\u00f3n pr\u00f3rroga por 12 d\u00edas m\u00e1s estado de emergencia para enfrentar propagaci\u00f3n del COVID-19 - BLG Noticias","og_description":"Santo Domingo.-&nbsp;El Senado aprob\u00f3 este lunes la Resoluci\u00f3n que autoriza al Presidente de la Rep\u00fablica extender por un plazo de 12 d\u00edas&nbsp;m\u00e1s el estado de emergencia en todo el territorio nacional, en el Decreto presidencial No. 134-20 el 19 de marzo del a\u00f1o en curso. Esta resoluci\u00f3n fue sancionada con el voto de 17 senadores [&hellip;]","og_url":"https:\/\/blgnoticiassantodomingo.net\/index.php\/2020\/06\/01\/senado-aprueba-resolucion-prorroga-por-12-dias-mas-estado-de-emergencia-para-enfrentar-propagacion-del-covid-19\/","og_site_name":"BLG Noticias","article_publisher":"https:\/\/web.facebook.com\/BlgNoticias\/?locale=es_LA&_rdc=1&_rdr","article_published_time":"2020-06-01T20:12:57+00:00","article_modified_time":"2020-06-01T20:12:59+00:00","og_image":[{"width":1242,"height":803,"url":"https:\/\/blgnoticiassantodomingo.net\/wp-content\/uploads\/2020\/06\/38856F87-2E12-46A5-918A-13C3D185DD22.jpeg","type":"image\/jpeg"}],"author":"Brenda Guerrero","twitter_card":"summary_large_image","twitter_creator":"@BlgNoticias","twitter_site":"@BlgNoticias","twitter_misc":{"Escrito por":"Brenda Guerrero","Tiempo de lectura":"3 minutos"},"schema":{"@context":"https:\/\/schema.org","@graph":[{"@type":"Article","@id":"https:\/\/blgnoticiassantodomingo.net\/index.php\/2020\/06\/01\/senado-aprueba-resolucion-prorroga-por-12-dias-mas-estado-de-emergencia-para-enfrentar-propagacion-del-covid-19\/#article","isPartOf":{"@id":"https:\/\/blgnoticiassantodomingo.net\/index.php\/2020\/06\/01\/senado-aprueba-resolucion-prorroga-por-12-dias-mas-estado-de-emergencia-para-enfrentar-propagacion-del-covid-19\/"},"author":{"name":"Brenda Guerrero","@id":"https:\/\/blgnoticiassantodomingo.net\/#\/schema\/person\/e2fc21cf88acc63dbd134be981bff374"},"headline":"Senado aprueba Resoluci\u00f3n pr\u00f3rroga por 12 d\u00edas m\u00e1s estado de emergencia para enfrentar propagaci\u00f3n del COVID-19","datePublished":"2020-06-01T20:12:57+00:00","dateModified":"2020-06-01T20:12:59+00:00","mainEntityOfPage":{"@id":"https:\/\/blgnoticiassantodomingo.net\/index.php\/2020\/06\/01\/senado-aprueba-resolucion-prorroga-por-12-dias-mas-estado-de-emergencia-para-enfrentar-propagacion-del-covid-19\/"},"wordCount":677,"commentCount":0,"publisher":{"@id":"https:\/\/blgnoticiassantodomingo.net\/#organization"},"image":{"@id":"https:\/\/blgnoticiassantodomingo.net\/index.php\/2020\/06\/01\/senado-aprueba-resolucion-prorroga-por-12-dias-mas-estado-de-emergencia-para-enfrentar-propagacion-del-covid-19\/#primaryimage"},"thumbnailUrl":"https:\/\/blgnoticiassantodomingo.net\/wp-content\/uploads\/2020\/06\/38856F87-2E12-46A5-918A-13C3D185DD22.jpeg","keywords":["Estado de Emergencia","Senado de la Republica"],"articleSection":["Nacionales"],"inLanguage":"es","potentialAction":[{"@type":"CommentAction","name":"Comment","target":["https:\/\/blgnoticiassantodomingo.net\/index.php\/2020\/06\/01\/senado-aprueba-resolucion-prorroga-por-12-dias-mas-estado-de-emergencia-para-enfrentar-propagacion-del-covid-19\/#respond"]}]},{"@type":"WebPage","@id":"https:\/\/blgnoticiassantodomingo.net\/index.php\/2020\/06\/01\/senado-aprueba-resolucion-prorroga-por-12-dias-mas-estado-de-emergencia-para-enfrentar-propagacion-del-covid-19\/","url":"https:\/\/blgnoticiassantodomingo.net\/index.php\/2020\/06\/01\/senado-aprueba-resolucion-prorroga-por-12-dias-mas-estado-de-emergencia-para-enfrentar-propagacion-del-covid-19\/","name":"Senado aprueba Resoluci\u00f3n pr\u00f3rroga por 12 d\u00edas m\u00e1s estado de emergencia para enfrentar propagaci\u00f3n del COVID-19 - BLG Noticias","isPartOf":{"@id":"https:\/\/blgnoticiassantodomingo.net\/#website"},"primaryImageOfPage":{"@id":"https:\/\/blgnoticiassantodomingo.net\/index.php\/2020\/06\/01\/senado-aprueba-resolucion-prorroga-por-12-dias-mas-estado-de-emergencia-para-enfrentar-propagacion-del-covid-19\/#primaryimage"},"image":{"@id":"https:\/\/blgnoticiassantodomingo.net\/index.php\/2020\/06\/01\/senado-aprueba-resolucion-prorroga-por-12-dias-mas-estado-de-emergencia-para-enfrentar-propagacion-del-covid-19\/#primaryimage"},"thumbnailUrl":"https:\/\/blgnoticiassantodomingo.net\/wp-content\/uploads\/2020\/06\/38856F87-2E12-46A5-918A-13C3D185DD22.jpeg","datePublished":"2020-06-01T20:12:57+00:00","dateModified":"2020-06-01T20:12:59+00:00","breadcrumb":{"@id":"https:\/\/blgnoticiassantodomingo.net\/index.php\/2020\/06\/01\/senado-aprueba-resolucion-prorroga-por-12-dias-mas-estado-de-emergencia-para-enfrentar-propagacion-del-covid-19\/#breadcrumb"},"inLanguage":"es","potentialAction":[{"@type":"ReadAction","target":["https:\/\/blgnoticiassantodomingo.net\/index.php\/2020\/06\/01\/senado-aprueba-resolucion-prorroga-por-12-dias-mas-estado-de-emergencia-para-enfrentar-propagacion-del-covid-19\/"]}]},{"@type":"ImageObject","inLanguage":"es","@id":"https:\/\/blgnoticiassantodomingo.net\/index.php\/2020\/06\/01\/senado-aprueba-resolucion-prorroga-por-12-dias-mas-estado-de-emergencia-para-enfrentar-propagacion-del-covid-19\/#primaryimage","url":"https:\/\/blgnoticiassantodomingo.net\/wp-content\/uploads\/2020\/06\/38856F87-2E12-46A5-918A-13C3D185DD22.jpeg","contentUrl":"https:\/\/blgnoticiassantodomingo.net\/wp-content\/uploads\/2020\/06\/38856F87-2E12-46A5-918A-13C3D185DD22.jpeg","width":1242,"height":803},{"@type":"BreadcrumbList","@id":"https:\/\/blgnoticiassantodomingo.net\/index.php\/2020\/06\/01\/senado-aprueba-resolucion-prorroga-por-12-dias-mas-estado-de-emergencia-para-enfrentar-propagacion-del-covid-19\/#breadcrumb","itemListElement":[{"@type":"ListItem","position":1,"name":"Portada","item":"https:\/\/blgnoticiassantodomingo.net\/"},{"@type":"ListItem","position":2,"name":"Senado aprueba Resoluci\u00f3n pr\u00f3rroga por 12 d\u00edas m\u00e1s estado de emergencia para enfrentar propagaci\u00f3n del COVID-19"}]},{"@type":"WebSite","@id":"https:\/\/blgnoticiassantodomingo.net\/#website","url":"https:\/\/blgnoticiassantodomingo.net\/","name":"BLG Noticias","description":"Esto es Noticias","publisher":{"@id":"https:\/\/blgnoticiassantodomingo.net\/#organization"},"potentialAction":[{"@type":"SearchAction","target":{"@type":"EntryPoint","urlTemplate":"https:\/\/blgnoticiassantodomingo.net\/?s={search_term_string}"},"query-input":{"@type":"PropertyValueSpecification","valueRequired":true,"valueName":"search_term_string"}}],"inLanguage":"es"},{"@type":"Organization","@id":"https:\/\/blgnoticiassantodomingo.net\/#organization","name":"BLG Noticias","url":"https:\/\/blgnoticiassantodomingo.net\/","logo":{"@type":"ImageObject","inLanguage":"es","@id":"https:\/\/blgnoticiassantodomingo.net\/#\/schema\/logo\/image\/","url":"https:\/\/blgnoticiassantodomingo.net\/wp-content\/uploads\/2023\/12\/Diseno-sin-titulo-3.jpg","contentUrl":"https:\/\/blgnoticiassantodomingo.net\/wp-content\/uploads\/2023\/12\/Diseno-sin-titulo-3.jpg","width":500,"height":500,"caption":"BLG Noticias"},"image":{"@id":"https:\/\/blgnoticiassantodomingo.net\/#\/schema\/logo\/image\/"},"sameAs":["https:\/\/web.facebook.com\/BlgNoticias\/?locale=es_LA&_rdc=1&_rdr","https:\/\/x.com\/BlgNoticias","https:\/\/www.linkedin.com\/in\/brenda-l-santana-aa846279\/"]},{"@type":"Person","@id":"https:\/\/blgnoticiassantodomingo.net\/#\/schema\/person\/e2fc21cf88acc63dbd134be981bff374","name":"Brenda Guerrero","image":{"@type":"ImageObject","inLanguage":"es","@id":"https:\/\/blgnoticiassantodomingo.net\/#\/schema\/person\/image\/","url":"https:\/\/secure.gravatar.com\/avatar\/2f7fc4c3e3655be1580cb684bfd8ab19be702ae20879da1e072021daa02f9b8b?s=96&d=wp_user_avatar&r=g","contentUrl":"https:\/\/secure.gravatar.com\/avatar\/2f7fc4c3e3655be1580cb684bfd8ab19be702ae20879da1e072021daa02f9b8b?s=96&d=wp_user_avatar&r=g","caption":"Brenda Guerrero"},"description":"Periodista","url":"https:\/\/blgnoticiassantodomingo.net\/index.php\/author\/brenda-guerrero\/"}]}},"jetpack_featured_media_url":"https:\/\/blgnoticiassantodomingo.net\/wp-content\/uploads\/2020\/06\/38856F87-2E12-46A5-918A-13C3D185DD22.jpeg","_links":{"self":[{"href":"https:\/\/blgnoticiassantodomingo.net\/index.php\/wp-json\/wp\/v2\/posts\/11661","targetHints":{"allow":["GET"]}}],"collection":[{"href":"https:\/\/blgnoticiassantodomingo.net\/index.php\/wp-json\/wp\/v2\/posts"}],"about":[{"href":"https:\/\/blgnoticiassantodomingo.net\/index.php\/wp-json\/wp\/v2\/types\/post"}],"author":[{"embeddable":true,"href":"https:\/\/blgnoticiassantodomingo.net\/index.php\/wp-json\/wp\/v2\/users\/2"}],"replies":[{"embeddable":true,"href":"https:\/\/blgnoticiassantodomingo.net\/index.php\/wp-json\/wp\/v2\/comments?post=11661"}],"version-history":[{"count":1,"href":"https:\/\/blgnoticiassantodomingo.net\/index.php\/wp-json\/wp\/v2\/posts\/11661\/revisions"}],"predecessor-version":[{"id":11665,"href":"https:\/\/blgnoticiassantodomingo.net\/index.php\/wp-json\/wp\/v2\/posts\/11661\/revisions\/11665"}],"wp:featuredmedia":[{"embeddable":true,"href":"https:\/\/blgnoticiassantodomingo.net\/index.php\/wp-json\/wp\/v2\/media\/11663"}],"wp:attachment":[{"href":"https:\/\/blgnoticiassantodomingo.net\/index.php\/wp-json\/wp\/v2\/media?parent=11661"}],"wp:term":[{"taxonomy":"category","embeddable":true,"href":"https:\/\/blgnoticiassantodomingo.net\/index.php\/wp-json\/wp\/v2\/categories?post=11661"},{"taxonomy":"post_tag","embeddable":true,"href":"https:\/\/blgnoticiassantodomingo.net\/index.php\/wp-json\/wp\/v2\/tags?post=11661"}],"curies":[{"name":"wp","href":"https:\/\/api.w.org\/{rel}","templated":true}]}}