{"id":10759,"date":"2020-05-14T03:04:41","date_gmt":"2020-05-14T02:04:41","guid":{"rendered":"http:\/\/blgnoticiassantodomingo.net\/?p=10759"},"modified":"2020-05-14T03:04:42","modified_gmt":"2020-05-14T02:04:42","slug":"ministerio-de-salud-publica-y-servicio-nacional-de-salud-entregan-hospital-movil-en-bonao-para-pacientes-de-covid-19","status":"publish","type":"post","link":"https:\/\/blgnoticiassantodomingo.net\/index.php\/2020\/05\/14\/ministerio-de-salud-publica-y-servicio-nacional-de-salud-entregan-hospital-movil-en-bonao-para-pacientes-de-covid-19\/","title":{"rendered":"Ministerio de Salud P\u00fablica y Servicio Nacional de Salud entregan hospital m\u00f3vil en Bonao para pacientes de COVID-19"},"content":{"rendered":"\n<p>Bonao. -El Ministerio de Salud P\u00fablica y el Servicio Nacional de Salud, entregaron de manera formal el hospital m\u00f3vil que fue levantado por la Oficina Supervisora de Obras del Estado, gestionado por el senador Felix Nova y la comisi\u00f3n interinstitucional para atender personas positivas de coronavirus en la provincia Monse\u00f1or Nouel.<\/p>\n\n\n\n<p>En el acto intervinieron, los doctores Julio Mej\u00eda, director del hospital m\u00f3vil, Caridad Acosta Directora del Hospital Marchena, Teresa Henr\u00edquez, presidenta del Colegio M\u00e9dico Filial Bonao, Rita Desangles, Directora Provincial de Salud, la regidora Yasiris Est\u00e9vez, el senador Felix Nova y el doctor Freddy Abad, Director Regional de Salud.<\/p>\n\n\n\n<figure class=\"wp-block-image size-large\"><img decoding=\"async\" width=\"1024\" height=\"768\" src=\"https:\/\/blgnoticiassantodomingo.net\/wp-content\/uploads\/2020\/05\/PHOTO-2020-05-13-16-37-22-2-1024x768.jpg\" alt=\"\" class=\"wp-image-10761\" srcset=\"https:\/\/blgnoticiassantodomingo.net\/wp-content\/uploads\/2020\/05\/PHOTO-2020-05-13-16-37-22-2-1024x768.jpg 1024w, https:\/\/blgnoticiassantodomingo.net\/wp-content\/uploads\/2020\/05\/PHOTO-2020-05-13-16-37-22-2-300x225.jpg 300w, https:\/\/blgnoticiassantodomingo.net\/wp-content\/uploads\/2020\/05\/PHOTO-2020-05-13-16-37-22-2-768x576.jpg 768w, https:\/\/blgnoticiassantodomingo.net\/wp-content\/uploads\/2020\/05\/PHOTO-2020-05-13-16-37-22-2-500x375.jpg 500w, https:\/\/blgnoticiassantodomingo.net\/wp-content\/uploads\/2020\/05\/PHOTO-2020-05-13-16-37-22-2.jpg 1152w\" sizes=\"(max-width: 1024px) 100vw, 1024px\" \/><\/figure>\n\n\n\n<p>Los profesionales de la salud, expresaron su agradecimiento a las autoridades y al legislador por la iniciativa de preocuparse por la gente, de igual manera al presidente Danilo Medina por la inversi\u00f3n, ya que los pacientes podr\u00e1n recibir atenciones sin tener que ser trasladados de la provincia.<\/p>\n\n\n\n<p>El senador F\u00e9lix Nova, principal promotor para que se instalara un hospital m\u00f3vil en la demarcaci\u00f3n, manifest\u00f3 su gratitud, al ingeniero Francisco Pag\u00e1n, Director de la Oficina de Ingenieros Supervisores de Obras del Estado (OISOE), a Chanel Rosa Chupany del Servicio Nacional de Salud y al Ministro de Salud P\u00fablica, Rafael S\u00e1nchez C\u00e1rdenas, por el apoyo.<\/p>\n\n\n\n<p>\u201cNada de esto hubiese sido posible sin la visi\u00f3n de un presidente humano como lo es Danilo Medina, quien autoriz\u00f3 su levantamiento para preservar vidas que es lo m\u00e1s importante, porque no tener donde recibir atenciones m\u00e9dicas, es como estar condenado a la muerte\u201d<\/p>\n\n\n\n<figure class=\"wp-block-image size-large\"><img decoding=\"async\" width=\"1024\" height=\"768\" src=\"https:\/\/blgnoticiassantodomingo.net\/wp-content\/uploads\/2020\/05\/PHOTO-2020-05-13-16-37-22-1-1-1024x768.jpg\" alt=\"\" class=\"wp-image-10763\" srcset=\"https:\/\/blgnoticiassantodomingo.net\/wp-content\/uploads\/2020\/05\/PHOTO-2020-05-13-16-37-22-1-1-1024x768.jpg 1024w, https:\/\/blgnoticiassantodomingo.net\/wp-content\/uploads\/2020\/05\/PHOTO-2020-05-13-16-37-22-1-1-300x225.jpg 300w, https:\/\/blgnoticiassantodomingo.net\/wp-content\/uploads\/2020\/05\/PHOTO-2020-05-13-16-37-22-1-1-768x576.jpg 768w, https:\/\/blgnoticiassantodomingo.net\/wp-content\/uploads\/2020\/05\/PHOTO-2020-05-13-16-37-22-1-1-500x375.jpg 500w, https:\/\/blgnoticiassantodomingo.net\/wp-content\/uploads\/2020\/05\/PHOTO-2020-05-13-16-37-22-1-1.jpg 1040w\" sizes=\"(max-width: 1024px) 100vw, 1024px\" \/><\/figure>\n\n\n\n<p>Al dirigirse al personal m\u00e9dico presente y a las autoridades, el doctor Freddy Abad, Director Regional de Salud, valor\u00f3 de positivo la entrega del hospital m\u00f3vil, ya que el mismo cumple con todas las reglamentaciones y la comodidad para que un paciente este dignamente internado.<\/p>\n\n\n\n<p>Despu\u00e9s del acto formal, se procedi\u00f3 al recorrido por el hospital m\u00f3vil, ubicado en las instalaciones del bajo techo de la privada, de igual manera fue entregada una moderna ambulancia para el traslado de pacientes que ameriten internamiento de covid-19.<\/p>\n\n\n\n<p>El hospital m\u00f3vil cuenta con varios consultorios, habitaciones de recuperaci\u00f3n y de UCI, laboratorio, sistema de oxigeno por tuber\u00eda, acondicionadores de aire, ventiladores, \u00e1rea de farmacia y descanso del personal m\u00e9dico, ba\u00f1os, entre otras facilidades.<\/p>\n","protected":false},"excerpt":{"rendered":"<p>Bonao. -El Ministerio de Salud P\u00fablica y el Servicio Nacional de Salud, entregaron de manera formal el hospital m\u00f3vil que fue levantado por la Oficina Supervisora de Obras del Estado, gestionado por el senador Felix Nova y la comisi\u00f3n interinstitucional para atender personas positivas de coronavirus en la provincia Monse\u00f1or Nouel. En el acto intervinieron, [&hellip;]<\/p>\n","protected":false},"author":2,"featured_media":10762,"comment_status":"open","ping_status":"open","sticky":false,"template":"","format":"standard","meta":{"footnotes":""},"categories":[224],"tags":[1933,1932,471,1931],"class_list":{"0":"post-10759","1":"post","2":"type-post","3":"status-publish","4":"format-standard","5":"has-post-thumbnail","7":"category-salud","8":"tag-bonao","9":"tag-hospital-movil","10":"tag-salud-publica","11":"tag-servicio-nacional-de-salud"},"yoast_head":"<!-- This site is optimized with the Yoast SEO plugin v24.9 - https:\/\/yoast.com\/wordpress\/plugins\/seo\/ -->\n<title>Ministerio de Salud P\u00fablica y Servicio Nacional de Salud entregan hospital m\u00f3vil en Bonao para pacientes de COVID-19 - BLG Noticias<\/title>\n<meta name=\"robots\" content=\"index, follow, max-snippet:-1, max-image-preview:large, max-video-preview:-1\" \/>\n<link rel=\"canonical\" href=\"https:\/\/blgnoticiassantodomingo.net\/index.php\/2020\/05\/14\/ministerio-de-salud-publica-y-servicio-nacional-de-salud-entregan-hospital-movil-en-bonao-para-pacientes-de-covid-19\/\" \/>\n<meta property=\"og:locale\" content=\"es_ES\" \/>\n<meta property=\"og:type\" content=\"article\" \/>\n<meta property=\"og:title\" content=\"Ministerio de Salud P\u00fablica y Servicio Nacional de Salud entregan hospital m\u00f3vil en Bonao para pacientes de COVID-19 - BLG Noticias\" \/>\n<meta property=\"og:description\" content=\"Bonao. -El Ministerio de Salud P\u00fablica y el Servicio Nacional de Salud, entregaron de manera formal el hospital m\u00f3vil que fue levantado por la Oficina Supervisora de Obras del Estado, gestionado por el senador Felix Nova y la comisi\u00f3n interinstitucional para atender personas positivas de coronavirus en la provincia Monse\u00f1or Nouel. En el acto intervinieron, [&hellip;]\" \/>\n<meta property=\"og:url\" content=\"https:\/\/blgnoticiassantodomingo.net\/index.php\/2020\/05\/14\/ministerio-de-salud-publica-y-servicio-nacional-de-salud-entregan-hospital-movil-en-bonao-para-pacientes-de-covid-19\/\" \/>\n<meta property=\"og:site_name\" content=\"BLG Noticias\" \/>\n<meta property=\"article:publisher\" content=\"https:\/\/web.facebook.com\/BlgNoticias\/?locale=es_LA&amp;_rdc=1&amp;_rdr\" \/>\n<meta property=\"article:published_time\" content=\"2020-05-14T02:04:41+00:00\" \/>\n<meta property=\"article:modified_time\" content=\"2020-05-14T02:04:42+00:00\" \/>\n<meta property=\"og:image\" content=\"https:\/\/blgnoticiassantodomingo.net\/wp-content\/uploads\/2020\/05\/Freddy-Abad-Caridad-Acosta-F\u00e9lix-Nova-y-Julio-Mej\u00eda.jpg\" \/>\n\t<meta property=\"og:image:width\" content=\"1040\" \/>\n\t<meta property=\"og:image:height\" content=\"780\" \/>\n\t<meta property=\"og:image:type\" content=\"image\/jpeg\" \/>\n<meta name=\"author\" content=\"Brenda Guerrero\" \/>\n<meta name=\"twitter:card\" content=\"summary_large_image\" \/>\n<meta name=\"twitter:creator\" content=\"@BlgNoticias\" \/>\n<meta name=\"twitter:site\" content=\"@BlgNoticias\" \/>\n<meta name=\"twitter:label1\" content=\"Escrito por\" \/>\n\t<meta name=\"twitter:data1\" content=\"Brenda Guerrero\" \/>\n\t<meta name=\"twitter:label2\" content=\"Tiempo de lectura\" \/>\n\t<meta name=\"twitter:data2\" content=\"2 minutos\" \/>\n<script type=\"application\/ld+json\" class=\"yoast-schema-graph\">{\"@context\":\"https:\/\/schema.org\",\"@graph\":[{\"@type\":\"Article\",\"@id\":\"https:\/\/blgnoticiassantodomingo.net\/index.php\/2020\/05\/14\/ministerio-de-salud-publica-y-servicio-nacional-de-salud-entregan-hospital-movil-en-bonao-para-pacientes-de-covid-19\/#article\",\"isPartOf\":{\"@id\":\"https:\/\/blgnoticiassantodomingo.net\/index.php\/2020\/05\/14\/ministerio-de-salud-publica-y-servicio-nacional-de-salud-entregan-hospital-movil-en-bonao-para-pacientes-de-covid-19\/\"},\"author\":{\"name\":\"Brenda Guerrero\",\"@id\":\"https:\/\/blgnoticiassantodomingo.net\/#\/schema\/person\/e2fc21cf88acc63dbd134be981bff374\"},\"headline\":\"Ministerio de Salud P\u00fablica y Servicio Nacional de Salud entregan hospital m\u00f3vil en Bonao para pacientes de COVID-19\",\"datePublished\":\"2020-05-14T02:04:41+00:00\",\"dateModified\":\"2020-05-14T02:04:42+00:00\",\"mainEntityOfPage\":{\"@id\":\"https:\/\/blgnoticiassantodomingo.net\/index.php\/2020\/05\/14\/ministerio-de-salud-publica-y-servicio-nacional-de-salud-entregan-hospital-movil-en-bonao-para-pacientes-de-covid-19\/\"},\"wordCount\":417,\"commentCount\":0,\"publisher\":{\"@id\":\"https:\/\/blgnoticiassantodomingo.net\/#organization\"},\"image\":{\"@id\":\"https:\/\/blgnoticiassantodomingo.net\/index.php\/2020\/05\/14\/ministerio-de-salud-publica-y-servicio-nacional-de-salud-entregan-hospital-movil-en-bonao-para-pacientes-de-covid-19\/#primaryimage\"},\"thumbnailUrl\":\"https:\/\/blgnoticiassantodomingo.net\/wp-content\/uploads\/2020\/05\/Freddy-Abad-Caridad-Acosta-F\u00e9lix-Nova-y-Julio-Mej\u00eda.jpg\",\"keywords\":[\"Bonao\",\"Hospital movil\",\"Salud Publica\",\"Servicio Nacional de Salud\"],\"articleSection\":[\"Salud\"],\"inLanguage\":\"es\",\"potentialAction\":[{\"@type\":\"CommentAction\",\"name\":\"Comment\",\"target\":[\"https:\/\/blgnoticiassantodomingo.net\/index.php\/2020\/05\/14\/ministerio-de-salud-publica-y-servicio-nacional-de-salud-entregan-hospital-movil-en-bonao-para-pacientes-de-covid-19\/#respond\"]}]},{\"@type\":\"WebPage\",\"@id\":\"https:\/\/blgnoticiassantodomingo.net\/index.php\/2020\/05\/14\/ministerio-de-salud-publica-y-servicio-nacional-de-salud-entregan-hospital-movil-en-bonao-para-pacientes-de-covid-19\/\",\"url\":\"https:\/\/blgnoticiassantodomingo.net\/index.php\/2020\/05\/14\/ministerio-de-salud-publica-y-servicio-nacional-de-salud-entregan-hospital-movil-en-bonao-para-pacientes-de-covid-19\/\",\"name\":\"Ministerio de Salud P\u00fablica y Servicio Nacional de Salud entregan hospital m\u00f3vil en Bonao para pacientes de COVID-19 - BLG Noticias\",\"isPartOf\":{\"@id\":\"https:\/\/blgnoticiassantodomingo.net\/#website\"},\"primaryImageOfPage\":{\"@id\":\"https:\/\/blgnoticiassantodomingo.net\/index.php\/2020\/05\/14\/ministerio-de-salud-publica-y-servicio-nacional-de-salud-entregan-hospital-movil-en-bonao-para-pacientes-de-covid-19\/#primaryimage\"},\"image\":{\"@id\":\"https:\/\/blgnoticiassantodomingo.net\/index.php\/2020\/05\/14\/ministerio-de-salud-publica-y-servicio-nacional-de-salud-entregan-hospital-movil-en-bonao-para-pacientes-de-covid-19\/#primaryimage\"},\"thumbnailUrl\":\"https:\/\/blgnoticiassantodomingo.net\/wp-content\/uploads\/2020\/05\/Freddy-Abad-Caridad-Acosta-F\u00e9lix-Nova-y-Julio-Mej\u00eda.jpg\",\"datePublished\":\"2020-05-14T02:04:41+00:00\",\"dateModified\":\"2020-05-14T02:04:42+00:00\",\"breadcrumb\":{\"@id\":\"https:\/\/blgnoticiassantodomingo.net\/index.php\/2020\/05\/14\/ministerio-de-salud-publica-y-servicio-nacional-de-salud-entregan-hospital-movil-en-bonao-para-pacientes-de-covid-19\/#breadcrumb\"},\"inLanguage\":\"es\",\"potentialAction\":[{\"@type\":\"ReadAction\",\"target\":[\"https:\/\/blgnoticiassantodomingo.net\/index.php\/2020\/05\/14\/ministerio-de-salud-publica-y-servicio-nacional-de-salud-entregan-hospital-movil-en-bonao-para-pacientes-de-covid-19\/\"]}]},{\"@type\":\"ImageObject\",\"inLanguage\":\"es\",\"@id\":\"https:\/\/blgnoticiassantodomingo.net\/index.php\/2020\/05\/14\/ministerio-de-salud-publica-y-servicio-nacional-de-salud-entregan-hospital-movil-en-bonao-para-pacientes-de-covid-19\/#primaryimage\",\"url\":\"https:\/\/blgnoticiassantodomingo.net\/wp-content\/uploads\/2020\/05\/Freddy-Abad-Caridad-Acosta-F\u00e9lix-Nova-y-Julio-Mej\u00eda.jpg\",\"contentUrl\":\"https:\/\/blgnoticiassantodomingo.net\/wp-content\/uploads\/2020\/05\/Freddy-Abad-Caridad-Acosta-F\u00e9lix-Nova-y-Julio-Mej\u00eda.jpg\",\"width\":1040,\"height\":780},{\"@type\":\"BreadcrumbList\",\"@id\":\"https:\/\/blgnoticiassantodomingo.net\/index.php\/2020\/05\/14\/ministerio-de-salud-publica-y-servicio-nacional-de-salud-entregan-hospital-movil-en-bonao-para-pacientes-de-covid-19\/#breadcrumb\",\"itemListElement\":[{\"@type\":\"ListItem\",\"position\":1,\"name\":\"Portada\",\"item\":\"https:\/\/blgnoticiassantodomingo.net\/\"},{\"@type\":\"ListItem\",\"position\":2,\"name\":\"Ministerio de Salud P\u00fablica y Servicio Nacional de Salud entregan hospital m\u00f3vil en Bonao para pacientes de COVID-19\"}]},{\"@type\":\"WebSite\",\"@id\":\"https:\/\/blgnoticiassantodomingo.net\/#website\",\"url\":\"https:\/\/blgnoticiassantodomingo.net\/\",\"name\":\"BLG Noticias\",\"description\":\"Esto es Noticias\",\"publisher\":{\"@id\":\"https:\/\/blgnoticiassantodomingo.net\/#organization\"},\"potentialAction\":[{\"@type\":\"SearchAction\",\"target\":{\"@type\":\"EntryPoint\",\"urlTemplate\":\"https:\/\/blgnoticiassantodomingo.net\/?s={search_term_string}\"},\"query-input\":{\"@type\":\"PropertyValueSpecification\",\"valueRequired\":true,\"valueName\":\"search_term_string\"}}],\"inLanguage\":\"es\"},{\"@type\":\"Organization\",\"@id\":\"https:\/\/blgnoticiassantodomingo.net\/#organization\",\"name\":\"BLG Noticias\",\"url\":\"https:\/\/blgnoticiassantodomingo.net\/\",\"logo\":{\"@type\":\"ImageObject\",\"inLanguage\":\"es\",\"@id\":\"https:\/\/blgnoticiassantodomingo.net\/#\/schema\/logo\/image\/\",\"url\":\"https:\/\/blgnoticiassantodomingo.net\/wp-content\/uploads\/2023\/12\/Diseno-sin-titulo-3.jpg\",\"contentUrl\":\"https:\/\/blgnoticiassantodomingo.net\/wp-content\/uploads\/2023\/12\/Diseno-sin-titulo-3.jpg\",\"width\":500,\"height\":500,\"caption\":\"BLG Noticias\"},\"image\":{\"@id\":\"https:\/\/blgnoticiassantodomingo.net\/#\/schema\/logo\/image\/\"},\"sameAs\":[\"https:\/\/web.facebook.com\/BlgNoticias\/?locale=es_LA&_rdc=1&_rdr\",\"https:\/\/x.com\/BlgNoticias\",\"https:\/\/www.linkedin.com\/in\/brenda-l-santana-aa846279\/\"]},{\"@type\":\"Person\",\"@id\":\"https:\/\/blgnoticiassantodomingo.net\/#\/schema\/person\/e2fc21cf88acc63dbd134be981bff374\",\"name\":\"Brenda Guerrero\",\"image\":{\"@type\":\"ImageObject\",\"inLanguage\":\"es\",\"@id\":\"https:\/\/blgnoticiassantodomingo.net\/#\/schema\/person\/image\/\",\"url\":\"https:\/\/secure.gravatar.com\/avatar\/2f7fc4c3e3655be1580cb684bfd8ab19be702ae20879da1e072021daa02f9b8b?s=96&d=wp_user_avatar&r=g\",\"contentUrl\":\"https:\/\/secure.gravatar.com\/avatar\/2f7fc4c3e3655be1580cb684bfd8ab19be702ae20879da1e072021daa02f9b8b?s=96&d=wp_user_avatar&r=g\",\"caption\":\"Brenda Guerrero\"},\"description\":\"Periodista\",\"url\":\"https:\/\/blgnoticiassantodomingo.net\/index.php\/author\/brenda-guerrero\/\"}]}<\/script>\n<!-- \/ Yoast SEO plugin. -->","yoast_head_json":{"title":"Ministerio de Salud P\u00fablica y Servicio Nacional de Salud entregan hospital m\u00f3vil en Bonao para pacientes de COVID-19 - BLG Noticias","robots":{"index":"index","follow":"follow","max-snippet":"max-snippet:-1","max-image-preview":"max-image-preview:large","max-video-preview":"max-video-preview:-1"},"canonical":"https:\/\/blgnoticiassantodomingo.net\/index.php\/2020\/05\/14\/ministerio-de-salud-publica-y-servicio-nacional-de-salud-entregan-hospital-movil-en-bonao-para-pacientes-de-covid-19\/","og_locale":"es_ES","og_type":"article","og_title":"Ministerio de Salud P\u00fablica y Servicio Nacional de Salud entregan hospital m\u00f3vil en Bonao para pacientes de COVID-19 - BLG Noticias","og_description":"Bonao. -El Ministerio de Salud P\u00fablica y el Servicio Nacional de Salud, entregaron de manera formal el hospital m\u00f3vil que fue levantado por la Oficina Supervisora de Obras del Estado, gestionado por el senador Felix Nova y la comisi\u00f3n interinstitucional para atender personas positivas de coronavirus en la provincia Monse\u00f1or Nouel. En el acto intervinieron, [&hellip;]","og_url":"https:\/\/blgnoticiassantodomingo.net\/index.php\/2020\/05\/14\/ministerio-de-salud-publica-y-servicio-nacional-de-salud-entregan-hospital-movil-en-bonao-para-pacientes-de-covid-19\/","og_site_name":"BLG Noticias","article_publisher":"https:\/\/web.facebook.com\/BlgNoticias\/?locale=es_LA&_rdc=1&_rdr","article_published_time":"2020-05-14T02:04:41+00:00","article_modified_time":"2020-05-14T02:04:42+00:00","og_image":[{"width":1040,"height":780,"url":"https:\/\/blgnoticiassantodomingo.net\/wp-content\/uploads\/2020\/05\/Freddy-Abad-Caridad-Acosta-F\u00e9lix-Nova-y-Julio-Mej\u00eda.jpg","type":"image\/jpeg"}],"author":"Brenda Guerrero","twitter_card":"summary_large_image","twitter_creator":"@BlgNoticias","twitter_site":"@BlgNoticias","twitter_misc":{"Escrito por":"Brenda Guerrero","Tiempo de lectura":"2 minutos"},"schema":{"@context":"https:\/\/schema.org","@graph":[{"@type":"Article","@id":"https:\/\/blgnoticiassantodomingo.net\/index.php\/2020\/05\/14\/ministerio-de-salud-publica-y-servicio-nacional-de-salud-entregan-hospital-movil-en-bonao-para-pacientes-de-covid-19\/#article","isPartOf":{"@id":"https:\/\/blgnoticiassantodomingo.net\/index.php\/2020\/05\/14\/ministerio-de-salud-publica-y-servicio-nacional-de-salud-entregan-hospital-movil-en-bonao-para-pacientes-de-covid-19\/"},"author":{"name":"Brenda Guerrero","@id":"https:\/\/blgnoticiassantodomingo.net\/#\/schema\/person\/e2fc21cf88acc63dbd134be981bff374"},"headline":"Ministerio de Salud P\u00fablica y Servicio Nacional de Salud entregan hospital m\u00f3vil en Bonao para pacientes de COVID-19","datePublished":"2020-05-14T02:04:41+00:00","dateModified":"2020-05-14T02:04:42+00:00","mainEntityOfPage":{"@id":"https:\/\/blgnoticiassantodomingo.net\/index.php\/2020\/05\/14\/ministerio-de-salud-publica-y-servicio-nacional-de-salud-entregan-hospital-movil-en-bonao-para-pacientes-de-covid-19\/"},"wordCount":417,"commentCount":0,"publisher":{"@id":"https:\/\/blgnoticiassantodomingo.net\/#organization"},"image":{"@id":"https:\/\/blgnoticiassantodomingo.net\/index.php\/2020\/05\/14\/ministerio-de-salud-publica-y-servicio-nacional-de-salud-entregan-hospital-movil-en-bonao-para-pacientes-de-covid-19\/#primaryimage"},"thumbnailUrl":"https:\/\/blgnoticiassantodomingo.net\/wp-content\/uploads\/2020\/05\/Freddy-Abad-Caridad-Acosta-F\u00e9lix-Nova-y-Julio-Mej\u00eda.jpg","keywords":["Bonao","Hospital movil","Salud Publica","Servicio Nacional de Salud"],"articleSection":["Salud"],"inLanguage":"es","potentialAction":[{"@type":"CommentAction","name":"Comment","target":["https:\/\/blgnoticiassantodomingo.net\/index.php\/2020\/05\/14\/ministerio-de-salud-publica-y-servicio-nacional-de-salud-entregan-hospital-movil-en-bonao-para-pacientes-de-covid-19\/#respond"]}]},{"@type":"WebPage","@id":"https:\/\/blgnoticiassantodomingo.net\/index.php\/2020\/05\/14\/ministerio-de-salud-publica-y-servicio-nacional-de-salud-entregan-hospital-movil-en-bonao-para-pacientes-de-covid-19\/","url":"https:\/\/blgnoticiassantodomingo.net\/index.php\/2020\/05\/14\/ministerio-de-salud-publica-y-servicio-nacional-de-salud-entregan-hospital-movil-en-bonao-para-pacientes-de-covid-19\/","name":"Ministerio de Salud P\u00fablica y Servicio Nacional de Salud entregan hospital m\u00f3vil en Bonao para pacientes de COVID-19 - BLG Noticias","isPartOf":{"@id":"https:\/\/blgnoticiassantodomingo.net\/#website"},"primaryImageOfPage":{"@id":"https:\/\/blgnoticiassantodomingo.net\/index.php\/2020\/05\/14\/ministerio-de-salud-publica-y-servicio-nacional-de-salud-entregan-hospital-movil-en-bonao-para-pacientes-de-covid-19\/#primaryimage"},"image":{"@id":"https:\/\/blgnoticiassantodomingo.net\/index.php\/2020\/05\/14\/ministerio-de-salud-publica-y-servicio-nacional-de-salud-entregan-hospital-movil-en-bonao-para-pacientes-de-covid-19\/#primaryimage"},"thumbnailUrl":"https:\/\/blgnoticiassantodomingo.net\/wp-content\/uploads\/2020\/05\/Freddy-Abad-Caridad-Acosta-F\u00e9lix-Nova-y-Julio-Mej\u00eda.jpg","datePublished":"2020-05-14T02:04:41+00:00","dateModified":"2020-05-14T02:04:42+00:00","breadcrumb":{"@id":"https:\/\/blgnoticiassantodomingo.net\/index.php\/2020\/05\/14\/ministerio-de-salud-publica-y-servicio-nacional-de-salud-entregan-hospital-movil-en-bonao-para-pacientes-de-covid-19\/#breadcrumb"},"inLanguage":"es","potentialAction":[{"@type":"ReadAction","target":["https:\/\/blgnoticiassantodomingo.net\/index.php\/2020\/05\/14\/ministerio-de-salud-publica-y-servicio-nacional-de-salud-entregan-hospital-movil-en-bonao-para-pacientes-de-covid-19\/"]}]},{"@type":"ImageObject","inLanguage":"es","@id":"https:\/\/blgnoticiassantodomingo.net\/index.php\/2020\/05\/14\/ministerio-de-salud-publica-y-servicio-nacional-de-salud-entregan-hospital-movil-en-bonao-para-pacientes-de-covid-19\/#primaryimage","url":"https:\/\/blgnoticiassantodomingo.net\/wp-content\/uploads\/2020\/05\/Freddy-Abad-Caridad-Acosta-F\u00e9lix-Nova-y-Julio-Mej\u00eda.jpg","contentUrl":"https:\/\/blgnoticiassantodomingo.net\/wp-content\/uploads\/2020\/05\/Freddy-Abad-Caridad-Acosta-F\u00e9lix-Nova-y-Julio-Mej\u00eda.jpg","width":1040,"height":780},{"@type":"BreadcrumbList","@id":"https:\/\/blgnoticiassantodomingo.net\/index.php\/2020\/05\/14\/ministerio-de-salud-publica-y-servicio-nacional-de-salud-entregan-hospital-movil-en-bonao-para-pacientes-de-covid-19\/#breadcrumb","itemListElement":[{"@type":"ListItem","position":1,"name":"Portada","item":"https:\/\/blgnoticiassantodomingo.net\/"},{"@type":"ListItem","position":2,"name":"Ministerio de Salud P\u00fablica y Servicio Nacional de Salud entregan hospital m\u00f3vil en Bonao para pacientes de COVID-19"}]},{"@type":"WebSite","@id":"https:\/\/blgnoticiassantodomingo.net\/#website","url":"https:\/\/blgnoticiassantodomingo.net\/","name":"BLG Noticias","description":"Esto es Noticias","publisher":{"@id":"https:\/\/blgnoticiassantodomingo.net\/#organization"},"potentialAction":[{"@type":"SearchAction","target":{"@type":"EntryPoint","urlTemplate":"https:\/\/blgnoticiassantodomingo.net\/?s={search_term_string}"},"query-input":{"@type":"PropertyValueSpecification","valueRequired":true,"valueName":"search_term_string"}}],"inLanguage":"es"},{"@type":"Organization","@id":"https:\/\/blgnoticiassantodomingo.net\/#organization","name":"BLG Noticias","url":"https:\/\/blgnoticiassantodomingo.net\/","logo":{"@type":"ImageObject","inLanguage":"es","@id":"https:\/\/blgnoticiassantodomingo.net\/#\/schema\/logo\/image\/","url":"https:\/\/blgnoticiassantodomingo.net\/wp-content\/uploads\/2023\/12\/Diseno-sin-titulo-3.jpg","contentUrl":"https:\/\/blgnoticiassantodomingo.net\/wp-content\/uploads\/2023\/12\/Diseno-sin-titulo-3.jpg","width":500,"height":500,"caption":"BLG Noticias"},"image":{"@id":"https:\/\/blgnoticiassantodomingo.net\/#\/schema\/logo\/image\/"},"sameAs":["https:\/\/web.facebook.com\/BlgNoticias\/?locale=es_LA&_rdc=1&_rdr","https:\/\/x.com\/BlgNoticias","https:\/\/www.linkedin.com\/in\/brenda-l-santana-aa846279\/"]},{"@type":"Person","@id":"https:\/\/blgnoticiassantodomingo.net\/#\/schema\/person\/e2fc21cf88acc63dbd134be981bff374","name":"Brenda Guerrero","image":{"@type":"ImageObject","inLanguage":"es","@id":"https:\/\/blgnoticiassantodomingo.net\/#\/schema\/person\/image\/","url":"https:\/\/secure.gravatar.com\/avatar\/2f7fc4c3e3655be1580cb684bfd8ab19be702ae20879da1e072021daa02f9b8b?s=96&d=wp_user_avatar&r=g","contentUrl":"https:\/\/secure.gravatar.com\/avatar\/2f7fc4c3e3655be1580cb684bfd8ab19be702ae20879da1e072021daa02f9b8b?s=96&d=wp_user_avatar&r=g","caption":"Brenda Guerrero"},"description":"Periodista","url":"https:\/\/blgnoticiassantodomingo.net\/index.php\/author\/brenda-guerrero\/"}]}},"jetpack_featured_media_url":"https:\/\/blgnoticiassantodomingo.net\/wp-content\/uploads\/2020\/05\/Freddy-Abad-Caridad-Acosta-F\u00e9lix-Nova-y-Julio-Mej\u00eda.jpg","_links":{"self":[{"href":"https:\/\/blgnoticiassantodomingo.net\/index.php\/wp-json\/wp\/v2\/posts\/10759","targetHints":{"allow":["GET"]}}],"collection":[{"href":"https:\/\/blgnoticiassantodomingo.net\/index.php\/wp-json\/wp\/v2\/posts"}],"about":[{"href":"https:\/\/blgnoticiassantodomingo.net\/index.php\/wp-json\/wp\/v2\/types\/post"}],"author":[{"embeddable":true,"href":"https:\/\/blgnoticiassantodomingo.net\/index.php\/wp-json\/wp\/v2\/users\/2"}],"replies":[{"embeddable":true,"href":"https:\/\/blgnoticiassantodomingo.net\/index.php\/wp-json\/wp\/v2\/comments?post=10759"}],"version-history":[{"count":1,"href":"https:\/\/blgnoticiassantodomingo.net\/index.php\/wp-json\/wp\/v2\/posts\/10759\/revisions"}],"predecessor-version":[{"id":10764,"href":"https:\/\/blgnoticiassantodomingo.net\/index.php\/wp-json\/wp\/v2\/posts\/10759\/revisions\/10764"}],"wp:featuredmedia":[{"embeddable":true,"href":"https:\/\/blgnoticiassantodomingo.net\/index.php\/wp-json\/wp\/v2\/media\/10762"}],"wp:attachment":[{"href":"https:\/\/blgnoticiassantodomingo.net\/index.php\/wp-json\/wp\/v2\/media?parent=10759"}],"wp:term":[{"taxonomy":"category","embeddable":true,"href":"https:\/\/blgnoticiassantodomingo.net\/index.php\/wp-json\/wp\/v2\/categories?post=10759"},{"taxonomy":"post_tag","embeddable":true,"href":"https:\/\/blgnoticiassantodomingo.net\/index.php\/wp-json\/wp\/v2\/tags?post=10759"}],"curies":[{"name":"wp","href":"https:\/\/api.w.org\/{rel}","templated":true}]}}