{"id":10315,"date":"2020-05-04T17:41:52","date_gmt":"2020-05-04T16:41:52","guid":{"rendered":"http:\/\/blgnoticiassantodomingo.net\/?p=10315"},"modified":"2020-05-04T17:41:53","modified_gmt":"2020-05-04T16:41:53","slug":"coanor-advierte-emergencia-ecologica-linea-noroeste","status":"publish","type":"post","link":"https:\/\/blgnoticiassantodomingo.net\/index.php\/2020\/05\/04\/coanor-advierte-emergencia-ecologica-linea-noroeste\/","title":{"rendered":"COANOR Advierte Emergencia Ecol\u00f3gica L\u00ednea Noroeste"},"content":{"rendered":"\n<p>Declaraci\u00f3n P\u00fablica<\/p>\n\n\n\n<p><br> <strong><em>Incendios Forestales y Corte de \u00c1rboles Destruyen Bosques en Restauraci\u00f3n, Dajab\u00f3n y Santiago Rodr\u00edguez. <\/em><\/strong><\/p>\n\n\n\n<p>Dajab\u00f3n.- La Coalici\u00f3n de Organizaciones Ambientales del Noroeste-COANOR- denuncia la recurrencia de incendios forestales y talas indiscriminadas de \u00e1rboles en la regi\u00f3n y llama al gobierno a  declarar emergencia ambiental a la L\u00ednea Noreste a causa de la situaci\u00f3n ambiental que reduce la capa boscosa. <br><br> Emplazan a las autoridades ambientales y de gesti\u00f3n de desastres a desarrollar un plan anti incendios para sofocar los fuegos y a ordenar la prohibici\u00f3n de cortes de \u00e1rboles, en su mayor\u00eda pinos criollos.<\/p>\n\n\n\n<figure class=\"wp-block-image\"><img decoding=\"async\" width=\"1024\" height=\"768\" src=\"https:\/\/blgnoticiassantodomingo.net\/wp-content\/uploads\/2020\/05\/D8B3F072-9921-4D01-9DCD-E680274F2E2B-1024x768.jpeg\" alt=\"\" class=\"wp-image-10317\" srcset=\"https:\/\/blgnoticiassantodomingo.net\/wp-content\/uploads\/2020\/05\/D8B3F072-9921-4D01-9DCD-E680274F2E2B-1024x768.jpeg 1024w, https:\/\/blgnoticiassantodomingo.net\/wp-content\/uploads\/2020\/05\/D8B3F072-9921-4D01-9DCD-E680274F2E2B-300x225.jpeg 300w, https:\/\/blgnoticiassantodomingo.net\/wp-content\/uploads\/2020\/05\/D8B3F072-9921-4D01-9DCD-E680274F2E2B-768x576.jpeg 768w, https:\/\/blgnoticiassantodomingo.net\/wp-content\/uploads\/2020\/05\/D8B3F072-9921-4D01-9DCD-E680274F2E2B-500x375.jpeg 500w, https:\/\/blgnoticiassantodomingo.net\/wp-content\/uploads\/2020\/05\/D8B3F072-9921-4D01-9DCD-E680274F2E2B.jpeg 1152w\" sizes=\"(max-width: 1024px) 100vw, 1024px\" \/><\/figure>\n\n\n\n<p><br> M\u00e1s de 50 incendios forestales se contabilizan en la regi\u00f3n desde el mes de marzo. La geograf\u00eda de los siniestros comprende el \u00e1rea protegida del Cerro de Chaquey, que alimenta 19 acueductos rurales y dos embalses ubicados en la provincia de Monteristi, en los municipios de Loma de Cabrera y Partido, correspondientes a Dajab\u00f3n. <\/p>\n\n\n\n<p>En Restauraci\u00f3n la reserva forestal de Sabana Clara, seg\u00fan afirman los ambientales, est\u00e1 en una de sus peores crisis, siendo pocas las \u00e1reas del proyecto que quedan sin ser afectadas por los incendios de las \u00faltimas semanas.<br> Los fuegos se han diseminado a Villa Los Alm\u00e1cigos, Sabaneta y Monci\u00f3n en la provincia Santiago Rodr\u00edguez, afectando la Cordillera Central, donde estos han consumido decenas de hect\u00e1reas boscosas, causando da\u00f1os ambientales irreversibles.<\/p>\n\n\n\n<figure class=\"wp-block-image\"><img decoding=\"async\" width=\"498\" height=\"1024\" src=\"https:\/\/blgnoticiassantodomingo.net\/wp-content\/uploads\/2020\/05\/66A08222-7387-474E-BD39-1C06012F7318-498x1024.jpeg\" alt=\"\" class=\"wp-image-10318\" srcset=\"https:\/\/blgnoticiassantodomingo.net\/wp-content\/uploads\/2020\/05\/66A08222-7387-474E-BD39-1C06012F7318-498x1024.jpeg 498w, https:\/\/blgnoticiassantodomingo.net\/wp-content\/uploads\/2020\/05\/66A08222-7387-474E-BD39-1C06012F7318-146x300.jpeg 146w, https:\/\/blgnoticiassantodomingo.net\/wp-content\/uploads\/2020\/05\/66A08222-7387-474E-BD39-1C06012F7318.jpeg 622w\" sizes=\"(max-width: 498px) 100vw, 498px\" \/><\/figure>\n\n\n\n<p><br> De igual manera, en Restauraci\u00f3n, se ha incrementado de una manera preocupante el corte de madera de bosques criollos. Los ambientalistas, muestran preocupaci\u00f3n y denuncian las decenas de camiones cargados de madera, m\u00e1s de 20 por d\u00eda, con destinos hacia los aserraderos, que, seg\u00fan ellos, ya no tienen espacios para almacenar la madera, debido al ritmo acelerado con que cortan los \u00e1rboles maderables y lo transportan. <\/p>\n\n\n\n<p><br> Es una muestra que todo est\u00e1 fuera de control. Indican, que estos cortes indiscriminados representan una amenaza al equilibrio ecol\u00f3gico en la zona y aseguran que los planes de manejo forestal no se est\u00e1n realizando conforme a las normas establecidas en la ley ambiental 64-00. Piden al Ministerio de Medio Ambiente tome en cuenta la temporada de sequ\u00eda para que suspenda los cortes de \u00e1rboles, al menos por los tres meses. <\/p>\n\n\n\n<figure class=\"wp-block-image\"><img decoding=\"async\" width=\"1024\" height=\"768\" src=\"https:\/\/blgnoticiassantodomingo.net\/wp-content\/uploads\/2020\/05\/73671C06-8F7A-4483-9A04-054289FB2645-1024x768.jpeg\" alt=\"\" class=\"wp-image-10319\" srcset=\"https:\/\/blgnoticiassantodomingo.net\/wp-content\/uploads\/2020\/05\/73671C06-8F7A-4483-9A04-054289FB2645-1024x768.jpeg 1024w, https:\/\/blgnoticiassantodomingo.net\/wp-content\/uploads\/2020\/05\/73671C06-8F7A-4483-9A04-054289FB2645-300x225.jpeg 300w, https:\/\/blgnoticiassantodomingo.net\/wp-content\/uploads\/2020\/05\/73671C06-8F7A-4483-9A04-054289FB2645-768x576.jpeg 768w, https:\/\/blgnoticiassantodomingo.net\/wp-content\/uploads\/2020\/05\/73671C06-8F7A-4483-9A04-054289FB2645-500x375.jpeg 500w, https:\/\/blgnoticiassantodomingo.net\/wp-content\/uploads\/2020\/05\/73671C06-8F7A-4483-9A04-054289FB2645.jpeg 1280w\" sizes=\"(max-width: 1024px) 100vw, 1024px\" \/><\/figure>\n\n\n\n<p>La situaci\u00f3n de quema, presumiblemente intencional y corte indiscriminado de \u00e1rboles mantiene en estado de alarma a las poblaciones donde se registran, situaci\u00f3n que irrita a la ciudadan\u00eda al contemplar la ineficiencia oficial. Insiste la COANOR que se debe investigar a profundidad las causas de los siniestros ante la sospecha leg\u00edtima de que detr\u00e1s de los mismos hay manos criminales vinculadas a los intereses de los due\u00f1os de aserraderos. <br><br> La COANOR emplaza al gobierno a crear pol\u00edticas p\u00fablicas, y \u201cen medio de la crisis propone al sector oficial el dise\u00f1o de pol\u00edticas y acciones eficaces de prevenci\u00f3n de incendios forestales, asumiendo el fracaso de las actuales. Ha sido ineficiente el Programa Nacional de Prevenci\u00f3n y Control de Incendios Forestales del Ministerio de Medio Ambiente y Recursos Naturales\u201d. <\/p>\n\n\n\n<p><br> La corrupci\u00f3n y las pr\u00e1cticas de impunidad se convierten en aliadas de la apat\u00eda gubernamental para agudizar la tragedia ecol\u00f3gica. Concluye, en que \u201ces necesario integrar a las comunidades locales sobre manejo y gesti\u00f3n  de los incendio forestales y Demanda del gobierno central una urgente soluci\u00f3n para los incendios forestales y la tala ilegal de \u00e1rboles maderables.<\/p>\n\n\n\n<figure class=\"wp-block-image\"><img decoding=\"async\" width=\"768\" height=\"1024\" src=\"https:\/\/blgnoticiassantodomingo.net\/wp-content\/uploads\/2020\/05\/2F0C9B57-FD07-4189-A7E2-42D528EB87B2-768x1024.jpeg\" alt=\"\" class=\"wp-image-10320\" srcset=\"https:\/\/blgnoticiassantodomingo.net\/wp-content\/uploads\/2020\/05\/2F0C9B57-FD07-4189-A7E2-42D528EB87B2-768x1024.jpeg 768w, https:\/\/blgnoticiassantodomingo.net\/wp-content\/uploads\/2020\/05\/2F0C9B57-FD07-4189-A7E2-42D528EB87B2-225x300.jpeg 225w, https:\/\/blgnoticiassantodomingo.net\/wp-content\/uploads\/2020\/05\/2F0C9B57-FD07-4189-A7E2-42D528EB87B2.jpeg 960w\" sizes=\"(max-width: 768px) 100vw, 768px\" \/><\/figure>\n","protected":false},"excerpt":{"rendered":"<p>Declaraci\u00f3n P\u00fablica Incendios Forestales y Corte de \u00c1rboles Destruyen Bosques en Restauraci\u00f3n, Dajab\u00f3n y Santiago Rodr\u00edguez. Dajab\u00f3n.- La Coalici\u00f3n de Organizaciones Ambientales del Noroeste-COANOR- denuncia la recurrencia de incendios forestales y talas indiscriminadas de \u00e1rboles en la regi\u00f3n y llama al gobierno a declarar emergencia ambiental a la L\u00ednea Noreste a causa de la situaci\u00f3n [&hellip;]<\/p>\n","protected":false},"author":2,"featured_media":10316,"comment_status":"open","ping_status":"open","sticky":false,"template":"","format":"standard","meta":{"footnotes":""},"categories":[220],"tags":[1846,1847,1848],"class_list":{"0":"post-10315","1":"post","2":"type-post","3":"status-publish","4":"format-standard","5":"has-post-thumbnail","7":"category-nacionales","8":"tag-coanor","9":"tag-incendios-forestales","10":"tag-linea-noroeste"},"yoast_head":"<!-- This site is optimized with the Yoast SEO plugin v24.9 - https:\/\/yoast.com\/wordpress\/plugins\/seo\/ -->\n<title>COANOR Advierte Emergencia Ecol\u00f3gica L\u00ednea Noroeste - BLG Noticias<\/title>\n<meta name=\"robots\" content=\"index, follow, max-snippet:-1, max-image-preview:large, max-video-preview:-1\" \/>\n<link rel=\"canonical\" href=\"https:\/\/blgnoticiassantodomingo.net\/index.php\/2020\/05\/04\/coanor-advierte-emergencia-ecologica-linea-noroeste\/\" \/>\n<meta property=\"og:locale\" content=\"es_ES\" \/>\n<meta property=\"og:type\" content=\"article\" \/>\n<meta property=\"og:title\" content=\"COANOR Advierte Emergencia Ecol\u00f3gica L\u00ednea Noroeste - BLG Noticias\" \/>\n<meta property=\"og:description\" content=\"Declaraci\u00f3n P\u00fablica Incendios Forestales y Corte de \u00c1rboles Destruyen Bosques en Restauraci\u00f3n, Dajab\u00f3n y Santiago Rodr\u00edguez. Dajab\u00f3n.- La Coalici\u00f3n de Organizaciones Ambientales del Noroeste-COANOR- denuncia la recurrencia de incendios forestales y talas indiscriminadas de \u00e1rboles en la regi\u00f3n y llama al gobierno a declarar emergencia ambiental a la L\u00ednea Noreste a causa de la situaci\u00f3n [&hellip;]\" \/>\n<meta property=\"og:url\" content=\"https:\/\/blgnoticiassantodomingo.net\/index.php\/2020\/05\/04\/coanor-advierte-emergencia-ecologica-linea-noroeste\/\" \/>\n<meta property=\"og:site_name\" content=\"BLG Noticias\" \/>\n<meta property=\"article:publisher\" content=\"https:\/\/web.facebook.com\/BlgNoticias\/?locale=es_LA&amp;_rdc=1&amp;_rdr\" \/>\n<meta property=\"article:published_time\" content=\"2020-05-04T16:41:52+00:00\" \/>\n<meta property=\"article:modified_time\" content=\"2020-05-04T16:41:53+00:00\" \/>\n<meta property=\"og:image\" content=\"https:\/\/blgnoticiassantodomingo.net\/wp-content\/uploads\/2020\/05\/2254B935-4B29-4DA0-90BF-03CFE43B7FCB.jpeg\" \/>\n\t<meta property=\"og:image:width\" content=\"1280\" \/>\n\t<meta property=\"og:image:height\" content=\"960\" \/>\n\t<meta property=\"og:image:type\" content=\"image\/jpeg\" \/>\n<meta name=\"author\" content=\"Brenda Guerrero\" \/>\n<meta name=\"twitter:card\" content=\"summary_large_image\" \/>\n<meta name=\"twitter:creator\" content=\"@BlgNoticias\" \/>\n<meta name=\"twitter:site\" content=\"@BlgNoticias\" \/>\n<meta name=\"twitter:label1\" content=\"Escrito por\" \/>\n\t<meta name=\"twitter:data1\" content=\"Brenda Guerrero\" \/>\n\t<meta name=\"twitter:label2\" content=\"Tiempo de lectura\" \/>\n\t<meta name=\"twitter:data2\" content=\"3 minutos\" \/>\n<script type=\"application\/ld+json\" class=\"yoast-schema-graph\">{\"@context\":\"https:\/\/schema.org\",\"@graph\":[{\"@type\":\"Article\",\"@id\":\"https:\/\/blgnoticiassantodomingo.net\/index.php\/2020\/05\/04\/coanor-advierte-emergencia-ecologica-linea-noroeste\/#article\",\"isPartOf\":{\"@id\":\"https:\/\/blgnoticiassantodomingo.net\/index.php\/2020\/05\/04\/coanor-advierte-emergencia-ecologica-linea-noroeste\/\"},\"author\":{\"name\":\"Brenda Guerrero\",\"@id\":\"https:\/\/blgnoticiassantodomingo.net\/#\/schema\/person\/e2fc21cf88acc63dbd134be981bff374\"},\"headline\":\"COANOR Advierte Emergencia Ecol\u00f3gica L\u00ednea Noroeste\",\"datePublished\":\"2020-05-04T16:41:52+00:00\",\"dateModified\":\"2020-05-04T16:41:53+00:00\",\"mainEntityOfPage\":{\"@id\":\"https:\/\/blgnoticiassantodomingo.net\/index.php\/2020\/05\/04\/coanor-advierte-emergencia-ecologica-linea-noroeste\/\"},\"wordCount\":596,\"commentCount\":0,\"publisher\":{\"@id\":\"https:\/\/blgnoticiassantodomingo.net\/#organization\"},\"image\":{\"@id\":\"https:\/\/blgnoticiassantodomingo.net\/index.php\/2020\/05\/04\/coanor-advierte-emergencia-ecologica-linea-noroeste\/#primaryimage\"},\"thumbnailUrl\":\"https:\/\/blgnoticiassantodomingo.net\/wp-content\/uploads\/2020\/05\/2254B935-4B29-4DA0-90BF-03CFE43B7FCB.jpeg\",\"keywords\":[\"COANOR\",\"Incendios forestales\",\"Linea Noroeste\"],\"articleSection\":[\"Nacionales\"],\"inLanguage\":\"es\",\"potentialAction\":[{\"@type\":\"CommentAction\",\"name\":\"Comment\",\"target\":[\"https:\/\/blgnoticiassantodomingo.net\/index.php\/2020\/05\/04\/coanor-advierte-emergencia-ecologica-linea-noroeste\/#respond\"]}]},{\"@type\":\"WebPage\",\"@id\":\"https:\/\/blgnoticiassantodomingo.net\/index.php\/2020\/05\/04\/coanor-advierte-emergencia-ecologica-linea-noroeste\/\",\"url\":\"https:\/\/blgnoticiassantodomingo.net\/index.php\/2020\/05\/04\/coanor-advierte-emergencia-ecologica-linea-noroeste\/\",\"name\":\"COANOR Advierte Emergencia Ecol\u00f3gica L\u00ednea Noroeste - BLG Noticias\",\"isPartOf\":{\"@id\":\"https:\/\/blgnoticiassantodomingo.net\/#website\"},\"primaryImageOfPage\":{\"@id\":\"https:\/\/blgnoticiassantodomingo.net\/index.php\/2020\/05\/04\/coanor-advierte-emergencia-ecologica-linea-noroeste\/#primaryimage\"},\"image\":{\"@id\":\"https:\/\/blgnoticiassantodomingo.net\/index.php\/2020\/05\/04\/coanor-advierte-emergencia-ecologica-linea-noroeste\/#primaryimage\"},\"thumbnailUrl\":\"https:\/\/blgnoticiassantodomingo.net\/wp-content\/uploads\/2020\/05\/2254B935-4B29-4DA0-90BF-03CFE43B7FCB.jpeg\",\"datePublished\":\"2020-05-04T16:41:52+00:00\",\"dateModified\":\"2020-05-04T16:41:53+00:00\",\"breadcrumb\":{\"@id\":\"https:\/\/blgnoticiassantodomingo.net\/index.php\/2020\/05\/04\/coanor-advierte-emergencia-ecologica-linea-noroeste\/#breadcrumb\"},\"inLanguage\":\"es\",\"potentialAction\":[{\"@type\":\"ReadAction\",\"target\":[\"https:\/\/blgnoticiassantodomingo.net\/index.php\/2020\/05\/04\/coanor-advierte-emergencia-ecologica-linea-noroeste\/\"]}]},{\"@type\":\"ImageObject\",\"inLanguage\":\"es\",\"@id\":\"https:\/\/blgnoticiassantodomingo.net\/index.php\/2020\/05\/04\/coanor-advierte-emergencia-ecologica-linea-noroeste\/#primaryimage\",\"url\":\"https:\/\/blgnoticiassantodomingo.net\/wp-content\/uploads\/2020\/05\/2254B935-4B29-4DA0-90BF-03CFE43B7FCB.jpeg\",\"contentUrl\":\"https:\/\/blgnoticiassantodomingo.net\/wp-content\/uploads\/2020\/05\/2254B935-4B29-4DA0-90BF-03CFE43B7FCB.jpeg\",\"width\":1280,\"height\":960},{\"@type\":\"BreadcrumbList\",\"@id\":\"https:\/\/blgnoticiassantodomingo.net\/index.php\/2020\/05\/04\/coanor-advierte-emergencia-ecologica-linea-noroeste\/#breadcrumb\",\"itemListElement\":[{\"@type\":\"ListItem\",\"position\":1,\"name\":\"Portada\",\"item\":\"https:\/\/blgnoticiassantodomingo.net\/\"},{\"@type\":\"ListItem\",\"position\":2,\"name\":\"COANOR Advierte Emergencia Ecol\u00f3gica L\u00ednea Noroeste\"}]},{\"@type\":\"WebSite\",\"@id\":\"https:\/\/blgnoticiassantodomingo.net\/#website\",\"url\":\"https:\/\/blgnoticiassantodomingo.net\/\",\"name\":\"BLG Noticias\",\"description\":\"Esto es Noticias\",\"publisher\":{\"@id\":\"https:\/\/blgnoticiassantodomingo.net\/#organization\"},\"potentialAction\":[{\"@type\":\"SearchAction\",\"target\":{\"@type\":\"EntryPoint\",\"urlTemplate\":\"https:\/\/blgnoticiassantodomingo.net\/?s={search_term_string}\"},\"query-input\":{\"@type\":\"PropertyValueSpecification\",\"valueRequired\":true,\"valueName\":\"search_term_string\"}}],\"inLanguage\":\"es\"},{\"@type\":\"Organization\",\"@id\":\"https:\/\/blgnoticiassantodomingo.net\/#organization\",\"name\":\"BLG Noticias\",\"url\":\"https:\/\/blgnoticiassantodomingo.net\/\",\"logo\":{\"@type\":\"ImageObject\",\"inLanguage\":\"es\",\"@id\":\"https:\/\/blgnoticiassantodomingo.net\/#\/schema\/logo\/image\/\",\"url\":\"https:\/\/blgnoticiassantodomingo.net\/wp-content\/uploads\/2023\/12\/Diseno-sin-titulo-3.jpg\",\"contentUrl\":\"https:\/\/blgnoticiassantodomingo.net\/wp-content\/uploads\/2023\/12\/Diseno-sin-titulo-3.jpg\",\"width\":500,\"height\":500,\"caption\":\"BLG Noticias\"},\"image\":{\"@id\":\"https:\/\/blgnoticiassantodomingo.net\/#\/schema\/logo\/image\/\"},\"sameAs\":[\"https:\/\/web.facebook.com\/BlgNoticias\/?locale=es_LA&_rdc=1&_rdr\",\"https:\/\/x.com\/BlgNoticias\",\"https:\/\/www.linkedin.com\/in\/brenda-l-santana-aa846279\/\"]},{\"@type\":\"Person\",\"@id\":\"https:\/\/blgnoticiassantodomingo.net\/#\/schema\/person\/e2fc21cf88acc63dbd134be981bff374\",\"name\":\"Brenda Guerrero\",\"image\":{\"@type\":\"ImageObject\",\"inLanguage\":\"es\",\"@id\":\"https:\/\/blgnoticiassantodomingo.net\/#\/schema\/person\/image\/\",\"url\":\"https:\/\/secure.gravatar.com\/avatar\/2f7fc4c3e3655be1580cb684bfd8ab19be702ae20879da1e072021daa02f9b8b?s=96&d=wp_user_avatar&r=g\",\"contentUrl\":\"https:\/\/secure.gravatar.com\/avatar\/2f7fc4c3e3655be1580cb684bfd8ab19be702ae20879da1e072021daa02f9b8b?s=96&d=wp_user_avatar&r=g\",\"caption\":\"Brenda Guerrero\"},\"description\":\"Periodista\",\"url\":\"https:\/\/blgnoticiassantodomingo.net\/index.php\/author\/brenda-guerrero\/\"}]}<\/script>\n<!-- \/ Yoast SEO plugin. -->","yoast_head_json":{"title":"COANOR Advierte Emergencia Ecol\u00f3gica L\u00ednea Noroeste - BLG Noticias","robots":{"index":"index","follow":"follow","max-snippet":"max-snippet:-1","max-image-preview":"max-image-preview:large","max-video-preview":"max-video-preview:-1"},"canonical":"https:\/\/blgnoticiassantodomingo.net\/index.php\/2020\/05\/04\/coanor-advierte-emergencia-ecologica-linea-noroeste\/","og_locale":"es_ES","og_type":"article","og_title":"COANOR Advierte Emergencia Ecol\u00f3gica L\u00ednea Noroeste - BLG Noticias","og_description":"Declaraci\u00f3n P\u00fablica Incendios Forestales y Corte de \u00c1rboles Destruyen Bosques en Restauraci\u00f3n, Dajab\u00f3n y Santiago Rodr\u00edguez. Dajab\u00f3n.- La Coalici\u00f3n de Organizaciones Ambientales del Noroeste-COANOR- denuncia la recurrencia de incendios forestales y talas indiscriminadas de \u00e1rboles en la regi\u00f3n y llama al gobierno a declarar emergencia ambiental a la L\u00ednea Noreste a causa de la situaci\u00f3n [&hellip;]","og_url":"https:\/\/blgnoticiassantodomingo.net\/index.php\/2020\/05\/04\/coanor-advierte-emergencia-ecologica-linea-noroeste\/","og_site_name":"BLG Noticias","article_publisher":"https:\/\/web.facebook.com\/BlgNoticias\/?locale=es_LA&_rdc=1&_rdr","article_published_time":"2020-05-04T16:41:52+00:00","article_modified_time":"2020-05-04T16:41:53+00:00","og_image":[{"width":1280,"height":960,"url":"https:\/\/blgnoticiassantodomingo.net\/wp-content\/uploads\/2020\/05\/2254B935-4B29-4DA0-90BF-03CFE43B7FCB.jpeg","type":"image\/jpeg"}],"author":"Brenda Guerrero","twitter_card":"summary_large_image","twitter_creator":"@BlgNoticias","twitter_site":"@BlgNoticias","twitter_misc":{"Escrito por":"Brenda Guerrero","Tiempo de lectura":"3 minutos"},"schema":{"@context":"https:\/\/schema.org","@graph":[{"@type":"Article","@id":"https:\/\/blgnoticiassantodomingo.net\/index.php\/2020\/05\/04\/coanor-advierte-emergencia-ecologica-linea-noroeste\/#article","isPartOf":{"@id":"https:\/\/blgnoticiassantodomingo.net\/index.php\/2020\/05\/04\/coanor-advierte-emergencia-ecologica-linea-noroeste\/"},"author":{"name":"Brenda Guerrero","@id":"https:\/\/blgnoticiassantodomingo.net\/#\/schema\/person\/e2fc21cf88acc63dbd134be981bff374"},"headline":"COANOR Advierte Emergencia Ecol\u00f3gica L\u00ednea Noroeste","datePublished":"2020-05-04T16:41:52+00:00","dateModified":"2020-05-04T16:41:53+00:00","mainEntityOfPage":{"@id":"https:\/\/blgnoticiassantodomingo.net\/index.php\/2020\/05\/04\/coanor-advierte-emergencia-ecologica-linea-noroeste\/"},"wordCount":596,"commentCount":0,"publisher":{"@id":"https:\/\/blgnoticiassantodomingo.net\/#organization"},"image":{"@id":"https:\/\/blgnoticiassantodomingo.net\/index.php\/2020\/05\/04\/coanor-advierte-emergencia-ecologica-linea-noroeste\/#primaryimage"},"thumbnailUrl":"https:\/\/blgnoticiassantodomingo.net\/wp-content\/uploads\/2020\/05\/2254B935-4B29-4DA0-90BF-03CFE43B7FCB.jpeg","keywords":["COANOR","Incendios forestales","Linea Noroeste"],"articleSection":["Nacionales"],"inLanguage":"es","potentialAction":[{"@type":"CommentAction","name":"Comment","target":["https:\/\/blgnoticiassantodomingo.net\/index.php\/2020\/05\/04\/coanor-advierte-emergencia-ecologica-linea-noroeste\/#respond"]}]},{"@type":"WebPage","@id":"https:\/\/blgnoticiassantodomingo.net\/index.php\/2020\/05\/04\/coanor-advierte-emergencia-ecologica-linea-noroeste\/","url":"https:\/\/blgnoticiassantodomingo.net\/index.php\/2020\/05\/04\/coanor-advierte-emergencia-ecologica-linea-noroeste\/","name":"COANOR Advierte Emergencia Ecol\u00f3gica L\u00ednea Noroeste - BLG Noticias","isPartOf":{"@id":"https:\/\/blgnoticiassantodomingo.net\/#website"},"primaryImageOfPage":{"@id":"https:\/\/blgnoticiassantodomingo.net\/index.php\/2020\/05\/04\/coanor-advierte-emergencia-ecologica-linea-noroeste\/#primaryimage"},"image":{"@id":"https:\/\/blgnoticiassantodomingo.net\/index.php\/2020\/05\/04\/coanor-advierte-emergencia-ecologica-linea-noroeste\/#primaryimage"},"thumbnailUrl":"https:\/\/blgnoticiassantodomingo.net\/wp-content\/uploads\/2020\/05\/2254B935-4B29-4DA0-90BF-03CFE43B7FCB.jpeg","datePublished":"2020-05-04T16:41:52+00:00","dateModified":"2020-05-04T16:41:53+00:00","breadcrumb":{"@id":"https:\/\/blgnoticiassantodomingo.net\/index.php\/2020\/05\/04\/coanor-advierte-emergencia-ecologica-linea-noroeste\/#breadcrumb"},"inLanguage":"es","potentialAction":[{"@type":"ReadAction","target":["https:\/\/blgnoticiassantodomingo.net\/index.php\/2020\/05\/04\/coanor-advierte-emergencia-ecologica-linea-noroeste\/"]}]},{"@type":"ImageObject","inLanguage":"es","@id":"https:\/\/blgnoticiassantodomingo.net\/index.php\/2020\/05\/04\/coanor-advierte-emergencia-ecologica-linea-noroeste\/#primaryimage","url":"https:\/\/blgnoticiassantodomingo.net\/wp-content\/uploads\/2020\/05\/2254B935-4B29-4DA0-90BF-03CFE43B7FCB.jpeg","contentUrl":"https:\/\/blgnoticiassantodomingo.net\/wp-content\/uploads\/2020\/05\/2254B935-4B29-4DA0-90BF-03CFE43B7FCB.jpeg","width":1280,"height":960},{"@type":"BreadcrumbList","@id":"https:\/\/blgnoticiassantodomingo.net\/index.php\/2020\/05\/04\/coanor-advierte-emergencia-ecologica-linea-noroeste\/#breadcrumb","itemListElement":[{"@type":"ListItem","position":1,"name":"Portada","item":"https:\/\/blgnoticiassantodomingo.net\/"},{"@type":"ListItem","position":2,"name":"COANOR Advierte Emergencia Ecol\u00f3gica L\u00ednea Noroeste"}]},{"@type":"WebSite","@id":"https:\/\/blgnoticiassantodomingo.net\/#website","url":"https:\/\/blgnoticiassantodomingo.net\/","name":"BLG Noticias","description":"Esto es Noticias","publisher":{"@id":"https:\/\/blgnoticiassantodomingo.net\/#organization"},"potentialAction":[{"@type":"SearchAction","target":{"@type":"EntryPoint","urlTemplate":"https:\/\/blgnoticiassantodomingo.net\/?s={search_term_string}"},"query-input":{"@type":"PropertyValueSpecification","valueRequired":true,"valueName":"search_term_string"}}],"inLanguage":"es"},{"@type":"Organization","@id":"https:\/\/blgnoticiassantodomingo.net\/#organization","name":"BLG Noticias","url":"https:\/\/blgnoticiassantodomingo.net\/","logo":{"@type":"ImageObject","inLanguage":"es","@id":"https:\/\/blgnoticiassantodomingo.net\/#\/schema\/logo\/image\/","url":"https:\/\/blgnoticiassantodomingo.net\/wp-content\/uploads\/2023\/12\/Diseno-sin-titulo-3.jpg","contentUrl":"https:\/\/blgnoticiassantodomingo.net\/wp-content\/uploads\/2023\/12\/Diseno-sin-titulo-3.jpg","width":500,"height":500,"caption":"BLG Noticias"},"image":{"@id":"https:\/\/blgnoticiassantodomingo.net\/#\/schema\/logo\/image\/"},"sameAs":["https:\/\/web.facebook.com\/BlgNoticias\/?locale=es_LA&_rdc=1&_rdr","https:\/\/x.com\/BlgNoticias","https:\/\/www.linkedin.com\/in\/brenda-l-santana-aa846279\/"]},{"@type":"Person","@id":"https:\/\/blgnoticiassantodomingo.net\/#\/schema\/person\/e2fc21cf88acc63dbd134be981bff374","name":"Brenda Guerrero","image":{"@type":"ImageObject","inLanguage":"es","@id":"https:\/\/blgnoticiassantodomingo.net\/#\/schema\/person\/image\/","url":"https:\/\/secure.gravatar.com\/avatar\/2f7fc4c3e3655be1580cb684bfd8ab19be702ae20879da1e072021daa02f9b8b?s=96&d=wp_user_avatar&r=g","contentUrl":"https:\/\/secure.gravatar.com\/avatar\/2f7fc4c3e3655be1580cb684bfd8ab19be702ae20879da1e072021daa02f9b8b?s=96&d=wp_user_avatar&r=g","caption":"Brenda Guerrero"},"description":"Periodista","url":"https:\/\/blgnoticiassantodomingo.net\/index.php\/author\/brenda-guerrero\/"}]}},"jetpack_featured_media_url":"https:\/\/blgnoticiassantodomingo.net\/wp-content\/uploads\/2020\/05\/2254B935-4B29-4DA0-90BF-03CFE43B7FCB.jpeg","_links":{"self":[{"href":"https:\/\/blgnoticiassantodomingo.net\/index.php\/wp-json\/wp\/v2\/posts\/10315","targetHints":{"allow":["GET"]}}],"collection":[{"href":"https:\/\/blgnoticiassantodomingo.net\/index.php\/wp-json\/wp\/v2\/posts"}],"about":[{"href":"https:\/\/blgnoticiassantodomingo.net\/index.php\/wp-json\/wp\/v2\/types\/post"}],"author":[{"embeddable":true,"href":"https:\/\/blgnoticiassantodomingo.net\/index.php\/wp-json\/wp\/v2\/users\/2"}],"replies":[{"embeddable":true,"href":"https:\/\/blgnoticiassantodomingo.net\/index.php\/wp-json\/wp\/v2\/comments?post=10315"}],"version-history":[{"count":1,"href":"https:\/\/blgnoticiassantodomingo.net\/index.php\/wp-json\/wp\/v2\/posts\/10315\/revisions"}],"predecessor-version":[{"id":10321,"href":"https:\/\/blgnoticiassantodomingo.net\/index.php\/wp-json\/wp\/v2\/posts\/10315\/revisions\/10321"}],"wp:featuredmedia":[{"embeddable":true,"href":"https:\/\/blgnoticiassantodomingo.net\/index.php\/wp-json\/wp\/v2\/media\/10316"}],"wp:attachment":[{"href":"https:\/\/blgnoticiassantodomingo.net\/index.php\/wp-json\/wp\/v2\/media?parent=10315"}],"wp:term":[{"taxonomy":"category","embeddable":true,"href":"https:\/\/blgnoticiassantodomingo.net\/index.php\/wp-json\/wp\/v2\/categories?post=10315"},{"taxonomy":"post_tag","embeddable":true,"href":"https:\/\/blgnoticiassantodomingo.net\/index.php\/wp-json\/wp\/v2\/tags?post=10315"}],"curies":[{"name":"wp","href":"https:\/\/api.w.org\/{rel}","templated":true}]}}